{"id":1513,"date":"2025-03-04T08:22:24","date_gmt":"2025-03-04T08:22:24","guid":{"rendered":"https:\/\/voxsahel.com\/?p=1513"},"modified":"2025-03-04T08:22:54","modified_gmt":"2025-03-04T08:22:54","slug":"dani-kouyateetalon-dor-fespaco-2025-un-sacre-qui-porte-lespoir-mais-aussi-une-reflexion-pour-lavenir","status":"publish","type":"post","link":"https:\/\/voxsahel.com\/?p=1513","title":{"rendered":"\u00c9dito\/Dani Kouyat\u00e9,Etalon d&rsquo;or FESPACO 2025 : Un sacre qui porte l&rsquo;espoir mais aussi une r\u00e9flexion pour l&rsquo;avenir"},"content":{"rendered":"<p class=\"p1\">Le 1er mars 2025, le cin\u00e9ma burkinab\u00e8 a retrouv\u00e9 sa plus haute distinction au Festival panafricain du Cin\u00e9ma et de la T\u00e9l\u00e9vision de Ouagadougou (FESPACO), gr\u00e2ce \u00e0 Dani Kouyat\u00e9 et son film \u00ab Katanga, la danse des scorpions \u00bb.<\/p>\n<p class=\"p1\">En remportant l\u2019Etalon d\u2019or de Yennenga, Dani Kouyat\u00e9 a permis au Burkina Faso de renouer avec ce prestigieux troph\u00e9e apr\u00e8s 28 longues ann\u00e9es d\u2019attente, depuis le sacre de Gaston Kabor\u00e9 en 1997. Une attente qui, on peut le dire aujourd\u2019hui, valait largement la peine.Ce prix est une c\u00e9l\u00e9bration non seulement du talent exceptionnel de Dani Kouyat\u00e9, mais aussi de l\u2019identit\u00e9 culturelle et cin\u00e9matographique du Burkina Faso.<\/p>\n<p class=\"p1\"><span class=\"s1\"> Son film a su captiver le jury par sa th\u00e9matique intemporelle, son approche onirique et sa forte ancrage dans les r\u00e9alit\u00e9s culturelles et linguistiques du pays. Le cin\u00e9ma burkinab\u00e8 a retrouv\u00e9 sa place au sommet du cin\u00e9ma africain, un signal fort envoy\u00e9 au monde entier, au moment o\u00f9 la 29e \u00e9dition du FESPACO se cl\u00f4ture.Cependant, il ne faudrait pas que cette victoire soit uniquement per\u00e7ue comme un point d\u2019orgue. Au contraire, elle doit servir d\u2019inspiration et de moteur pour l\u2019avenir.<\/span><\/p>\n<p class=\"p1\"><span class=\"s1\"> Dani Kouyat\u00e9, \u00e0 61 ans, repr\u00e9sente la sagesse, l\u2019exp\u00e9rience et le parcours d\u2019un grand r\u00e9alisateur qui a fa\u00e7onn\u00e9 l\u2019histoire du cin\u00e9ma burkinab\u00e8. Mais sa g\u00e9n\u00e9ration, qui a marqu\u00e9 de son empreinte le 7e art, sera bient\u00f4t appel\u00e9e \u00e0 passer le flambeau. Qui viendra apr\u00e8s ? Comment pr\u00e9parer la rel\u00e8ve ?Le cin\u00e9ma burkinab\u00e8, qui a vu na\u00eetre des figures embl\u00e9matiques telles que Gaston Kabor\u00e9, Idrissa Ou\u00e9draogo, et aujourd\u2019hui Dani Kouyat\u00e9, doit se doter de nouveaux talents, des jeunes cin\u00e9astes cr\u00e9atifs et passionn\u00e9s qui sauront perp\u00e9tuer l\u2019h\u00e9ritage tout en le renouvelant. <\/span><\/p>\n<p class=\"p1\"><span class=\"s1\">Il est primordial de soutenir ces nouvelles g\u00e9n\u00e9rations, en leur offrant des opportunit\u00e9s de formation, de financement et de visibilit\u00e9, afin que le Burkina Faso continue d\u2019\u00eatre une v\u00e9ritable capitale du 7e art, au c\u0153ur de l\u2019Afrique et sur la sc\u00e8ne internationale.Ce troph\u00e9e n\u2019est donc pas un aboutissement, mais bien un point de d\u00e9part pour r\u00e9affirmer le r\u00f4le du cin\u00e9ma burkinab\u00e8 et panafricain dans le monde.<\/span><\/p>\n<p class=\"p1\"><span class=\"s1\"> Il doit aussi \u00eatre un appel \u00e0 l\u2019action pour pr\u00e9parer les g\u00e9n\u00e9rations futures, garantir la p\u00e9rennit\u00e9 du cin\u00e9ma dans le pays et renforcer la position du Burkina Faso comme un acteur cl\u00e9 dans la culture et les arts africains.F\u00e9licitations \u00e0 Dani Kouyat\u00e9 pour ce grand sacre ! Et que cet Etalon d\u2019or de Yennenga soit le pr\u00e9lude \u00e0 une nouvelle \u00e8re de prosp\u00e9rit\u00e9 pour le cin\u00e9ma burkinab\u00e8 et africain.<\/span><\/p>\n<p class=\"p1\" style=\"text-align: right;\"><span class=\"s1\"><strong>Par Vox Sahel<\/strong>\u00a0<\/span><\/p>\n","protected":false},"excerpt":{"rendered":"<p>Le 1er mars 2025, le cin\u00e9ma burkinab\u00e8 a retrouv\u00e9 sa plus haute distinction au Festival<\/p>\n","protected":false},"author":2,"featured_media":1514,"comment_status":"open","ping_status":"open","sticky":false,"template":"","format":"standard","meta":{"_et_pb_use_builder":"","_et_pb_old_content":"","_et_gb_content_width":"","footnotes":""},"categories":[13],"tags":[18,295,637,630,615,616,629,639],"class_list":["post-1513","post","type-post","status-publish","format-standard","has-post-thumbnail","hentry","category-culture","tag-burkina-faso","tag-cinema","tag-dani-kouyate","tag-etalon-dor-de-yennenga","tag-fespaco","tag-fespaco-2025","tag-film","tag-sotigui-kouyate"],"yoast_head":"<!-- This site is optimized with the Yoast SEO plugin v27.5 - https:\/\/yoast.com\/product\/yoast-seo-wordpress\/ -->\n<title>\u00c9dito\/Dani Kouyat\u00e9,Etalon d&#039;or FESPACO 2025 : Un sacre qui porte l&#039;espoir mais aussi une r\u00e9flexion pour l&#039;avenir - Vox Sahel<\/title>\n<meta name=\"robots\" content=\"index, follow, max-snippet:-1, max-image-preview:large, max-video-preview:-1\" \/>\n<link rel=\"canonical\" href=\"https:\/\/voxsahel.com\/?p=1513\" \/>\n<meta property=\"og:locale\" content=\"fr_FR\" \/>\n<meta property=\"og:type\" content=\"article\" \/>\n<meta property=\"og:title\" content=\"\u00c9dito\/Dani Kouyat\u00e9,Etalon d&#039;or FESPACO 2025 : Un sacre qui porte l&#039;espoir mais aussi une r\u00e9flexion pour l&#039;avenir - Vox Sahel\" \/>\n<meta property=\"og:description\" content=\"Le 1er mars 2025, le cin\u00e9ma burkinab\u00e8 a retrouv\u00e9 sa plus haute distinction au Festival\" \/>\n<meta property=\"og:url\" content=\"https:\/\/voxsahel.com\/?p=1513\" \/>\n<meta property=\"og:site_name\" content=\"Vox Sahel\" \/>\n<meta property=\"article:publisher\" content=\"https:\/\/www.facebook.com\/journal.voxsahel\" \/>\n<meta property=\"article:published_time\" content=\"2025-03-04T08:22:24+00:00\" \/>\n<meta property=\"article:modified_time\" content=\"2025-03-04T08:22:54+00:00\" \/>\n<meta property=\"og:image\" content=\"https:\/\/voxsahel.com\/wp-content\/uploads\/2025\/03\/IMG_8621.jpeg\" \/>\n\t<meta property=\"og:image:width\" content=\"393\" \/>\n\t<meta property=\"og:image:height\" content=\"314\" \/>\n\t<meta property=\"og:image:type\" content=\"image\/jpeg\" \/>\n<meta name=\"author\" content=\"Vox Sahel\" \/>\n<meta name=\"twitter:card\" content=\"summary_large_image\" \/>\n<meta name=\"twitter:label1\" content=\"\u00c9crit par\" \/>\n\t<meta name=\"twitter:data1\" content=\"Vox Sahel\" \/>\n\t<meta name=\"twitter:label2\" content=\"Dur\u00e9e de lecture estim\u00e9e\" \/>\n\t<meta name=\"twitter:data2\" content=\"3 minutes\" \/>\n<script type=\"application\/ld+json\" class=\"yoast-schema-graph\">{\"@context\":\"https:\\\/\\\/schema.org\",\"@graph\":[{\"@type\":\"Article\",\"@id\":\"https:\\\/\\\/voxsahel.com\\\/?p=1513#article\",\"isPartOf\":{\"@id\":\"https:\\\/\\\/voxsahel.com\\\/?p=1513\"},\"author\":{\"name\":\"Vox Sahel\",\"@id\":\"https:\\\/\\\/voxsahel.com\\\/#\\\/schema\\\/person\\\/b4043608248f8fa227cd760e7ff1e19e\"},\"headline\":\"\u00c9dito\\\/Dani Kouyat\u00e9,Etalon d&rsquo;or FESPACO 2025 : Un sacre qui porte l&rsquo;espoir mais aussi une r\u00e9flexion pour l&rsquo;avenir\",\"datePublished\":\"2025-03-04T08:22:24+00:00\",\"dateModified\":\"2025-03-04T08:22:54+00:00\",\"mainEntityOfPage\":{\"@id\":\"https:\\\/\\\/voxsahel.com\\\/?p=1513\"},\"wordCount\":500,\"commentCount\":0,\"publisher\":{\"@id\":\"https:\\\/\\\/voxsahel.com\\\/#organization\"},\"image\":{\"@id\":\"https:\\\/\\\/voxsahel.com\\\/?p=1513#primaryimage\"},\"thumbnailUrl\":\"https:\\\/\\\/voxsahel.com\\\/wp-content\\\/uploads\\\/2025\\\/03\\\/IMG_8621.jpeg\",\"keywords\":[\"Burkina Faso\",\"Cinema\",\"Dani Kouyat\u00e9\",\"\u00c9talon d\u2019or de Yennenga\",\"Fespaco\",\"FESPACO 2025\",\"Film\",\"Sotigui Kouyat\u00e9\"],\"articleSection\":[\"CULTURE\"],\"inLanguage\":\"fr-FR\",\"potentialAction\":[{\"@type\":\"CommentAction\",\"name\":\"Comment\",\"target\":[\"https:\\\/\\\/voxsahel.com\\\/?p=1513#respond\"]}]},{\"@type\":\"WebPage\",\"@id\":\"https:\\\/\\\/voxsahel.com\\\/?p=1513\",\"url\":\"https:\\\/\\\/voxsahel.com\\\/?p=1513\",\"name\":\"\u00c9dito\\\/Dani Kouyat\u00e9,Etalon d'or FESPACO 2025 : Un sacre qui porte l'espoir mais aussi une r\u00e9flexion pour l'avenir - Vox Sahel\",\"isPartOf\":{\"@id\":\"https:\\\/\\\/voxsahel.com\\\/#website\"},\"primaryImageOfPage\":{\"@id\":\"https:\\\/\\\/voxsahel.com\\\/?p=1513#primaryimage\"},\"image\":{\"@id\":\"https:\\\/\\\/voxsahel.com\\\/?p=1513#primaryimage\"},\"thumbnailUrl\":\"https:\\\/\\\/voxsahel.com\\\/wp-content\\\/uploads\\\/2025\\\/03\\\/IMG_8621.jpeg\",\"datePublished\":\"2025-03-04T08:22:24+00:00\",\"dateModified\":\"2025-03-04T08:22:54+00:00\",\"breadcrumb\":{\"@id\":\"https:\\\/\\\/voxsahel.com\\\/?p=1513#breadcrumb\"},\"inLanguage\":\"fr-FR\",\"potentialAction\":[{\"@type\":\"ReadAction\",\"target\":[\"https:\\\/\\\/voxsahel.com\\\/?p=1513\"]}]},{\"@type\":\"ImageObject\",\"inLanguage\":\"fr-FR\",\"@id\":\"https:\\\/\\\/voxsahel.com\\\/?p=1513#primaryimage\",\"url\":\"https:\\\/\\\/voxsahel.com\\\/wp-content\\\/uploads\\\/2025\\\/03\\\/IMG_8621.jpeg\",\"contentUrl\":\"https:\\\/\\\/voxsahel.com\\\/wp-content\\\/uploads\\\/2025\\\/03\\\/IMG_8621.jpeg\",\"width\":393,\"height\":314},{\"@type\":\"BreadcrumbList\",\"@id\":\"https:\\\/\\\/voxsahel.com\\\/?p=1513#breadcrumb\",\"itemListElement\":[{\"@type\":\"ListItem\",\"position\":1,\"name\":\"Home\",\"item\":\"https:\\\/\\\/voxsahel.com\\\/\"},{\"@type\":\"ListItem\",\"position\":2,\"name\":\"\u00c9dito\\\/Dani Kouyat\u00e9,Etalon d&rsquo;or FESPACO 2025 : Un sacre qui porte l&rsquo;espoir mais aussi une r\u00e9flexion pour l&rsquo;avenir\"}]},{\"@type\":\"WebSite\",\"@id\":\"https:\\\/\\\/voxsahel.com\\\/#website\",\"url\":\"https:\\\/\\\/voxsahel.com\\\/\",\"name\":\"Vox Sahel\",\"description\":\"Informez-vous sur le Sahel en un clic\",\"publisher\":{\"@id\":\"https:\\\/\\\/voxsahel.com\\\/#organization\"},\"potentialAction\":[{\"@type\":\"SearchAction\",\"target\":{\"@type\":\"EntryPoint\",\"urlTemplate\":\"https:\\\/\\\/voxsahel.com\\\/?s={search_term_string}\"},\"query-input\":{\"@type\":\"PropertyValueSpecification\",\"valueRequired\":true,\"valueName\":\"search_term_string\"}}],\"inLanguage\":\"fr-FR\"},{\"@type\":\"Organization\",\"@id\":\"https:\\\/\\\/voxsahel.com\\\/#organization\",\"name\":\"Vox Sahel\",\"url\":\"https:\\\/\\\/voxsahel.com\\\/\",\"logo\":{\"@type\":\"ImageObject\",\"inLanguage\":\"fr-FR\",\"@id\":\"https:\\\/\\\/voxsahel.com\\\/#\\\/schema\\\/logo\\\/image\\\/\",\"url\":\"https:\\\/\\\/voxsahel.com\\\/wp-content\\\/uploads\\\/2024\\\/09\\\/Logo-Vox-Sahel.jpg\",\"contentUrl\":\"https:\\\/\\\/voxsahel.com\\\/wp-content\\\/uploads\\\/2024\\\/09\\\/Logo-Vox-Sahel.jpg\",\"width\":1181,\"height\":848,\"caption\":\"Vox Sahel\"},\"image\":{\"@id\":\"https:\\\/\\\/voxsahel.com\\\/#\\\/schema\\\/logo\\\/image\\\/\"},\"sameAs\":[\"https:\\\/\\\/www.facebook.com\\\/journal.voxsahel\"]},{\"@type\":\"Person\",\"@id\":\"https:\\\/\\\/voxsahel.com\\\/#\\\/schema\\\/person\\\/b4043608248f8fa227cd760e7ff1e19e\",\"name\":\"Vox Sahel\",\"image\":{\"@type\":\"ImageObject\",\"inLanguage\":\"fr-FR\",\"@id\":\"https:\\\/\\\/secure.gravatar.com\\\/avatar\\\/f70e7fa0cb9b29d4a7c5788d6eb2e9ab4d3135cbae1c9161810fdf77a8964699?s=96&d=mm&r=g\",\"url\":\"https:\\\/\\\/secure.gravatar.com\\\/avatar\\\/f70e7fa0cb9b29d4a7c5788d6eb2e9ab4d3135cbae1c9161810fdf77a8964699?s=96&d=mm&r=g\",\"contentUrl\":\"https:\\\/\\\/secure.gravatar.com\\\/avatar\\\/f70e7fa0cb9b29d4a7c5788d6eb2e9ab4d3135cbae1c9161810fdf77a8964699?s=96&d=mm&r=g\",\"caption\":\"Vox Sahel\"},\"sameAs\":[\"http:\\\/\\\/www.voxsahel.com\"],\"url\":\"https:\\\/\\\/voxsahel.com\\\/?author=2\"}]}<\/script>\n<!-- \/ Yoast SEO plugin. -->","yoast_head_json":{"title":"\u00c9dito\/Dani Kouyat\u00e9,Etalon d'or FESPACO 2025 : Un sacre qui porte l'espoir mais aussi une r\u00e9flexion pour l'avenir - Vox Sahel","robots":{"index":"index","follow":"follow","max-snippet":"max-snippet:-1","max-image-preview":"max-image-preview:large","max-video-preview":"max-video-preview:-1"},"canonical":"https:\/\/voxsahel.com\/?p=1513","og_locale":"fr_FR","og_type":"article","og_title":"\u00c9dito\/Dani Kouyat\u00e9,Etalon d'or FESPACO 2025 : Un sacre qui porte l'espoir mais aussi une r\u00e9flexion pour l'avenir - Vox Sahel","og_description":"Le 1er mars 2025, le cin\u00e9ma burkinab\u00e8 a retrouv\u00e9 sa plus haute distinction au Festival","og_url":"https:\/\/voxsahel.com\/?p=1513","og_site_name":"Vox Sahel","article_publisher":"https:\/\/www.facebook.com\/journal.voxsahel","article_published_time":"2025-03-04T08:22:24+00:00","article_modified_time":"2025-03-04T08:22:54+00:00","og_image":[{"width":393,"height":314,"url":"https:\/\/voxsahel.com\/wp-content\/uploads\/2025\/03\/IMG_8621.jpeg","type":"image\/jpeg"}],"author":"Vox Sahel","twitter_card":"summary_large_image","twitter_misc":{"\u00c9crit par":"Vox Sahel","Dur\u00e9e de lecture estim\u00e9e":"3 minutes"},"schema":{"@context":"https:\/\/schema.org","@graph":[{"@type":"Article","@id":"https:\/\/voxsahel.com\/?p=1513#article","isPartOf":{"@id":"https:\/\/voxsahel.com\/?p=1513"},"author":{"name":"Vox Sahel","@id":"https:\/\/voxsahel.com\/#\/schema\/person\/b4043608248f8fa227cd760e7ff1e19e"},"headline":"\u00c9dito\/Dani Kouyat\u00e9,Etalon d&rsquo;or FESPACO 2025 : Un sacre qui porte l&rsquo;espoir mais aussi une r\u00e9flexion pour l&rsquo;avenir","datePublished":"2025-03-04T08:22:24+00:00","dateModified":"2025-03-04T08:22:54+00:00","mainEntityOfPage":{"@id":"https:\/\/voxsahel.com\/?p=1513"},"wordCount":500,"commentCount":0,"publisher":{"@id":"https:\/\/voxsahel.com\/#organization"},"image":{"@id":"https:\/\/voxsahel.com\/?p=1513#primaryimage"},"thumbnailUrl":"https:\/\/voxsahel.com\/wp-content\/uploads\/2025\/03\/IMG_8621.jpeg","keywords":["Burkina Faso","Cinema","Dani Kouyat\u00e9","\u00c9talon d\u2019or de Yennenga","Fespaco","FESPACO 2025","Film","Sotigui Kouyat\u00e9"],"articleSection":["CULTURE"],"inLanguage":"fr-FR","potentialAction":[{"@type":"CommentAction","name":"Comment","target":["https:\/\/voxsahel.com\/?p=1513#respond"]}]},{"@type":"WebPage","@id":"https:\/\/voxsahel.com\/?p=1513","url":"https:\/\/voxsahel.com\/?p=1513","name":"\u00c9dito\/Dani Kouyat\u00e9,Etalon d'or FESPACO 2025 : Un sacre qui porte l'espoir mais aussi une r\u00e9flexion pour l'avenir - Vox Sahel","isPartOf":{"@id":"https:\/\/voxsahel.com\/#website"},"primaryImageOfPage":{"@id":"https:\/\/voxsahel.com\/?p=1513#primaryimage"},"image":{"@id":"https:\/\/voxsahel.com\/?p=1513#primaryimage"},"thumbnailUrl":"https:\/\/voxsahel.com\/wp-content\/uploads\/2025\/03\/IMG_8621.jpeg","datePublished":"2025-03-04T08:22:24+00:00","dateModified":"2025-03-04T08:22:54+00:00","breadcrumb":{"@id":"https:\/\/voxsahel.com\/?p=1513#breadcrumb"},"inLanguage":"fr-FR","potentialAction":[{"@type":"ReadAction","target":["https:\/\/voxsahel.com\/?p=1513"]}]},{"@type":"ImageObject","inLanguage":"fr-FR","@id":"https:\/\/voxsahel.com\/?p=1513#primaryimage","url":"https:\/\/voxsahel.com\/wp-content\/uploads\/2025\/03\/IMG_8621.jpeg","contentUrl":"https:\/\/voxsahel.com\/wp-content\/uploads\/2025\/03\/IMG_8621.jpeg","width":393,"height":314},{"@type":"BreadcrumbList","@id":"https:\/\/voxsahel.com\/?p=1513#breadcrumb","itemListElement":[{"@type":"ListItem","position":1,"name":"Home","item":"https:\/\/voxsahel.com\/"},{"@type":"ListItem","position":2,"name":"\u00c9dito\/Dani Kouyat\u00e9,Etalon d&rsquo;or FESPACO 2025 : Un sacre qui porte l&rsquo;espoir mais aussi une r\u00e9flexion pour l&rsquo;avenir"}]},{"@type":"WebSite","@id":"https:\/\/voxsahel.com\/#website","url":"https:\/\/voxsahel.com\/","name":"Vox Sahel","description":"Informez-vous sur le Sahel en un clic","publisher":{"@id":"https:\/\/voxsahel.com\/#organization"},"potentialAction":[{"@type":"SearchAction","target":{"@type":"EntryPoint","urlTemplate":"https:\/\/voxsahel.com\/?s={search_term_string}"},"query-input":{"@type":"PropertyValueSpecification","valueRequired":true,"valueName":"search_term_string"}}],"inLanguage":"fr-FR"},{"@type":"Organization","@id":"https:\/\/voxsahel.com\/#organization","name":"Vox Sahel","url":"https:\/\/voxsahel.com\/","logo":{"@type":"ImageObject","inLanguage":"fr-FR","@id":"https:\/\/voxsahel.com\/#\/schema\/logo\/image\/","url":"https:\/\/voxsahel.com\/wp-content\/uploads\/2024\/09\/Logo-Vox-Sahel.jpg","contentUrl":"https:\/\/voxsahel.com\/wp-content\/uploads\/2024\/09\/Logo-Vox-Sahel.jpg","width":1181,"height":848,"caption":"Vox Sahel"},"image":{"@id":"https:\/\/voxsahel.com\/#\/schema\/logo\/image\/"},"sameAs":["https:\/\/www.facebook.com\/journal.voxsahel"]},{"@type":"Person","@id":"https:\/\/voxsahel.com\/#\/schema\/person\/b4043608248f8fa227cd760e7ff1e19e","name":"Vox Sahel","image":{"@type":"ImageObject","inLanguage":"fr-FR","@id":"https:\/\/secure.gravatar.com\/avatar\/f70e7fa0cb9b29d4a7c5788d6eb2e9ab4d3135cbae1c9161810fdf77a8964699?s=96&d=mm&r=g","url":"https:\/\/secure.gravatar.com\/avatar\/f70e7fa0cb9b29d4a7c5788d6eb2e9ab4d3135cbae1c9161810fdf77a8964699?s=96&d=mm&r=g","contentUrl":"https:\/\/secure.gravatar.com\/avatar\/f70e7fa0cb9b29d4a7c5788d6eb2e9ab4d3135cbae1c9161810fdf77a8964699?s=96&d=mm&r=g","caption":"Vox Sahel"},"sameAs":["http:\/\/www.voxsahel.com"],"url":"https:\/\/voxsahel.com\/?author=2"}]}},"_links":{"self":[{"href":"https:\/\/voxsahel.com\/index.php?rest_route=\/wp\/v2\/posts\/1513","targetHints":{"allow":["GET"]}}],"collection":[{"href":"https:\/\/voxsahel.com\/index.php?rest_route=\/wp\/v2\/posts"}],"about":[{"href":"https:\/\/voxsahel.com\/index.php?rest_route=\/wp\/v2\/types\/post"}],"author":[{"embeddable":true,"href":"https:\/\/voxsahel.com\/index.php?rest_route=\/wp\/v2\/users\/2"}],"replies":[{"embeddable":true,"href":"https:\/\/voxsahel.com\/index.php?rest_route=%2Fwp%2Fv2%2Fcomments&post=1513"}],"version-history":[{"count":2,"href":"https:\/\/voxsahel.com\/index.php?rest_route=\/wp\/v2\/posts\/1513\/revisions"}],"predecessor-version":[{"id":1516,"href":"https:\/\/voxsahel.com\/index.php?rest_route=\/wp\/v2\/posts\/1513\/revisions\/1516"}],"wp:featuredmedia":[{"embeddable":true,"href":"https:\/\/voxsahel.com\/index.php?rest_route=\/wp\/v2\/media\/1514"}],"wp:attachment":[{"href":"https:\/\/voxsahel.com\/index.php?rest_route=%2Fwp%2Fv2%2Fmedia&parent=1513"}],"wp:term":[{"taxonomy":"category","embeddable":true,"href":"https:\/\/voxsahel.com\/index.php?rest_route=%2Fwp%2Fv2%2Fcategories&post=1513"},{"taxonomy":"post_tag","embeddable":true,"href":"https:\/\/voxsahel.com\/index.php?rest_route=%2Fwp%2Fv2%2Ftags&post=1513"}],"curies":[{"name":"wp","href":"https:\/\/api.w.org\/{rel}","templated":true}]}}