{"id":1510,"date":"2025-03-03T16:34:07","date_gmt":"2025-03-03T16:34:07","guid":{"rendered":"https:\/\/voxsahel.com\/?p=1510"},"modified":"2025-03-03T16:34:07","modified_gmt":"2025-03-03T16:34:07","slug":"certification-des-eleves-professeurs-agreges-de-lenseignement-secondaire-la-deuxieme-promotion-exige-leur-reclassement-et-integration","status":"publish","type":"post","link":"https:\/\/voxsahel.com\/?p=1510","title":{"rendered":"Certification des \u00e9l\u00e8ves professeurs agr\u00e9g\u00e9s de l\u2019enseignement secondaire : La deuxi\u00e8me promotion exige leur reclassement et int\u00e9gration"},"content":{"rendered":"<p class=\"p1\"><strong>Ceci une d\u00e9claration du comit\u00e9 de la deuxi\u00e8me promotion des \u00e9l\u00e8ves professeurs agr\u00e9g\u00e9s de l&rsquo;enseignement secondaire sur le retard de leur certification. Ils appellent les autorit\u00e9s \u00e0 trouver des solutions \u00e0 leurs situations , \u00e0 les certifier et \u00e0 les int\u00e9grer.<\/strong><\/p>\n<p class=\"p1\"><span class=\"s1\">Admis au concours depuis novembre 2022 pour vingt-quatremois de formation, nous, \u00e9l\u00e8ves Professeurs agr\u00e9g\u00e9s de ladeuxi\u00e8me promotion, sommes toujours \u00e0 l&rsquo;\u00e9cole et d&rsquo;ailleursjusque-l\u00e0 sans aucune perspective de sortie. Pourtant l&rsquo;article 2de l&rsquo;arr\u00eat\u00e9 de mise en position de stage et de formation stipule : \u00ables int\u00e9ress\u00e9s sont mis en position de stage de formation aupr\u00e8sde l&rsquo;\u00c9cole Normale Sup\u00e9rieure (ENS) pour une dur\u00e9e de vingt-quatre mois pour compter de la rentr\u00e9e scolaire 2022-2023. \u00bb Cequi signifie que la formation devait prendre fin \u00e0 la fin del&rsquo;ann\u00e9e scolaire 2023-2024.<\/span><\/p>\n<p class=\"p1\"><span class=\"s1\">Toutes les fili\u00e8res des cat\u00e9gories A et P \u00e0 l\u2019ENS dont ladur\u00e9e de formation est de vingt-quatre mois ob\u00e9issent \u00e0 cettem\u00eame r\u00e8gle des deux ann\u00e9es scolaires. Les Professeurs Certifi\u00e9sde Lyc\u00e9es et Coll\u00e8ges, les Inspecteurs de l&rsquo;enseignementsecondaire, les inspecteurs de l&rsquo;enseignement primaire, lesconseillers d&rsquo;\u00e9ducation etc., dont la dur\u00e9e de formation est devingt-quatre mois, finissent leur formation au mois de juillet dela deuxi\u00e8me ann\u00e9e de formation. Toutes les autres promotions detoutes les fili\u00e8res recrut\u00e9es en 2022 ont tous fini leur formationet ont tous \u00e9t\u00e9 reclass\u00e9s ou int\u00e9gr\u00e9es en juillet 2024.<\/span><\/p>\n<p class=\"p1\"><span class=\"s1\">Et pendant ce temps, nous, les \u00e9l\u00e8ves Professeurs Agr\u00e9g\u00e9s,jusqu&rsquo;en mars 2025, sommes toujours \u00e0 l&rsquo;\u00e9cole pour les m\u00eamesvingt-quatre mois de formation. Pourtant, nous avons \u00e9t\u00e9recrut\u00e9s avec les autres au m\u00eame moment, nous avons fait lesinscriptions \u00e0 l&rsquo;ENS au m\u00eame moment, nous avons commenc\u00e9les cours au m\u00eame moment, et nous avons tous, selon les textes,les m\u00eames dur\u00e9es de formation, dans la m\u00eame \u00e9cole deformation.<\/span><\/p>\n<p class=\"p1\"><span class=\"s1\">M\u00eame s&rsquo;il arrive qu&rsquo;\u00e0 notre sortie le minist\u00e8re nous reclasseen tenant compte de juillet 2024 pour r\u00e9gularisation, nousperdrons n\u00e9anmoins environ une ann\u00e9e d&rsquo;indemnit\u00e9s puisque lesindemnit\u00e9s prennent effet \u00e0 partir de la date de prise de service.<\/span><\/p>\n<p class=\"p1\"><span class=\"s1\">En rappel, la premi\u00e8re promotion des \u00e9l\u00e8ves ProfesseursAgr\u00e9g\u00e9s (promotion 2021-2023), avait accus\u00e9 le m\u00eame retard,qui l\u2019a conduite \u00e0 trois ans de formation, et ce, sans aucund\u00e9dommagement. En effet, admis en 2021 et mis en position destage et de formation \u00e0 partir de la rentr\u00e9e scolaire 2021-2022,leur certification n&rsquo;a eu lieu qu&rsquo;en juin 2024, soit une ann\u00e9escolaire de plus que pr\u00e9vu. Malgr\u00e9 le fait que le retard \u00e9tait dufait de l&rsquo;administration, le Minist\u00e8re de la fonction publique, duTravail et de la Protection Sociale les a reclass\u00e9s en juin 2024.Ils ont donc perdu une ann\u00e9e enti\u00e8re sur leur carri\u00e8re, sanscompter les pertes sur les salaires et indemnit\u00e9s, \u00e0 cause d&rsquo;unretard dont ils ne sont pas responsables.<\/span><\/p>\n<p class=\"p1\"><span class=\"s1\">Malgr\u00e9 cette exp\u00e9rience, l&rsquo;administration a \u00e9t\u00e9 incapabled&rsquo;\u00e9viter de reproduire les m\u00eames erreurs avec la promotionsuivante qu&rsquo;est la n\u00f4tre. Le m\u00eame sch\u00e9ma a \u00e9t\u00e9 reproduit, dansles moindres d\u00e9tails, et la deuxi\u00e8me promotion que noussommes s&rsquo;est retrouv\u00e9e dans les m\u00eames pi\u00e8ges, pour subir lem\u00eame sort.\u00a0<\/span><\/p>\n<p class=\"p1\"><span class=\"s1\">Fort de l&rsquo;exp\u00e9rience de la premi\u00e8re promotion, d\u00e8s notreadmission au concours en novembre 2022, nous avionscommenc\u00e9 tr\u00e8s t\u00f4t les d\u00e9marches aupr\u00e8s des autorit\u00e9s pourexposer nos pr\u00e9occupations et demander que des pr\u00e9cautionssoient prises pour \u00e9viter que le m\u00eame sch\u00e9ma de l&rsquo;ann\u00e9epr\u00e9c\u00e9dente ne se r\u00e9p\u00e8te. Nous avions ainsi rencontr\u00e9 le DG del\u2019ENS puis le DGA charg\u00e9 de la Formation et de l&rsquo;InnovationP\u00e9dagogique (DGA FIP) de l&rsquo;ENS ; nous avions demand\u00e9 uneaudience au Secr\u00e9tariat g\u00e9n\u00e9ral du MENAPLN et nous avions\u00e9t\u00e9 re\u00e7us par le ST-DEPE ; Nous avions demand\u00e9 une audienceau Minist\u00e8re de la Fonction Publique, qui n&rsquo;a jamais \u00e9t\u00e9accord\u00e9e.<\/span><\/p>\n<p class=\"p1\"><span class=\"s1\">Au cours de notre formation, d\u00e8s le mois de mars 2024,nous avions entam\u00e9 de nombreuses d\u00e9marches aupr\u00e8s del&rsquo;administration de l&rsquo;ENS pour nous assurer de l&rsquo;ach\u00e8vement denotre formation dans les bons d\u00e9lais. \u00c0 maintes reprises, nousavons rencontr\u00e9 les chefs de d\u00e9partement, les directeursd&rsquo;institut, le DGA FIP de l&rsquo;ENS. Lors de toutes ces rencontresnous avions toujours \u00e9t\u00e9 rassur\u00e9s par l&rsquo;administration qu&rsquo;il n&rsquo;yavait pas de retard et que la formation s&rsquo;ach\u00e8verait dans le d\u00e9lai.En juin 2024, suite \u00e0 nos d\u00e9marches, l&rsquo;administration nous avaitcommuniqu\u00e9 que la certification se tiendrait en d\u00e9cembre 2024,mais ce d\u00e9lai n&rsquo;a finalement pas \u00e9t\u00e9 respect\u00e9. En novembre2024, elle nous a inform\u00e9s que la certification pourrait avoir lieuen janvier 2025, mais ce d\u00e9lai non plus n&rsquo;a pas \u00e9t\u00e9 respect\u00e9e.<\/span><\/p>\n<p class=\"p1\"><span class=\"s1\">Le 30 janvier 2025, nous avons adress\u00e9 une lettre au DG del&rsquo;ENS pour demander des \u00e9claircissements sur la date de notrecertification. Il nous a re\u00e7u le 5 f\u00e9vrier et il nous a fait savoirqu&rsquo;il y avait des probl\u00e8mes techniques, notamment la relecturede certains textes en cours li\u00e9 \u00e0 l&rsquo;abrogation du d\u00e9cret N\u00ba 720 quientrave la tenue de la certification. Il nous a demand\u00e9 d&rsquo;attendresans pr\u00e9ciser jusqu&rsquo;\u00e0 quand nous devons attendre.<\/span><\/p>\n<p class=\"p1\"><span class=\"s1\">Le 4 f\u00e9vrier 2025, nous avons rencontr\u00e9 la Direction duD\u00e9veloppement des \u00c9tablissements d&rsquo;Excellence et de laPromotion des Parcours Sp\u00e9cifiques (DDEEPPS), et nous avonsexprim\u00e9 nos pr\u00e9occupations li\u00e9es \u00e0 la certification. LeDDEEPPS s\u2019est engag\u00e9 \u00e0 clarifier la situation avec l\u2019ENS, maisrien de rassurant ne nous a \u00e9t\u00e9 donn\u00e9 quant \u00e0 notre certification.Jusque-l\u00e0 nous n&rsquo;avons eu aucun retour non plus.<\/span><\/p>\n<p class=\"p1\"><span class=\"s1\">Le 7 f\u00e9vrier 2025, nous avons adress\u00e9 une lettre au Ministrede l&rsquo;Enseignement Secondaire et de la Formation Professionnelleet Technique, pour expliquer la situation et demander uner\u00e9solution rapide de notre probl\u00e8me. Nous lui avons demand\u00e9\u00e9galement une audience pour nous entretenir avec lui sur lasituation. Plus de deux semaines apr\u00e8s sans r\u00e9ponse, noussommes repass\u00e9s au Minist\u00e8re le 25 f\u00e9vrier 2025 pour nousrenseigner sur l&rsquo;\u00e9volution de la situation. Et c&rsquo;est l\u00e0 que nousavons \u00e9t\u00e9 re\u00e7us par un Conseiller Technique du Ministre. Mais ilne nous a rien donn\u00e9 de pr\u00e9cis concernant la certification. Ilnous a aussi demand\u00e9 d&rsquo;attendre, sans aucune explication.<\/span><\/p>\n<p class=\"p1\"><span class=\"s1\">Le 17 f\u00e9vrier 2025, nous avons adress\u00e9 une lettre auMinistre de la Fonction Publique, du Travail et de la ProtectionSociale, pour lui expliquer \u00e9galement notre situation et luidemander de prendre des mesures pour que ce retard del&rsquo;administration n&rsquo;impacte pas n\u00e9gativement sur nos carri\u00e8res.Nous lui avons aussi demand\u00e9 une audience pour nous entreteniravec lui sur la situation. Jusque-l\u00e0 nous n&rsquo;avons eu aucun retour,et notre audience n&rsquo;a pas encore \u00e9t\u00e9 accord\u00e9e.<\/span><\/p>\n<p class=\"p1\"><span class=\"s1\">Nous avons donc tap\u00e9 \u00e0 toutes les portes, de la plus petite \u00e0la plus grande, sans avoir des r\u00e9ponses \u00e0 nos pr\u00e9occupations.Pendant ce temps, le retard ne fait que s&rsquo;accumuler avec son lotde cons\u00e9quences sur nos carri\u00e8res.<\/span><\/p>\n<p class=\"p1\"><span class=\"s1\">Face \u00e0 cette situation sans t\u00eate ni queue, o\u00f9 nous n&rsquo;y voyonsaucune explication logique et que l&rsquo;administration elle-m\u00eame n&rsquo;apas pu nous donner une explication logique malgr\u00e9 nosmultiples d\u00e9marches, le Comit\u00e9 des \u00c9l\u00e8ves Professeurs Agr\u00e9g\u00e9sde la Deuxi\u00e8me Promotion :<\/span><\/p>\n<p class=\"p1\"><span class=\"s1\">&#8211; condamne le sort macabre des \u00e9l\u00e8ves Professeurs Agr\u00e9g\u00e9s;<\/span><\/p>\n<p class=\"p1\"><span class=\"s1\">&#8211; exige la prise de mesures imm\u00e9diates pour la sortie de ladeuxi\u00e8me promotion des \u00e9l\u00e8ves Professeurs Agr\u00e9g\u00e9s ;<\/span><\/p>\n<p class=\"p1\"><span class=\"s1\">&#8211; exige que les reclassement et int\u00e9gration tiennent comptede la fin normale de la formation qui devait intervenir en juillet2024, comme pour les autres fili\u00e8res qui ont les m\u00eames vingt-quatre mois de formation ;<\/span><\/p>\n<p class=\"p1\"><span class=\"s1\">&#8211; exige \u00e0 l&rsquo;administration de trouver une compensation auxpertes colossales d&rsquo;indemnit\u00e9s qu&rsquo;ils subiront suite au retard deleur prise de service que l&rsquo;administration elle-m\u00eame a entra\u00een\u00e9 ;<\/span><\/p>\n<p class=\"p1\"><span class=\"s1\">&#8211; appelle \u00e0 la solidarit\u00e9 de tous les acteurs du syst\u00e8me\u00e9ducatif, des organisations syndicales, de la presse et de tous lesBurkinab\u00e8 \u00e9pris de justice ;<\/span><\/p>\n<p class=\"p1\"><span class=\"s1\">&#8211; appelle tous les \u00e9l\u00e8ves Professeurs Agr\u00e9g\u00e9s de toutes lespromotions \u00e0 se tenir pr\u00eat pour d&rsquo;\u00e9ventuelles actions que lasituation viendrait \u00e0 commander.<\/span><\/p>\n<p class=\"p1\"><span class=\"s1\">\u00a0<\/span><\/p>\n<p class=\"p1\" style=\"text-align: right;\"><strong><span class=\"s1\">Pour le Comit\u00e9 des \u00c9l\u00e8ves Professeurs Agr\u00e9g\u00e9s de laDeuxi\u00e8me Promotion<\/span><\/strong><\/p>\n<p class=\"p1\" style=\"text-align: right;\"><strong><span class=\"s1\">Le porte-parole<\/span>\u00a0<\/strong><\/p>\n<p class=\"p1\" style=\"text-align: right;\"><strong><span class=\"s1\">OU\u00c9DRAOGO Ouss\u00e9ni<\/span><\/strong><\/p>\n<p class=\"p1\" style=\"text-align: right;\"><span class=\"s1\">\u00a0<\/span><\/p>\n","protected":false},"excerpt":{"rendered":"<p>Ceci une d\u00e9claration du comit\u00e9 de la deuxi\u00e8me promotion des \u00e9l\u00e8ves professeurs agr\u00e9g\u00e9s de l&rsquo;enseignement<\/p>\n","protected":false},"author":2,"featured_media":1511,"comment_status":"open","ping_status":"open","sticky":false,"template":"","format":"standard","meta":{"_et_pb_use_builder":"","_et_pb_old_content":"","_et_gb_content_width":"","footnotes":""},"categories":[9],"tags":[18,54,56,55],"class_list":["post-1510","post","type-post","status-publish","format-standard","has-post-thumbnail","hentry","category-education","tag-burkina-faso","tag-education","tag-enseignement","tag-formation"],"yoast_head":"<!-- This site is optimized with the Yoast SEO plugin v27.5 - https:\/\/yoast.com\/product\/yoast-seo-wordpress\/ -->\n<title>Certification des \u00e9l\u00e8ves professeurs agr\u00e9g\u00e9s de l\u2019enseignement secondaire : La deuxi\u00e8me promotion exige leur reclassement et int\u00e9gration - Vox Sahel<\/title>\n<meta name=\"robots\" content=\"index, follow, max-snippet:-1, max-image-preview:large, max-video-preview:-1\" \/>\n<link rel=\"canonical\" href=\"https:\/\/voxsahel.com\/?p=1510\" \/>\n<meta property=\"og:locale\" content=\"fr_FR\" \/>\n<meta property=\"og:type\" content=\"article\" \/>\n<meta property=\"og:title\" content=\"Certification des \u00e9l\u00e8ves professeurs agr\u00e9g\u00e9s de l\u2019enseignement secondaire : La deuxi\u00e8me promotion exige leur reclassement et int\u00e9gration - Vox Sahel\" \/>\n<meta property=\"og:description\" content=\"Ceci une d\u00e9claration du comit\u00e9 de la deuxi\u00e8me promotion des \u00e9l\u00e8ves professeurs agr\u00e9g\u00e9s de l&rsquo;enseignement\" \/>\n<meta property=\"og:url\" content=\"https:\/\/voxsahel.com\/?p=1510\" \/>\n<meta property=\"og:site_name\" content=\"Vox Sahel\" \/>\n<meta property=\"article:publisher\" content=\"https:\/\/www.facebook.com\/journal.voxsahel\" \/>\n<meta property=\"article:published_time\" content=\"2025-03-03T16:34:07+00:00\" \/>\n<meta property=\"og:image\" content=\"https:\/\/voxsahel.com\/wp-content\/uploads\/2025\/03\/d4002fc1-bb63-48c6-9396-62260ef153ba.jpeg\" \/>\n\t<meta property=\"og:image:width\" content=\"523\" \/>\n\t<meta property=\"og:image:height\" content=\"523\" \/>\n\t<meta property=\"og:image:type\" content=\"image\/jpeg\" \/>\n<meta name=\"author\" content=\"Vox Sahel\" \/>\n<meta name=\"twitter:card\" content=\"summary_large_image\" \/>\n<meta name=\"twitter:label1\" content=\"\u00c9crit par\" \/>\n\t<meta name=\"twitter:data1\" content=\"Vox Sahel\" \/>\n\t<meta name=\"twitter:label2\" content=\"Dur\u00e9e de lecture estim\u00e9e\" \/>\n\t<meta name=\"twitter:data2\" content=\"7 minutes\" \/>\n<script type=\"application\/ld+json\" class=\"yoast-schema-graph\">{\"@context\":\"https:\\\/\\\/schema.org\",\"@graph\":[{\"@type\":\"Article\",\"@id\":\"https:\\\/\\\/voxsahel.com\\\/?p=1510#article\",\"isPartOf\":{\"@id\":\"https:\\\/\\\/voxsahel.com\\\/?p=1510\"},\"author\":{\"name\":\"Vox Sahel\",\"@id\":\"https:\\\/\\\/voxsahel.com\\\/#\\\/schema\\\/person\\\/b4043608248f8fa227cd760e7ff1e19e\"},\"headline\":\"Certification des \u00e9l\u00e8ves professeurs agr\u00e9g\u00e9s de l\u2019enseignement secondaire : La deuxi\u00e8me promotion exige leur reclassement et int\u00e9gration\",\"datePublished\":\"2025-03-03T16:34:07+00:00\",\"mainEntityOfPage\":{\"@id\":\"https:\\\/\\\/voxsahel.com\\\/?p=1510\"},\"wordCount\":1427,\"commentCount\":0,\"publisher\":{\"@id\":\"https:\\\/\\\/voxsahel.com\\\/#organization\"},\"image\":{\"@id\":\"https:\\\/\\\/voxsahel.com\\\/?p=1510#primaryimage\"},\"thumbnailUrl\":\"https:\\\/\\\/voxsahel.com\\\/wp-content\\\/uploads\\\/2025\\\/03\\\/d4002fc1-bb63-48c6-9396-62260ef153ba.jpeg\",\"keywords\":[\"Burkina Faso\",\"Education\",\"Enseignement\",\"Formation\"],\"articleSection\":[\"EDUCATION\"],\"inLanguage\":\"fr-FR\",\"potentialAction\":[{\"@type\":\"CommentAction\",\"name\":\"Comment\",\"target\":[\"https:\\\/\\\/voxsahel.com\\\/?p=1510#respond\"]}]},{\"@type\":\"WebPage\",\"@id\":\"https:\\\/\\\/voxsahel.com\\\/?p=1510\",\"url\":\"https:\\\/\\\/voxsahel.com\\\/?p=1510\",\"name\":\"Certification des \u00e9l\u00e8ves professeurs agr\u00e9g\u00e9s de l\u2019enseignement secondaire : La deuxi\u00e8me promotion exige leur reclassement et int\u00e9gration - Vox Sahel\",\"isPartOf\":{\"@id\":\"https:\\\/\\\/voxsahel.com\\\/#website\"},\"primaryImageOfPage\":{\"@id\":\"https:\\\/\\\/voxsahel.com\\\/?p=1510#primaryimage\"},\"image\":{\"@id\":\"https:\\\/\\\/voxsahel.com\\\/?p=1510#primaryimage\"},\"thumbnailUrl\":\"https:\\\/\\\/voxsahel.com\\\/wp-content\\\/uploads\\\/2025\\\/03\\\/d4002fc1-bb63-48c6-9396-62260ef153ba.jpeg\",\"datePublished\":\"2025-03-03T16:34:07+00:00\",\"breadcrumb\":{\"@id\":\"https:\\\/\\\/voxsahel.com\\\/?p=1510#breadcrumb\"},\"inLanguage\":\"fr-FR\",\"potentialAction\":[{\"@type\":\"ReadAction\",\"target\":[\"https:\\\/\\\/voxsahel.com\\\/?p=1510\"]}]},{\"@type\":\"ImageObject\",\"inLanguage\":\"fr-FR\",\"@id\":\"https:\\\/\\\/voxsahel.com\\\/?p=1510#primaryimage\",\"url\":\"https:\\\/\\\/voxsahel.com\\\/wp-content\\\/uploads\\\/2025\\\/03\\\/d4002fc1-bb63-48c6-9396-62260ef153ba.jpeg\",\"contentUrl\":\"https:\\\/\\\/voxsahel.com\\\/wp-content\\\/uploads\\\/2025\\\/03\\\/d4002fc1-bb63-48c6-9396-62260ef153ba.jpeg\",\"width\":523,\"height\":523},{\"@type\":\"BreadcrumbList\",\"@id\":\"https:\\\/\\\/voxsahel.com\\\/?p=1510#breadcrumb\",\"itemListElement\":[{\"@type\":\"ListItem\",\"position\":1,\"name\":\"Home\",\"item\":\"https:\\\/\\\/voxsahel.com\\\/\"},{\"@type\":\"ListItem\",\"position\":2,\"name\":\"Certification des \u00e9l\u00e8ves professeurs agr\u00e9g\u00e9s de l\u2019enseignement secondaire : La deuxi\u00e8me promotion exige leur reclassement et int\u00e9gration\"}]},{\"@type\":\"WebSite\",\"@id\":\"https:\\\/\\\/voxsahel.com\\\/#website\",\"url\":\"https:\\\/\\\/voxsahel.com\\\/\",\"name\":\"Vox Sahel\",\"description\":\"Informez-vous sur le Sahel en un clic\",\"publisher\":{\"@id\":\"https:\\\/\\\/voxsahel.com\\\/#organization\"},\"potentialAction\":[{\"@type\":\"SearchAction\",\"target\":{\"@type\":\"EntryPoint\",\"urlTemplate\":\"https:\\\/\\\/voxsahel.com\\\/?s={search_term_string}\"},\"query-input\":{\"@type\":\"PropertyValueSpecification\",\"valueRequired\":true,\"valueName\":\"search_term_string\"}}],\"inLanguage\":\"fr-FR\"},{\"@type\":\"Organization\",\"@id\":\"https:\\\/\\\/voxsahel.com\\\/#organization\",\"name\":\"Vox Sahel\",\"url\":\"https:\\\/\\\/voxsahel.com\\\/\",\"logo\":{\"@type\":\"ImageObject\",\"inLanguage\":\"fr-FR\",\"@id\":\"https:\\\/\\\/voxsahel.com\\\/#\\\/schema\\\/logo\\\/image\\\/\",\"url\":\"https:\\\/\\\/voxsahel.com\\\/wp-content\\\/uploads\\\/2024\\\/09\\\/Logo-Vox-Sahel.jpg\",\"contentUrl\":\"https:\\\/\\\/voxsahel.com\\\/wp-content\\\/uploads\\\/2024\\\/09\\\/Logo-Vox-Sahel.jpg\",\"width\":1181,\"height\":848,\"caption\":\"Vox Sahel\"},\"image\":{\"@id\":\"https:\\\/\\\/voxsahel.com\\\/#\\\/schema\\\/logo\\\/image\\\/\"},\"sameAs\":[\"https:\\\/\\\/www.facebook.com\\\/journal.voxsahel\"]},{\"@type\":\"Person\",\"@id\":\"https:\\\/\\\/voxsahel.com\\\/#\\\/schema\\\/person\\\/b4043608248f8fa227cd760e7ff1e19e\",\"name\":\"Vox Sahel\",\"image\":{\"@type\":\"ImageObject\",\"inLanguage\":\"fr-FR\",\"@id\":\"https:\\\/\\\/secure.gravatar.com\\\/avatar\\\/f70e7fa0cb9b29d4a7c5788d6eb2e9ab4d3135cbae1c9161810fdf77a8964699?s=96&d=mm&r=g\",\"url\":\"https:\\\/\\\/secure.gravatar.com\\\/avatar\\\/f70e7fa0cb9b29d4a7c5788d6eb2e9ab4d3135cbae1c9161810fdf77a8964699?s=96&d=mm&r=g\",\"contentUrl\":\"https:\\\/\\\/secure.gravatar.com\\\/avatar\\\/f70e7fa0cb9b29d4a7c5788d6eb2e9ab4d3135cbae1c9161810fdf77a8964699?s=96&d=mm&r=g\",\"caption\":\"Vox Sahel\"},\"sameAs\":[\"http:\\\/\\\/www.voxsahel.com\"],\"url\":\"https:\\\/\\\/voxsahel.com\\\/?author=2\"}]}<\/script>\n<!-- \/ Yoast SEO plugin. -->","yoast_head_json":{"title":"Certification des \u00e9l\u00e8ves professeurs agr\u00e9g\u00e9s de l\u2019enseignement secondaire : La deuxi\u00e8me promotion exige leur reclassement et int\u00e9gration - Vox Sahel","robots":{"index":"index","follow":"follow","max-snippet":"max-snippet:-1","max-image-preview":"max-image-preview:large","max-video-preview":"max-video-preview:-1"},"canonical":"https:\/\/voxsahel.com\/?p=1510","og_locale":"fr_FR","og_type":"article","og_title":"Certification des \u00e9l\u00e8ves professeurs agr\u00e9g\u00e9s de l\u2019enseignement secondaire : La deuxi\u00e8me promotion exige leur reclassement et int\u00e9gration - Vox Sahel","og_description":"Ceci une d\u00e9claration du comit\u00e9 de la deuxi\u00e8me promotion des \u00e9l\u00e8ves professeurs agr\u00e9g\u00e9s de l&rsquo;enseignement","og_url":"https:\/\/voxsahel.com\/?p=1510","og_site_name":"Vox Sahel","article_publisher":"https:\/\/www.facebook.com\/journal.voxsahel","article_published_time":"2025-03-03T16:34:07+00:00","og_image":[{"width":523,"height":523,"url":"https:\/\/voxsahel.com\/wp-content\/uploads\/2025\/03\/d4002fc1-bb63-48c6-9396-62260ef153ba.jpeg","type":"image\/jpeg"}],"author":"Vox Sahel","twitter_card":"summary_large_image","twitter_misc":{"\u00c9crit par":"Vox Sahel","Dur\u00e9e de lecture estim\u00e9e":"7 minutes"},"schema":{"@context":"https:\/\/schema.org","@graph":[{"@type":"Article","@id":"https:\/\/voxsahel.com\/?p=1510#article","isPartOf":{"@id":"https:\/\/voxsahel.com\/?p=1510"},"author":{"name":"Vox Sahel","@id":"https:\/\/voxsahel.com\/#\/schema\/person\/b4043608248f8fa227cd760e7ff1e19e"},"headline":"Certification des \u00e9l\u00e8ves professeurs agr\u00e9g\u00e9s de l\u2019enseignement secondaire : La deuxi\u00e8me promotion exige leur reclassement et int\u00e9gration","datePublished":"2025-03-03T16:34:07+00:00","mainEntityOfPage":{"@id":"https:\/\/voxsahel.com\/?p=1510"},"wordCount":1427,"commentCount":0,"publisher":{"@id":"https:\/\/voxsahel.com\/#organization"},"image":{"@id":"https:\/\/voxsahel.com\/?p=1510#primaryimage"},"thumbnailUrl":"https:\/\/voxsahel.com\/wp-content\/uploads\/2025\/03\/d4002fc1-bb63-48c6-9396-62260ef153ba.jpeg","keywords":["Burkina Faso","Education","Enseignement","Formation"],"articleSection":["EDUCATION"],"inLanguage":"fr-FR","potentialAction":[{"@type":"CommentAction","name":"Comment","target":["https:\/\/voxsahel.com\/?p=1510#respond"]}]},{"@type":"WebPage","@id":"https:\/\/voxsahel.com\/?p=1510","url":"https:\/\/voxsahel.com\/?p=1510","name":"Certification des \u00e9l\u00e8ves professeurs agr\u00e9g\u00e9s de l\u2019enseignement secondaire : La deuxi\u00e8me promotion exige leur reclassement et int\u00e9gration - Vox Sahel","isPartOf":{"@id":"https:\/\/voxsahel.com\/#website"},"primaryImageOfPage":{"@id":"https:\/\/voxsahel.com\/?p=1510#primaryimage"},"image":{"@id":"https:\/\/voxsahel.com\/?p=1510#primaryimage"},"thumbnailUrl":"https:\/\/voxsahel.com\/wp-content\/uploads\/2025\/03\/d4002fc1-bb63-48c6-9396-62260ef153ba.jpeg","datePublished":"2025-03-03T16:34:07+00:00","breadcrumb":{"@id":"https:\/\/voxsahel.com\/?p=1510#breadcrumb"},"inLanguage":"fr-FR","potentialAction":[{"@type":"ReadAction","target":["https:\/\/voxsahel.com\/?p=1510"]}]},{"@type":"ImageObject","inLanguage":"fr-FR","@id":"https:\/\/voxsahel.com\/?p=1510#primaryimage","url":"https:\/\/voxsahel.com\/wp-content\/uploads\/2025\/03\/d4002fc1-bb63-48c6-9396-62260ef153ba.jpeg","contentUrl":"https:\/\/voxsahel.com\/wp-content\/uploads\/2025\/03\/d4002fc1-bb63-48c6-9396-62260ef153ba.jpeg","width":523,"height":523},{"@type":"BreadcrumbList","@id":"https:\/\/voxsahel.com\/?p=1510#breadcrumb","itemListElement":[{"@type":"ListItem","position":1,"name":"Home","item":"https:\/\/voxsahel.com\/"},{"@type":"ListItem","position":2,"name":"Certification des \u00e9l\u00e8ves professeurs agr\u00e9g\u00e9s de l\u2019enseignement secondaire : La deuxi\u00e8me promotion exige leur reclassement et int\u00e9gration"}]},{"@type":"WebSite","@id":"https:\/\/voxsahel.com\/#website","url":"https:\/\/voxsahel.com\/","name":"Vox Sahel","description":"Informez-vous sur le Sahel en un clic","publisher":{"@id":"https:\/\/voxsahel.com\/#organization"},"potentialAction":[{"@type":"SearchAction","target":{"@type":"EntryPoint","urlTemplate":"https:\/\/voxsahel.com\/?s={search_term_string}"},"query-input":{"@type":"PropertyValueSpecification","valueRequired":true,"valueName":"search_term_string"}}],"inLanguage":"fr-FR"},{"@type":"Organization","@id":"https:\/\/voxsahel.com\/#organization","name":"Vox Sahel","url":"https:\/\/voxsahel.com\/","logo":{"@type":"ImageObject","inLanguage":"fr-FR","@id":"https:\/\/voxsahel.com\/#\/schema\/logo\/image\/","url":"https:\/\/voxsahel.com\/wp-content\/uploads\/2024\/09\/Logo-Vox-Sahel.jpg","contentUrl":"https:\/\/voxsahel.com\/wp-content\/uploads\/2024\/09\/Logo-Vox-Sahel.jpg","width":1181,"height":848,"caption":"Vox Sahel"},"image":{"@id":"https:\/\/voxsahel.com\/#\/schema\/logo\/image\/"},"sameAs":["https:\/\/www.facebook.com\/journal.voxsahel"]},{"@type":"Person","@id":"https:\/\/voxsahel.com\/#\/schema\/person\/b4043608248f8fa227cd760e7ff1e19e","name":"Vox Sahel","image":{"@type":"ImageObject","inLanguage":"fr-FR","@id":"https:\/\/secure.gravatar.com\/avatar\/f70e7fa0cb9b29d4a7c5788d6eb2e9ab4d3135cbae1c9161810fdf77a8964699?s=96&d=mm&r=g","url":"https:\/\/secure.gravatar.com\/avatar\/f70e7fa0cb9b29d4a7c5788d6eb2e9ab4d3135cbae1c9161810fdf77a8964699?s=96&d=mm&r=g","contentUrl":"https:\/\/secure.gravatar.com\/avatar\/f70e7fa0cb9b29d4a7c5788d6eb2e9ab4d3135cbae1c9161810fdf77a8964699?s=96&d=mm&r=g","caption":"Vox Sahel"},"sameAs":["http:\/\/www.voxsahel.com"],"url":"https:\/\/voxsahel.com\/?author=2"}]}},"_links":{"self":[{"href":"https:\/\/voxsahel.com\/index.php?rest_route=\/wp\/v2\/posts\/1510","targetHints":{"allow":["GET"]}}],"collection":[{"href":"https:\/\/voxsahel.com\/index.php?rest_route=\/wp\/v2\/posts"}],"about":[{"href":"https:\/\/voxsahel.com\/index.php?rest_route=\/wp\/v2\/types\/post"}],"author":[{"embeddable":true,"href":"https:\/\/voxsahel.com\/index.php?rest_route=\/wp\/v2\/users\/2"}],"replies":[{"embeddable":true,"href":"https:\/\/voxsahel.com\/index.php?rest_route=%2Fwp%2Fv2%2Fcomments&post=1510"}],"version-history":[{"count":1,"href":"https:\/\/voxsahel.com\/index.php?rest_route=\/wp\/v2\/posts\/1510\/revisions"}],"predecessor-version":[{"id":1512,"href":"https:\/\/voxsahel.com\/index.php?rest_route=\/wp\/v2\/posts\/1510\/revisions\/1512"}],"wp:featuredmedia":[{"embeddable":true,"href":"https:\/\/voxsahel.com\/index.php?rest_route=\/wp\/v2\/media\/1511"}],"wp:attachment":[{"href":"https:\/\/voxsahel.com\/index.php?rest_route=%2Fwp%2Fv2%2Fmedia&parent=1510"}],"wp:term":[{"taxonomy":"category","embeddable":true,"href":"https:\/\/voxsahel.com\/index.php?rest_route=%2Fwp%2Fv2%2Fcategories&post=1510"},{"taxonomy":"post_tag","embeddable":true,"href":"https:\/\/voxsahel.com\/index.php?rest_route=%2Fwp%2Fv2%2Ftags&post=1510"}],"curies":[{"name":"wp","href":"https:\/\/api.w.org\/{rel}","templated":true}]}}