{"id":1507,"date":"2025-03-03T04:59:29","date_gmt":"2025-03-03T04:59:29","guid":{"rendered":"https:\/\/voxsahel.com\/?p=1507"},"modified":"2025-03-03T04:59:29","modified_gmt":"2025-03-03T04:59:29","slug":"rehabilitation-des-noirs-dans-lhistoire-islamique-et-mondiale-la-reponse-du-docteur-ahmad-savadogo-avec-son-oeuvre-des-noirs-autour-du-prophete","status":"publish","type":"post","link":"https:\/\/voxsahel.com\/?p=1507","title":{"rendered":"R\u00e9habilitation des Noirs dans l\u2019histoire islamique et mondiale: La r\u00e9ponse du docteur Ahmad Savadogo avec son \u0153uvre \u00ab\u00a0Des Noirs autour du Proph\u00e8te\u00a0\u00bb"},"content":{"rendered":"<p class=\"p1\"><strong>Le docteur Ahmad Savadogo, a pr\u00e9sent\u00e9 \u00a0\u00e0 la presse son \u0153uvre \u00ab\u00a0Des Noirs autour du Proph\u00e8te\u00a0\u00bb, le 2 mars 2025. Dans cette oeuvre ,il r\u00e9tablit la place historique des Noirs dans la civilisation islamique et mondiale. Ce livre, paru aux \u00e9ditions Basmalah, se veut une r\u00e9ponse \u00e0 la n\u00e9gation de l\u2019histoire des peuples noirs et une r\u00e9habilitation de leur r\u00f4le central dans l\u2019\u00e9volution de l\u2019humanit\u00e9.<\/strong><\/p>\n<p class=\"p1\"><span class=\"s1\">Le 26 juillet 2007, lors de son discours \u00e0 l&rsquo;Universit\u00e9 Cheikh Anta Diop de Dakar, le pr\u00e9sident fran\u00e7ais Nicolas Sarkozy a d\u00e9clar\u00e9 : \u00ab Le drame de l&rsquo;Afrique, c&rsquo;est que l&rsquo;homme africain n&rsquo;est pas assez rentr\u00e9 dans l&rsquo;Histoire \u00bb. Cette phrase, jug\u00e9e condescendante et raciste, a suscit\u00e9 l&rsquo;indignation de nombreux Africains, dont le docteur Ahmad Savadogo.<br \/>\n<\/span><\/p>\n<p class=\"p1\"><span class=\"s1\">Ce dernier a pris \u00e0 c\u0153ur de d\u00e9montrer, \u00e0 travers son ouvrage \u00ab\u00a0Des Noirs autour du Proph\u00e8te\u00a0\u00bb, que les Noirs, loin d&rsquo;\u00eatre absents de l&rsquo;Histoire, en ont \u00e9t\u00e9 des acteurs incontournables, et cela bien avant la colonisation. Aussi , en 1960, le grand historien et anthropologue Cheikh Anta Diop avait d\u00e9j\u00e0, dans sa th\u00e8se de doctorat \u00e0 l\u2019Universit\u00e9 de Paris, pos\u00e9 les bases d\u2019une relecture de l\u2019histoire, soulignant le r\u00f4le primordial de l&rsquo;Afrique et des civilisations noires, en particulier l\u2019\u00c9gypte antique, dans le d\u00e9veloppement de l\u2019humanit\u00e9. <\/span><\/p>\n<p class=\"p1\"><span class=\"s1\">Pour Diop, l&rsquo;Afrique avait \u00e9t\u00e9 l&rsquo;\u00e9picentre de la civilisation mondiale, et la reconnaissance de son pass\u00e9 glorieux \u00e9tait une d\u00e9marche fondamentale pour restaurer la dignit\u00e9 des peuples noirs. Il rejetait les th\u00e9ories racistes qui d\u00e9valorisaient les r\u00e9alisations des Africains et mettait en avant la richesse de leur culture. C\u2019est dans cette lign\u00e9e que s&rsquo;inscrit le travail du docteur Savadogo. Avec son livre \u00ab\u00a0Des Noirs autour du Proph\u00e8te\u00a0\u00bb, il entreprend de remettre \u00e0 l\u2019honneur les contributions des peuples noirs, en particulier au sein de l\u2019Islam, et de d\u00e9construire l\u2019histoire \u00e9crite par le colonisateur, qui a longtemps ignor\u00e9 ou minimis\u00e9 le r\u00f4le de ces derniers. <\/span><\/p>\n<p class=\"p1\"><span class=\"s1\">Selon lui, les Noirs ont \u00e9t\u00e9 syst\u00e9matiquement \u00ab\u00a0balkanis\u00e9s\u00a0\u00bb par les narrations historiques dominantes. L\u2019ouvrage, qui se compose de 134 pages r\u00e9parties en trois parties et quinze chapitres, explore la place fondamentale des Noirs dans les d\u00e9buts de l&rsquo;Islam. Dans la premi\u00e8re section, Ahmad Savadogo retrace l\u2019histoire du peuplement noir en Arabie et met en lumi\u00e8re des figures africaines embl\u00e9matiques ayant jou\u00e9 un r\u00f4le majeur dans la propagation de la foi musulmane. Par exemple, Bilal, le premier muezzin et tr\u00e9sorier du Proph\u00e8te, figure parmi ces personnalit\u00e9s d\u2019origine africaine ayant marqu\u00e9 l&rsquo;histoire de l&rsquo;Islam. <\/span><\/p>\n<p class=\"p1\"><span class=\"s1\">L\u2019auteur \u00e9voque \u00e9galement Soumaya et Oumou A\u00efman (Baraka Bint Sa\u2019 Iaba ibn Ziba), la nourrice du Proph\u00e8te, pour illustrer l\u2019importance des compagnons noirs dans l\u2019\u00e9dification de la communaut\u00e9 musulmane.Dans la deuxi\u00e8me partie, Savadogo se penche sur l\u2019impact de ces compagnons noirs dans la construction de la foi musulmane, en soulignant l&#8217;empreinte ind\u00e9l\u00e9bile qu&rsquo;ils ont laiss\u00e9e. Il affirme que leur r\u00f4le, souvent ignor\u00e9 ou minimis\u00e9, doit \u00eatre reconnu pour comprendre la v\u00e9ritable histoire de l\u2019Islam.Enfin, dans la troisi\u00e8me partie, l\u2019auteur \u00e9largit la perspective en abordant le r\u00f4le des Noirs dans l\u2019histoire universelle, aussi bien dans le pass\u00e9 que dans le futur. <\/span><\/p>\n<p class=\"p1\"><span class=\"s1\">\u00c0 travers ses recherches m\u00e9ticuleuses, Savadogo d\u00e9montre que les Noirs ont \u00e9t\u00e9 des acteurs essentiels dans l\u2019\u00e9dification de la civilisation mondiale, et qu&rsquo;il est grand temps qu\u2019ils occupent la place qui leur revient dans l\u2019Histoire.La d\u00e9dicace de ce livre est un appel \u00e0 la reconnaissance et \u00e0 la justice pour les peuples noirs. Pour le docteur Savadogo, il est crucial de r\u00e9\u00e9crire l\u2019histoire pour inclure les contributions des Noirs \u00e0 l\u2019Islam et \u00e0 la civilisation mondiale. <\/span><\/p>\n<p class=\"p1\"><span class=\"s1\">Son message est clair : les Noirs font partie int\u00e9grante de l\u2019humanit\u00e9, et leur contribution \u00e0 l\u2019histoire ne saurait \u00eatre occult\u00e9e.Le livre est disponible pour 5000 FCFA aux \u00e9ditions Basmalah, et s&rsquo;adresse \u00e0 un large public, qu&rsquo;il soit musulman, chr\u00e9tien, juif ou d&rsquo;autres horizons. L\u2019auteur invite chaque lecteur \u00e0 d\u00e9couvrir l\u2019importance des Noirs dans l\u2019Histoire, et \u00e0 participer \u00e0 cette r\u00e9habilitation de la v\u00e9rit\u00e9 historique.<\/span><\/p>\n<p class=\"p1\" style=\"text-align: right;\"><strong><span class=\"s1\">Par Amir BAKO<\/span><\/strong><\/p>\n","protected":false},"excerpt":{"rendered":"<p>Le docteur Ahmad Savadogo, a pr\u00e9sent\u00e9 \u00a0\u00e0 la presse son \u0153uvre \u00ab\u00a0Des Noirs autour du<\/p>\n","protected":false},"author":2,"featured_media":1508,"comment_status":"open","ping_status":"open","sticky":false,"template":"","format":"standard","meta":{"_et_pb_use_builder":"","_et_pb_old_content":"","_et_gb_content_width":"","footnotes":""},"categories":[9],"tags":[18,65,26,387],"class_list":["post-1507","post","type-post","status-publish","format-standard","has-post-thumbnail","hentry","category-education","tag-burkina-faso","tag-culture","tag-litterature","tag-religion"],"yoast_head":"<!-- This site is optimized with the Yoast SEO plugin v27.5 - https:\/\/yoast.com\/product\/yoast-seo-wordpress\/ -->\n<title>R\u00e9habilitation des Noirs dans l\u2019histoire islamique et mondiale: La r\u00e9ponse du docteur Ahmad Savadogo avec son \u0153uvre &quot;Des Noirs autour du Proph\u00e8te&quot; - Vox Sahel<\/title>\n<meta name=\"robots\" content=\"index, follow, max-snippet:-1, max-image-preview:large, max-video-preview:-1\" \/>\n<link rel=\"canonical\" href=\"https:\/\/voxsahel.com\/?p=1507\" \/>\n<meta property=\"og:locale\" content=\"fr_FR\" \/>\n<meta property=\"og:type\" content=\"article\" \/>\n<meta property=\"og:title\" content=\"R\u00e9habilitation des Noirs dans l\u2019histoire islamique et mondiale: La r\u00e9ponse du docteur Ahmad Savadogo avec son \u0153uvre &quot;Des Noirs autour du Proph\u00e8te&quot; - Vox Sahel\" \/>\n<meta property=\"og:description\" content=\"Le docteur Ahmad Savadogo, a pr\u00e9sent\u00e9 \u00a0\u00e0 la presse son \u0153uvre \u00ab\u00a0Des Noirs autour du\" \/>\n<meta property=\"og:url\" content=\"https:\/\/voxsahel.com\/?p=1507\" \/>\n<meta property=\"og:site_name\" content=\"Vox Sahel\" \/>\n<meta property=\"article:publisher\" content=\"https:\/\/www.facebook.com\/journal.voxsahel\" \/>\n<meta property=\"article:published_time\" content=\"2025-03-03T04:59:29+00:00\" \/>\n<meta property=\"og:image\" content=\"https:\/\/voxsahel.com\/wp-content\/uploads\/2025\/03\/244b9ae3-4664-4985-b0b7-cd3fbdd58c87.jpeg\" \/>\n\t<meta property=\"og:image:width\" content=\"1020\" \/>\n\t<meta property=\"og:image:height\" content=\"768\" \/>\n\t<meta property=\"og:image:type\" content=\"image\/jpeg\" \/>\n<meta name=\"author\" content=\"Vox Sahel\" \/>\n<meta name=\"twitter:card\" content=\"summary_large_image\" \/>\n<meta name=\"twitter:label1\" content=\"\u00c9crit par\" \/>\n\t<meta name=\"twitter:data1\" content=\"Vox Sahel\" \/>\n\t<meta name=\"twitter:label2\" content=\"Dur\u00e9e de lecture estim\u00e9e\" \/>\n\t<meta name=\"twitter:data2\" content=\"4 minutes\" \/>\n<script type=\"application\/ld+json\" class=\"yoast-schema-graph\">{\"@context\":\"https:\\\/\\\/schema.org\",\"@graph\":[{\"@type\":\"Article\",\"@id\":\"https:\\\/\\\/voxsahel.com\\\/?p=1507#article\",\"isPartOf\":{\"@id\":\"https:\\\/\\\/voxsahel.com\\\/?p=1507\"},\"author\":{\"name\":\"Vox Sahel\",\"@id\":\"https:\\\/\\\/voxsahel.com\\\/#\\\/schema\\\/person\\\/b4043608248f8fa227cd760e7ff1e19e\"},\"headline\":\"R\u00e9habilitation des Noirs dans l\u2019histoire islamique et mondiale: La r\u00e9ponse du docteur Ahmad Savadogo avec son \u0153uvre \u00ab\u00a0Des Noirs autour du Proph\u00e8te\u00a0\u00bb\",\"datePublished\":\"2025-03-03T04:59:29+00:00\",\"mainEntityOfPage\":{\"@id\":\"https:\\\/\\\/voxsahel.com\\\/?p=1507\"},\"wordCount\":758,\"commentCount\":0,\"publisher\":{\"@id\":\"https:\\\/\\\/voxsahel.com\\\/#organization\"},\"image\":{\"@id\":\"https:\\\/\\\/voxsahel.com\\\/?p=1507#primaryimage\"},\"thumbnailUrl\":\"https:\\\/\\\/voxsahel.com\\\/wp-content\\\/uploads\\\/2025\\\/03\\\/244b9ae3-4664-4985-b0b7-cd3fbdd58c87.jpeg\",\"keywords\":[\"Burkina Faso\",\"Culture\",\"Litt\u00e9rature\",\"Religion\"],\"articleSection\":[\"EDUCATION\"],\"inLanguage\":\"fr-FR\",\"potentialAction\":[{\"@type\":\"CommentAction\",\"name\":\"Comment\",\"target\":[\"https:\\\/\\\/voxsahel.com\\\/?p=1507#respond\"]}]},{\"@type\":\"WebPage\",\"@id\":\"https:\\\/\\\/voxsahel.com\\\/?p=1507\",\"url\":\"https:\\\/\\\/voxsahel.com\\\/?p=1507\",\"name\":\"R\u00e9habilitation des Noirs dans l\u2019histoire islamique et mondiale: La r\u00e9ponse du docteur Ahmad Savadogo avec son \u0153uvre \\\"Des Noirs autour du Proph\u00e8te\\\" - Vox Sahel\",\"isPartOf\":{\"@id\":\"https:\\\/\\\/voxsahel.com\\\/#website\"},\"primaryImageOfPage\":{\"@id\":\"https:\\\/\\\/voxsahel.com\\\/?p=1507#primaryimage\"},\"image\":{\"@id\":\"https:\\\/\\\/voxsahel.com\\\/?p=1507#primaryimage\"},\"thumbnailUrl\":\"https:\\\/\\\/voxsahel.com\\\/wp-content\\\/uploads\\\/2025\\\/03\\\/244b9ae3-4664-4985-b0b7-cd3fbdd58c87.jpeg\",\"datePublished\":\"2025-03-03T04:59:29+00:00\",\"breadcrumb\":{\"@id\":\"https:\\\/\\\/voxsahel.com\\\/?p=1507#breadcrumb\"},\"inLanguage\":\"fr-FR\",\"potentialAction\":[{\"@type\":\"ReadAction\",\"target\":[\"https:\\\/\\\/voxsahel.com\\\/?p=1507\"]}]},{\"@type\":\"ImageObject\",\"inLanguage\":\"fr-FR\",\"@id\":\"https:\\\/\\\/voxsahel.com\\\/?p=1507#primaryimage\",\"url\":\"https:\\\/\\\/voxsahel.com\\\/wp-content\\\/uploads\\\/2025\\\/03\\\/244b9ae3-4664-4985-b0b7-cd3fbdd58c87.jpeg\",\"contentUrl\":\"https:\\\/\\\/voxsahel.com\\\/wp-content\\\/uploads\\\/2025\\\/03\\\/244b9ae3-4664-4985-b0b7-cd3fbdd58c87.jpeg\",\"width\":1020,\"height\":768},{\"@type\":\"BreadcrumbList\",\"@id\":\"https:\\\/\\\/voxsahel.com\\\/?p=1507#breadcrumb\",\"itemListElement\":[{\"@type\":\"ListItem\",\"position\":1,\"name\":\"Home\",\"item\":\"https:\\\/\\\/voxsahel.com\\\/\"},{\"@type\":\"ListItem\",\"position\":2,\"name\":\"R\u00e9habilitation des Noirs dans l\u2019histoire islamique et mondiale: La r\u00e9ponse du docteur Ahmad Savadogo avec son \u0153uvre \u00ab\u00a0Des Noirs autour du Proph\u00e8te\u00a0\u00bb\"}]},{\"@type\":\"WebSite\",\"@id\":\"https:\\\/\\\/voxsahel.com\\\/#website\",\"url\":\"https:\\\/\\\/voxsahel.com\\\/\",\"name\":\"Vox Sahel\",\"description\":\"Informez-vous sur le Sahel en un clic\",\"publisher\":{\"@id\":\"https:\\\/\\\/voxsahel.com\\\/#organization\"},\"potentialAction\":[{\"@type\":\"SearchAction\",\"target\":{\"@type\":\"EntryPoint\",\"urlTemplate\":\"https:\\\/\\\/voxsahel.com\\\/?s={search_term_string}\"},\"query-input\":{\"@type\":\"PropertyValueSpecification\",\"valueRequired\":true,\"valueName\":\"search_term_string\"}}],\"inLanguage\":\"fr-FR\"},{\"@type\":\"Organization\",\"@id\":\"https:\\\/\\\/voxsahel.com\\\/#organization\",\"name\":\"Vox Sahel\",\"url\":\"https:\\\/\\\/voxsahel.com\\\/\",\"logo\":{\"@type\":\"ImageObject\",\"inLanguage\":\"fr-FR\",\"@id\":\"https:\\\/\\\/voxsahel.com\\\/#\\\/schema\\\/logo\\\/image\\\/\",\"url\":\"https:\\\/\\\/voxsahel.com\\\/wp-content\\\/uploads\\\/2024\\\/09\\\/Logo-Vox-Sahel.jpg\",\"contentUrl\":\"https:\\\/\\\/voxsahel.com\\\/wp-content\\\/uploads\\\/2024\\\/09\\\/Logo-Vox-Sahel.jpg\",\"width\":1181,\"height\":848,\"caption\":\"Vox Sahel\"},\"image\":{\"@id\":\"https:\\\/\\\/voxsahel.com\\\/#\\\/schema\\\/logo\\\/image\\\/\"},\"sameAs\":[\"https:\\\/\\\/www.facebook.com\\\/journal.voxsahel\"]},{\"@type\":\"Person\",\"@id\":\"https:\\\/\\\/voxsahel.com\\\/#\\\/schema\\\/person\\\/b4043608248f8fa227cd760e7ff1e19e\",\"name\":\"Vox Sahel\",\"image\":{\"@type\":\"ImageObject\",\"inLanguage\":\"fr-FR\",\"@id\":\"https:\\\/\\\/secure.gravatar.com\\\/avatar\\\/f70e7fa0cb9b29d4a7c5788d6eb2e9ab4d3135cbae1c9161810fdf77a8964699?s=96&d=mm&r=g\",\"url\":\"https:\\\/\\\/secure.gravatar.com\\\/avatar\\\/f70e7fa0cb9b29d4a7c5788d6eb2e9ab4d3135cbae1c9161810fdf77a8964699?s=96&d=mm&r=g\",\"contentUrl\":\"https:\\\/\\\/secure.gravatar.com\\\/avatar\\\/f70e7fa0cb9b29d4a7c5788d6eb2e9ab4d3135cbae1c9161810fdf77a8964699?s=96&d=mm&r=g\",\"caption\":\"Vox Sahel\"},\"sameAs\":[\"http:\\\/\\\/www.voxsahel.com\"],\"url\":\"https:\\\/\\\/voxsahel.com\\\/?author=2\"}]}<\/script>\n<!-- \/ Yoast SEO plugin. -->","yoast_head_json":{"title":"R\u00e9habilitation des Noirs dans l\u2019histoire islamique et mondiale: La r\u00e9ponse du docteur Ahmad Savadogo avec son \u0153uvre \"Des Noirs autour du Proph\u00e8te\" - Vox Sahel","robots":{"index":"index","follow":"follow","max-snippet":"max-snippet:-1","max-image-preview":"max-image-preview:large","max-video-preview":"max-video-preview:-1"},"canonical":"https:\/\/voxsahel.com\/?p=1507","og_locale":"fr_FR","og_type":"article","og_title":"R\u00e9habilitation des Noirs dans l\u2019histoire islamique et mondiale: La r\u00e9ponse du docteur Ahmad Savadogo avec son \u0153uvre \"Des Noirs autour du Proph\u00e8te\" - Vox Sahel","og_description":"Le docteur Ahmad Savadogo, a pr\u00e9sent\u00e9 \u00a0\u00e0 la presse son \u0153uvre \u00ab\u00a0Des Noirs autour du","og_url":"https:\/\/voxsahel.com\/?p=1507","og_site_name":"Vox Sahel","article_publisher":"https:\/\/www.facebook.com\/journal.voxsahel","article_published_time":"2025-03-03T04:59:29+00:00","og_image":[{"width":1020,"height":768,"url":"https:\/\/voxsahel.com\/wp-content\/uploads\/2025\/03\/244b9ae3-4664-4985-b0b7-cd3fbdd58c87.jpeg","type":"image\/jpeg"}],"author":"Vox Sahel","twitter_card":"summary_large_image","twitter_misc":{"\u00c9crit par":"Vox Sahel","Dur\u00e9e de lecture estim\u00e9e":"4 minutes"},"schema":{"@context":"https:\/\/schema.org","@graph":[{"@type":"Article","@id":"https:\/\/voxsahel.com\/?p=1507#article","isPartOf":{"@id":"https:\/\/voxsahel.com\/?p=1507"},"author":{"name":"Vox Sahel","@id":"https:\/\/voxsahel.com\/#\/schema\/person\/b4043608248f8fa227cd760e7ff1e19e"},"headline":"R\u00e9habilitation des Noirs dans l\u2019histoire islamique et mondiale: La r\u00e9ponse du docteur Ahmad Savadogo avec son \u0153uvre \u00ab\u00a0Des Noirs autour du Proph\u00e8te\u00a0\u00bb","datePublished":"2025-03-03T04:59:29+00:00","mainEntityOfPage":{"@id":"https:\/\/voxsahel.com\/?p=1507"},"wordCount":758,"commentCount":0,"publisher":{"@id":"https:\/\/voxsahel.com\/#organization"},"image":{"@id":"https:\/\/voxsahel.com\/?p=1507#primaryimage"},"thumbnailUrl":"https:\/\/voxsahel.com\/wp-content\/uploads\/2025\/03\/244b9ae3-4664-4985-b0b7-cd3fbdd58c87.jpeg","keywords":["Burkina Faso","Culture","Litt\u00e9rature","Religion"],"articleSection":["EDUCATION"],"inLanguage":"fr-FR","potentialAction":[{"@type":"CommentAction","name":"Comment","target":["https:\/\/voxsahel.com\/?p=1507#respond"]}]},{"@type":"WebPage","@id":"https:\/\/voxsahel.com\/?p=1507","url":"https:\/\/voxsahel.com\/?p=1507","name":"R\u00e9habilitation des Noirs dans l\u2019histoire islamique et mondiale: La r\u00e9ponse du docteur Ahmad Savadogo avec son \u0153uvre \"Des Noirs autour du Proph\u00e8te\" - Vox Sahel","isPartOf":{"@id":"https:\/\/voxsahel.com\/#website"},"primaryImageOfPage":{"@id":"https:\/\/voxsahel.com\/?p=1507#primaryimage"},"image":{"@id":"https:\/\/voxsahel.com\/?p=1507#primaryimage"},"thumbnailUrl":"https:\/\/voxsahel.com\/wp-content\/uploads\/2025\/03\/244b9ae3-4664-4985-b0b7-cd3fbdd58c87.jpeg","datePublished":"2025-03-03T04:59:29+00:00","breadcrumb":{"@id":"https:\/\/voxsahel.com\/?p=1507#breadcrumb"},"inLanguage":"fr-FR","potentialAction":[{"@type":"ReadAction","target":["https:\/\/voxsahel.com\/?p=1507"]}]},{"@type":"ImageObject","inLanguage":"fr-FR","@id":"https:\/\/voxsahel.com\/?p=1507#primaryimage","url":"https:\/\/voxsahel.com\/wp-content\/uploads\/2025\/03\/244b9ae3-4664-4985-b0b7-cd3fbdd58c87.jpeg","contentUrl":"https:\/\/voxsahel.com\/wp-content\/uploads\/2025\/03\/244b9ae3-4664-4985-b0b7-cd3fbdd58c87.jpeg","width":1020,"height":768},{"@type":"BreadcrumbList","@id":"https:\/\/voxsahel.com\/?p=1507#breadcrumb","itemListElement":[{"@type":"ListItem","position":1,"name":"Home","item":"https:\/\/voxsahel.com\/"},{"@type":"ListItem","position":2,"name":"R\u00e9habilitation des Noirs dans l\u2019histoire islamique et mondiale: La r\u00e9ponse du docteur Ahmad Savadogo avec son \u0153uvre \u00ab\u00a0Des Noirs autour du Proph\u00e8te\u00a0\u00bb"}]},{"@type":"WebSite","@id":"https:\/\/voxsahel.com\/#website","url":"https:\/\/voxsahel.com\/","name":"Vox Sahel","description":"Informez-vous sur le Sahel en un clic","publisher":{"@id":"https:\/\/voxsahel.com\/#organization"},"potentialAction":[{"@type":"SearchAction","target":{"@type":"EntryPoint","urlTemplate":"https:\/\/voxsahel.com\/?s={search_term_string}"},"query-input":{"@type":"PropertyValueSpecification","valueRequired":true,"valueName":"search_term_string"}}],"inLanguage":"fr-FR"},{"@type":"Organization","@id":"https:\/\/voxsahel.com\/#organization","name":"Vox Sahel","url":"https:\/\/voxsahel.com\/","logo":{"@type":"ImageObject","inLanguage":"fr-FR","@id":"https:\/\/voxsahel.com\/#\/schema\/logo\/image\/","url":"https:\/\/voxsahel.com\/wp-content\/uploads\/2024\/09\/Logo-Vox-Sahel.jpg","contentUrl":"https:\/\/voxsahel.com\/wp-content\/uploads\/2024\/09\/Logo-Vox-Sahel.jpg","width":1181,"height":848,"caption":"Vox Sahel"},"image":{"@id":"https:\/\/voxsahel.com\/#\/schema\/logo\/image\/"},"sameAs":["https:\/\/www.facebook.com\/journal.voxsahel"]},{"@type":"Person","@id":"https:\/\/voxsahel.com\/#\/schema\/person\/b4043608248f8fa227cd760e7ff1e19e","name":"Vox Sahel","image":{"@type":"ImageObject","inLanguage":"fr-FR","@id":"https:\/\/secure.gravatar.com\/avatar\/f70e7fa0cb9b29d4a7c5788d6eb2e9ab4d3135cbae1c9161810fdf77a8964699?s=96&d=mm&r=g","url":"https:\/\/secure.gravatar.com\/avatar\/f70e7fa0cb9b29d4a7c5788d6eb2e9ab4d3135cbae1c9161810fdf77a8964699?s=96&d=mm&r=g","contentUrl":"https:\/\/secure.gravatar.com\/avatar\/f70e7fa0cb9b29d4a7c5788d6eb2e9ab4d3135cbae1c9161810fdf77a8964699?s=96&d=mm&r=g","caption":"Vox Sahel"},"sameAs":["http:\/\/www.voxsahel.com"],"url":"https:\/\/voxsahel.com\/?author=2"}]}},"_links":{"self":[{"href":"https:\/\/voxsahel.com\/index.php?rest_route=\/wp\/v2\/posts\/1507","targetHints":{"allow":["GET"]}}],"collection":[{"href":"https:\/\/voxsahel.com\/index.php?rest_route=\/wp\/v2\/posts"}],"about":[{"href":"https:\/\/voxsahel.com\/index.php?rest_route=\/wp\/v2\/types\/post"}],"author":[{"embeddable":true,"href":"https:\/\/voxsahel.com\/index.php?rest_route=\/wp\/v2\/users\/2"}],"replies":[{"embeddable":true,"href":"https:\/\/voxsahel.com\/index.php?rest_route=%2Fwp%2Fv2%2Fcomments&post=1507"}],"version-history":[{"count":1,"href":"https:\/\/voxsahel.com\/index.php?rest_route=\/wp\/v2\/posts\/1507\/revisions"}],"predecessor-version":[{"id":1509,"href":"https:\/\/voxsahel.com\/index.php?rest_route=\/wp\/v2\/posts\/1507\/revisions\/1509"}],"wp:featuredmedia":[{"embeddable":true,"href":"https:\/\/voxsahel.com\/index.php?rest_route=\/wp\/v2\/media\/1508"}],"wp:attachment":[{"href":"https:\/\/voxsahel.com\/index.php?rest_route=%2Fwp%2Fv2%2Fmedia&parent=1507"}],"wp:term":[{"taxonomy":"category","embeddable":true,"href":"https:\/\/voxsahel.com\/index.php?rest_route=%2Fwp%2Fv2%2Fcategories&post=1507"},{"taxonomy":"post_tag","embeddable":true,"href":"https:\/\/voxsahel.com\/index.php?rest_route=%2Fwp%2Fv2%2Ftags&post=1507"}],"curies":[{"name":"wp","href":"https:\/\/api.w.org\/{rel}","templated":true}]}}