{"id":1472,"date":"2025-02-28T08:06:22","date_gmt":"2025-02-28T08:06:22","guid":{"rendered":"https:\/\/voxsahel.com\/?p=1472"},"modified":"2025-02-28T08:06:22","modified_gmt":"2025-02-28T08:06:22","slug":"29e-edition-du-fespaco-le-laureat-du-prix-special-felix-houphouet-boigny-du-conseil-de-lentente-remportera-10-millions-de-fcfa","status":"publish","type":"post","link":"https:\/\/voxsahel.com\/?p=1472","title":{"rendered":"29e \u00e9dition du FESPACO : Le laur\u00e9at du Prix sp\u00e9cial F\u00e9lix Houphou\u00ebt-Boigny du Conseil de l&rsquo;Entente remportera 10 millions de FCFA"},"content":{"rendered":"<p class=\"p1\"><strong><span class=\"s1\">Depuis six ans, le Conseil de l\u2019Entente d\u00e9cerne un prestigieux prix destin\u00e9 \u00e0 r\u00e9compenser les jeunes r\u00e9alisateurs de la sous-r\u00e9gion ouest-africaine. A l&rsquo;occasion de la 29e \u00e9dition du FESPACO, 19 films ont \u00e9t\u00e9 retenus, avec \u00e0 la cl\u00e9 un prix de 10 millions de FCFA et un troph\u00e9e d&rsquo;une valeur d&rsquo;un million de FCFA pour le laur\u00e9at. L&rsquo;information a \u00e9t\u00e9 donn\u00e9e ce 27 f\u00e9vrier \u00e0 Ouagadougou.<\/span><\/strong><\/p>\n<p class=\"p1\"><span class=\"s1\">\u00a0<\/span><span class=\"s1\">Le Conseil de l\u2019Entente, compos\u00e9 du B\u00e9nin, du Burkina Faso, de la C\u00f4te d&rsquo;Ivoire, du Niger et du Togo, \u0153uvre pour la promotion de la paix, de la coop\u00e9ration et du d\u00e9veloppement au sein de l\u2019Afrique de l&rsquo;Ouest. <\/span><\/p>\n<p class=\"p1\" style=\"text-align: left;\"><span class=\"s1\">En instaurant le Prix sp\u00e9cial F\u00e9lix Houphou\u00ebt-Boigny, l\u2019organisation vise \u00e0 soutenir les jeunes cin\u00e9astes des pays membres, en r\u00e9compensant leurs \u0153uvres traitant de th\u00e8mes essentiels tels que la paix, l\u2019unit\u00e9 r\u00e9gionale, et le d\u00e9veloppement durable. Le secr\u00e9taire ex\u00e9cutif adjoint du Conseil de l\u2019Entente, Idi Ali, a soulign\u00e9 l&rsquo;importance de ce prix pour promouvoir la culture et renforcer la coh\u00e9sion sociale dans la r\u00e9gion.<\/span><\/p>\n<p class=\"p1\" style=\"text-align: left;\"><span class=\"s1\"> Il a pr\u00e9cis\u00e9 que les films candidats doivent aborder des sujets comme la paix, la coh\u00e9sion sociale, l&rsquo;int\u00e9gration r\u00e9gionale, le leadership et l\u2019engagement citoyen. Le r\u00e9alisateur, quant \u00e0 lui, doit \u00eatre \u00e2g\u00e9 de 45 ans au maximum et \u00eatre un ressortissant d\u2019un des pays membres du Conseil.Le jury de cette 6e \u00e9dition, pr\u00e9sid\u00e9 par Harouna Niandou, a retenu 19 films, dont 11 \u0153uvres de fiction et 8 documentaires. <\/span><\/p>\n<p class=\"p1\" style=\"text-align: left;\"><span class=\"s1\">Le pr\u00e9sident du jury a pr\u00e9cis\u00e9 que ces films ne sont pas seulement jug\u00e9s sur leur qualit\u00e9 artistique, mais \u00e9galement sur leur capacit\u00e9 \u00e0 v\u00e9hiculer un message fort et pertinent pour la r\u00e9gion. Les films des laur\u00e9ats auront la chance de voyager \u00e0 travers les pays membres du Conseil, assurant ainsi leur diffusion et leur rayonnement.<\/span><\/p>\n<p class=\"p1\" style=\"text-align: left;\"><span class=\"s1\">Les membres du jury ont salu\u00e9 l&rsquo;initiative du Conseil de l\u2019Entente, qui, au-del\u00e0 du soutien financier, permet d\u2019ouvrir des opportunit\u00e9s aux jeunes r\u00e9alisateurs africains. Ils ont \u00e9galement exprim\u00e9 leur reconnaissance envers la presse pour son r\u00f4le dans la visibilit\u00e9 de ce prix prestigieux. <\/span><\/p>\n<p class=\"p1\" style=\"text-align: left;\"><span class=\"s1\">Harouna Niandou a conclu en esp\u00e9rant que les gouvernements africains investiront davantage dans le cin\u00e9ma, en le pla\u00e7ant au c\u0153ur de leurs priorit\u00e9s pour permettre au 7e art de jouer pleinement son r\u00f4le dans le d\u00e9veloppement de la culture et de la soci\u00e9t\u00e9.<\/span><\/p>\n<p class=\"p1\" style=\"text-align: right;\"><strong><span class=\"s1\">Par Amir BAKO <\/span><\/strong><\/p>\n","protected":false},"excerpt":{"rendered":"<p>Depuis six ans, le Conseil de l\u2019Entente d\u00e9cerne un prestigieux prix destin\u00e9 \u00e0 r\u00e9compenser les<\/p>\n","protected":false},"author":2,"featured_media":1473,"comment_status":"open","ping_status":"open","sticky":false,"template":"","format":"standard","meta":{"_et_pb_use_builder":"","_et_pb_old_content":"","_et_gb_content_width":"","footnotes":""},"categories":[13],"tags":[357,18,295,615,616,617,629],"class_list":["post-1472","post","type-post","status-publish","format-standard","has-post-thumbnail","hentry","category-culture","tag-arts","tag-burkina-faso","tag-cinema","tag-fespaco","tag-fespaco-2025","tag-festival-panafricain-du-cinema-et-de-la-television-de-ouagadougou","tag-film"],"yoast_head":"<!-- This site is optimized with the Yoast SEO plugin v27.5 - https:\/\/yoast.com\/product\/yoast-seo-wordpress\/ -->\n<title>29e \u00e9dition du FESPACO : Le laur\u00e9at du Prix sp\u00e9cial F\u00e9lix Houphou\u00ebt-Boigny du Conseil de l&#039;Entente remportera 10 millions de FCFA - Vox Sahel<\/title>\n<meta name=\"robots\" content=\"index, follow, max-snippet:-1, max-image-preview:large, max-video-preview:-1\" \/>\n<link rel=\"canonical\" href=\"https:\/\/voxsahel.com\/?p=1472\" \/>\n<meta property=\"og:locale\" content=\"fr_FR\" \/>\n<meta property=\"og:type\" content=\"article\" \/>\n<meta property=\"og:title\" content=\"29e \u00e9dition du FESPACO : Le laur\u00e9at du Prix sp\u00e9cial F\u00e9lix Houphou\u00ebt-Boigny du Conseil de l&#039;Entente remportera 10 millions de FCFA - Vox Sahel\" \/>\n<meta property=\"og:description\" content=\"Depuis six ans, le Conseil de l\u2019Entente d\u00e9cerne un prestigieux prix destin\u00e9 \u00e0 r\u00e9compenser les\" \/>\n<meta property=\"og:url\" content=\"https:\/\/voxsahel.com\/?p=1472\" \/>\n<meta property=\"og:site_name\" content=\"Vox Sahel\" \/>\n<meta property=\"article:publisher\" content=\"https:\/\/www.facebook.com\/journal.voxsahel\" \/>\n<meta property=\"article:published_time\" content=\"2025-02-28T08:06:22+00:00\" \/>\n<meta property=\"og:image\" content=\"https:\/\/voxsahel.com\/wp-content\/uploads\/2025\/02\/31a803c8-5179-455e-97d4-0569dd9db96b.jpeg\" \/>\n\t<meta property=\"og:image:width\" content=\"1020\" \/>\n\t<meta property=\"og:image:height\" content=\"768\" \/>\n\t<meta property=\"og:image:type\" content=\"image\/jpeg\" \/>\n<meta name=\"author\" content=\"Vox Sahel\" \/>\n<meta name=\"twitter:card\" content=\"summary_large_image\" \/>\n<meta name=\"twitter:label1\" content=\"\u00c9crit par\" \/>\n\t<meta name=\"twitter:data1\" content=\"Vox Sahel\" \/>\n\t<meta name=\"twitter:label2\" content=\"Dur\u00e9e de lecture estim\u00e9e\" \/>\n\t<meta name=\"twitter:data2\" content=\"3 minutes\" \/>\n<script type=\"application\/ld+json\" class=\"yoast-schema-graph\">{\"@context\":\"https:\\\/\\\/schema.org\",\"@graph\":[{\"@type\":\"Article\",\"@id\":\"https:\\\/\\\/voxsahel.com\\\/?p=1472#article\",\"isPartOf\":{\"@id\":\"https:\\\/\\\/voxsahel.com\\\/?p=1472\"},\"author\":{\"name\":\"Vox Sahel\",\"@id\":\"https:\\\/\\\/voxsahel.com\\\/#\\\/schema\\\/person\\\/b4043608248f8fa227cd760e7ff1e19e\"},\"headline\":\"29e \u00e9dition du FESPACO : Le laur\u00e9at du Prix sp\u00e9cial F\u00e9lix Houphou\u00ebt-Boigny du Conseil de l&rsquo;Entente remportera 10 millions de FCFA\",\"datePublished\":\"2025-02-28T08:06:22+00:00\",\"mainEntityOfPage\":{\"@id\":\"https:\\\/\\\/voxsahel.com\\\/?p=1472\"},\"wordCount\":457,\"commentCount\":0,\"publisher\":{\"@id\":\"https:\\\/\\\/voxsahel.com\\\/#organization\"},\"image\":{\"@id\":\"https:\\\/\\\/voxsahel.com\\\/?p=1472#primaryimage\"},\"thumbnailUrl\":\"https:\\\/\\\/voxsahel.com\\\/wp-content\\\/uploads\\\/2025\\\/02\\\/31a803c8-5179-455e-97d4-0569dd9db96b.jpeg\",\"keywords\":[\"Arts\",\"Burkina Faso\",\"Cinema\",\"Fespaco\",\"FESPACO 2025\",\"Festival panafricain du Cin\u00e9ma et de la T\u00e9l\u00e9vision de Ouagadougou\",\"Film\"],\"articleSection\":[\"CULTURE\"],\"inLanguage\":\"fr-FR\",\"potentialAction\":[{\"@type\":\"CommentAction\",\"name\":\"Comment\",\"target\":[\"https:\\\/\\\/voxsahel.com\\\/?p=1472#respond\"]}]},{\"@type\":\"WebPage\",\"@id\":\"https:\\\/\\\/voxsahel.com\\\/?p=1472\",\"url\":\"https:\\\/\\\/voxsahel.com\\\/?p=1472\",\"name\":\"29e \u00e9dition du FESPACO : Le laur\u00e9at du Prix sp\u00e9cial F\u00e9lix Houphou\u00ebt-Boigny du Conseil de l'Entente remportera 10 millions de FCFA - Vox Sahel\",\"isPartOf\":{\"@id\":\"https:\\\/\\\/voxsahel.com\\\/#website\"},\"primaryImageOfPage\":{\"@id\":\"https:\\\/\\\/voxsahel.com\\\/?p=1472#primaryimage\"},\"image\":{\"@id\":\"https:\\\/\\\/voxsahel.com\\\/?p=1472#primaryimage\"},\"thumbnailUrl\":\"https:\\\/\\\/voxsahel.com\\\/wp-content\\\/uploads\\\/2025\\\/02\\\/31a803c8-5179-455e-97d4-0569dd9db96b.jpeg\",\"datePublished\":\"2025-02-28T08:06:22+00:00\",\"breadcrumb\":{\"@id\":\"https:\\\/\\\/voxsahel.com\\\/?p=1472#breadcrumb\"},\"inLanguage\":\"fr-FR\",\"potentialAction\":[{\"@type\":\"ReadAction\",\"target\":[\"https:\\\/\\\/voxsahel.com\\\/?p=1472\"]}]},{\"@type\":\"ImageObject\",\"inLanguage\":\"fr-FR\",\"@id\":\"https:\\\/\\\/voxsahel.com\\\/?p=1472#primaryimage\",\"url\":\"https:\\\/\\\/voxsahel.com\\\/wp-content\\\/uploads\\\/2025\\\/02\\\/31a803c8-5179-455e-97d4-0569dd9db96b.jpeg\",\"contentUrl\":\"https:\\\/\\\/voxsahel.com\\\/wp-content\\\/uploads\\\/2025\\\/02\\\/31a803c8-5179-455e-97d4-0569dd9db96b.jpeg\",\"width\":1020,\"height\":768},{\"@type\":\"BreadcrumbList\",\"@id\":\"https:\\\/\\\/voxsahel.com\\\/?p=1472#breadcrumb\",\"itemListElement\":[{\"@type\":\"ListItem\",\"position\":1,\"name\":\"Home\",\"item\":\"https:\\\/\\\/voxsahel.com\\\/\"},{\"@type\":\"ListItem\",\"position\":2,\"name\":\"29e \u00e9dition du FESPACO : Le laur\u00e9at du Prix sp\u00e9cial F\u00e9lix Houphou\u00ebt-Boigny du Conseil de l&rsquo;Entente remportera 10 millions de FCFA\"}]},{\"@type\":\"WebSite\",\"@id\":\"https:\\\/\\\/voxsahel.com\\\/#website\",\"url\":\"https:\\\/\\\/voxsahel.com\\\/\",\"name\":\"Vox Sahel\",\"description\":\"Informez-vous sur le Sahel en un clic\",\"publisher\":{\"@id\":\"https:\\\/\\\/voxsahel.com\\\/#organization\"},\"potentialAction\":[{\"@type\":\"SearchAction\",\"target\":{\"@type\":\"EntryPoint\",\"urlTemplate\":\"https:\\\/\\\/voxsahel.com\\\/?s={search_term_string}\"},\"query-input\":{\"@type\":\"PropertyValueSpecification\",\"valueRequired\":true,\"valueName\":\"search_term_string\"}}],\"inLanguage\":\"fr-FR\"},{\"@type\":\"Organization\",\"@id\":\"https:\\\/\\\/voxsahel.com\\\/#organization\",\"name\":\"Vox Sahel\",\"url\":\"https:\\\/\\\/voxsahel.com\\\/\",\"logo\":{\"@type\":\"ImageObject\",\"inLanguage\":\"fr-FR\",\"@id\":\"https:\\\/\\\/voxsahel.com\\\/#\\\/schema\\\/logo\\\/image\\\/\",\"url\":\"https:\\\/\\\/voxsahel.com\\\/wp-content\\\/uploads\\\/2024\\\/09\\\/Logo-Vox-Sahel.jpg\",\"contentUrl\":\"https:\\\/\\\/voxsahel.com\\\/wp-content\\\/uploads\\\/2024\\\/09\\\/Logo-Vox-Sahel.jpg\",\"width\":1181,\"height\":848,\"caption\":\"Vox Sahel\"},\"image\":{\"@id\":\"https:\\\/\\\/voxsahel.com\\\/#\\\/schema\\\/logo\\\/image\\\/\"},\"sameAs\":[\"https:\\\/\\\/www.facebook.com\\\/journal.voxsahel\"]},{\"@type\":\"Person\",\"@id\":\"https:\\\/\\\/voxsahel.com\\\/#\\\/schema\\\/person\\\/b4043608248f8fa227cd760e7ff1e19e\",\"name\":\"Vox Sahel\",\"image\":{\"@type\":\"ImageObject\",\"inLanguage\":\"fr-FR\",\"@id\":\"https:\\\/\\\/secure.gravatar.com\\\/avatar\\\/f70e7fa0cb9b29d4a7c5788d6eb2e9ab4d3135cbae1c9161810fdf77a8964699?s=96&d=mm&r=g\",\"url\":\"https:\\\/\\\/secure.gravatar.com\\\/avatar\\\/f70e7fa0cb9b29d4a7c5788d6eb2e9ab4d3135cbae1c9161810fdf77a8964699?s=96&d=mm&r=g\",\"contentUrl\":\"https:\\\/\\\/secure.gravatar.com\\\/avatar\\\/f70e7fa0cb9b29d4a7c5788d6eb2e9ab4d3135cbae1c9161810fdf77a8964699?s=96&d=mm&r=g\",\"caption\":\"Vox Sahel\"},\"sameAs\":[\"http:\\\/\\\/www.voxsahel.com\"],\"url\":\"https:\\\/\\\/voxsahel.com\\\/?author=2\"}]}<\/script>\n<!-- \/ Yoast SEO plugin. -->","yoast_head_json":{"title":"29e \u00e9dition du FESPACO : Le laur\u00e9at du Prix sp\u00e9cial F\u00e9lix Houphou\u00ebt-Boigny du Conseil de l'Entente remportera 10 millions de FCFA - Vox Sahel","robots":{"index":"index","follow":"follow","max-snippet":"max-snippet:-1","max-image-preview":"max-image-preview:large","max-video-preview":"max-video-preview:-1"},"canonical":"https:\/\/voxsahel.com\/?p=1472","og_locale":"fr_FR","og_type":"article","og_title":"29e \u00e9dition du FESPACO : Le laur\u00e9at du Prix sp\u00e9cial F\u00e9lix Houphou\u00ebt-Boigny du Conseil de l'Entente remportera 10 millions de FCFA - Vox Sahel","og_description":"Depuis six ans, le Conseil de l\u2019Entente d\u00e9cerne un prestigieux prix destin\u00e9 \u00e0 r\u00e9compenser les","og_url":"https:\/\/voxsahel.com\/?p=1472","og_site_name":"Vox Sahel","article_publisher":"https:\/\/www.facebook.com\/journal.voxsahel","article_published_time":"2025-02-28T08:06:22+00:00","og_image":[{"width":1020,"height":768,"url":"https:\/\/voxsahel.com\/wp-content\/uploads\/2025\/02\/31a803c8-5179-455e-97d4-0569dd9db96b.jpeg","type":"image\/jpeg"}],"author":"Vox Sahel","twitter_card":"summary_large_image","twitter_misc":{"\u00c9crit par":"Vox Sahel","Dur\u00e9e de lecture estim\u00e9e":"3 minutes"},"schema":{"@context":"https:\/\/schema.org","@graph":[{"@type":"Article","@id":"https:\/\/voxsahel.com\/?p=1472#article","isPartOf":{"@id":"https:\/\/voxsahel.com\/?p=1472"},"author":{"name":"Vox Sahel","@id":"https:\/\/voxsahel.com\/#\/schema\/person\/b4043608248f8fa227cd760e7ff1e19e"},"headline":"29e \u00e9dition du FESPACO : Le laur\u00e9at du Prix sp\u00e9cial F\u00e9lix Houphou\u00ebt-Boigny du Conseil de l&rsquo;Entente remportera 10 millions de FCFA","datePublished":"2025-02-28T08:06:22+00:00","mainEntityOfPage":{"@id":"https:\/\/voxsahel.com\/?p=1472"},"wordCount":457,"commentCount":0,"publisher":{"@id":"https:\/\/voxsahel.com\/#organization"},"image":{"@id":"https:\/\/voxsahel.com\/?p=1472#primaryimage"},"thumbnailUrl":"https:\/\/voxsahel.com\/wp-content\/uploads\/2025\/02\/31a803c8-5179-455e-97d4-0569dd9db96b.jpeg","keywords":["Arts","Burkina Faso","Cinema","Fespaco","FESPACO 2025","Festival panafricain du Cin\u00e9ma et de la T\u00e9l\u00e9vision de Ouagadougou","Film"],"articleSection":["CULTURE"],"inLanguage":"fr-FR","potentialAction":[{"@type":"CommentAction","name":"Comment","target":["https:\/\/voxsahel.com\/?p=1472#respond"]}]},{"@type":"WebPage","@id":"https:\/\/voxsahel.com\/?p=1472","url":"https:\/\/voxsahel.com\/?p=1472","name":"29e \u00e9dition du FESPACO : Le laur\u00e9at du Prix sp\u00e9cial F\u00e9lix Houphou\u00ebt-Boigny du Conseil de l'Entente remportera 10 millions de FCFA - Vox Sahel","isPartOf":{"@id":"https:\/\/voxsahel.com\/#website"},"primaryImageOfPage":{"@id":"https:\/\/voxsahel.com\/?p=1472#primaryimage"},"image":{"@id":"https:\/\/voxsahel.com\/?p=1472#primaryimage"},"thumbnailUrl":"https:\/\/voxsahel.com\/wp-content\/uploads\/2025\/02\/31a803c8-5179-455e-97d4-0569dd9db96b.jpeg","datePublished":"2025-02-28T08:06:22+00:00","breadcrumb":{"@id":"https:\/\/voxsahel.com\/?p=1472#breadcrumb"},"inLanguage":"fr-FR","potentialAction":[{"@type":"ReadAction","target":["https:\/\/voxsahel.com\/?p=1472"]}]},{"@type":"ImageObject","inLanguage":"fr-FR","@id":"https:\/\/voxsahel.com\/?p=1472#primaryimage","url":"https:\/\/voxsahel.com\/wp-content\/uploads\/2025\/02\/31a803c8-5179-455e-97d4-0569dd9db96b.jpeg","contentUrl":"https:\/\/voxsahel.com\/wp-content\/uploads\/2025\/02\/31a803c8-5179-455e-97d4-0569dd9db96b.jpeg","width":1020,"height":768},{"@type":"BreadcrumbList","@id":"https:\/\/voxsahel.com\/?p=1472#breadcrumb","itemListElement":[{"@type":"ListItem","position":1,"name":"Home","item":"https:\/\/voxsahel.com\/"},{"@type":"ListItem","position":2,"name":"29e \u00e9dition du FESPACO : Le laur\u00e9at du Prix sp\u00e9cial F\u00e9lix Houphou\u00ebt-Boigny du Conseil de l&rsquo;Entente remportera 10 millions de FCFA"}]},{"@type":"WebSite","@id":"https:\/\/voxsahel.com\/#website","url":"https:\/\/voxsahel.com\/","name":"Vox Sahel","description":"Informez-vous sur le Sahel en un clic","publisher":{"@id":"https:\/\/voxsahel.com\/#organization"},"potentialAction":[{"@type":"SearchAction","target":{"@type":"EntryPoint","urlTemplate":"https:\/\/voxsahel.com\/?s={search_term_string}"},"query-input":{"@type":"PropertyValueSpecification","valueRequired":true,"valueName":"search_term_string"}}],"inLanguage":"fr-FR"},{"@type":"Organization","@id":"https:\/\/voxsahel.com\/#organization","name":"Vox Sahel","url":"https:\/\/voxsahel.com\/","logo":{"@type":"ImageObject","inLanguage":"fr-FR","@id":"https:\/\/voxsahel.com\/#\/schema\/logo\/image\/","url":"https:\/\/voxsahel.com\/wp-content\/uploads\/2024\/09\/Logo-Vox-Sahel.jpg","contentUrl":"https:\/\/voxsahel.com\/wp-content\/uploads\/2024\/09\/Logo-Vox-Sahel.jpg","width":1181,"height":848,"caption":"Vox Sahel"},"image":{"@id":"https:\/\/voxsahel.com\/#\/schema\/logo\/image\/"},"sameAs":["https:\/\/www.facebook.com\/journal.voxsahel"]},{"@type":"Person","@id":"https:\/\/voxsahel.com\/#\/schema\/person\/b4043608248f8fa227cd760e7ff1e19e","name":"Vox Sahel","image":{"@type":"ImageObject","inLanguage":"fr-FR","@id":"https:\/\/secure.gravatar.com\/avatar\/f70e7fa0cb9b29d4a7c5788d6eb2e9ab4d3135cbae1c9161810fdf77a8964699?s=96&d=mm&r=g","url":"https:\/\/secure.gravatar.com\/avatar\/f70e7fa0cb9b29d4a7c5788d6eb2e9ab4d3135cbae1c9161810fdf77a8964699?s=96&d=mm&r=g","contentUrl":"https:\/\/secure.gravatar.com\/avatar\/f70e7fa0cb9b29d4a7c5788d6eb2e9ab4d3135cbae1c9161810fdf77a8964699?s=96&d=mm&r=g","caption":"Vox Sahel"},"sameAs":["http:\/\/www.voxsahel.com"],"url":"https:\/\/voxsahel.com\/?author=2"}]}},"_links":{"self":[{"href":"https:\/\/voxsahel.com\/index.php?rest_route=\/wp\/v2\/posts\/1472","targetHints":{"allow":["GET"]}}],"collection":[{"href":"https:\/\/voxsahel.com\/index.php?rest_route=\/wp\/v2\/posts"}],"about":[{"href":"https:\/\/voxsahel.com\/index.php?rest_route=\/wp\/v2\/types\/post"}],"author":[{"embeddable":true,"href":"https:\/\/voxsahel.com\/index.php?rest_route=\/wp\/v2\/users\/2"}],"replies":[{"embeddable":true,"href":"https:\/\/voxsahel.com\/index.php?rest_route=%2Fwp%2Fv2%2Fcomments&post=1472"}],"version-history":[{"count":1,"href":"https:\/\/voxsahel.com\/index.php?rest_route=\/wp\/v2\/posts\/1472\/revisions"}],"predecessor-version":[{"id":1474,"href":"https:\/\/voxsahel.com\/index.php?rest_route=\/wp\/v2\/posts\/1472\/revisions\/1474"}],"wp:featuredmedia":[{"embeddable":true,"href":"https:\/\/voxsahel.com\/index.php?rest_route=\/wp\/v2\/media\/1473"}],"wp:attachment":[{"href":"https:\/\/voxsahel.com\/index.php?rest_route=%2Fwp%2Fv2%2Fmedia&parent=1472"}],"wp:term":[{"taxonomy":"category","embeddable":true,"href":"https:\/\/voxsahel.com\/index.php?rest_route=%2Fwp%2Fv2%2Fcategories&post=1472"},{"taxonomy":"post_tag","embeddable":true,"href":"https:\/\/voxsahel.com\/index.php?rest_route=%2Fwp%2Fv2%2Ftags&post=1472"}],"curies":[{"name":"wp","href":"https:\/\/api.w.org\/{rel}","templated":true}]}}