{"id":1469,"date":"2025-02-27T14:47:18","date_gmt":"2025-02-27T14:47:18","guid":{"rendered":"https:\/\/voxsahel.com\/?p=1469"},"modified":"2025-02-27T14:47:18","modified_gmt":"2025-02-27T14:47:18","slug":"athletisme-hugues-zango-annonce-son-retour-sur-le-tartan-a-madrid","status":"publish","type":"post","link":"https:\/\/voxsahel.com\/?p=1469","title":{"rendered":"ATHL\u00c9TISME : Hugues Zango annonce son retour sur le tartan \u00e0 Madrid"},"content":{"rendered":"<p class=\"p1\"><span class=\"s2\">Le triple sauteur burkinab\u00e8 Hugues Fabrice Zango fait son grand retour \u00e0 la comp\u00e9tition. L\u2019athl\u00e8te a annonc\u00e9 ce jeudi 27 f\u00e9vrier sur sa page Facebook qu\u2019il effectuera sa premi\u00e8re sortie de la saison lors du <\/span><span class=\"s1\">Madrid Indoor Meeting 2025<\/span><span class=\"s2\">, ce vendredi 28 f\u00e9vrier \u00e0 partir de 18h50 (heure locale).<\/span><\/p>\n<p class=\"p1\"><span class=\"s2\">Apr\u00e8s une p\u00e9riode d\u2019absence, le m\u00e9daill\u00e9 olympique et recordman du monde en salle entend marquer son retour sur le tartan avec des ambitions renouvel\u00e9es. \u00ab Une autre page de l\u2019histoire du triple saut cette ann\u00e9e s\u2019\u00e9crit \u00bb, a-t-il d\u00e9clar\u00e9 sur les r\u00e9seaux sociaux, laissant entrevoir une saison prometteuse.<\/span><\/p>\n<p class=\"p1\"><span class=\"s2\">Le Madrid Indoor Meeting, \u00e9tape du circuit mondial en salle, r\u00e9unira plusieurs grands noms de l\u2019athl\u00e9tisme. Tous les regards seront tourn\u00e9s vers Zango, qui esp\u00e8re entamer 2025 sur une performance de haut niveau.<\/span><\/p>\n<p class=\"p1\" style=\"text-align: right;\"><strong><span class=\"s1\">Par Vox Sahel<\/span><\/strong><\/p>\n","protected":false},"excerpt":{"rendered":"<p>Le triple sauteur burkinab\u00e8 Hugues Fabrice Zango fait son grand retour \u00e0 la comp\u00e9tition. L\u2019athl\u00e8te<\/p>\n","protected":false},"author":2,"featured_media":1470,"comment_status":"open","ping_status":"open","sticky":false,"template":"","format":"standard","meta":{"_et_pb_use_builder":"","_et_pb_old_content":"","_et_gb_content_width":"","footnotes":""},"categories":[12],"tags":[565,567,635,34],"class_list":["post-1469","post","type-post","status-publish","format-standard","has-post-thumbnail","hentry","category-sports","tag-athletisme","tag-hugues-fabrice-zango","tag-madrid-indoor-meeting","tag-sport"],"yoast_head":"<!-- This site is optimized with the Yoast SEO plugin v27.5 - https:\/\/yoast.com\/product\/yoast-seo-wordpress\/ -->\n<title>ATHL\u00c9TISME : Hugues Zango annonce son retour sur le tartan \u00e0 Madrid - Vox Sahel<\/title>\n<meta name=\"robots\" content=\"index, follow, max-snippet:-1, max-image-preview:large, max-video-preview:-1\" \/>\n<link rel=\"canonical\" href=\"https:\/\/voxsahel.com\/?p=1469\" \/>\n<meta property=\"og:locale\" content=\"fr_FR\" \/>\n<meta property=\"og:type\" content=\"article\" \/>\n<meta property=\"og:title\" content=\"ATHL\u00c9TISME : Hugues Zango annonce son retour sur le tartan \u00e0 Madrid - Vox Sahel\" \/>\n<meta property=\"og:description\" content=\"Le triple sauteur burkinab\u00e8 Hugues Fabrice Zango fait son grand retour \u00e0 la comp\u00e9tition. L\u2019athl\u00e8te\" \/>\n<meta property=\"og:url\" content=\"https:\/\/voxsahel.com\/?p=1469\" \/>\n<meta property=\"og:site_name\" content=\"Vox Sahel\" \/>\n<meta property=\"article:publisher\" content=\"https:\/\/www.facebook.com\/journal.voxsahel\" \/>\n<meta property=\"article:published_time\" content=\"2025-02-27T14:47:18+00:00\" \/>\n<meta property=\"og:image\" content=\"https:\/\/voxsahel.com\/wp-content\/uploads\/2025\/02\/IMG_9817.jpeg\" \/>\n\t<meta property=\"og:image:width\" content=\"1440\" \/>\n\t<meta property=\"og:image:height\" content=\"1800\" \/>\n\t<meta property=\"og:image:type\" content=\"image\/jpeg\" \/>\n<meta name=\"author\" content=\"Vox Sahel\" \/>\n<meta name=\"twitter:card\" content=\"summary_large_image\" \/>\n<meta name=\"twitter:label1\" content=\"\u00c9crit par\" \/>\n\t<meta name=\"twitter:data1\" content=\"Vox Sahel\" \/>\n\t<meta name=\"twitter:label2\" content=\"Dur\u00e9e de lecture estim\u00e9e\" \/>\n\t<meta name=\"twitter:data2\" content=\"1 minute\" \/>\n<script type=\"application\/ld+json\" class=\"yoast-schema-graph\">{\"@context\":\"https:\\\/\\\/schema.org\",\"@graph\":[{\"@type\":\"Article\",\"@id\":\"https:\\\/\\\/voxsahel.com\\\/?p=1469#article\",\"isPartOf\":{\"@id\":\"https:\\\/\\\/voxsahel.com\\\/?p=1469\"},\"author\":{\"name\":\"Vox Sahel\",\"@id\":\"https:\\\/\\\/voxsahel.com\\\/#\\\/schema\\\/person\\\/b4043608248f8fa227cd760e7ff1e19e\"},\"headline\":\"ATHL\u00c9TISME : Hugues Zango annonce son retour sur le tartan \u00e0 Madrid\",\"datePublished\":\"2025-02-27T14:47:18+00:00\",\"mainEntityOfPage\":{\"@id\":\"https:\\\/\\\/voxsahel.com\\\/?p=1469\"},\"wordCount\":158,\"commentCount\":0,\"publisher\":{\"@id\":\"https:\\\/\\\/voxsahel.com\\\/#organization\"},\"image\":{\"@id\":\"https:\\\/\\\/voxsahel.com\\\/?p=1469#primaryimage\"},\"thumbnailUrl\":\"https:\\\/\\\/voxsahel.com\\\/wp-content\\\/uploads\\\/2025\\\/02\\\/IMG_9817.jpeg\",\"keywords\":[\"Athl\u00e9tisme\",\"Hugues Fabrice Zango\",\"Madrid Indoor Meeting\",\"Sport\"],\"articleSection\":[\"SPORTS\"],\"inLanguage\":\"fr-FR\",\"potentialAction\":[{\"@type\":\"CommentAction\",\"name\":\"Comment\",\"target\":[\"https:\\\/\\\/voxsahel.com\\\/?p=1469#respond\"]}]},{\"@type\":\"WebPage\",\"@id\":\"https:\\\/\\\/voxsahel.com\\\/?p=1469\",\"url\":\"https:\\\/\\\/voxsahel.com\\\/?p=1469\",\"name\":\"ATHL\u00c9TISME : Hugues Zango annonce son retour sur le tartan \u00e0 Madrid - Vox Sahel\",\"isPartOf\":{\"@id\":\"https:\\\/\\\/voxsahel.com\\\/#website\"},\"primaryImageOfPage\":{\"@id\":\"https:\\\/\\\/voxsahel.com\\\/?p=1469#primaryimage\"},\"image\":{\"@id\":\"https:\\\/\\\/voxsahel.com\\\/?p=1469#primaryimage\"},\"thumbnailUrl\":\"https:\\\/\\\/voxsahel.com\\\/wp-content\\\/uploads\\\/2025\\\/02\\\/IMG_9817.jpeg\",\"datePublished\":\"2025-02-27T14:47:18+00:00\",\"breadcrumb\":{\"@id\":\"https:\\\/\\\/voxsahel.com\\\/?p=1469#breadcrumb\"},\"inLanguage\":\"fr-FR\",\"potentialAction\":[{\"@type\":\"ReadAction\",\"target\":[\"https:\\\/\\\/voxsahel.com\\\/?p=1469\"]}]},{\"@type\":\"ImageObject\",\"inLanguage\":\"fr-FR\",\"@id\":\"https:\\\/\\\/voxsahel.com\\\/?p=1469#primaryimage\",\"url\":\"https:\\\/\\\/voxsahel.com\\\/wp-content\\\/uploads\\\/2025\\\/02\\\/IMG_9817.jpeg\",\"contentUrl\":\"https:\\\/\\\/voxsahel.com\\\/wp-content\\\/uploads\\\/2025\\\/02\\\/IMG_9817.jpeg\",\"width\":1440,\"height\":1800},{\"@type\":\"BreadcrumbList\",\"@id\":\"https:\\\/\\\/voxsahel.com\\\/?p=1469#breadcrumb\",\"itemListElement\":[{\"@type\":\"ListItem\",\"position\":1,\"name\":\"Home\",\"item\":\"https:\\\/\\\/voxsahel.com\\\/\"},{\"@type\":\"ListItem\",\"position\":2,\"name\":\"ATHL\u00c9TISME : Hugues Zango annonce son retour sur le tartan \u00e0 Madrid\"}]},{\"@type\":\"WebSite\",\"@id\":\"https:\\\/\\\/voxsahel.com\\\/#website\",\"url\":\"https:\\\/\\\/voxsahel.com\\\/\",\"name\":\"Vox Sahel\",\"description\":\"Informez-vous sur le Sahel en un clic\",\"publisher\":{\"@id\":\"https:\\\/\\\/voxsahel.com\\\/#organization\"},\"potentialAction\":[{\"@type\":\"SearchAction\",\"target\":{\"@type\":\"EntryPoint\",\"urlTemplate\":\"https:\\\/\\\/voxsahel.com\\\/?s={search_term_string}\"},\"query-input\":{\"@type\":\"PropertyValueSpecification\",\"valueRequired\":true,\"valueName\":\"search_term_string\"}}],\"inLanguage\":\"fr-FR\"},{\"@type\":\"Organization\",\"@id\":\"https:\\\/\\\/voxsahel.com\\\/#organization\",\"name\":\"Vox Sahel\",\"url\":\"https:\\\/\\\/voxsahel.com\\\/\",\"logo\":{\"@type\":\"ImageObject\",\"inLanguage\":\"fr-FR\",\"@id\":\"https:\\\/\\\/voxsahel.com\\\/#\\\/schema\\\/logo\\\/image\\\/\",\"url\":\"https:\\\/\\\/voxsahel.com\\\/wp-content\\\/uploads\\\/2024\\\/09\\\/Logo-Vox-Sahel.jpg\",\"contentUrl\":\"https:\\\/\\\/voxsahel.com\\\/wp-content\\\/uploads\\\/2024\\\/09\\\/Logo-Vox-Sahel.jpg\",\"width\":1181,\"height\":848,\"caption\":\"Vox Sahel\"},\"image\":{\"@id\":\"https:\\\/\\\/voxsahel.com\\\/#\\\/schema\\\/logo\\\/image\\\/\"},\"sameAs\":[\"https:\\\/\\\/www.facebook.com\\\/journal.voxsahel\"]},{\"@type\":\"Person\",\"@id\":\"https:\\\/\\\/voxsahel.com\\\/#\\\/schema\\\/person\\\/b4043608248f8fa227cd760e7ff1e19e\",\"name\":\"Vox Sahel\",\"image\":{\"@type\":\"ImageObject\",\"inLanguage\":\"fr-FR\",\"@id\":\"https:\\\/\\\/secure.gravatar.com\\\/avatar\\\/f70e7fa0cb9b29d4a7c5788d6eb2e9ab4d3135cbae1c9161810fdf77a8964699?s=96&d=mm&r=g\",\"url\":\"https:\\\/\\\/secure.gravatar.com\\\/avatar\\\/f70e7fa0cb9b29d4a7c5788d6eb2e9ab4d3135cbae1c9161810fdf77a8964699?s=96&d=mm&r=g\",\"contentUrl\":\"https:\\\/\\\/secure.gravatar.com\\\/avatar\\\/f70e7fa0cb9b29d4a7c5788d6eb2e9ab4d3135cbae1c9161810fdf77a8964699?s=96&d=mm&r=g\",\"caption\":\"Vox Sahel\"},\"sameAs\":[\"http:\\\/\\\/www.voxsahel.com\"],\"url\":\"https:\\\/\\\/voxsahel.com\\\/?author=2\"}]}<\/script>\n<!-- \/ Yoast SEO plugin. -->","yoast_head_json":{"title":"ATHL\u00c9TISME : Hugues Zango annonce son retour sur le tartan \u00e0 Madrid - Vox Sahel","robots":{"index":"index","follow":"follow","max-snippet":"max-snippet:-1","max-image-preview":"max-image-preview:large","max-video-preview":"max-video-preview:-1"},"canonical":"https:\/\/voxsahel.com\/?p=1469","og_locale":"fr_FR","og_type":"article","og_title":"ATHL\u00c9TISME : Hugues Zango annonce son retour sur le tartan \u00e0 Madrid - Vox Sahel","og_description":"Le triple sauteur burkinab\u00e8 Hugues Fabrice Zango fait son grand retour \u00e0 la comp\u00e9tition. L\u2019athl\u00e8te","og_url":"https:\/\/voxsahel.com\/?p=1469","og_site_name":"Vox Sahel","article_publisher":"https:\/\/www.facebook.com\/journal.voxsahel","article_published_time":"2025-02-27T14:47:18+00:00","og_image":[{"width":1440,"height":1800,"url":"https:\/\/voxsahel.com\/wp-content\/uploads\/2025\/02\/IMG_9817.jpeg","type":"image\/jpeg"}],"author":"Vox Sahel","twitter_card":"summary_large_image","twitter_misc":{"\u00c9crit par":"Vox Sahel","Dur\u00e9e de lecture estim\u00e9e":"1 minute"},"schema":{"@context":"https:\/\/schema.org","@graph":[{"@type":"Article","@id":"https:\/\/voxsahel.com\/?p=1469#article","isPartOf":{"@id":"https:\/\/voxsahel.com\/?p=1469"},"author":{"name":"Vox Sahel","@id":"https:\/\/voxsahel.com\/#\/schema\/person\/b4043608248f8fa227cd760e7ff1e19e"},"headline":"ATHL\u00c9TISME : Hugues Zango annonce son retour sur le tartan \u00e0 Madrid","datePublished":"2025-02-27T14:47:18+00:00","mainEntityOfPage":{"@id":"https:\/\/voxsahel.com\/?p=1469"},"wordCount":158,"commentCount":0,"publisher":{"@id":"https:\/\/voxsahel.com\/#organization"},"image":{"@id":"https:\/\/voxsahel.com\/?p=1469#primaryimage"},"thumbnailUrl":"https:\/\/voxsahel.com\/wp-content\/uploads\/2025\/02\/IMG_9817.jpeg","keywords":["Athl\u00e9tisme","Hugues Fabrice Zango","Madrid Indoor Meeting","Sport"],"articleSection":["SPORTS"],"inLanguage":"fr-FR","potentialAction":[{"@type":"CommentAction","name":"Comment","target":["https:\/\/voxsahel.com\/?p=1469#respond"]}]},{"@type":"WebPage","@id":"https:\/\/voxsahel.com\/?p=1469","url":"https:\/\/voxsahel.com\/?p=1469","name":"ATHL\u00c9TISME : Hugues Zango annonce son retour sur le tartan \u00e0 Madrid - Vox Sahel","isPartOf":{"@id":"https:\/\/voxsahel.com\/#website"},"primaryImageOfPage":{"@id":"https:\/\/voxsahel.com\/?p=1469#primaryimage"},"image":{"@id":"https:\/\/voxsahel.com\/?p=1469#primaryimage"},"thumbnailUrl":"https:\/\/voxsahel.com\/wp-content\/uploads\/2025\/02\/IMG_9817.jpeg","datePublished":"2025-02-27T14:47:18+00:00","breadcrumb":{"@id":"https:\/\/voxsahel.com\/?p=1469#breadcrumb"},"inLanguage":"fr-FR","potentialAction":[{"@type":"ReadAction","target":["https:\/\/voxsahel.com\/?p=1469"]}]},{"@type":"ImageObject","inLanguage":"fr-FR","@id":"https:\/\/voxsahel.com\/?p=1469#primaryimage","url":"https:\/\/voxsahel.com\/wp-content\/uploads\/2025\/02\/IMG_9817.jpeg","contentUrl":"https:\/\/voxsahel.com\/wp-content\/uploads\/2025\/02\/IMG_9817.jpeg","width":1440,"height":1800},{"@type":"BreadcrumbList","@id":"https:\/\/voxsahel.com\/?p=1469#breadcrumb","itemListElement":[{"@type":"ListItem","position":1,"name":"Home","item":"https:\/\/voxsahel.com\/"},{"@type":"ListItem","position":2,"name":"ATHL\u00c9TISME : Hugues Zango annonce son retour sur le tartan \u00e0 Madrid"}]},{"@type":"WebSite","@id":"https:\/\/voxsahel.com\/#website","url":"https:\/\/voxsahel.com\/","name":"Vox Sahel","description":"Informez-vous sur le Sahel en un clic","publisher":{"@id":"https:\/\/voxsahel.com\/#organization"},"potentialAction":[{"@type":"SearchAction","target":{"@type":"EntryPoint","urlTemplate":"https:\/\/voxsahel.com\/?s={search_term_string}"},"query-input":{"@type":"PropertyValueSpecification","valueRequired":true,"valueName":"search_term_string"}}],"inLanguage":"fr-FR"},{"@type":"Organization","@id":"https:\/\/voxsahel.com\/#organization","name":"Vox Sahel","url":"https:\/\/voxsahel.com\/","logo":{"@type":"ImageObject","inLanguage":"fr-FR","@id":"https:\/\/voxsahel.com\/#\/schema\/logo\/image\/","url":"https:\/\/voxsahel.com\/wp-content\/uploads\/2024\/09\/Logo-Vox-Sahel.jpg","contentUrl":"https:\/\/voxsahel.com\/wp-content\/uploads\/2024\/09\/Logo-Vox-Sahel.jpg","width":1181,"height":848,"caption":"Vox Sahel"},"image":{"@id":"https:\/\/voxsahel.com\/#\/schema\/logo\/image\/"},"sameAs":["https:\/\/www.facebook.com\/journal.voxsahel"]},{"@type":"Person","@id":"https:\/\/voxsahel.com\/#\/schema\/person\/b4043608248f8fa227cd760e7ff1e19e","name":"Vox Sahel","image":{"@type":"ImageObject","inLanguage":"fr-FR","@id":"https:\/\/secure.gravatar.com\/avatar\/f70e7fa0cb9b29d4a7c5788d6eb2e9ab4d3135cbae1c9161810fdf77a8964699?s=96&d=mm&r=g","url":"https:\/\/secure.gravatar.com\/avatar\/f70e7fa0cb9b29d4a7c5788d6eb2e9ab4d3135cbae1c9161810fdf77a8964699?s=96&d=mm&r=g","contentUrl":"https:\/\/secure.gravatar.com\/avatar\/f70e7fa0cb9b29d4a7c5788d6eb2e9ab4d3135cbae1c9161810fdf77a8964699?s=96&d=mm&r=g","caption":"Vox Sahel"},"sameAs":["http:\/\/www.voxsahel.com"],"url":"https:\/\/voxsahel.com\/?author=2"}]}},"_links":{"self":[{"href":"https:\/\/voxsahel.com\/index.php?rest_route=\/wp\/v2\/posts\/1469","targetHints":{"allow":["GET"]}}],"collection":[{"href":"https:\/\/voxsahel.com\/index.php?rest_route=\/wp\/v2\/posts"}],"about":[{"href":"https:\/\/voxsahel.com\/index.php?rest_route=\/wp\/v2\/types\/post"}],"author":[{"embeddable":true,"href":"https:\/\/voxsahel.com\/index.php?rest_route=\/wp\/v2\/users\/2"}],"replies":[{"embeddable":true,"href":"https:\/\/voxsahel.com\/index.php?rest_route=%2Fwp%2Fv2%2Fcomments&post=1469"}],"version-history":[{"count":1,"href":"https:\/\/voxsahel.com\/index.php?rest_route=\/wp\/v2\/posts\/1469\/revisions"}],"predecessor-version":[{"id":1471,"href":"https:\/\/voxsahel.com\/index.php?rest_route=\/wp\/v2\/posts\/1469\/revisions\/1471"}],"wp:featuredmedia":[{"embeddable":true,"href":"https:\/\/voxsahel.com\/index.php?rest_route=\/wp\/v2\/media\/1470"}],"wp:attachment":[{"href":"https:\/\/voxsahel.com\/index.php?rest_route=%2Fwp%2Fv2%2Fmedia&parent=1469"}],"wp:term":[{"taxonomy":"category","embeddable":true,"href":"https:\/\/voxsahel.com\/index.php?rest_route=%2Fwp%2Fv2%2Fcategories&post=1469"},{"taxonomy":"post_tag","embeddable":true,"href":"https:\/\/voxsahel.com\/index.php?rest_route=%2Fwp%2Fv2%2Ftags&post=1469"}],"curies":[{"name":"wp","href":"https:\/\/api.w.org\/{rel}","templated":true}]}}