{"id":1460,"date":"2025-02-26T11:02:47","date_gmt":"2025-02-26T11:02:47","guid":{"rendered":"https:\/\/voxsahel.com\/?p=1460"},"modified":"2025-02-26T11:02:47","modified_gmt":"2025-02-26T11:02:47","slug":"paulo-duarte-au-burkina-faso-il-faut-que-je-remporte-une-can","status":"publish","type":"post","link":"https:\/\/voxsahel.com\/?p=1460","title":{"rendered":"Paulo Duarte au Burkina Faso : \u00ab il faut que je remporte une CAN\u2026 \u00bb"},"content":{"rendered":"<p class=\"p1\">L\u2019ancien s\u00e9lectionneur des \u00c9talons, Paulo Duarte, a r\u00e9cemment s\u00e9journ\u00e9 au Burkina Faso dans le cadre de l\u2019inauguration d\u2019une acad\u00e9mie de football. Une occasion pour le technicien portugais de retrouver un pays qui occupe une place particuli\u00e8re dans son c\u0153ur et de se projeter sur l\u2019avenir du football burkinab\u00e8.<\/p>\n<p class=\"p2\"><span class=\"s3\">De passage au Burkina Faso, Paulo Duarte s\u2019est rendu \u00e0 l\u2019inauguration de l\u2019acad\u00e9mie <\/span><span class=\"s5\">Clube Benfica Campus Focus Sport<\/span><span class=\"s3\">, initi\u00e9e par ses amis Narcisse Yam\u00e9ogo et Izouma Sidib\u00e9. Impressionn\u00e9 par la qualit\u00e9 des infrastructures et du travail r\u00e9alis\u00e9, il n\u2019a pas cach\u00e9 sa fiert\u00e9 :<\/span><\/p>\n<p class=\"p2\"><span class=\"s5\">\u00ab Il me fallait \u00eatre pr\u00e9sent pour cet \u00e9v\u00e9nement important pour le football burkinab\u00e8. J\u2019ai \u00e9t\u00e9 impressionn\u00e9 et surpris par l\u2019infrastructure et la qualit\u00e9 du travail accompli. \u00bb<\/span><\/p>\n<p class=\"p2\"><span class=\"s3\">Pour lui, ce s\u00e9jour \u00e9tait aussi l\u2019occasion de revenir sur une terre qu\u2019il consid\u00e8re comme sa <\/span><span class=\"s5\">\u00ab deuxi\u00e8me patrie \u00bb<\/span><span class=\"s3\"> et de constater les progr\u00e8s r\u00e9alis\u00e9s en mati\u00e8re de football et de d\u00e9veloppement de la jeunesse.<\/span><\/p>\n<p class=\"p2\"><span class=\"s3\">Apr\u00e8s ses exp\u00e9riences au Togo et en Arabie Saoudite, Paulo Duarte se retrouve actuellement sans club. Il a r\u00e9sili\u00e9 son dernier contrat en Arabie Saoudite d\u2019un commun accord, bien que cela ne soit pas li\u00e9 aux r\u00e9sultats sportifs. Malgr\u00e9 ces s\u00e9parations pr\u00e9matur\u00e9es, il garde un excellent souvenir de son passage en Arabie Saoudite, o\u00f9 il a affront\u00e9 certains des meilleurs joueurs du monde comme Cristiano Ronaldo et Karim Benzema.<\/span><\/p>\n<p class=\"p2\"><span class=\"s5\">\u00ab Depuis presque quatre mois, je suis chez moi \u00e0 profiter de ma famille. Je suis un entra\u00eeneur libre et je reste ouvert \u00e0 de nouvelles opportunit\u00e9s, que ce soit en Afrique, en Europe ou en Asie. \u00bb<\/span><\/p>\n<p class=\"p2\"><span class=\"s4\">Un retour au Burkina Faso ? \u00ab Pourquoi pas ! \u00bb<\/span><\/p>\n<p class=\"p2\"><span class=\"s3\">Interrog\u00e9 sur un \u00e9ventuel retour \u00e0 la t\u00eate des \u00c9talons, Paulo Duarte n\u2019exclut pas cette possibilit\u00e9. Fort d\u2019une relation privil\u00e9gi\u00e9e avec le Burkina Faso, il estime que son travail a contribu\u00e9 \u00e0 poser les bases du succ\u00e8s actuel de l\u2019\u00e9quipe nationale.<\/span><\/p>\n<p class=\"p2\"><span class=\"s5\">\u00ab L\u2019aventure entre le Burkina et moi date d\u2019il y a 18 ans. Nous avions entam\u00e9 un projet qui est en train de porter ses fruits. Les performances du Burkina en phase finale de la CAN nous sont aussi imputables. \u00bb<\/span><\/p>\n<p class=\"p2\"><span class=\"s3\">Il \u00e9voque \u00e9galement son attachement au pays, rappelant qu\u2019il a d\u00e9j\u00e0 \u00e9t\u00e9 d\u00e9cor\u00e9 deux fois et qu\u2019il lui manque une distinction suppl\u00e9mentaire pour devenir Commandeur de l\u2019Ordre national. Pour cela, il se fixe un objectif ambitieux :<\/span><\/p>\n<p class=\"p2\"><span class=\"s5\">\u00ab Il faut que je revienne faire quelque chose de sp\u00e9cial, comme une qualification \u00e0 la Coupe du monde ou remporter une CAN. Cela me manque et j\u2019y tiens. \u00bb<\/span><\/p>\n<p class=\"p2\"><span class=\"s3\">Paulo Duarte suit toujours de pr\u00e8s l\u2019\u00e9volution du football burkinab\u00e8. Il consid\u00e8re que les \u00c9talons sont d\u00e9sormais une \u00e9quipe redout\u00e9e sur le continent africain et qu\u2019ils ont le potentiel pour viser le titre lors de la prochaine Coupe d\u2019Afrique des Nations.<\/span><\/p>\n<p class=\"p2\"><span class=\"s5\">\u00ab Le Burkina est toujours candidat au sacre continental. Aujourd\u2019hui, tout le monde le consid\u00e8re comme un adversaire coriace. \u00bb<\/span><\/p>\n<p class=\"p2\"><span class=\"s3\">Avec une \u00e9quipe exp\u00e9riment\u00e9e et une s\u00e9rie de qualifications successives aux phases finales de la CAN, le technicien portugais estime que les \u00c9talons sont \u00e0 la hauteur des meilleures s\u00e9lections africaines, comme le S\u00e9n\u00e9gal et la C\u00f4te d\u2019Ivoire.<\/span><\/p>\n<p class=\"p2\"><span class=\"s3\">En repensant \u00e0 son passage \u00e0 la t\u00eate des \u00c9talons, Paulo Duarte retient plusieurs souvenirs marquants. Sa plus grande fiert\u00e9 reste d\u2019avoir contribu\u00e9 \u00e0 faire du Burkina Faso une nation respect\u00e9e sur la sc\u00e8ne du football africain.<\/span><\/p>\n<p class=\"p2\"><span class=\"s5\">\u00ab Au-del\u00e0 des performances aux phases finales de la CAN, ma satisfaction est que le Burkina soit maintenant connu en Europe et un peu partout dans le monde. \u00bb<\/span><\/p>\n<p class=\"p2\"><span class=\"s3\">Il rend hommage aux joueurs embl\u00e9matiques qu\u2019il a dirig\u00e9s, tels que Mahamoudou K\u00e9r\u00e9, Moumouni Dagano, Charles Kabor\u00e9 et Jonathan Pitroipa. Mais s\u2019il devait exprimer un regret, ce serait de ne pas avoir qualifi\u00e9 le Burkina Faso pour une Coupe du monde.<\/span><\/p>\n<p class=\"p2\"><span class=\"s3\">Enfin, il adresse un message au public burkinab\u00e8, dont il garde un souvenir imp\u00e9rissable :<\/span><\/p>\n<p class=\"p2\"><span class=\"s5\">\u00ab Je voulais saluer ce fantastique public, habitu\u00e9 \u00e0 gagner. Je prie tous les jours pour que le Burkina retrouve le stade du 4-Ao\u00fbt pour recevoir ses adversaires. Ce serait le plus grand cadeau qu\u2019on puisse lui offrir. \u00bb<\/span><\/p>\n<p class=\"p2\"><span class=\"s3\">Avec ce nouvel hommage au Burkina Faso, Paulo Duarte laisse entendre que son aventure avec les \u00c9talons pourrait bien ne pas \u00eatre termin\u00e9e. Une CAN ou une Coupe du monde \u00e0 l\u2019horizon ? L\u2019avenir nous le dira.<\/span><\/p>\n<p>Par Vox Sahel<\/p>\n<p>Source : Sidwaya<\/p>\n","protected":false},"excerpt":{"rendered":"<p>L\u2019ancien s\u00e9lectionneur des \u00c9talons, Paulo Duarte, a r\u00e9cemment s\u00e9journ\u00e9 au Burkina Faso dans le cadre<\/p>\n","protected":false},"author":2,"featured_media":1461,"comment_status":"open","ping_status":"open","sticky":false,"template":"","format":"standard","meta":{"_et_pb_use_builder":"","_et_pb_old_content":"","_et_gb_content_width":"","footnotes":""},"categories":[12],"tags":[18,38,37,274,40,35,632,34],"class_list":["post-1460","post","type-post","status-publish","format-standard","has-post-thumbnail","hentry","category-sports","tag-burkina-faso","tag-can","tag-can-maroc-2025","tag-etalons","tag-federation-burkinabe-de-football","tag-football","tag-paulo-duarte","tag-sport"],"yoast_head":"<!-- This site is optimized with the Yoast SEO plugin v27.5 - https:\/\/yoast.com\/product\/yoast-seo-wordpress\/ -->\n<title>Paulo Duarte au Burkina Faso : \u00ab il faut que je remporte une CAN\u2026 \u00bb - Vox Sahel<\/title>\n<meta name=\"robots\" content=\"index, follow, max-snippet:-1, max-image-preview:large, max-video-preview:-1\" \/>\n<link rel=\"canonical\" href=\"https:\/\/voxsahel.com\/?p=1460\" \/>\n<meta property=\"og:locale\" content=\"fr_FR\" \/>\n<meta property=\"og:type\" content=\"article\" \/>\n<meta property=\"og:title\" content=\"Paulo Duarte au Burkina Faso : \u00ab il faut que je remporte une CAN\u2026 \u00bb - Vox Sahel\" \/>\n<meta property=\"og:description\" content=\"L\u2019ancien s\u00e9lectionneur des \u00c9talons, Paulo Duarte, a r\u00e9cemment s\u00e9journ\u00e9 au Burkina Faso dans le cadre\" \/>\n<meta property=\"og:url\" content=\"https:\/\/voxsahel.com\/?p=1460\" \/>\n<meta property=\"og:site_name\" content=\"Vox Sahel\" \/>\n<meta property=\"article:publisher\" content=\"https:\/\/www.facebook.com\/journal.voxsahel\" \/>\n<meta property=\"article:published_time\" content=\"2025-02-26T11:02:47+00:00\" \/>\n<meta property=\"og:image\" content=\"https:\/\/voxsahel.com\/wp-content\/uploads\/2025\/02\/IMG_9355.jpeg\" \/>\n\t<meta property=\"og:image:width\" content=\"612\" \/>\n\t<meta property=\"og:image:height\" content=\"430\" \/>\n\t<meta property=\"og:image:type\" content=\"image\/jpeg\" \/>\n<meta name=\"author\" content=\"Vox Sahel\" \/>\n<meta name=\"twitter:card\" content=\"summary_large_image\" \/>\n<meta name=\"twitter:label1\" content=\"\u00c9crit par\" \/>\n\t<meta name=\"twitter:data1\" content=\"Vox Sahel\" \/>\n\t<meta name=\"twitter:label2\" content=\"Dur\u00e9e de lecture estim\u00e9e\" \/>\n\t<meta name=\"twitter:data2\" content=\"4 minutes\" \/>\n<script type=\"application\/ld+json\" class=\"yoast-schema-graph\">{\"@context\":\"https:\\\/\\\/schema.org\",\"@graph\":[{\"@type\":\"Article\",\"@id\":\"https:\\\/\\\/voxsahel.com\\\/?p=1460#article\",\"isPartOf\":{\"@id\":\"https:\\\/\\\/voxsahel.com\\\/?p=1460\"},\"author\":{\"name\":\"Vox Sahel\",\"@id\":\"https:\\\/\\\/voxsahel.com\\\/#\\\/schema\\\/person\\\/b4043608248f8fa227cd760e7ff1e19e\"},\"headline\":\"Paulo Duarte au Burkina Faso : \u00ab il faut que je remporte une CAN\u2026 \u00bb\",\"datePublished\":\"2025-02-26T11:02:47+00:00\",\"mainEntityOfPage\":{\"@id\":\"https:\\\/\\\/voxsahel.com\\\/?p=1460\"},\"wordCount\":791,\"commentCount\":0,\"publisher\":{\"@id\":\"https:\\\/\\\/voxsahel.com\\\/#organization\"},\"image\":{\"@id\":\"https:\\\/\\\/voxsahel.com\\\/?p=1460#primaryimage\"},\"thumbnailUrl\":\"https:\\\/\\\/voxsahel.com\\\/wp-content\\\/uploads\\\/2025\\\/02\\\/IMG_9355.jpeg\",\"keywords\":[\"Burkina Faso\",\"CAN\",\"CAN Maroc 2025\",\"Etalons\",\"F\u00e9d\u00e9ration Burkinab\u00e8 de Football\",\"Football\",\"Paulo Duarte\",\"Sport\"],\"articleSection\":[\"SPORTS\"],\"inLanguage\":\"fr-FR\",\"potentialAction\":[{\"@type\":\"CommentAction\",\"name\":\"Comment\",\"target\":[\"https:\\\/\\\/voxsahel.com\\\/?p=1460#respond\"]}]},{\"@type\":\"WebPage\",\"@id\":\"https:\\\/\\\/voxsahel.com\\\/?p=1460\",\"url\":\"https:\\\/\\\/voxsahel.com\\\/?p=1460\",\"name\":\"Paulo Duarte au Burkina Faso : \u00ab il faut que je remporte une CAN\u2026 \u00bb - Vox Sahel\",\"isPartOf\":{\"@id\":\"https:\\\/\\\/voxsahel.com\\\/#website\"},\"primaryImageOfPage\":{\"@id\":\"https:\\\/\\\/voxsahel.com\\\/?p=1460#primaryimage\"},\"image\":{\"@id\":\"https:\\\/\\\/voxsahel.com\\\/?p=1460#primaryimage\"},\"thumbnailUrl\":\"https:\\\/\\\/voxsahel.com\\\/wp-content\\\/uploads\\\/2025\\\/02\\\/IMG_9355.jpeg\",\"datePublished\":\"2025-02-26T11:02:47+00:00\",\"breadcrumb\":{\"@id\":\"https:\\\/\\\/voxsahel.com\\\/?p=1460#breadcrumb\"},\"inLanguage\":\"fr-FR\",\"potentialAction\":[{\"@type\":\"ReadAction\",\"target\":[\"https:\\\/\\\/voxsahel.com\\\/?p=1460\"]}]},{\"@type\":\"ImageObject\",\"inLanguage\":\"fr-FR\",\"@id\":\"https:\\\/\\\/voxsahel.com\\\/?p=1460#primaryimage\",\"url\":\"https:\\\/\\\/voxsahel.com\\\/wp-content\\\/uploads\\\/2025\\\/02\\\/IMG_9355.jpeg\",\"contentUrl\":\"https:\\\/\\\/voxsahel.com\\\/wp-content\\\/uploads\\\/2025\\\/02\\\/IMG_9355.jpeg\",\"width\":612,\"height\":430,\"caption\":\"Burkina Faso's National football team coach Paulo Duarte (R) confers with player Adama Guira (L) at the stade du 4 aout in Ouagadougou on September 4, 2016 during their 2017 African Cup of Nations qualification football match between Burkina Faso and Botswana. \\\/ AFP \\\/ AHMED OUOBA (Photo credit should read AHMED OUOBA\\\/AFP via Getty Images)\"},{\"@type\":\"BreadcrumbList\",\"@id\":\"https:\\\/\\\/voxsahel.com\\\/?p=1460#breadcrumb\",\"itemListElement\":[{\"@type\":\"ListItem\",\"position\":1,\"name\":\"Home\",\"item\":\"https:\\\/\\\/voxsahel.com\\\/\"},{\"@type\":\"ListItem\",\"position\":2,\"name\":\"Paulo Duarte au Burkina Faso : \u00ab il faut que je remporte une CAN\u2026 \u00bb\"}]},{\"@type\":\"WebSite\",\"@id\":\"https:\\\/\\\/voxsahel.com\\\/#website\",\"url\":\"https:\\\/\\\/voxsahel.com\\\/\",\"name\":\"Vox Sahel\",\"description\":\"Informez-vous sur le Sahel en un clic\",\"publisher\":{\"@id\":\"https:\\\/\\\/voxsahel.com\\\/#organization\"},\"potentialAction\":[{\"@type\":\"SearchAction\",\"target\":{\"@type\":\"EntryPoint\",\"urlTemplate\":\"https:\\\/\\\/voxsahel.com\\\/?s={search_term_string}\"},\"query-input\":{\"@type\":\"PropertyValueSpecification\",\"valueRequired\":true,\"valueName\":\"search_term_string\"}}],\"inLanguage\":\"fr-FR\"},{\"@type\":\"Organization\",\"@id\":\"https:\\\/\\\/voxsahel.com\\\/#organization\",\"name\":\"Vox Sahel\",\"url\":\"https:\\\/\\\/voxsahel.com\\\/\",\"logo\":{\"@type\":\"ImageObject\",\"inLanguage\":\"fr-FR\",\"@id\":\"https:\\\/\\\/voxsahel.com\\\/#\\\/schema\\\/logo\\\/image\\\/\",\"url\":\"https:\\\/\\\/voxsahel.com\\\/wp-content\\\/uploads\\\/2024\\\/09\\\/Logo-Vox-Sahel.jpg\",\"contentUrl\":\"https:\\\/\\\/voxsahel.com\\\/wp-content\\\/uploads\\\/2024\\\/09\\\/Logo-Vox-Sahel.jpg\",\"width\":1181,\"height\":848,\"caption\":\"Vox Sahel\"},\"image\":{\"@id\":\"https:\\\/\\\/voxsahel.com\\\/#\\\/schema\\\/logo\\\/image\\\/\"},\"sameAs\":[\"https:\\\/\\\/www.facebook.com\\\/journal.voxsahel\"]},{\"@type\":\"Person\",\"@id\":\"https:\\\/\\\/voxsahel.com\\\/#\\\/schema\\\/person\\\/b4043608248f8fa227cd760e7ff1e19e\",\"name\":\"Vox Sahel\",\"image\":{\"@type\":\"ImageObject\",\"inLanguage\":\"fr-FR\",\"@id\":\"https:\\\/\\\/secure.gravatar.com\\\/avatar\\\/f70e7fa0cb9b29d4a7c5788d6eb2e9ab4d3135cbae1c9161810fdf77a8964699?s=96&d=mm&r=g\",\"url\":\"https:\\\/\\\/secure.gravatar.com\\\/avatar\\\/f70e7fa0cb9b29d4a7c5788d6eb2e9ab4d3135cbae1c9161810fdf77a8964699?s=96&d=mm&r=g\",\"contentUrl\":\"https:\\\/\\\/secure.gravatar.com\\\/avatar\\\/f70e7fa0cb9b29d4a7c5788d6eb2e9ab4d3135cbae1c9161810fdf77a8964699?s=96&d=mm&r=g\",\"caption\":\"Vox Sahel\"},\"sameAs\":[\"http:\\\/\\\/www.voxsahel.com\"],\"url\":\"https:\\\/\\\/voxsahel.com\\\/?author=2\"}]}<\/script>\n<!-- \/ Yoast SEO plugin. -->","yoast_head_json":{"title":"Paulo Duarte au Burkina Faso : \u00ab il faut que je remporte une CAN\u2026 \u00bb - Vox Sahel","robots":{"index":"index","follow":"follow","max-snippet":"max-snippet:-1","max-image-preview":"max-image-preview:large","max-video-preview":"max-video-preview:-1"},"canonical":"https:\/\/voxsahel.com\/?p=1460","og_locale":"fr_FR","og_type":"article","og_title":"Paulo Duarte au Burkina Faso : \u00ab il faut que je remporte une CAN\u2026 \u00bb - Vox Sahel","og_description":"L\u2019ancien s\u00e9lectionneur des \u00c9talons, Paulo Duarte, a r\u00e9cemment s\u00e9journ\u00e9 au Burkina Faso dans le cadre","og_url":"https:\/\/voxsahel.com\/?p=1460","og_site_name":"Vox Sahel","article_publisher":"https:\/\/www.facebook.com\/journal.voxsahel","article_published_time":"2025-02-26T11:02:47+00:00","og_image":[{"width":612,"height":430,"url":"https:\/\/voxsahel.com\/wp-content\/uploads\/2025\/02\/IMG_9355.jpeg","type":"image\/jpeg"}],"author":"Vox Sahel","twitter_card":"summary_large_image","twitter_misc":{"\u00c9crit par":"Vox Sahel","Dur\u00e9e de lecture estim\u00e9e":"4 minutes"},"schema":{"@context":"https:\/\/schema.org","@graph":[{"@type":"Article","@id":"https:\/\/voxsahel.com\/?p=1460#article","isPartOf":{"@id":"https:\/\/voxsahel.com\/?p=1460"},"author":{"name":"Vox Sahel","@id":"https:\/\/voxsahel.com\/#\/schema\/person\/b4043608248f8fa227cd760e7ff1e19e"},"headline":"Paulo Duarte au Burkina Faso : \u00ab il faut que je remporte une CAN\u2026 \u00bb","datePublished":"2025-02-26T11:02:47+00:00","mainEntityOfPage":{"@id":"https:\/\/voxsahel.com\/?p=1460"},"wordCount":791,"commentCount":0,"publisher":{"@id":"https:\/\/voxsahel.com\/#organization"},"image":{"@id":"https:\/\/voxsahel.com\/?p=1460#primaryimage"},"thumbnailUrl":"https:\/\/voxsahel.com\/wp-content\/uploads\/2025\/02\/IMG_9355.jpeg","keywords":["Burkina Faso","CAN","CAN Maroc 2025","Etalons","F\u00e9d\u00e9ration Burkinab\u00e8 de Football","Football","Paulo Duarte","Sport"],"articleSection":["SPORTS"],"inLanguage":"fr-FR","potentialAction":[{"@type":"CommentAction","name":"Comment","target":["https:\/\/voxsahel.com\/?p=1460#respond"]}]},{"@type":"WebPage","@id":"https:\/\/voxsahel.com\/?p=1460","url":"https:\/\/voxsahel.com\/?p=1460","name":"Paulo Duarte au Burkina Faso : \u00ab il faut que je remporte une CAN\u2026 \u00bb - Vox Sahel","isPartOf":{"@id":"https:\/\/voxsahel.com\/#website"},"primaryImageOfPage":{"@id":"https:\/\/voxsahel.com\/?p=1460#primaryimage"},"image":{"@id":"https:\/\/voxsahel.com\/?p=1460#primaryimage"},"thumbnailUrl":"https:\/\/voxsahel.com\/wp-content\/uploads\/2025\/02\/IMG_9355.jpeg","datePublished":"2025-02-26T11:02:47+00:00","breadcrumb":{"@id":"https:\/\/voxsahel.com\/?p=1460#breadcrumb"},"inLanguage":"fr-FR","potentialAction":[{"@type":"ReadAction","target":["https:\/\/voxsahel.com\/?p=1460"]}]},{"@type":"ImageObject","inLanguage":"fr-FR","@id":"https:\/\/voxsahel.com\/?p=1460#primaryimage","url":"https:\/\/voxsahel.com\/wp-content\/uploads\/2025\/02\/IMG_9355.jpeg","contentUrl":"https:\/\/voxsahel.com\/wp-content\/uploads\/2025\/02\/IMG_9355.jpeg","width":612,"height":430,"caption":"Burkina Faso's National football team coach Paulo Duarte (R) confers with player Adama Guira (L) at the stade du 4 aout in Ouagadougou on September 4, 2016 during their 2017 African Cup of Nations qualification football match between Burkina Faso and Botswana. \/ AFP \/ AHMED OUOBA (Photo credit should read AHMED OUOBA\/AFP via Getty Images)"},{"@type":"BreadcrumbList","@id":"https:\/\/voxsahel.com\/?p=1460#breadcrumb","itemListElement":[{"@type":"ListItem","position":1,"name":"Home","item":"https:\/\/voxsahel.com\/"},{"@type":"ListItem","position":2,"name":"Paulo Duarte au Burkina Faso : \u00ab il faut que je remporte une CAN\u2026 \u00bb"}]},{"@type":"WebSite","@id":"https:\/\/voxsahel.com\/#website","url":"https:\/\/voxsahel.com\/","name":"Vox Sahel","description":"Informez-vous sur le Sahel en un clic","publisher":{"@id":"https:\/\/voxsahel.com\/#organization"},"potentialAction":[{"@type":"SearchAction","target":{"@type":"EntryPoint","urlTemplate":"https:\/\/voxsahel.com\/?s={search_term_string}"},"query-input":{"@type":"PropertyValueSpecification","valueRequired":true,"valueName":"search_term_string"}}],"inLanguage":"fr-FR"},{"@type":"Organization","@id":"https:\/\/voxsahel.com\/#organization","name":"Vox Sahel","url":"https:\/\/voxsahel.com\/","logo":{"@type":"ImageObject","inLanguage":"fr-FR","@id":"https:\/\/voxsahel.com\/#\/schema\/logo\/image\/","url":"https:\/\/voxsahel.com\/wp-content\/uploads\/2024\/09\/Logo-Vox-Sahel.jpg","contentUrl":"https:\/\/voxsahel.com\/wp-content\/uploads\/2024\/09\/Logo-Vox-Sahel.jpg","width":1181,"height":848,"caption":"Vox Sahel"},"image":{"@id":"https:\/\/voxsahel.com\/#\/schema\/logo\/image\/"},"sameAs":["https:\/\/www.facebook.com\/journal.voxsahel"]},{"@type":"Person","@id":"https:\/\/voxsahel.com\/#\/schema\/person\/b4043608248f8fa227cd760e7ff1e19e","name":"Vox Sahel","image":{"@type":"ImageObject","inLanguage":"fr-FR","@id":"https:\/\/secure.gravatar.com\/avatar\/f70e7fa0cb9b29d4a7c5788d6eb2e9ab4d3135cbae1c9161810fdf77a8964699?s=96&d=mm&r=g","url":"https:\/\/secure.gravatar.com\/avatar\/f70e7fa0cb9b29d4a7c5788d6eb2e9ab4d3135cbae1c9161810fdf77a8964699?s=96&d=mm&r=g","contentUrl":"https:\/\/secure.gravatar.com\/avatar\/f70e7fa0cb9b29d4a7c5788d6eb2e9ab4d3135cbae1c9161810fdf77a8964699?s=96&d=mm&r=g","caption":"Vox Sahel"},"sameAs":["http:\/\/www.voxsahel.com"],"url":"https:\/\/voxsahel.com\/?author=2"}]}},"_links":{"self":[{"href":"https:\/\/voxsahel.com\/index.php?rest_route=\/wp\/v2\/posts\/1460","targetHints":{"allow":["GET"]}}],"collection":[{"href":"https:\/\/voxsahel.com\/index.php?rest_route=\/wp\/v2\/posts"}],"about":[{"href":"https:\/\/voxsahel.com\/index.php?rest_route=\/wp\/v2\/types\/post"}],"author":[{"embeddable":true,"href":"https:\/\/voxsahel.com\/index.php?rest_route=\/wp\/v2\/users\/2"}],"replies":[{"embeddable":true,"href":"https:\/\/voxsahel.com\/index.php?rest_route=%2Fwp%2Fv2%2Fcomments&post=1460"}],"version-history":[{"count":1,"href":"https:\/\/voxsahel.com\/index.php?rest_route=\/wp\/v2\/posts\/1460\/revisions"}],"predecessor-version":[{"id":1462,"href":"https:\/\/voxsahel.com\/index.php?rest_route=\/wp\/v2\/posts\/1460\/revisions\/1462"}],"wp:featuredmedia":[{"embeddable":true,"href":"https:\/\/voxsahel.com\/index.php?rest_route=\/wp\/v2\/media\/1461"}],"wp:attachment":[{"href":"https:\/\/voxsahel.com\/index.php?rest_route=%2Fwp%2Fv2%2Fmedia&parent=1460"}],"wp:term":[{"taxonomy":"category","embeddable":true,"href":"https:\/\/voxsahel.com\/index.php?rest_route=%2Fwp%2Fv2%2Fcategories&post=1460"},{"taxonomy":"post_tag","embeddable":true,"href":"https:\/\/voxsahel.com\/index.php?rest_route=%2Fwp%2Fv2%2Ftags&post=1460"}],"curies":[{"name":"wp","href":"https:\/\/api.w.org\/{rel}","templated":true}]}}