{"id":146,"date":"2024-09-12T19:38:36","date_gmt":"2024-09-12T19:38:36","guid":{"rendered":"https:\/\/voxsahel.com\/?p=146"},"modified":"2024-09-12T19:38:36","modified_gmt":"2024-09-12T19:38:36","slug":"confederation-des-peuples-de-lalliance-des-etats-du-sahel-le-projet-presente-au-ministre-detat-malien-le-colonel-abdoulaye-maiga","status":"publish","type":"post","link":"https:\/\/voxsahel.com\/?p=146","title":{"rendered":"Conf\u00e9d\u00e9ration des Peuples de l&rsquo;Alliance des Etats du Sahel : Le projet pr\u00e9sent\u00e9 au ministre d\u2019Etat malien, le Colonel Abdoulaye Ma\u00efga"},"content":{"rendered":"<div class=\"xdj266r x11i5rnm xat24cr x1mh8g0r x1vvkbs x126k92a\">\n<div dir=\"auto\">Une d\u00e9l\u00e9gation de la commission d&rsquo;organisation de l&rsquo;officialisation de la Conf\u00e9d\u00e9ration des Peuples de l&rsquo;Alliance des Etats du Sahel (CP-AES) a \u00e9t\u00e9 re\u00e7ue par le ministre d&rsquo;\u00c9tat, ministre de l&rsquo;Administration territoriale et de la d\u00e9centralisation, Colonel Abdoulaye Ma\u00efga. C\u2019\u00e9tait le 29 ao\u00fbt 2024, dans la ville au 3 ca\u00efmans.<\/div>\n<div dir=\"auto\"><\/div>\n<\/div>\n<div class=\"x11i5rnm xat24cr x1mh8g0r x1vvkbs xtlvy1s x126k92a\">\n<div dir=\"auto\">La d\u00e9l\u00e9gation, conduite par Younouss Soumar\u00e9, secr\u00e9taire g\u00e9n\u00e9ral du CDM et initiateur du projet, a pr\u00e9sent\u00e9 le projet de cr\u00e9ation de la CP-AES. Cette nouvelle entit\u00e9 regroupe les peuples du Mali, du Niger, du Burkina Faso et les diasporas, avec pour objectif de soutenir les autorit\u00e9s de l&rsquo;Alliance des \u00c9tats du Sahel (AES) dans la concr\u00e9tisation de leurs id\u00e9aux.<\/div>\n<div dir=\"auto\"><\/div>\n<\/div>\n<div class=\"x11i5rnm xat24cr x1mh8g0r x1vvkbs xtlvy1s x126k92a\">\n<div dir=\"auto\">Au cours des \u00e9changes, Younouss Soumar\u00e9 a insist\u00e9 sur l&rsquo;importance de l&rsquo;initiative et a sollicit\u00e9 le parrainage du ministre pour la c\u00e9r\u00e9monie d&rsquo;officialisation de la CP-AES, pr\u00e9vue pour le 16 septembre 2024, date anniversaire de la signature de la charte du Liptako-Gourma. Des d\u00e9l\u00e9gations de la soci\u00e9t\u00e9 civile des pays de l&rsquo;AES ainsi que des expatri\u00e9s sont attendues \u00e0 Bamako pour cet \u00e9v\u00e9nement.<\/div>\n<div dir=\"auto\"><\/div>\n<\/div>\n<div class=\"x11i5rnm xat24cr x1mh8g0r x1vvkbs xtlvy1s x126k92a\">\n<div dir=\"auto\">Le Colonel Ma\u00efga a salu\u00e9 l&rsquo;engagement du CDM et r\u00e9affirm\u00e9 le soutien des autorit\u00e9s maliennes au projet. Il a propos\u00e9 de coordonner la c\u00e9r\u00e9monie d&rsquo;officialisation avec une autre activit\u00e9 comm\u00e9morative pr\u00e9vue pour la m\u00eame date, afin de renforcer l&rsquo;impact de la journ\u00e9e.<\/div>\n<\/div>\n<div class=\"x11i5rnm xat24cr x1mh8g0r x1vvkbs xtlvy1s x126k92a\">\n<div dir=\"auto\">Cette rencontre marque une \u00e9tape cl\u00e9 dans la mise en place de la CP-AES, t\u00e9moignant de l&rsquo;appui du gouvernement malien \u00e0 cette initiative panafricaine.<\/div>\n<div dir=\"auto\" style=\"text-align: right;\"><strong>Par Abdoul Aziz Porgo<\/strong><\/div>\n<\/div>\n","protected":false},"excerpt":{"rendered":"<p>Une d\u00e9l\u00e9gation de la commission d&rsquo;organisation de l&rsquo;officialisation de la Conf\u00e9d\u00e9ration des Peuples de l&rsquo;Alliance<\/p>\n","protected":false},"author":2,"featured_media":147,"comment_status":"open","ping_status":"open","sticky":false,"template":"","format":"standard","meta":{"_et_pb_use_builder":"","_et_pb_old_content":"","_et_gb_content_width":"","footnotes":""},"categories":[5],"tags":[61,62,18,63,31,60,64,47,44],"class_list":["post-146","post","type-post","status-publish","format-standard","has-post-thumbnail","hentry","category-societe","tag-aes","tag-alliance-des-etats-du-sahel","tag-burkina-faso","tag-liptako-gourma","tag-mali","tag-niger","tag-organisation-de-la-societe-civile","tag-organisation-non-gouvernementale","tag-osc"],"yoast_head":"<!-- This site is optimized with the Yoast SEO plugin v27.5 - https:\/\/yoast.com\/product\/yoast-seo-wordpress\/ -->\n<title>Conf\u00e9d\u00e9ration des Peuples de l&#039;Alliance des Etats du Sahel : Le projet pr\u00e9sent\u00e9 au ministre d\u2019Etat malien, le Colonel Abdoulaye Ma\u00efga - Vox Sahel<\/title>\n<meta name=\"robots\" content=\"index, follow, max-snippet:-1, max-image-preview:large, max-video-preview:-1\" \/>\n<link rel=\"canonical\" href=\"https:\/\/voxsahel.com\/?p=146\" \/>\n<meta property=\"og:locale\" content=\"fr_FR\" \/>\n<meta property=\"og:type\" content=\"article\" \/>\n<meta property=\"og:title\" content=\"Conf\u00e9d\u00e9ration des Peuples de l&#039;Alliance des Etats du Sahel : Le projet pr\u00e9sent\u00e9 au ministre d\u2019Etat malien, le Colonel Abdoulaye Ma\u00efga - Vox Sahel\" \/>\n<meta property=\"og:description\" content=\"Une d\u00e9l\u00e9gation de la commission d&rsquo;organisation de l&rsquo;officialisation de la Conf\u00e9d\u00e9ration des Peuples de l&rsquo;Alliance\" \/>\n<meta property=\"og:url\" content=\"https:\/\/voxsahel.com\/?p=146\" \/>\n<meta property=\"og:site_name\" content=\"Vox Sahel\" \/>\n<meta property=\"article:publisher\" content=\"https:\/\/www.facebook.com\/journal.voxsahel\" \/>\n<meta property=\"article:published_time\" content=\"2024-09-12T19:38:36+00:00\" \/>\n<meta property=\"og:image\" content=\"https:\/\/voxsahel.com\/wp-content\/uploads\/2024\/09\/AES.jpg\" \/>\n\t<meta property=\"og:image:width\" content=\"675\" \/>\n\t<meta property=\"og:image:height\" content=\"900\" \/>\n\t<meta property=\"og:image:type\" content=\"image\/jpeg\" \/>\n<meta name=\"author\" content=\"Vox Sahel\" \/>\n<meta name=\"twitter:card\" content=\"summary_large_image\" \/>\n<meta name=\"twitter:label1\" content=\"\u00c9crit par\" \/>\n\t<meta name=\"twitter:data1\" content=\"Vox Sahel\" \/>\n\t<meta name=\"twitter:label2\" content=\"Dur\u00e9e de lecture estim\u00e9e\" \/>\n\t<meta name=\"twitter:data2\" content=\"2 minutes\" \/>\n<script type=\"application\/ld+json\" class=\"yoast-schema-graph\">{\"@context\":\"https:\\\/\\\/schema.org\",\"@graph\":[{\"@type\":\"Article\",\"@id\":\"https:\\\/\\\/voxsahel.com\\\/?p=146#article\",\"isPartOf\":{\"@id\":\"https:\\\/\\\/voxsahel.com\\\/?p=146\"},\"author\":{\"name\":\"Vox Sahel\",\"@id\":\"https:\\\/\\\/voxsahel.com\\\/#\\\/schema\\\/person\\\/b4043608248f8fa227cd760e7ff1e19e\"},\"headline\":\"Conf\u00e9d\u00e9ration des Peuples de l&rsquo;Alliance des Etats du Sahel : Le projet pr\u00e9sent\u00e9 au ministre d\u2019Etat malien, le Colonel Abdoulaye Ma\u00efga\",\"datePublished\":\"2024-09-12T19:38:36+00:00\",\"mainEntityOfPage\":{\"@id\":\"https:\\\/\\\/voxsahel.com\\\/?p=146\"},\"wordCount\":312,\"commentCount\":0,\"publisher\":{\"@id\":\"https:\\\/\\\/voxsahel.com\\\/#organization\"},\"image\":{\"@id\":\"https:\\\/\\\/voxsahel.com\\\/?p=146#primaryimage\"},\"thumbnailUrl\":\"https:\\\/\\\/voxsahel.com\\\/wp-content\\\/uploads\\\/2024\\\/09\\\/AES.jpg\",\"keywords\":[\"AES\",\"Alliance des \u00c9tats du Sahel\",\"Burkina Faso\",\"Liptako-Gourma\",\"Mali\",\"Niger\",\"Organisation de la Soci\u00e9t\u00e9 Civile\",\"Organisation Non Gouvernementale\",\"OSC\"],\"articleSection\":[\"SOCIETE\"],\"inLanguage\":\"fr-FR\",\"potentialAction\":[{\"@type\":\"CommentAction\",\"name\":\"Comment\",\"target\":[\"https:\\\/\\\/voxsahel.com\\\/?p=146#respond\"]}]},{\"@type\":\"WebPage\",\"@id\":\"https:\\\/\\\/voxsahel.com\\\/?p=146\",\"url\":\"https:\\\/\\\/voxsahel.com\\\/?p=146\",\"name\":\"Conf\u00e9d\u00e9ration des Peuples de l'Alliance des Etats du Sahel : Le projet pr\u00e9sent\u00e9 au ministre d\u2019Etat malien, le Colonel Abdoulaye Ma\u00efga - Vox Sahel\",\"isPartOf\":{\"@id\":\"https:\\\/\\\/voxsahel.com\\\/#website\"},\"primaryImageOfPage\":{\"@id\":\"https:\\\/\\\/voxsahel.com\\\/?p=146#primaryimage\"},\"image\":{\"@id\":\"https:\\\/\\\/voxsahel.com\\\/?p=146#primaryimage\"},\"thumbnailUrl\":\"https:\\\/\\\/voxsahel.com\\\/wp-content\\\/uploads\\\/2024\\\/09\\\/AES.jpg\",\"datePublished\":\"2024-09-12T19:38:36+00:00\",\"breadcrumb\":{\"@id\":\"https:\\\/\\\/voxsahel.com\\\/?p=146#breadcrumb\"},\"inLanguage\":\"fr-FR\",\"potentialAction\":[{\"@type\":\"ReadAction\",\"target\":[\"https:\\\/\\\/voxsahel.com\\\/?p=146\"]}]},{\"@type\":\"ImageObject\",\"inLanguage\":\"fr-FR\",\"@id\":\"https:\\\/\\\/voxsahel.com\\\/?p=146#primaryimage\",\"url\":\"https:\\\/\\\/voxsahel.com\\\/wp-content\\\/uploads\\\/2024\\\/09\\\/AES.jpg\",\"contentUrl\":\"https:\\\/\\\/voxsahel.com\\\/wp-content\\\/uploads\\\/2024\\\/09\\\/AES.jpg\",\"width\":675,\"height\":900},{\"@type\":\"BreadcrumbList\",\"@id\":\"https:\\\/\\\/voxsahel.com\\\/?p=146#breadcrumb\",\"itemListElement\":[{\"@type\":\"ListItem\",\"position\":1,\"name\":\"Home\",\"item\":\"https:\\\/\\\/voxsahel.com\\\/\"},{\"@type\":\"ListItem\",\"position\":2,\"name\":\"Conf\u00e9d\u00e9ration des Peuples de l&rsquo;Alliance des Etats du Sahel : Le projet pr\u00e9sent\u00e9 au ministre d\u2019Etat malien, le Colonel Abdoulaye Ma\u00efga\"}]},{\"@type\":\"WebSite\",\"@id\":\"https:\\\/\\\/voxsahel.com\\\/#website\",\"url\":\"https:\\\/\\\/voxsahel.com\\\/\",\"name\":\"Vox Sahel\",\"description\":\"Informez-vous sur le Sahel en un clic\",\"publisher\":{\"@id\":\"https:\\\/\\\/voxsahel.com\\\/#organization\"},\"potentialAction\":[{\"@type\":\"SearchAction\",\"target\":{\"@type\":\"EntryPoint\",\"urlTemplate\":\"https:\\\/\\\/voxsahel.com\\\/?s={search_term_string}\"},\"query-input\":{\"@type\":\"PropertyValueSpecification\",\"valueRequired\":true,\"valueName\":\"search_term_string\"}}],\"inLanguage\":\"fr-FR\"},{\"@type\":\"Organization\",\"@id\":\"https:\\\/\\\/voxsahel.com\\\/#organization\",\"name\":\"Vox Sahel\",\"url\":\"https:\\\/\\\/voxsahel.com\\\/\",\"logo\":{\"@type\":\"ImageObject\",\"inLanguage\":\"fr-FR\",\"@id\":\"https:\\\/\\\/voxsahel.com\\\/#\\\/schema\\\/logo\\\/image\\\/\",\"url\":\"https:\\\/\\\/voxsahel.com\\\/wp-content\\\/uploads\\\/2024\\\/09\\\/Logo-Vox-Sahel.jpg\",\"contentUrl\":\"https:\\\/\\\/voxsahel.com\\\/wp-content\\\/uploads\\\/2024\\\/09\\\/Logo-Vox-Sahel.jpg\",\"width\":1181,\"height\":848,\"caption\":\"Vox Sahel\"},\"image\":{\"@id\":\"https:\\\/\\\/voxsahel.com\\\/#\\\/schema\\\/logo\\\/image\\\/\"},\"sameAs\":[\"https:\\\/\\\/www.facebook.com\\\/journal.voxsahel\"]},{\"@type\":\"Person\",\"@id\":\"https:\\\/\\\/voxsahel.com\\\/#\\\/schema\\\/person\\\/b4043608248f8fa227cd760e7ff1e19e\",\"name\":\"Vox Sahel\",\"image\":{\"@type\":\"ImageObject\",\"inLanguage\":\"fr-FR\",\"@id\":\"https:\\\/\\\/secure.gravatar.com\\\/avatar\\\/f70e7fa0cb9b29d4a7c5788d6eb2e9ab4d3135cbae1c9161810fdf77a8964699?s=96&d=mm&r=g\",\"url\":\"https:\\\/\\\/secure.gravatar.com\\\/avatar\\\/f70e7fa0cb9b29d4a7c5788d6eb2e9ab4d3135cbae1c9161810fdf77a8964699?s=96&d=mm&r=g\",\"contentUrl\":\"https:\\\/\\\/secure.gravatar.com\\\/avatar\\\/f70e7fa0cb9b29d4a7c5788d6eb2e9ab4d3135cbae1c9161810fdf77a8964699?s=96&d=mm&r=g\",\"caption\":\"Vox Sahel\"},\"sameAs\":[\"http:\\\/\\\/www.voxsahel.com\"],\"url\":\"https:\\\/\\\/voxsahel.com\\\/?author=2\"}]}<\/script>\n<!-- \/ Yoast SEO plugin. -->","yoast_head_json":{"title":"Conf\u00e9d\u00e9ration des Peuples de l'Alliance des Etats du Sahel : Le projet pr\u00e9sent\u00e9 au ministre d\u2019Etat malien, le Colonel Abdoulaye Ma\u00efga - Vox Sahel","robots":{"index":"index","follow":"follow","max-snippet":"max-snippet:-1","max-image-preview":"max-image-preview:large","max-video-preview":"max-video-preview:-1"},"canonical":"https:\/\/voxsahel.com\/?p=146","og_locale":"fr_FR","og_type":"article","og_title":"Conf\u00e9d\u00e9ration des Peuples de l'Alliance des Etats du Sahel : Le projet pr\u00e9sent\u00e9 au ministre d\u2019Etat malien, le Colonel Abdoulaye Ma\u00efga - Vox Sahel","og_description":"Une d\u00e9l\u00e9gation de la commission d&rsquo;organisation de l&rsquo;officialisation de la Conf\u00e9d\u00e9ration des Peuples de l&rsquo;Alliance","og_url":"https:\/\/voxsahel.com\/?p=146","og_site_name":"Vox Sahel","article_publisher":"https:\/\/www.facebook.com\/journal.voxsahel","article_published_time":"2024-09-12T19:38:36+00:00","og_image":[{"width":675,"height":900,"url":"https:\/\/voxsahel.com\/wp-content\/uploads\/2024\/09\/AES.jpg","type":"image\/jpeg"}],"author":"Vox Sahel","twitter_card":"summary_large_image","twitter_misc":{"\u00c9crit par":"Vox Sahel","Dur\u00e9e de lecture estim\u00e9e":"2 minutes"},"schema":{"@context":"https:\/\/schema.org","@graph":[{"@type":"Article","@id":"https:\/\/voxsahel.com\/?p=146#article","isPartOf":{"@id":"https:\/\/voxsahel.com\/?p=146"},"author":{"name":"Vox Sahel","@id":"https:\/\/voxsahel.com\/#\/schema\/person\/b4043608248f8fa227cd760e7ff1e19e"},"headline":"Conf\u00e9d\u00e9ration des Peuples de l&rsquo;Alliance des Etats du Sahel : Le projet pr\u00e9sent\u00e9 au ministre d\u2019Etat malien, le Colonel Abdoulaye Ma\u00efga","datePublished":"2024-09-12T19:38:36+00:00","mainEntityOfPage":{"@id":"https:\/\/voxsahel.com\/?p=146"},"wordCount":312,"commentCount":0,"publisher":{"@id":"https:\/\/voxsahel.com\/#organization"},"image":{"@id":"https:\/\/voxsahel.com\/?p=146#primaryimage"},"thumbnailUrl":"https:\/\/voxsahel.com\/wp-content\/uploads\/2024\/09\/AES.jpg","keywords":["AES","Alliance des \u00c9tats du Sahel","Burkina Faso","Liptako-Gourma","Mali","Niger","Organisation de la Soci\u00e9t\u00e9 Civile","Organisation Non Gouvernementale","OSC"],"articleSection":["SOCIETE"],"inLanguage":"fr-FR","potentialAction":[{"@type":"CommentAction","name":"Comment","target":["https:\/\/voxsahel.com\/?p=146#respond"]}]},{"@type":"WebPage","@id":"https:\/\/voxsahel.com\/?p=146","url":"https:\/\/voxsahel.com\/?p=146","name":"Conf\u00e9d\u00e9ration des Peuples de l'Alliance des Etats du Sahel : Le projet pr\u00e9sent\u00e9 au ministre d\u2019Etat malien, le Colonel Abdoulaye Ma\u00efga - Vox Sahel","isPartOf":{"@id":"https:\/\/voxsahel.com\/#website"},"primaryImageOfPage":{"@id":"https:\/\/voxsahel.com\/?p=146#primaryimage"},"image":{"@id":"https:\/\/voxsahel.com\/?p=146#primaryimage"},"thumbnailUrl":"https:\/\/voxsahel.com\/wp-content\/uploads\/2024\/09\/AES.jpg","datePublished":"2024-09-12T19:38:36+00:00","breadcrumb":{"@id":"https:\/\/voxsahel.com\/?p=146#breadcrumb"},"inLanguage":"fr-FR","potentialAction":[{"@type":"ReadAction","target":["https:\/\/voxsahel.com\/?p=146"]}]},{"@type":"ImageObject","inLanguage":"fr-FR","@id":"https:\/\/voxsahel.com\/?p=146#primaryimage","url":"https:\/\/voxsahel.com\/wp-content\/uploads\/2024\/09\/AES.jpg","contentUrl":"https:\/\/voxsahel.com\/wp-content\/uploads\/2024\/09\/AES.jpg","width":675,"height":900},{"@type":"BreadcrumbList","@id":"https:\/\/voxsahel.com\/?p=146#breadcrumb","itemListElement":[{"@type":"ListItem","position":1,"name":"Home","item":"https:\/\/voxsahel.com\/"},{"@type":"ListItem","position":2,"name":"Conf\u00e9d\u00e9ration des Peuples de l&rsquo;Alliance des Etats du Sahel : Le projet pr\u00e9sent\u00e9 au ministre d\u2019Etat malien, le Colonel Abdoulaye Ma\u00efga"}]},{"@type":"WebSite","@id":"https:\/\/voxsahel.com\/#website","url":"https:\/\/voxsahel.com\/","name":"Vox Sahel","description":"Informez-vous sur le Sahel en un clic","publisher":{"@id":"https:\/\/voxsahel.com\/#organization"},"potentialAction":[{"@type":"SearchAction","target":{"@type":"EntryPoint","urlTemplate":"https:\/\/voxsahel.com\/?s={search_term_string}"},"query-input":{"@type":"PropertyValueSpecification","valueRequired":true,"valueName":"search_term_string"}}],"inLanguage":"fr-FR"},{"@type":"Organization","@id":"https:\/\/voxsahel.com\/#organization","name":"Vox Sahel","url":"https:\/\/voxsahel.com\/","logo":{"@type":"ImageObject","inLanguage":"fr-FR","@id":"https:\/\/voxsahel.com\/#\/schema\/logo\/image\/","url":"https:\/\/voxsahel.com\/wp-content\/uploads\/2024\/09\/Logo-Vox-Sahel.jpg","contentUrl":"https:\/\/voxsahel.com\/wp-content\/uploads\/2024\/09\/Logo-Vox-Sahel.jpg","width":1181,"height":848,"caption":"Vox Sahel"},"image":{"@id":"https:\/\/voxsahel.com\/#\/schema\/logo\/image\/"},"sameAs":["https:\/\/www.facebook.com\/journal.voxsahel"]},{"@type":"Person","@id":"https:\/\/voxsahel.com\/#\/schema\/person\/b4043608248f8fa227cd760e7ff1e19e","name":"Vox Sahel","image":{"@type":"ImageObject","inLanguage":"fr-FR","@id":"https:\/\/secure.gravatar.com\/avatar\/f70e7fa0cb9b29d4a7c5788d6eb2e9ab4d3135cbae1c9161810fdf77a8964699?s=96&d=mm&r=g","url":"https:\/\/secure.gravatar.com\/avatar\/f70e7fa0cb9b29d4a7c5788d6eb2e9ab4d3135cbae1c9161810fdf77a8964699?s=96&d=mm&r=g","contentUrl":"https:\/\/secure.gravatar.com\/avatar\/f70e7fa0cb9b29d4a7c5788d6eb2e9ab4d3135cbae1c9161810fdf77a8964699?s=96&d=mm&r=g","caption":"Vox Sahel"},"sameAs":["http:\/\/www.voxsahel.com"],"url":"https:\/\/voxsahel.com\/?author=2"}]}},"_links":{"self":[{"href":"https:\/\/voxsahel.com\/index.php?rest_route=\/wp\/v2\/posts\/146","targetHints":{"allow":["GET"]}}],"collection":[{"href":"https:\/\/voxsahel.com\/index.php?rest_route=\/wp\/v2\/posts"}],"about":[{"href":"https:\/\/voxsahel.com\/index.php?rest_route=\/wp\/v2\/types\/post"}],"author":[{"embeddable":true,"href":"https:\/\/voxsahel.com\/index.php?rest_route=\/wp\/v2\/users\/2"}],"replies":[{"embeddable":true,"href":"https:\/\/voxsahel.com\/index.php?rest_route=%2Fwp%2Fv2%2Fcomments&post=146"}],"version-history":[{"count":1,"href":"https:\/\/voxsahel.com\/index.php?rest_route=\/wp\/v2\/posts\/146\/revisions"}],"predecessor-version":[{"id":148,"href":"https:\/\/voxsahel.com\/index.php?rest_route=\/wp\/v2\/posts\/146\/revisions\/148"}],"wp:featuredmedia":[{"embeddable":true,"href":"https:\/\/voxsahel.com\/index.php?rest_route=\/wp\/v2\/media\/147"}],"wp:attachment":[{"href":"https:\/\/voxsahel.com\/index.php?rest_route=%2Fwp%2Fv2%2Fmedia&parent=146"}],"wp:term":[{"taxonomy":"category","embeddable":true,"href":"https:\/\/voxsahel.com\/index.php?rest_route=%2Fwp%2Fv2%2Fcategories&post=146"},{"taxonomy":"post_tag","embeddable":true,"href":"https:\/\/voxsahel.com\/index.php?rest_route=%2Fwp%2Fv2%2Ftags&post=146"}],"curies":[{"name":"wp","href":"https:\/\/api.w.org\/{rel}","templated":true}]}}