{"id":1457,"date":"2025-02-24T16:09:55","date_gmt":"2025-02-24T16:09:55","guid":{"rendered":"https:\/\/voxsahel.com\/?p=1457"},"modified":"2025-02-24T16:09:55","modified_gmt":"2025-02-24T16:09:55","slug":"29-e-edition-du-fespaco-un-appel-a-lemergence-dun-cinema-africain-puissant-et-visible-sur-la-scene-internationale","status":"publish","type":"post","link":"https:\/\/voxsahel.com\/?p=1457","title":{"rendered":"29 e \u00e9dition du FESPACO: Un appel \u00e0 l&rsquo;\u00e9mergence d&rsquo;un cin\u00e9ma africain puissant et visible sur la sc\u00e8ne internationale"},"content":{"rendered":"<p class=\"p1\">\u00c0 l&rsquo;occasion de la 29e \u00e9dition du FESPACO, l&rsquo;appel lanc\u00e9 par le pr\u00e9sident burkinab\u00e8, Ibrahim Traor\u00e9, et le mar\u00e9chal Mahamat D\u00e9by Itno, r\u00e9sonne comme un imp\u00e9ratif pour l&rsquo;Afrique : r\u00e9orienter notre cin\u00e9ma vers une affirmation plus forte de nos valeurs, de notre identit\u00e9 et de nos aspirations. Cependant, pour que ce r\u00eave se concr\u00e9tise, il est essentiel que le FESPACO, pilier incontest\u00e9 du cin\u00e9ma africain, se positionne avec plus de force sur la sc\u00e8ne mondiale.<\/p>\n<p class=\"p1\"><span class=\"s1\">Le FESPACO doit \u00eatre bien plus qu\u2019un simple festival o\u00f9 des films africains sont projet\u00e9s. Il doit devenir un lieu strat\u00e9gique o\u00f9 les cin\u00e9astes africains peuvent r\u00e9ellement faire entendre leurs voix \u00e0 l\u2019\u00e9chelle mondiale. C\u2019est en offrant une v\u00e9ritable visibilit\u00e9 \u00e0 ces cr\u00e9ateurs que le festival pourra participer \u00e0 la construction d\u2019une industrie cin\u00e9matographique africaine solide et respect\u00e9e. <\/span><\/p>\n<p class=\"p1\"><span class=\"s1\">Il est n\u00e9cessaire que le FESPACO d\u00e9passe ses fronti\u00e8res traditionnelles et rivalise avec d\u2019autres grands festivals comme Cannes, Berlin ou Venise. Les cin\u00e9astes africains ont besoin d&rsquo;un espace o\u00f9 leurs \u0153uvres, qui racontent nos luttes et nos r\u00e9alit\u00e9s, soient reconnues et diffus\u00e9es \u00e0 un public international. Le FESPACO doit donc \u00eatre en mesure de soutenir, de promouvoir et de financer la production de films qui peuvent r\u00e9sonner \u00e0 l\u2019\u00e9chelle globale. Cela implique un soutien accru en termes d\u2019infrastructures, de formation, et de ressources financi\u00e8res adapt\u00e9es. <\/span><\/p>\n<p class=\"p1\"><span class=\"s1\">Un tel engagement n\u2019est pas optionnel, il est une condition sine qua non pour que nos talents puissent rivaliser avec les g\u00e9ants du cin\u00e9ma mondial, comme Nollywood et Bollywood.Le festival doit \u00e9galement renforcer son r\u00f4le de vitrine de la diversit\u00e9 et de la richesse de notre culture, en int\u00e9grant davantage de partenaires internationaux, en cr\u00e9ant des collaborations et en attirant une audience diversifi\u00e9e. Il faut rendre le FESPACO plus accessible aux professionnels du cin\u00e9ma du monde entier, tout en pr\u00e9servant sa dimension de festival ancr\u00e9 dans les r\u00e9alit\u00e9s africaines.<\/span><\/p>\n<p class=\"p1\"><span class=\"s1\">Mais pour cela, il est imp\u00e9ratif que le festival soit soutenu par des moyens financiers cons\u00e9quents, permettant une organisation de qualit\u00e9 qui soit \u00e0 la hauteur des ambitions du cin\u00e9ma africain. Le FESPACO doit investir dans ses infrastructures, dans la cr\u00e9ation de bourses de financement, et dans des r\u00e9sidences de cr\u00e9ation pour les cin\u00e9astes. Il doit devenir un v\u00e9ritable laboratoire d\u2019id\u00e9es et de projets, un espace o\u00f9 se construisent les bases de notre cin\u00e9ma de demain. <\/span><\/p>\n<p class=\"p1\"><span class=\"s1\">Ainsi, en faisant du FESPACO un festival comp\u00e9titif et capable de r\u00e9pondre aux attentes des cin\u00e9astes, nous pourrons non seulement affirmer notre place dans le paysage cin\u00e9matographique mondial, mais aussi contribuer \u00e0 transformer la perception de l&rsquo;Afrique \u00e0 travers le cin\u00e9ma. <\/span><\/p>\n<p class=\"p1\"><span class=\"s1\">Ce n\u2019est qu\u2019en inscrivant notre cin\u00e9ma dans une dynamique internationale que nous pourrons v\u00e9ritablement relever le d\u00e9fi de red\u00e9finir notre image et affirmer notre histoire.<span class=\"Apple-converted-space\">\u00a0 <\/span>Le FESPACO a un r\u00f4le capital \u00e0 jouer dans cette transformation : il est le catalyseur d\u2019un cin\u00e9ma africain fort, fier de ses valeurs et r\u00e9solument tourn\u00e9 vers l&rsquo;avenir.<\/span><\/p>\n<p class=\"p1\" style=\"text-align: right;\"><strong><span class=\"s1\">Par Amir BAKO<\/span><\/strong><\/p>\n","protected":false},"excerpt":{"rendered":"<p>\u00c0 l&rsquo;occasion de la 29e \u00e9dition du FESPACO, l&rsquo;appel lanc\u00e9 par le pr\u00e9sident burkinab\u00e8, Ibrahim<\/p>\n","protected":false},"author":2,"featured_media":1458,"comment_status":"open","ping_status":"open","sticky":false,"template":"","format":"standard","meta":{"_et_pb_use_builder":"","_et_pb_old_content":"","_et_gb_content_width":"","footnotes":""},"categories":[13],"tags":[357,18,295,65,445,615,616,617,629],"class_list":["post-1457","post","type-post","status-publish","format-standard","has-post-thumbnail","hentry","category-culture","tag-arts","tag-burkina-faso","tag-cinema","tag-culture","tag-edito","tag-fespaco","tag-fespaco-2025","tag-festival-panafricain-du-cinema-et-de-la-television-de-ouagadougou","tag-film"],"yoast_head":"<!-- This site is optimized with the Yoast SEO plugin v27.5 - https:\/\/yoast.com\/product\/yoast-seo-wordpress\/ -->\n<title>29 e \u00e9dition du FESPACO: Un appel \u00e0 l&#039;\u00e9mergence d&#039;un cin\u00e9ma africain puissant et visible sur la sc\u00e8ne internationale - Vox Sahel<\/title>\n<meta name=\"robots\" content=\"index, follow, max-snippet:-1, max-image-preview:large, max-video-preview:-1\" \/>\n<link rel=\"canonical\" href=\"https:\/\/voxsahel.com\/?p=1457\" \/>\n<meta property=\"og:locale\" content=\"fr_FR\" \/>\n<meta property=\"og:type\" content=\"article\" \/>\n<meta property=\"og:title\" content=\"29 e \u00e9dition du FESPACO: Un appel \u00e0 l&#039;\u00e9mergence d&#039;un cin\u00e9ma africain puissant et visible sur la sc\u00e8ne internationale - Vox Sahel\" \/>\n<meta property=\"og:description\" content=\"\u00c0 l&rsquo;occasion de la 29e \u00e9dition du FESPACO, l&rsquo;appel lanc\u00e9 par le pr\u00e9sident burkinab\u00e8, Ibrahim\" \/>\n<meta property=\"og:url\" content=\"https:\/\/voxsahel.com\/?p=1457\" \/>\n<meta property=\"og:site_name\" content=\"Vox Sahel\" \/>\n<meta property=\"article:publisher\" content=\"https:\/\/www.facebook.com\/journal.voxsahel\" \/>\n<meta property=\"article:published_time\" content=\"2025-02-24T16:09:55+00:00\" \/>\n<meta property=\"og:image\" content=\"https:\/\/voxsahel.com\/wp-content\/uploads\/2025\/02\/IMG_8621.jpeg\" \/>\n\t<meta property=\"og:image:width\" content=\"393\" \/>\n\t<meta property=\"og:image:height\" content=\"314\" \/>\n\t<meta property=\"og:image:type\" content=\"image\/jpeg\" \/>\n<meta name=\"author\" content=\"Vox Sahel\" \/>\n<meta name=\"twitter:card\" content=\"summary_large_image\" \/>\n<meta name=\"twitter:label1\" content=\"\u00c9crit par\" \/>\n\t<meta name=\"twitter:data1\" content=\"Vox Sahel\" \/>\n\t<meta name=\"twitter:label2\" content=\"Dur\u00e9e de lecture estim\u00e9e\" \/>\n\t<meta name=\"twitter:data2\" content=\"3 minutes\" \/>\n<script type=\"application\/ld+json\" class=\"yoast-schema-graph\">{\"@context\":\"https:\\\/\\\/schema.org\",\"@graph\":[{\"@type\":\"Article\",\"@id\":\"https:\\\/\\\/voxsahel.com\\\/?p=1457#article\",\"isPartOf\":{\"@id\":\"https:\\\/\\\/voxsahel.com\\\/?p=1457\"},\"author\":{\"name\":\"Vox Sahel\",\"@id\":\"https:\\\/\\\/voxsahel.com\\\/#\\\/schema\\\/person\\\/b4043608248f8fa227cd760e7ff1e19e\"},\"headline\":\"29 e \u00e9dition du FESPACO: Un appel \u00e0 l&rsquo;\u00e9mergence d&rsquo;un cin\u00e9ma africain puissant et visible sur la sc\u00e8ne internationale\",\"datePublished\":\"2025-02-24T16:09:55+00:00\",\"mainEntityOfPage\":{\"@id\":\"https:\\\/\\\/voxsahel.com\\\/?p=1457\"},\"wordCount\":570,\"commentCount\":0,\"publisher\":{\"@id\":\"https:\\\/\\\/voxsahel.com\\\/#organization\"},\"image\":{\"@id\":\"https:\\\/\\\/voxsahel.com\\\/?p=1457#primaryimage\"},\"thumbnailUrl\":\"https:\\\/\\\/voxsahel.com\\\/wp-content\\\/uploads\\\/2025\\\/02\\\/IMG_8621.jpeg\",\"keywords\":[\"Arts\",\"Burkina Faso\",\"Cinema\",\"Culture\",\"\u00c9dito\",\"Fespaco\",\"FESPACO 2025\",\"Festival panafricain du Cin\u00e9ma et de la T\u00e9l\u00e9vision de Ouagadougou\",\"Film\"],\"articleSection\":[\"CULTURE\"],\"inLanguage\":\"fr-FR\",\"potentialAction\":[{\"@type\":\"CommentAction\",\"name\":\"Comment\",\"target\":[\"https:\\\/\\\/voxsahel.com\\\/?p=1457#respond\"]}]},{\"@type\":\"WebPage\",\"@id\":\"https:\\\/\\\/voxsahel.com\\\/?p=1457\",\"url\":\"https:\\\/\\\/voxsahel.com\\\/?p=1457\",\"name\":\"29 e \u00e9dition du FESPACO: Un appel \u00e0 l'\u00e9mergence d'un cin\u00e9ma africain puissant et visible sur la sc\u00e8ne internationale - Vox Sahel\",\"isPartOf\":{\"@id\":\"https:\\\/\\\/voxsahel.com\\\/#website\"},\"primaryImageOfPage\":{\"@id\":\"https:\\\/\\\/voxsahel.com\\\/?p=1457#primaryimage\"},\"image\":{\"@id\":\"https:\\\/\\\/voxsahel.com\\\/?p=1457#primaryimage\"},\"thumbnailUrl\":\"https:\\\/\\\/voxsahel.com\\\/wp-content\\\/uploads\\\/2025\\\/02\\\/IMG_8621.jpeg\",\"datePublished\":\"2025-02-24T16:09:55+00:00\",\"breadcrumb\":{\"@id\":\"https:\\\/\\\/voxsahel.com\\\/?p=1457#breadcrumb\"},\"inLanguage\":\"fr-FR\",\"potentialAction\":[{\"@type\":\"ReadAction\",\"target\":[\"https:\\\/\\\/voxsahel.com\\\/?p=1457\"]}]},{\"@type\":\"ImageObject\",\"inLanguage\":\"fr-FR\",\"@id\":\"https:\\\/\\\/voxsahel.com\\\/?p=1457#primaryimage\",\"url\":\"https:\\\/\\\/voxsahel.com\\\/wp-content\\\/uploads\\\/2025\\\/02\\\/IMG_8621.jpeg\",\"contentUrl\":\"https:\\\/\\\/voxsahel.com\\\/wp-content\\\/uploads\\\/2025\\\/02\\\/IMG_8621.jpeg\",\"width\":393,\"height\":314},{\"@type\":\"BreadcrumbList\",\"@id\":\"https:\\\/\\\/voxsahel.com\\\/?p=1457#breadcrumb\",\"itemListElement\":[{\"@type\":\"ListItem\",\"position\":1,\"name\":\"Home\",\"item\":\"https:\\\/\\\/voxsahel.com\\\/\"},{\"@type\":\"ListItem\",\"position\":2,\"name\":\"29 e \u00e9dition du FESPACO: Un appel \u00e0 l&rsquo;\u00e9mergence d&rsquo;un cin\u00e9ma africain puissant et visible sur la sc\u00e8ne internationale\"}]},{\"@type\":\"WebSite\",\"@id\":\"https:\\\/\\\/voxsahel.com\\\/#website\",\"url\":\"https:\\\/\\\/voxsahel.com\\\/\",\"name\":\"Vox Sahel\",\"description\":\"Informez-vous sur le Sahel en un clic\",\"publisher\":{\"@id\":\"https:\\\/\\\/voxsahel.com\\\/#organization\"},\"potentialAction\":[{\"@type\":\"SearchAction\",\"target\":{\"@type\":\"EntryPoint\",\"urlTemplate\":\"https:\\\/\\\/voxsahel.com\\\/?s={search_term_string}\"},\"query-input\":{\"@type\":\"PropertyValueSpecification\",\"valueRequired\":true,\"valueName\":\"search_term_string\"}}],\"inLanguage\":\"fr-FR\"},{\"@type\":\"Organization\",\"@id\":\"https:\\\/\\\/voxsahel.com\\\/#organization\",\"name\":\"Vox Sahel\",\"url\":\"https:\\\/\\\/voxsahel.com\\\/\",\"logo\":{\"@type\":\"ImageObject\",\"inLanguage\":\"fr-FR\",\"@id\":\"https:\\\/\\\/voxsahel.com\\\/#\\\/schema\\\/logo\\\/image\\\/\",\"url\":\"https:\\\/\\\/voxsahel.com\\\/wp-content\\\/uploads\\\/2024\\\/09\\\/Logo-Vox-Sahel.jpg\",\"contentUrl\":\"https:\\\/\\\/voxsahel.com\\\/wp-content\\\/uploads\\\/2024\\\/09\\\/Logo-Vox-Sahel.jpg\",\"width\":1181,\"height\":848,\"caption\":\"Vox Sahel\"},\"image\":{\"@id\":\"https:\\\/\\\/voxsahel.com\\\/#\\\/schema\\\/logo\\\/image\\\/\"},\"sameAs\":[\"https:\\\/\\\/www.facebook.com\\\/journal.voxsahel\"]},{\"@type\":\"Person\",\"@id\":\"https:\\\/\\\/voxsahel.com\\\/#\\\/schema\\\/person\\\/b4043608248f8fa227cd760e7ff1e19e\",\"name\":\"Vox Sahel\",\"image\":{\"@type\":\"ImageObject\",\"inLanguage\":\"fr-FR\",\"@id\":\"https:\\\/\\\/secure.gravatar.com\\\/avatar\\\/f70e7fa0cb9b29d4a7c5788d6eb2e9ab4d3135cbae1c9161810fdf77a8964699?s=96&d=mm&r=g\",\"url\":\"https:\\\/\\\/secure.gravatar.com\\\/avatar\\\/f70e7fa0cb9b29d4a7c5788d6eb2e9ab4d3135cbae1c9161810fdf77a8964699?s=96&d=mm&r=g\",\"contentUrl\":\"https:\\\/\\\/secure.gravatar.com\\\/avatar\\\/f70e7fa0cb9b29d4a7c5788d6eb2e9ab4d3135cbae1c9161810fdf77a8964699?s=96&d=mm&r=g\",\"caption\":\"Vox Sahel\"},\"sameAs\":[\"http:\\\/\\\/www.voxsahel.com\"],\"url\":\"https:\\\/\\\/voxsahel.com\\\/?author=2\"}]}<\/script>\n<!-- \/ Yoast SEO plugin. -->","yoast_head_json":{"title":"29 e \u00e9dition du FESPACO: Un appel \u00e0 l'\u00e9mergence d'un cin\u00e9ma africain puissant et visible sur la sc\u00e8ne internationale - Vox Sahel","robots":{"index":"index","follow":"follow","max-snippet":"max-snippet:-1","max-image-preview":"max-image-preview:large","max-video-preview":"max-video-preview:-1"},"canonical":"https:\/\/voxsahel.com\/?p=1457","og_locale":"fr_FR","og_type":"article","og_title":"29 e \u00e9dition du FESPACO: Un appel \u00e0 l'\u00e9mergence d'un cin\u00e9ma africain puissant et visible sur la sc\u00e8ne internationale - Vox Sahel","og_description":"\u00c0 l&rsquo;occasion de la 29e \u00e9dition du FESPACO, l&rsquo;appel lanc\u00e9 par le pr\u00e9sident burkinab\u00e8, Ibrahim","og_url":"https:\/\/voxsahel.com\/?p=1457","og_site_name":"Vox Sahel","article_publisher":"https:\/\/www.facebook.com\/journal.voxsahel","article_published_time":"2025-02-24T16:09:55+00:00","og_image":[{"width":393,"height":314,"url":"https:\/\/voxsahel.com\/wp-content\/uploads\/2025\/02\/IMG_8621.jpeg","type":"image\/jpeg"}],"author":"Vox Sahel","twitter_card":"summary_large_image","twitter_misc":{"\u00c9crit par":"Vox Sahel","Dur\u00e9e de lecture estim\u00e9e":"3 minutes"},"schema":{"@context":"https:\/\/schema.org","@graph":[{"@type":"Article","@id":"https:\/\/voxsahel.com\/?p=1457#article","isPartOf":{"@id":"https:\/\/voxsahel.com\/?p=1457"},"author":{"name":"Vox Sahel","@id":"https:\/\/voxsahel.com\/#\/schema\/person\/b4043608248f8fa227cd760e7ff1e19e"},"headline":"29 e \u00e9dition du FESPACO: Un appel \u00e0 l&rsquo;\u00e9mergence d&rsquo;un cin\u00e9ma africain puissant et visible sur la sc\u00e8ne internationale","datePublished":"2025-02-24T16:09:55+00:00","mainEntityOfPage":{"@id":"https:\/\/voxsahel.com\/?p=1457"},"wordCount":570,"commentCount":0,"publisher":{"@id":"https:\/\/voxsahel.com\/#organization"},"image":{"@id":"https:\/\/voxsahel.com\/?p=1457#primaryimage"},"thumbnailUrl":"https:\/\/voxsahel.com\/wp-content\/uploads\/2025\/02\/IMG_8621.jpeg","keywords":["Arts","Burkina Faso","Cinema","Culture","\u00c9dito","Fespaco","FESPACO 2025","Festival panafricain du Cin\u00e9ma et de la T\u00e9l\u00e9vision de Ouagadougou","Film"],"articleSection":["CULTURE"],"inLanguage":"fr-FR","potentialAction":[{"@type":"CommentAction","name":"Comment","target":["https:\/\/voxsahel.com\/?p=1457#respond"]}]},{"@type":"WebPage","@id":"https:\/\/voxsahel.com\/?p=1457","url":"https:\/\/voxsahel.com\/?p=1457","name":"29 e \u00e9dition du FESPACO: Un appel \u00e0 l'\u00e9mergence d'un cin\u00e9ma africain puissant et visible sur la sc\u00e8ne internationale - Vox Sahel","isPartOf":{"@id":"https:\/\/voxsahel.com\/#website"},"primaryImageOfPage":{"@id":"https:\/\/voxsahel.com\/?p=1457#primaryimage"},"image":{"@id":"https:\/\/voxsahel.com\/?p=1457#primaryimage"},"thumbnailUrl":"https:\/\/voxsahel.com\/wp-content\/uploads\/2025\/02\/IMG_8621.jpeg","datePublished":"2025-02-24T16:09:55+00:00","breadcrumb":{"@id":"https:\/\/voxsahel.com\/?p=1457#breadcrumb"},"inLanguage":"fr-FR","potentialAction":[{"@type":"ReadAction","target":["https:\/\/voxsahel.com\/?p=1457"]}]},{"@type":"ImageObject","inLanguage":"fr-FR","@id":"https:\/\/voxsahel.com\/?p=1457#primaryimage","url":"https:\/\/voxsahel.com\/wp-content\/uploads\/2025\/02\/IMG_8621.jpeg","contentUrl":"https:\/\/voxsahel.com\/wp-content\/uploads\/2025\/02\/IMG_8621.jpeg","width":393,"height":314},{"@type":"BreadcrumbList","@id":"https:\/\/voxsahel.com\/?p=1457#breadcrumb","itemListElement":[{"@type":"ListItem","position":1,"name":"Home","item":"https:\/\/voxsahel.com\/"},{"@type":"ListItem","position":2,"name":"29 e \u00e9dition du FESPACO: Un appel \u00e0 l&rsquo;\u00e9mergence d&rsquo;un cin\u00e9ma africain puissant et visible sur la sc\u00e8ne internationale"}]},{"@type":"WebSite","@id":"https:\/\/voxsahel.com\/#website","url":"https:\/\/voxsahel.com\/","name":"Vox Sahel","description":"Informez-vous sur le Sahel en un clic","publisher":{"@id":"https:\/\/voxsahel.com\/#organization"},"potentialAction":[{"@type":"SearchAction","target":{"@type":"EntryPoint","urlTemplate":"https:\/\/voxsahel.com\/?s={search_term_string}"},"query-input":{"@type":"PropertyValueSpecification","valueRequired":true,"valueName":"search_term_string"}}],"inLanguage":"fr-FR"},{"@type":"Organization","@id":"https:\/\/voxsahel.com\/#organization","name":"Vox Sahel","url":"https:\/\/voxsahel.com\/","logo":{"@type":"ImageObject","inLanguage":"fr-FR","@id":"https:\/\/voxsahel.com\/#\/schema\/logo\/image\/","url":"https:\/\/voxsahel.com\/wp-content\/uploads\/2024\/09\/Logo-Vox-Sahel.jpg","contentUrl":"https:\/\/voxsahel.com\/wp-content\/uploads\/2024\/09\/Logo-Vox-Sahel.jpg","width":1181,"height":848,"caption":"Vox Sahel"},"image":{"@id":"https:\/\/voxsahel.com\/#\/schema\/logo\/image\/"},"sameAs":["https:\/\/www.facebook.com\/journal.voxsahel"]},{"@type":"Person","@id":"https:\/\/voxsahel.com\/#\/schema\/person\/b4043608248f8fa227cd760e7ff1e19e","name":"Vox Sahel","image":{"@type":"ImageObject","inLanguage":"fr-FR","@id":"https:\/\/secure.gravatar.com\/avatar\/f70e7fa0cb9b29d4a7c5788d6eb2e9ab4d3135cbae1c9161810fdf77a8964699?s=96&d=mm&r=g","url":"https:\/\/secure.gravatar.com\/avatar\/f70e7fa0cb9b29d4a7c5788d6eb2e9ab4d3135cbae1c9161810fdf77a8964699?s=96&d=mm&r=g","contentUrl":"https:\/\/secure.gravatar.com\/avatar\/f70e7fa0cb9b29d4a7c5788d6eb2e9ab4d3135cbae1c9161810fdf77a8964699?s=96&d=mm&r=g","caption":"Vox Sahel"},"sameAs":["http:\/\/www.voxsahel.com"],"url":"https:\/\/voxsahel.com\/?author=2"}]}},"_links":{"self":[{"href":"https:\/\/voxsahel.com\/index.php?rest_route=\/wp\/v2\/posts\/1457","targetHints":{"allow":["GET"]}}],"collection":[{"href":"https:\/\/voxsahel.com\/index.php?rest_route=\/wp\/v2\/posts"}],"about":[{"href":"https:\/\/voxsahel.com\/index.php?rest_route=\/wp\/v2\/types\/post"}],"author":[{"embeddable":true,"href":"https:\/\/voxsahel.com\/index.php?rest_route=\/wp\/v2\/users\/2"}],"replies":[{"embeddable":true,"href":"https:\/\/voxsahel.com\/index.php?rest_route=%2Fwp%2Fv2%2Fcomments&post=1457"}],"version-history":[{"count":1,"href":"https:\/\/voxsahel.com\/index.php?rest_route=\/wp\/v2\/posts\/1457\/revisions"}],"predecessor-version":[{"id":1459,"href":"https:\/\/voxsahel.com\/index.php?rest_route=\/wp\/v2\/posts\/1457\/revisions\/1459"}],"wp:featuredmedia":[{"embeddable":true,"href":"https:\/\/voxsahel.com\/index.php?rest_route=\/wp\/v2\/media\/1458"}],"wp:attachment":[{"href":"https:\/\/voxsahel.com\/index.php?rest_route=%2Fwp%2Fv2%2Fmedia&parent=1457"}],"wp:term":[{"taxonomy":"category","embeddable":true,"href":"https:\/\/voxsahel.com\/index.php?rest_route=%2Fwp%2Fv2%2Fcategories&post=1457"},{"taxonomy":"post_tag","embeddable":true,"href":"https:\/\/voxsahel.com\/index.php?rest_route=%2Fwp%2Fv2%2Ftags&post=1457"}],"curies":[{"name":"wp","href":"https:\/\/api.w.org\/{rel}","templated":true}]}}