{"id":1453,"date":"2025-02-23T23:20:08","date_gmt":"2025-02-23T23:20:08","guid":{"rendered":"https:\/\/voxsahel.com\/?p=1453"},"modified":"2025-02-23T23:20:08","modified_gmt":"2025-02-23T23:20:08","slug":"cinema-le-fespaco-offre-une-nouvelle-vie-au-cineaste-ivoirien-roger-gnoan-mbala","status":"publish","type":"post","link":"https:\/\/voxsahel.com\/?p=1453","title":{"rendered":"Cin\u00e9ma : Le FESPACO offre une nouvelle vie au cin\u00e9aste ivoirien Roger Gnoan M\u2019Bala"},"content":{"rendered":"<p class=\"p1\">En marge du Festival panafricain du cin\u00e9ma et de la t\u00e9l\u00e9vision de Ouagadougou (FESPACO), une nouvelle statue a \u00e9t\u00e9 inaugur\u00e9e ce dimanche 23 f\u00e9vrier 2025, sur la rue des cin\u00e9astes. Il s&rsquo;agit de celle du cin\u00e9aste ivoirien Feu Roger Gnoan M\u2019Bala, laur\u00e9at de l&rsquo;\u00c9talon d\u2019or de Yennenga en 1993 avec son film Au nom du Christ.<\/p>\n<p class=\"p1\"><span class=\"s1\">C&rsquo;est le ministre en charge de la Culture, Pingdwend\u00e9 Gilbert Ou\u00e9draogo, qui a proc\u00e9d\u00e9 au d\u00e9voilage de cette statue, en pr\u00e9sence de nombreux professionnels du cin\u00e9ma. \u00c0 cette occasion, il a rendu un vibrant hommage \u00e0 l\u2019illustre r\u00e9alisateur disparu en juillet 2023.<\/span><\/p>\n<p class=\"p1\"><span class=\"s1\">\u00ab C\u2019est une personnalit\u00e9 tr\u00e8s c\u00e9l\u00e8bre qui a apport\u00e9 \u00e9norm\u00e9ment au cin\u00e9ma africain. Il a form\u00e9 des g\u00e9n\u00e9rations de cin\u00e9astes et de r\u00e9alisateurs, et nous nous devons de pr\u00e9server son h\u00e9ritage \u00bb, a d\u00e9clar\u00e9 le ministre.<\/span><\/p>\n<p class=\"p1\"><span class=\"s1\">Dans son discours, M. Ou\u00e9draogo a \u00e9galement salu\u00e9 la m\u00e9moire de tous les cin\u00e9astes disparus ayant contribu\u00e9 au rayonnement du 7e art africain. \u00ab Nous avons le devoir de penser \u00e0 nos devanciers, comme Souleymane Ciss\u00e9, et \u00e0 tous ceux qui ont trac\u00e9 la voie pour les g\u00e9n\u00e9rations actuelles. Que leur repos soit paisible et que leur \u0153uvre continue d\u2019inspirer. \u00bb<\/span><\/p>\n<p class=\"p1\"><span class=\"s1\">Un hommage \u00e0 l\u2019histoire du cin\u00e9ma africainN\u00e9 en 1943 \u00e0 Grand-Bassam, Roger Gnoan M\u2019Bala est l\u2019auteur de plusieurs courts et longs m\u00e9trages marquants. Son \u0153uvre la plus c\u00e9l\u00e8bre, Au nom du Christ, lui a valu la plus haute distinction du FESPACO en 1993, consacrant ainsi son talent et son engagement pour un cin\u00e9ma authentiquement africain.<\/span><\/p>\n<p class=\"p1\"><span class=\"s1\">Avec cette nouvelle statue, son nom rejoint ceux d\u2019autres figures embl\u00e9matiques du cin\u00e9ma africain, telles que Gaston Kabor\u00e9, Idrissa Ou\u00e9draogo et Semb\u00e8ne Ousmane, d\u00e9j\u00e0 honor\u00e9s sur la rue des cin\u00e9astes.<\/span><\/p>\n<p class=\"p1\"><span class=\"s1\">Avant la c\u00e9r\u00e9monie de d\u00e9voilage, un hommage a \u00e9t\u00e9 rendu aux cin\u00e9astes disparus \u00e0 travers une c\u00e9r\u00e9monie de libation, marquant un moment de recueillement et de reconnaissance. Ce rituel symbolique a rappel\u00e9 l&rsquo;importance de ces figures dans l\u2019histoire du cin\u00e9ma africain.<\/span><\/p>\n<p class=\"p1\"><span class=\"s1\">Apr\u00e8s cet hommage solennel, le ministre de la Culture et les professionnels du cin\u00e9ma ont particip\u00e9 \u00e0 une marche de la paix en direction du si\u00e8ge du FESPACO, illustrant ainsi leur engagement pour un cin\u00e9ma africain toujours plus fort et uni.<\/span><\/p>\n<p class=\"p1\"><span class=\"s1\">L\u2019\u00e9dition 2025 du FESPACO s\u2019annonce ainsi sous le signe du souvenir et de la transmission, honorant ceux qui ont b\u00e2ti les fondations du 7e art africain et inspirant les cr\u00e9ateurs de demain.<\/span><\/p>\n<p style=\"text-align: right;\"><strong>Par Vox Sahel\u00a0<\/strong><\/p>\n","protected":false},"excerpt":{"rendered":"<p>En marge du Festival panafricain du cin\u00e9ma et de la t\u00e9l\u00e9vision de Ouagadougou (FESPACO), une<\/p>\n","protected":false},"author":2,"featured_media":1455,"comment_status":"open","ping_status":"open","sticky":false,"template":"","format":"standard","meta":{"_et_pb_use_builder":"","_et_pb_old_content":"","_et_gb_content_width":"","footnotes":""},"categories":[13],"tags":[357,18,295,65,630,615,616,617,629,631],"class_list":["post-1453","post","type-post","status-publish","format-standard","has-post-thumbnail","hentry","category-culture","tag-arts","tag-burkina-faso","tag-cinema","tag-culture","tag-etalon-dor-de-yennenga","tag-fespaco","tag-fespaco-2025","tag-festival-panafricain-du-cinema-et-de-la-television-de-ouagadougou","tag-film","tag-roger-gnoan-mbala"],"yoast_head":"<!-- This site is optimized with the Yoast SEO plugin v27.5 - https:\/\/yoast.com\/product\/yoast-seo-wordpress\/ -->\n<title>Cin\u00e9ma : Le FESPACO offre une nouvelle vie au cin\u00e9aste ivoirien Roger Gnoan M\u2019Bala - Vox Sahel<\/title>\n<meta name=\"robots\" content=\"index, follow, max-snippet:-1, max-image-preview:large, max-video-preview:-1\" \/>\n<link rel=\"canonical\" href=\"https:\/\/voxsahel.com\/?p=1453\" \/>\n<meta property=\"og:locale\" content=\"fr_FR\" \/>\n<meta property=\"og:type\" content=\"article\" \/>\n<meta property=\"og:title\" content=\"Cin\u00e9ma : Le FESPACO offre une nouvelle vie au cin\u00e9aste ivoirien Roger Gnoan M\u2019Bala - Vox Sahel\" \/>\n<meta property=\"og:description\" content=\"En marge du Festival panafricain du cin\u00e9ma et de la t\u00e9l\u00e9vision de Ouagadougou (FESPACO), une\" \/>\n<meta property=\"og:url\" content=\"https:\/\/voxsahel.com\/?p=1453\" \/>\n<meta property=\"og:site_name\" content=\"Vox Sahel\" \/>\n<meta property=\"article:publisher\" content=\"https:\/\/www.facebook.com\/journal.voxsahel\" \/>\n<meta property=\"article:published_time\" content=\"2025-02-23T23:20:08+00:00\" \/>\n<meta property=\"og:image\" content=\"https:\/\/voxsahel.com\/wp-content\/uploads\/2025\/02\/IMG_8302.jpeg\" \/>\n\t<meta property=\"og:image:width\" content=\"2048\" \/>\n\t<meta property=\"og:image:height\" content=\"1365\" \/>\n\t<meta property=\"og:image:type\" content=\"image\/jpeg\" \/>\n<meta name=\"author\" content=\"Vox Sahel\" \/>\n<meta name=\"twitter:card\" content=\"summary_large_image\" \/>\n<meta name=\"twitter:label1\" content=\"\u00c9crit par\" \/>\n\t<meta name=\"twitter:data1\" content=\"Vox Sahel\" \/>\n\t<meta name=\"twitter:label2\" content=\"Dur\u00e9e de lecture estim\u00e9e\" \/>\n\t<meta name=\"twitter:data2\" content=\"3 minutes\" \/>\n<script type=\"application\/ld+json\" class=\"yoast-schema-graph\">{\"@context\":\"https:\\\/\\\/schema.org\",\"@graph\":[{\"@type\":\"Article\",\"@id\":\"https:\\\/\\\/voxsahel.com\\\/?p=1453#article\",\"isPartOf\":{\"@id\":\"https:\\\/\\\/voxsahel.com\\\/?p=1453\"},\"author\":{\"name\":\"Vox Sahel\",\"@id\":\"https:\\\/\\\/voxsahel.com\\\/#\\\/schema\\\/person\\\/b4043608248f8fa227cd760e7ff1e19e\"},\"headline\":\"Cin\u00e9ma : Le FESPACO offre une nouvelle vie au cin\u00e9aste ivoirien Roger Gnoan M\u2019Bala\",\"datePublished\":\"2025-02-23T23:20:08+00:00\",\"mainEntityOfPage\":{\"@id\":\"https:\\\/\\\/voxsahel.com\\\/?p=1453\"},\"wordCount\":466,\"commentCount\":0,\"publisher\":{\"@id\":\"https:\\\/\\\/voxsahel.com\\\/#organization\"},\"image\":{\"@id\":\"https:\\\/\\\/voxsahel.com\\\/?p=1453#primaryimage\"},\"thumbnailUrl\":\"https:\\\/\\\/voxsahel.com\\\/wp-content\\\/uploads\\\/2025\\\/02\\\/IMG_8302.jpeg\",\"keywords\":[\"Arts\",\"Burkina Faso\",\"Cinema\",\"Culture\",\"\u00c9talon d\u2019or de Yennenga\",\"Fespaco\",\"FESPACO 2025\",\"Festival panafricain du Cin\u00e9ma et de la T\u00e9l\u00e9vision de Ouagadougou\",\"Film\",\"Roger Gnoan M\u2019Bala\"],\"articleSection\":[\"CULTURE\"],\"inLanguage\":\"fr-FR\",\"potentialAction\":[{\"@type\":\"CommentAction\",\"name\":\"Comment\",\"target\":[\"https:\\\/\\\/voxsahel.com\\\/?p=1453#respond\"]}]},{\"@type\":\"WebPage\",\"@id\":\"https:\\\/\\\/voxsahel.com\\\/?p=1453\",\"url\":\"https:\\\/\\\/voxsahel.com\\\/?p=1453\",\"name\":\"Cin\u00e9ma : Le FESPACO offre une nouvelle vie au cin\u00e9aste ivoirien Roger Gnoan M\u2019Bala - Vox Sahel\",\"isPartOf\":{\"@id\":\"https:\\\/\\\/voxsahel.com\\\/#website\"},\"primaryImageOfPage\":{\"@id\":\"https:\\\/\\\/voxsahel.com\\\/?p=1453#primaryimage\"},\"image\":{\"@id\":\"https:\\\/\\\/voxsahel.com\\\/?p=1453#primaryimage\"},\"thumbnailUrl\":\"https:\\\/\\\/voxsahel.com\\\/wp-content\\\/uploads\\\/2025\\\/02\\\/IMG_8302.jpeg\",\"datePublished\":\"2025-02-23T23:20:08+00:00\",\"breadcrumb\":{\"@id\":\"https:\\\/\\\/voxsahel.com\\\/?p=1453#breadcrumb\"},\"inLanguage\":\"fr-FR\",\"potentialAction\":[{\"@type\":\"ReadAction\",\"target\":[\"https:\\\/\\\/voxsahel.com\\\/?p=1453\"]}]},{\"@type\":\"ImageObject\",\"inLanguage\":\"fr-FR\",\"@id\":\"https:\\\/\\\/voxsahel.com\\\/?p=1453#primaryimage\",\"url\":\"https:\\\/\\\/voxsahel.com\\\/wp-content\\\/uploads\\\/2025\\\/02\\\/IMG_8302.jpeg\",\"contentUrl\":\"https:\\\/\\\/voxsahel.com\\\/wp-content\\\/uploads\\\/2025\\\/02\\\/IMG_8302.jpeg\",\"width\":2048,\"height\":1365},{\"@type\":\"BreadcrumbList\",\"@id\":\"https:\\\/\\\/voxsahel.com\\\/?p=1453#breadcrumb\",\"itemListElement\":[{\"@type\":\"ListItem\",\"position\":1,\"name\":\"Home\",\"item\":\"https:\\\/\\\/voxsahel.com\\\/\"},{\"@type\":\"ListItem\",\"position\":2,\"name\":\"Cin\u00e9ma : Le FESPACO offre une nouvelle vie au cin\u00e9aste ivoirien Roger Gnoan M\u2019Bala\"}]},{\"@type\":\"WebSite\",\"@id\":\"https:\\\/\\\/voxsahel.com\\\/#website\",\"url\":\"https:\\\/\\\/voxsahel.com\\\/\",\"name\":\"Vox Sahel\",\"description\":\"Informez-vous sur le Sahel en un clic\",\"publisher\":{\"@id\":\"https:\\\/\\\/voxsahel.com\\\/#organization\"},\"potentialAction\":[{\"@type\":\"SearchAction\",\"target\":{\"@type\":\"EntryPoint\",\"urlTemplate\":\"https:\\\/\\\/voxsahel.com\\\/?s={search_term_string}\"},\"query-input\":{\"@type\":\"PropertyValueSpecification\",\"valueRequired\":true,\"valueName\":\"search_term_string\"}}],\"inLanguage\":\"fr-FR\"},{\"@type\":\"Organization\",\"@id\":\"https:\\\/\\\/voxsahel.com\\\/#organization\",\"name\":\"Vox Sahel\",\"url\":\"https:\\\/\\\/voxsahel.com\\\/\",\"logo\":{\"@type\":\"ImageObject\",\"inLanguage\":\"fr-FR\",\"@id\":\"https:\\\/\\\/voxsahel.com\\\/#\\\/schema\\\/logo\\\/image\\\/\",\"url\":\"https:\\\/\\\/voxsahel.com\\\/wp-content\\\/uploads\\\/2024\\\/09\\\/Logo-Vox-Sahel.jpg\",\"contentUrl\":\"https:\\\/\\\/voxsahel.com\\\/wp-content\\\/uploads\\\/2024\\\/09\\\/Logo-Vox-Sahel.jpg\",\"width\":1181,\"height\":848,\"caption\":\"Vox Sahel\"},\"image\":{\"@id\":\"https:\\\/\\\/voxsahel.com\\\/#\\\/schema\\\/logo\\\/image\\\/\"},\"sameAs\":[\"https:\\\/\\\/www.facebook.com\\\/journal.voxsahel\"]},{\"@type\":\"Person\",\"@id\":\"https:\\\/\\\/voxsahel.com\\\/#\\\/schema\\\/person\\\/b4043608248f8fa227cd760e7ff1e19e\",\"name\":\"Vox Sahel\",\"image\":{\"@type\":\"ImageObject\",\"inLanguage\":\"fr-FR\",\"@id\":\"https:\\\/\\\/secure.gravatar.com\\\/avatar\\\/f70e7fa0cb9b29d4a7c5788d6eb2e9ab4d3135cbae1c9161810fdf77a8964699?s=96&d=mm&r=g\",\"url\":\"https:\\\/\\\/secure.gravatar.com\\\/avatar\\\/f70e7fa0cb9b29d4a7c5788d6eb2e9ab4d3135cbae1c9161810fdf77a8964699?s=96&d=mm&r=g\",\"contentUrl\":\"https:\\\/\\\/secure.gravatar.com\\\/avatar\\\/f70e7fa0cb9b29d4a7c5788d6eb2e9ab4d3135cbae1c9161810fdf77a8964699?s=96&d=mm&r=g\",\"caption\":\"Vox Sahel\"},\"sameAs\":[\"http:\\\/\\\/www.voxsahel.com\"],\"url\":\"https:\\\/\\\/voxsahel.com\\\/?author=2\"}]}<\/script>\n<!-- \/ Yoast SEO plugin. -->","yoast_head_json":{"title":"Cin\u00e9ma : Le FESPACO offre une nouvelle vie au cin\u00e9aste ivoirien Roger Gnoan M\u2019Bala - Vox Sahel","robots":{"index":"index","follow":"follow","max-snippet":"max-snippet:-1","max-image-preview":"max-image-preview:large","max-video-preview":"max-video-preview:-1"},"canonical":"https:\/\/voxsahel.com\/?p=1453","og_locale":"fr_FR","og_type":"article","og_title":"Cin\u00e9ma : Le FESPACO offre une nouvelle vie au cin\u00e9aste ivoirien Roger Gnoan M\u2019Bala - Vox Sahel","og_description":"En marge du Festival panafricain du cin\u00e9ma et de la t\u00e9l\u00e9vision de Ouagadougou (FESPACO), une","og_url":"https:\/\/voxsahel.com\/?p=1453","og_site_name":"Vox Sahel","article_publisher":"https:\/\/www.facebook.com\/journal.voxsahel","article_published_time":"2025-02-23T23:20:08+00:00","og_image":[{"width":2048,"height":1365,"url":"https:\/\/voxsahel.com\/wp-content\/uploads\/2025\/02\/IMG_8302.jpeg","type":"image\/jpeg"}],"author":"Vox Sahel","twitter_card":"summary_large_image","twitter_misc":{"\u00c9crit par":"Vox Sahel","Dur\u00e9e de lecture estim\u00e9e":"3 minutes"},"schema":{"@context":"https:\/\/schema.org","@graph":[{"@type":"Article","@id":"https:\/\/voxsahel.com\/?p=1453#article","isPartOf":{"@id":"https:\/\/voxsahel.com\/?p=1453"},"author":{"name":"Vox Sahel","@id":"https:\/\/voxsahel.com\/#\/schema\/person\/b4043608248f8fa227cd760e7ff1e19e"},"headline":"Cin\u00e9ma : Le FESPACO offre une nouvelle vie au cin\u00e9aste ivoirien Roger Gnoan M\u2019Bala","datePublished":"2025-02-23T23:20:08+00:00","mainEntityOfPage":{"@id":"https:\/\/voxsahel.com\/?p=1453"},"wordCount":466,"commentCount":0,"publisher":{"@id":"https:\/\/voxsahel.com\/#organization"},"image":{"@id":"https:\/\/voxsahel.com\/?p=1453#primaryimage"},"thumbnailUrl":"https:\/\/voxsahel.com\/wp-content\/uploads\/2025\/02\/IMG_8302.jpeg","keywords":["Arts","Burkina Faso","Cinema","Culture","\u00c9talon d\u2019or de Yennenga","Fespaco","FESPACO 2025","Festival panafricain du Cin\u00e9ma et de la T\u00e9l\u00e9vision de Ouagadougou","Film","Roger Gnoan M\u2019Bala"],"articleSection":["CULTURE"],"inLanguage":"fr-FR","potentialAction":[{"@type":"CommentAction","name":"Comment","target":["https:\/\/voxsahel.com\/?p=1453#respond"]}]},{"@type":"WebPage","@id":"https:\/\/voxsahel.com\/?p=1453","url":"https:\/\/voxsahel.com\/?p=1453","name":"Cin\u00e9ma : Le FESPACO offre une nouvelle vie au cin\u00e9aste ivoirien Roger Gnoan M\u2019Bala - Vox Sahel","isPartOf":{"@id":"https:\/\/voxsahel.com\/#website"},"primaryImageOfPage":{"@id":"https:\/\/voxsahel.com\/?p=1453#primaryimage"},"image":{"@id":"https:\/\/voxsahel.com\/?p=1453#primaryimage"},"thumbnailUrl":"https:\/\/voxsahel.com\/wp-content\/uploads\/2025\/02\/IMG_8302.jpeg","datePublished":"2025-02-23T23:20:08+00:00","breadcrumb":{"@id":"https:\/\/voxsahel.com\/?p=1453#breadcrumb"},"inLanguage":"fr-FR","potentialAction":[{"@type":"ReadAction","target":["https:\/\/voxsahel.com\/?p=1453"]}]},{"@type":"ImageObject","inLanguage":"fr-FR","@id":"https:\/\/voxsahel.com\/?p=1453#primaryimage","url":"https:\/\/voxsahel.com\/wp-content\/uploads\/2025\/02\/IMG_8302.jpeg","contentUrl":"https:\/\/voxsahel.com\/wp-content\/uploads\/2025\/02\/IMG_8302.jpeg","width":2048,"height":1365},{"@type":"BreadcrumbList","@id":"https:\/\/voxsahel.com\/?p=1453#breadcrumb","itemListElement":[{"@type":"ListItem","position":1,"name":"Home","item":"https:\/\/voxsahel.com\/"},{"@type":"ListItem","position":2,"name":"Cin\u00e9ma : Le FESPACO offre une nouvelle vie au cin\u00e9aste ivoirien Roger Gnoan M\u2019Bala"}]},{"@type":"WebSite","@id":"https:\/\/voxsahel.com\/#website","url":"https:\/\/voxsahel.com\/","name":"Vox Sahel","description":"Informez-vous sur le Sahel en un clic","publisher":{"@id":"https:\/\/voxsahel.com\/#organization"},"potentialAction":[{"@type":"SearchAction","target":{"@type":"EntryPoint","urlTemplate":"https:\/\/voxsahel.com\/?s={search_term_string}"},"query-input":{"@type":"PropertyValueSpecification","valueRequired":true,"valueName":"search_term_string"}}],"inLanguage":"fr-FR"},{"@type":"Organization","@id":"https:\/\/voxsahel.com\/#organization","name":"Vox Sahel","url":"https:\/\/voxsahel.com\/","logo":{"@type":"ImageObject","inLanguage":"fr-FR","@id":"https:\/\/voxsahel.com\/#\/schema\/logo\/image\/","url":"https:\/\/voxsahel.com\/wp-content\/uploads\/2024\/09\/Logo-Vox-Sahel.jpg","contentUrl":"https:\/\/voxsahel.com\/wp-content\/uploads\/2024\/09\/Logo-Vox-Sahel.jpg","width":1181,"height":848,"caption":"Vox Sahel"},"image":{"@id":"https:\/\/voxsahel.com\/#\/schema\/logo\/image\/"},"sameAs":["https:\/\/www.facebook.com\/journal.voxsahel"]},{"@type":"Person","@id":"https:\/\/voxsahel.com\/#\/schema\/person\/b4043608248f8fa227cd760e7ff1e19e","name":"Vox Sahel","image":{"@type":"ImageObject","inLanguage":"fr-FR","@id":"https:\/\/secure.gravatar.com\/avatar\/f70e7fa0cb9b29d4a7c5788d6eb2e9ab4d3135cbae1c9161810fdf77a8964699?s=96&d=mm&r=g","url":"https:\/\/secure.gravatar.com\/avatar\/f70e7fa0cb9b29d4a7c5788d6eb2e9ab4d3135cbae1c9161810fdf77a8964699?s=96&d=mm&r=g","contentUrl":"https:\/\/secure.gravatar.com\/avatar\/f70e7fa0cb9b29d4a7c5788d6eb2e9ab4d3135cbae1c9161810fdf77a8964699?s=96&d=mm&r=g","caption":"Vox Sahel"},"sameAs":["http:\/\/www.voxsahel.com"],"url":"https:\/\/voxsahel.com\/?author=2"}]}},"_links":{"self":[{"href":"https:\/\/voxsahel.com\/index.php?rest_route=\/wp\/v2\/posts\/1453","targetHints":{"allow":["GET"]}}],"collection":[{"href":"https:\/\/voxsahel.com\/index.php?rest_route=\/wp\/v2\/posts"}],"about":[{"href":"https:\/\/voxsahel.com\/index.php?rest_route=\/wp\/v2\/types\/post"}],"author":[{"embeddable":true,"href":"https:\/\/voxsahel.com\/index.php?rest_route=\/wp\/v2\/users\/2"}],"replies":[{"embeddable":true,"href":"https:\/\/voxsahel.com\/index.php?rest_route=%2Fwp%2Fv2%2Fcomments&post=1453"}],"version-history":[{"count":1,"href":"https:\/\/voxsahel.com\/index.php?rest_route=\/wp\/v2\/posts\/1453\/revisions"}],"predecessor-version":[{"id":1456,"href":"https:\/\/voxsahel.com\/index.php?rest_route=\/wp\/v2\/posts\/1453\/revisions\/1456"}],"wp:featuredmedia":[{"embeddable":true,"href":"https:\/\/voxsahel.com\/index.php?rest_route=\/wp\/v2\/media\/1455"}],"wp:attachment":[{"href":"https:\/\/voxsahel.com\/index.php?rest_route=%2Fwp%2Fv2%2Fmedia&parent=1453"}],"wp:term":[{"taxonomy":"category","embeddable":true,"href":"https:\/\/voxsahel.com\/index.php?rest_route=%2Fwp%2Fv2%2Fcategories&post=1453"},{"taxonomy":"post_tag","embeddable":true,"href":"https:\/\/voxsahel.com\/index.php?rest_route=%2Fwp%2Fv2%2Ftags&post=1453"}],"curies":[{"name":"wp","href":"https:\/\/api.w.org\/{rel}","templated":true}]}}