{"id":1444,"date":"2025-02-21T19:50:54","date_gmt":"2025-02-21T19:50:54","guid":{"rendered":"https:\/\/voxsahel.com\/?p=1444"},"modified":"2025-02-21T19:50:54","modified_gmt":"2025-02-21T19:50:54","slug":"29e-edition-du-fespaco-le-president-du-tchad-le-marechal-mahamat-idriss-deby-itno-a-ouagadougou","status":"publish","type":"post","link":"https:\/\/voxsahel.com\/?p=1444","title":{"rendered":"29e \u00e9dition du FESPACO : le Pr\u00e9sident du Tchad le Mar\u00e9chal Mahamat Idriss DEBY ITNO \u00e0 Ouagadougou"},"content":{"rendered":"<p>(Ouagadougou, 21 f\u00e9vrier 2025). Le Pr\u00e9sident de la R\u00e9publique du Tchad, le Mar\u00e9chal Mahamat Idriss DEBY ITNO, est arriv\u00e9 cet apr\u00e8s-midi, \u00e0 Ouagadougou.<br \/>\nIl a \u00e9t\u00e9 accueilli \u00e0 l&rsquo;a\u00e9ropprt international de Ouagadougou par le Pr\u00e9sident du Faso, Chef de l&rsquo;\u00c9tat, le Capitaine Ibrahim TRAOR\u00c9.<\/p>\n<p>Apr\u00e8s l&rsquo;ex\u00e9cution des hymnes nationaux des deux pays et les honneurs militaires, les deux Pr\u00e9sidents ont eu un t\u00eate-\u00e0-t\u00eate au salon d&rsquo;honneur de l&rsquo;a\u00e9roport.<br \/>\nLe Mar\u00e9chal Mahamat Idriss DEBY ITNO, est pr\u00e9sent dans la capitale burkinab\u00e8 pour prendre part \u00e0 la c\u00e9r\u00e9monie d&rsquo;ouverture de la 29e \u00e9dition du Festival panafricain du cin\u00e9ma et de la t\u00e9l\u00e9vision de Ouagadougou (FESPACO), pr\u00e9vue ce samedi et dont la R\u00e9publique du Tchad est le pays invit\u00e9 d&rsquo;honneur.<\/p>\n<p>Au cours de son s\u00e9jour, le Pr\u00e9sident tchadien et son homologue burkinab\u00e8 vont \u00e9galement \u00e9voquer les relations de coop\u00e9ration entre le Burkina Faso et le Tchad.<\/p>\n<p>Cette visite vient raffermir les rapports entre les deux \u00c9tats, renfor\u00e7ant du m\u00eame coup les liens d\u2019amiti\u00e9 entre les deux peuples.<\/p>\n<p>Direction de la communication de la Pr\u00e9sidence du Faso<\/p>\n","protected":false},"excerpt":{"rendered":"<p>(Ouagadougou, 21 f\u00e9vrier 2025). Le Pr\u00e9sident de la R\u00e9publique du Tchad, le Mar\u00e9chal Mahamat Idriss<\/p>\n","protected":false},"author":2,"featured_media":1445,"comment_status":"open","ping_status":"open","sticky":false,"template":"","format":"standard","meta":{"_et_pb_use_builder":"","_et_pb_old_content":"","_et_gb_content_width":"","footnotes":""},"categories":[13],"tags":[18,174,616,617,624,198],"class_list":["post-1444","post","type-post","status-publish","format-standard","has-post-thumbnail","hentry","category-culture","tag-burkina-faso","tag-capitaine-ibrahim-traore","tag-fespaco-2025","tag-festival-panafricain-du-cinema-et-de-la-television-de-ouagadougou","tag-marechal-mahamat-idriss-deby-itno","tag-tchad"],"yoast_head":"<!-- This site is optimized with the Yoast SEO plugin v27.5 - https:\/\/yoast.com\/product\/yoast-seo-wordpress\/ -->\n<title>29e \u00e9dition du FESPACO : le Pr\u00e9sident du Tchad le Mar\u00e9chal Mahamat Idriss DEBY ITNO \u00e0 Ouagadougou - Vox Sahel<\/title>\n<meta name=\"robots\" content=\"index, follow, max-snippet:-1, max-image-preview:large, max-video-preview:-1\" \/>\n<link rel=\"canonical\" href=\"https:\/\/voxsahel.com\/?p=1444\" \/>\n<meta property=\"og:locale\" content=\"fr_FR\" \/>\n<meta property=\"og:type\" content=\"article\" \/>\n<meta property=\"og:title\" content=\"29e \u00e9dition du FESPACO : le Pr\u00e9sident du Tchad le Mar\u00e9chal Mahamat Idriss DEBY ITNO \u00e0 Ouagadougou - Vox Sahel\" \/>\n<meta property=\"og:description\" content=\"(Ouagadougou, 21 f\u00e9vrier 2025). Le Pr\u00e9sident de la R\u00e9publique du Tchad, le Mar\u00e9chal Mahamat Idriss\" \/>\n<meta property=\"og:url\" content=\"https:\/\/voxsahel.com\/?p=1444\" \/>\n<meta property=\"og:site_name\" content=\"Vox Sahel\" \/>\n<meta property=\"article:publisher\" content=\"https:\/\/www.facebook.com\/journal.voxsahel\" \/>\n<meta property=\"article:published_time\" content=\"2025-02-21T19:50:54+00:00\" \/>\n<meta property=\"og:image\" content=\"https:\/\/voxsahel.com\/wp-content\/uploads\/2025\/02\/f7f87a8d-d472-46a4-8149-d601e8563396.jpeg\" \/>\n\t<meta property=\"og:image:width\" content=\"1080\" \/>\n\t<meta property=\"og:image:height\" content=\"793\" \/>\n\t<meta property=\"og:image:type\" content=\"image\/jpeg\" \/>\n<meta name=\"author\" content=\"Vox Sahel\" \/>\n<meta name=\"twitter:card\" content=\"summary_large_image\" \/>\n<meta name=\"twitter:label1\" content=\"\u00c9crit par\" \/>\n\t<meta name=\"twitter:data1\" content=\"Vox Sahel\" \/>\n\t<meta name=\"twitter:label2\" content=\"Dur\u00e9e de lecture estim\u00e9e\" \/>\n\t<meta name=\"twitter:data2\" content=\"2 minutes\" \/>\n<script type=\"application\/ld+json\" class=\"yoast-schema-graph\">{\"@context\":\"https:\\\/\\\/schema.org\",\"@graph\":[{\"@type\":\"Article\",\"@id\":\"https:\\\/\\\/voxsahel.com\\\/?p=1444#article\",\"isPartOf\":{\"@id\":\"https:\\\/\\\/voxsahel.com\\\/?p=1444\"},\"author\":{\"name\":\"Vox Sahel\",\"@id\":\"https:\\\/\\\/voxsahel.com\\\/#\\\/schema\\\/person\\\/b4043608248f8fa227cd760e7ff1e19e\"},\"headline\":\"29e \u00e9dition du FESPACO : le Pr\u00e9sident du Tchad le Mar\u00e9chal Mahamat Idriss DEBY ITNO \u00e0 Ouagadougou\",\"datePublished\":\"2025-02-21T19:50:54+00:00\",\"mainEntityOfPage\":{\"@id\":\"https:\\\/\\\/voxsahel.com\\\/?p=1444\"},\"wordCount\":222,\"commentCount\":0,\"publisher\":{\"@id\":\"https:\\\/\\\/voxsahel.com\\\/#organization\"},\"image\":{\"@id\":\"https:\\\/\\\/voxsahel.com\\\/?p=1444#primaryimage\"},\"thumbnailUrl\":\"https:\\\/\\\/voxsahel.com\\\/wp-content\\\/uploads\\\/2025\\\/02\\\/f7f87a8d-d472-46a4-8149-d601e8563396.jpeg\",\"keywords\":[\"Burkina Faso\",\"Capitaine Ibrahim Traor\u00e9\",\"FESPACO 2025\",\"Festival panafricain du Cin\u00e9ma et de la T\u00e9l\u00e9vision de Ouagadougou\",\"Mar\u00e9chal Mahamat Idriss DEBY ITNO\",\"Tchad\"],\"articleSection\":[\"CULTURE\"],\"inLanguage\":\"fr-FR\",\"potentialAction\":[{\"@type\":\"CommentAction\",\"name\":\"Comment\",\"target\":[\"https:\\\/\\\/voxsahel.com\\\/?p=1444#respond\"]}]},{\"@type\":\"WebPage\",\"@id\":\"https:\\\/\\\/voxsahel.com\\\/?p=1444\",\"url\":\"https:\\\/\\\/voxsahel.com\\\/?p=1444\",\"name\":\"29e \u00e9dition du FESPACO : le Pr\u00e9sident du Tchad le Mar\u00e9chal Mahamat Idriss DEBY ITNO \u00e0 Ouagadougou - Vox Sahel\",\"isPartOf\":{\"@id\":\"https:\\\/\\\/voxsahel.com\\\/#website\"},\"primaryImageOfPage\":{\"@id\":\"https:\\\/\\\/voxsahel.com\\\/?p=1444#primaryimage\"},\"image\":{\"@id\":\"https:\\\/\\\/voxsahel.com\\\/?p=1444#primaryimage\"},\"thumbnailUrl\":\"https:\\\/\\\/voxsahel.com\\\/wp-content\\\/uploads\\\/2025\\\/02\\\/f7f87a8d-d472-46a4-8149-d601e8563396.jpeg\",\"datePublished\":\"2025-02-21T19:50:54+00:00\",\"breadcrumb\":{\"@id\":\"https:\\\/\\\/voxsahel.com\\\/?p=1444#breadcrumb\"},\"inLanguage\":\"fr-FR\",\"potentialAction\":[{\"@type\":\"ReadAction\",\"target\":[\"https:\\\/\\\/voxsahel.com\\\/?p=1444\"]}]},{\"@type\":\"ImageObject\",\"inLanguage\":\"fr-FR\",\"@id\":\"https:\\\/\\\/voxsahel.com\\\/?p=1444#primaryimage\",\"url\":\"https:\\\/\\\/voxsahel.com\\\/wp-content\\\/uploads\\\/2025\\\/02\\\/f7f87a8d-d472-46a4-8149-d601e8563396.jpeg\",\"contentUrl\":\"https:\\\/\\\/voxsahel.com\\\/wp-content\\\/uploads\\\/2025\\\/02\\\/f7f87a8d-d472-46a4-8149-d601e8563396.jpeg\",\"width\":1080,\"height\":793},{\"@type\":\"BreadcrumbList\",\"@id\":\"https:\\\/\\\/voxsahel.com\\\/?p=1444#breadcrumb\",\"itemListElement\":[{\"@type\":\"ListItem\",\"position\":1,\"name\":\"Home\",\"item\":\"https:\\\/\\\/voxsahel.com\\\/\"},{\"@type\":\"ListItem\",\"position\":2,\"name\":\"29e \u00e9dition du FESPACO : le Pr\u00e9sident du Tchad le Mar\u00e9chal Mahamat Idriss DEBY ITNO \u00e0 Ouagadougou\"}]},{\"@type\":\"WebSite\",\"@id\":\"https:\\\/\\\/voxsahel.com\\\/#website\",\"url\":\"https:\\\/\\\/voxsahel.com\\\/\",\"name\":\"Vox Sahel\",\"description\":\"Informez-vous sur le Sahel en un clic\",\"publisher\":{\"@id\":\"https:\\\/\\\/voxsahel.com\\\/#organization\"},\"potentialAction\":[{\"@type\":\"SearchAction\",\"target\":{\"@type\":\"EntryPoint\",\"urlTemplate\":\"https:\\\/\\\/voxsahel.com\\\/?s={search_term_string}\"},\"query-input\":{\"@type\":\"PropertyValueSpecification\",\"valueRequired\":true,\"valueName\":\"search_term_string\"}}],\"inLanguage\":\"fr-FR\"},{\"@type\":\"Organization\",\"@id\":\"https:\\\/\\\/voxsahel.com\\\/#organization\",\"name\":\"Vox Sahel\",\"url\":\"https:\\\/\\\/voxsahel.com\\\/\",\"logo\":{\"@type\":\"ImageObject\",\"inLanguage\":\"fr-FR\",\"@id\":\"https:\\\/\\\/voxsahel.com\\\/#\\\/schema\\\/logo\\\/image\\\/\",\"url\":\"https:\\\/\\\/voxsahel.com\\\/wp-content\\\/uploads\\\/2024\\\/09\\\/Logo-Vox-Sahel.jpg\",\"contentUrl\":\"https:\\\/\\\/voxsahel.com\\\/wp-content\\\/uploads\\\/2024\\\/09\\\/Logo-Vox-Sahel.jpg\",\"width\":1181,\"height\":848,\"caption\":\"Vox Sahel\"},\"image\":{\"@id\":\"https:\\\/\\\/voxsahel.com\\\/#\\\/schema\\\/logo\\\/image\\\/\"},\"sameAs\":[\"https:\\\/\\\/www.facebook.com\\\/journal.voxsahel\"]},{\"@type\":\"Person\",\"@id\":\"https:\\\/\\\/voxsahel.com\\\/#\\\/schema\\\/person\\\/b4043608248f8fa227cd760e7ff1e19e\",\"name\":\"Vox Sahel\",\"image\":{\"@type\":\"ImageObject\",\"inLanguage\":\"fr-FR\",\"@id\":\"https:\\\/\\\/secure.gravatar.com\\\/avatar\\\/f70e7fa0cb9b29d4a7c5788d6eb2e9ab4d3135cbae1c9161810fdf77a8964699?s=96&d=mm&r=g\",\"url\":\"https:\\\/\\\/secure.gravatar.com\\\/avatar\\\/f70e7fa0cb9b29d4a7c5788d6eb2e9ab4d3135cbae1c9161810fdf77a8964699?s=96&d=mm&r=g\",\"contentUrl\":\"https:\\\/\\\/secure.gravatar.com\\\/avatar\\\/f70e7fa0cb9b29d4a7c5788d6eb2e9ab4d3135cbae1c9161810fdf77a8964699?s=96&d=mm&r=g\",\"caption\":\"Vox Sahel\"},\"sameAs\":[\"http:\\\/\\\/www.voxsahel.com\"],\"url\":\"https:\\\/\\\/voxsahel.com\\\/?author=2\"}]}<\/script>\n<!-- \/ Yoast SEO plugin. -->","yoast_head_json":{"title":"29e \u00e9dition du FESPACO : le Pr\u00e9sident du Tchad le Mar\u00e9chal Mahamat Idriss DEBY ITNO \u00e0 Ouagadougou - Vox Sahel","robots":{"index":"index","follow":"follow","max-snippet":"max-snippet:-1","max-image-preview":"max-image-preview:large","max-video-preview":"max-video-preview:-1"},"canonical":"https:\/\/voxsahel.com\/?p=1444","og_locale":"fr_FR","og_type":"article","og_title":"29e \u00e9dition du FESPACO : le Pr\u00e9sident du Tchad le Mar\u00e9chal Mahamat Idriss DEBY ITNO \u00e0 Ouagadougou - Vox Sahel","og_description":"(Ouagadougou, 21 f\u00e9vrier 2025). Le Pr\u00e9sident de la R\u00e9publique du Tchad, le Mar\u00e9chal Mahamat Idriss","og_url":"https:\/\/voxsahel.com\/?p=1444","og_site_name":"Vox Sahel","article_publisher":"https:\/\/www.facebook.com\/journal.voxsahel","article_published_time":"2025-02-21T19:50:54+00:00","og_image":[{"width":1080,"height":793,"url":"https:\/\/voxsahel.com\/wp-content\/uploads\/2025\/02\/f7f87a8d-d472-46a4-8149-d601e8563396.jpeg","type":"image\/jpeg"}],"author":"Vox Sahel","twitter_card":"summary_large_image","twitter_misc":{"\u00c9crit par":"Vox Sahel","Dur\u00e9e de lecture estim\u00e9e":"2 minutes"},"schema":{"@context":"https:\/\/schema.org","@graph":[{"@type":"Article","@id":"https:\/\/voxsahel.com\/?p=1444#article","isPartOf":{"@id":"https:\/\/voxsahel.com\/?p=1444"},"author":{"name":"Vox Sahel","@id":"https:\/\/voxsahel.com\/#\/schema\/person\/b4043608248f8fa227cd760e7ff1e19e"},"headline":"29e \u00e9dition du FESPACO : le Pr\u00e9sident du Tchad le Mar\u00e9chal Mahamat Idriss DEBY ITNO \u00e0 Ouagadougou","datePublished":"2025-02-21T19:50:54+00:00","mainEntityOfPage":{"@id":"https:\/\/voxsahel.com\/?p=1444"},"wordCount":222,"commentCount":0,"publisher":{"@id":"https:\/\/voxsahel.com\/#organization"},"image":{"@id":"https:\/\/voxsahel.com\/?p=1444#primaryimage"},"thumbnailUrl":"https:\/\/voxsahel.com\/wp-content\/uploads\/2025\/02\/f7f87a8d-d472-46a4-8149-d601e8563396.jpeg","keywords":["Burkina Faso","Capitaine Ibrahim Traor\u00e9","FESPACO 2025","Festival panafricain du Cin\u00e9ma et de la T\u00e9l\u00e9vision de Ouagadougou","Mar\u00e9chal Mahamat Idriss DEBY ITNO","Tchad"],"articleSection":["CULTURE"],"inLanguage":"fr-FR","potentialAction":[{"@type":"CommentAction","name":"Comment","target":["https:\/\/voxsahel.com\/?p=1444#respond"]}]},{"@type":"WebPage","@id":"https:\/\/voxsahel.com\/?p=1444","url":"https:\/\/voxsahel.com\/?p=1444","name":"29e \u00e9dition du FESPACO : le Pr\u00e9sident du Tchad le Mar\u00e9chal Mahamat Idriss DEBY ITNO \u00e0 Ouagadougou - Vox Sahel","isPartOf":{"@id":"https:\/\/voxsahel.com\/#website"},"primaryImageOfPage":{"@id":"https:\/\/voxsahel.com\/?p=1444#primaryimage"},"image":{"@id":"https:\/\/voxsahel.com\/?p=1444#primaryimage"},"thumbnailUrl":"https:\/\/voxsahel.com\/wp-content\/uploads\/2025\/02\/f7f87a8d-d472-46a4-8149-d601e8563396.jpeg","datePublished":"2025-02-21T19:50:54+00:00","breadcrumb":{"@id":"https:\/\/voxsahel.com\/?p=1444#breadcrumb"},"inLanguage":"fr-FR","potentialAction":[{"@type":"ReadAction","target":["https:\/\/voxsahel.com\/?p=1444"]}]},{"@type":"ImageObject","inLanguage":"fr-FR","@id":"https:\/\/voxsahel.com\/?p=1444#primaryimage","url":"https:\/\/voxsahel.com\/wp-content\/uploads\/2025\/02\/f7f87a8d-d472-46a4-8149-d601e8563396.jpeg","contentUrl":"https:\/\/voxsahel.com\/wp-content\/uploads\/2025\/02\/f7f87a8d-d472-46a4-8149-d601e8563396.jpeg","width":1080,"height":793},{"@type":"BreadcrumbList","@id":"https:\/\/voxsahel.com\/?p=1444#breadcrumb","itemListElement":[{"@type":"ListItem","position":1,"name":"Home","item":"https:\/\/voxsahel.com\/"},{"@type":"ListItem","position":2,"name":"29e \u00e9dition du FESPACO : le Pr\u00e9sident du Tchad le Mar\u00e9chal Mahamat Idriss DEBY ITNO \u00e0 Ouagadougou"}]},{"@type":"WebSite","@id":"https:\/\/voxsahel.com\/#website","url":"https:\/\/voxsahel.com\/","name":"Vox Sahel","description":"Informez-vous sur le Sahel en un clic","publisher":{"@id":"https:\/\/voxsahel.com\/#organization"},"potentialAction":[{"@type":"SearchAction","target":{"@type":"EntryPoint","urlTemplate":"https:\/\/voxsahel.com\/?s={search_term_string}"},"query-input":{"@type":"PropertyValueSpecification","valueRequired":true,"valueName":"search_term_string"}}],"inLanguage":"fr-FR"},{"@type":"Organization","@id":"https:\/\/voxsahel.com\/#organization","name":"Vox Sahel","url":"https:\/\/voxsahel.com\/","logo":{"@type":"ImageObject","inLanguage":"fr-FR","@id":"https:\/\/voxsahel.com\/#\/schema\/logo\/image\/","url":"https:\/\/voxsahel.com\/wp-content\/uploads\/2024\/09\/Logo-Vox-Sahel.jpg","contentUrl":"https:\/\/voxsahel.com\/wp-content\/uploads\/2024\/09\/Logo-Vox-Sahel.jpg","width":1181,"height":848,"caption":"Vox Sahel"},"image":{"@id":"https:\/\/voxsahel.com\/#\/schema\/logo\/image\/"},"sameAs":["https:\/\/www.facebook.com\/journal.voxsahel"]},{"@type":"Person","@id":"https:\/\/voxsahel.com\/#\/schema\/person\/b4043608248f8fa227cd760e7ff1e19e","name":"Vox Sahel","image":{"@type":"ImageObject","inLanguage":"fr-FR","@id":"https:\/\/secure.gravatar.com\/avatar\/f70e7fa0cb9b29d4a7c5788d6eb2e9ab4d3135cbae1c9161810fdf77a8964699?s=96&d=mm&r=g","url":"https:\/\/secure.gravatar.com\/avatar\/f70e7fa0cb9b29d4a7c5788d6eb2e9ab4d3135cbae1c9161810fdf77a8964699?s=96&d=mm&r=g","contentUrl":"https:\/\/secure.gravatar.com\/avatar\/f70e7fa0cb9b29d4a7c5788d6eb2e9ab4d3135cbae1c9161810fdf77a8964699?s=96&d=mm&r=g","caption":"Vox Sahel"},"sameAs":["http:\/\/www.voxsahel.com"],"url":"https:\/\/voxsahel.com\/?author=2"}]}},"_links":{"self":[{"href":"https:\/\/voxsahel.com\/index.php?rest_route=\/wp\/v2\/posts\/1444","targetHints":{"allow":["GET"]}}],"collection":[{"href":"https:\/\/voxsahel.com\/index.php?rest_route=\/wp\/v2\/posts"}],"about":[{"href":"https:\/\/voxsahel.com\/index.php?rest_route=\/wp\/v2\/types\/post"}],"author":[{"embeddable":true,"href":"https:\/\/voxsahel.com\/index.php?rest_route=\/wp\/v2\/users\/2"}],"replies":[{"embeddable":true,"href":"https:\/\/voxsahel.com\/index.php?rest_route=%2Fwp%2Fv2%2Fcomments&post=1444"}],"version-history":[{"count":1,"href":"https:\/\/voxsahel.com\/index.php?rest_route=\/wp\/v2\/posts\/1444\/revisions"}],"predecessor-version":[{"id":1446,"href":"https:\/\/voxsahel.com\/index.php?rest_route=\/wp\/v2\/posts\/1444\/revisions\/1446"}],"wp:featuredmedia":[{"embeddable":true,"href":"https:\/\/voxsahel.com\/index.php?rest_route=\/wp\/v2\/media\/1445"}],"wp:attachment":[{"href":"https:\/\/voxsahel.com\/index.php?rest_route=%2Fwp%2Fv2%2Fmedia&parent=1444"}],"wp:term":[{"taxonomy":"category","embeddable":true,"href":"https:\/\/voxsahel.com\/index.php?rest_route=%2Fwp%2Fv2%2Fcategories&post=1444"},{"taxonomy":"post_tag","embeddable":true,"href":"https:\/\/voxsahel.com\/index.php?rest_route=%2Fwp%2Fv2%2Ftags&post=1444"}],"curies":[{"name":"wp","href":"https:\/\/api.w.org\/{rel}","templated":true}]}}