{"id":1436,"date":"2025-02-20T10:21:24","date_gmt":"2025-02-20T10:21:24","guid":{"rendered":"https:\/\/voxsahel.com\/?p=1436"},"modified":"2025-02-20T10:27:00","modified_gmt":"2025-02-20T10:27:00","slug":"mondiaux-dart-culinaire-et-patisserie-le-babenda-du-burkina-sacre-meilleur-plat-traditionnel-du-monde-aux","status":"publish","type":"post","link":"https:\/\/voxsahel.com\/?p=1436","title":{"rendered":"Mondiaux d\u2019Art Culinaire et P\u00e2tisserie : Le \u00ab Babenda \u00bb du Burkina sacr\u00e9 meilleur plat traditionnel du monde"},"content":{"rendered":"<p class=\"p1\"><span class=\"s1\">Le Burkina Faso a brill\u00e9 lors de la quatri\u00e8me \u00e9dition du Championnat du monde des Arts culinaires et de la p\u00e2tisserie, qui s\u2019est tenue du 11 au 13 f\u00e9vrier \u00e0 Hammamet, en Tunisie. Les Chefs cuisiniers burkinab\u00e8 membres de l\u2019association Africa Gastronomique Burkina ont d\u00e9croch\u00e9 quatre m\u00e9dailles d\u2019or et ont \u00e9t\u00e9 couronn\u00e9s du prestigieux titre du \u00ab Meilleur plat traditionnel du monde \u00bb gr\u00e2ce au Babenda.<\/span><\/p>\n<p class=\"p1\"><span class=\"s1\">Une cons\u00e9cration pour la gastronomie burkinab\u00e8C\u2019est la talentueuse Awa Korb\u00e9ogo qui a su s\u00e9duire le jury avec son interpr\u00e9tation du Babenda, un plat embl\u00e9matique du Burkina Faso. D\u00e9j\u00e0 aur\u00e9ol\u00e9e d\u2019une m\u00e9daille d\u2019or dans la cat\u00e9gorie \u00ab Plat gastronomique \u00bb avec le zamn\u00e8, la cheffe burkinab\u00e8 a confirm\u00e9 son expertise en remportant le titre supr\u00eame dans la cat\u00e9gorie \u00ab Plat traditionnel \u00bb. Une distinction qui met en lumi\u00e8re la richesse et l\u2019authenticit\u00e9 de la cuisine burkinab\u00e8 sur la sc\u00e8ne culinaire mondiale.<\/span><\/p>\n<p class=\"p1\"><span class=\"s1\">Des performances remarquablesOutre le sacre du Babenda, d\u2019autres talents burkinab\u00e8 ont marqu\u00e9 la comp\u00e9tition. Safiatou Diallo a remport\u00e9 une m\u00e9daille d\u2019or dans la cat\u00e9gorie \u00ab Entr\u00e9e \u00bb avec sa cr\u00e9ation intitul\u00e9e \u00ab Cascade de Chitoumou sur son lit de crudit\u00e9s \u00bb.<br \/>\n<\/span><\/p>\n<p class=\"p1\"><span class=\"s1\">De son c\u00f4t\u00e9, Rodrigue Sourou Agbo a brill\u00e9 avec deux m\u00e9dailles d\u2019or en \u00ab Dessert \u00bb, gr\u00e2ce \u00e0 des cr\u00e9ations mettant en avant la patate douce \u00e0 chair orange du Burkina Faso. Gr\u00e2ce \u00e0 cette performance exceptionnelle, il cumule d\u00e9sormais cinq m\u00e9dailles d\u2019or aux championnats du monde et acc\u00e8de au prestigieux rang de juge.<\/span><\/p>\n<p class=\"p1\"><span class=\"s1\">Le Burkina Faso dans le top 10 mondialAvec ces exploits, le Burkina Faso s\u2019est hiss\u00e9 \u00e0 la 6e place du classement g\u00e9n\u00e9ral parmi les 20 pays en lice. Une performance remarquable qui t\u00e9moigne du potentiel culinaire du pays et de la qualit\u00e9 de ses mets traditionnels.<\/span><\/p>\n<p class=\"p1\"><span class=\"s1\">Un appel aux autorit\u00e9s pour un meilleur accompagnementMalgr\u00e9 ces succ\u00e8s, les chefs cuisiniers burkinab\u00e8 font face \u00e0 de nombreuses difficult\u00e9s, notamment administratives et financi\u00e8res, pour participer \u00e0 ces comp\u00e9titions internationales.<br \/>\n<\/span><\/p>\n<p class=\"p1\"><span class=\"s1\">Rodrigue Sourou Agbo a lanc\u00e9 un appel aux autorit\u00e9s pour la mise en place de mesures de soutien adapt\u00e9es, telles que la facilitation des d\u00e9marches administratives et l\u2019octroi d\u2019aides financi\u00e8res et logistiques. Ces efforts permettront aux talents culinaires burkinab\u00e8 de concourir sereinement et de continuer \u00e0 faire rayonner la gastronomie du pays \u00e0 l\u2019\u00e9chelle mondiale.<\/span><\/p>\n<p class=\"p1\"><span class=\"s1\">Le sacre du Babenda et les performances des chefs burkinab\u00e8 aux Mondiaux d\u2019Art Culinaire et P\u00e2tisserie d\u00e9montrent que la cuisine traditionnelle peut s\u2019imposer sur la sc\u00e8ne internationale. Un signal fort pour la promotion et la valorisation du patrimoine gastronomique africain.<\/span><\/p>\n<p style=\"text-align: right;\"><strong>Par Vox Sahel<\/strong><\/p>\n","protected":false},"excerpt":{"rendered":"<p>Le Burkina Faso a brill\u00e9 lors de la quatri\u00e8me \u00e9dition du Championnat du monde des<\/p>\n","protected":false},"author":2,"featured_media":1437,"comment_status":"open","ping_status":"open","sticky":false,"template":"","format":"standard","meta":{"_et_pb_use_builder":"","_et_pb_old_content":"","_et_gb_content_width":"","footnotes":""},"categories":[13],"tags":[621,18,619,618,65,620,311],"class_list":["post-1436","post","type-post","status-publish","format-standard","has-post-thumbnail","hentry","category-culture","tag-babenda","tag-burkina-faso","tag-championnat-du-monde-des-arts-culinaires-et-de-la-patisserie","tag-cuisine","tag-culture","tag-hammamet","tag-tunisie"],"yoast_head":"<!-- This site is optimized with the Yoast SEO plugin v27.5 - https:\/\/yoast.com\/product\/yoast-seo-wordpress\/ -->\n<title>Mondiaux d\u2019Art Culinaire et P\u00e2tisserie : Le \u00ab Babenda \u00bb du Burkina sacr\u00e9 meilleur plat traditionnel du monde - Vox Sahel<\/title>\n<meta name=\"robots\" content=\"index, follow, max-snippet:-1, max-image-preview:large, max-video-preview:-1\" \/>\n<link rel=\"canonical\" href=\"https:\/\/voxsahel.com\/?p=1436\" \/>\n<meta property=\"og:locale\" content=\"fr_FR\" \/>\n<meta property=\"og:type\" content=\"article\" \/>\n<meta property=\"og:title\" content=\"Mondiaux d\u2019Art Culinaire et P\u00e2tisserie : Le \u00ab Babenda \u00bb du Burkina sacr\u00e9 meilleur plat traditionnel du monde - Vox Sahel\" \/>\n<meta property=\"og:description\" content=\"Le Burkina Faso a brill\u00e9 lors de la quatri\u00e8me \u00e9dition du Championnat du monde des\" \/>\n<meta property=\"og:url\" content=\"https:\/\/voxsahel.com\/?p=1436\" \/>\n<meta property=\"og:site_name\" content=\"Vox Sahel\" \/>\n<meta property=\"article:publisher\" content=\"https:\/\/www.facebook.com\/journal.voxsahel\" \/>\n<meta property=\"article:published_time\" content=\"2025-02-20T10:21:24+00:00\" \/>\n<meta property=\"article:modified_time\" content=\"2025-02-20T10:27:00+00:00\" \/>\n<meta property=\"og:image\" content=\"https:\/\/voxsahel.com\/wp-content\/uploads\/2025\/02\/IMG_7107.jpeg\" \/>\n\t<meta property=\"og:image:width\" content=\"1536\" \/>\n\t<meta property=\"og:image:height\" content=\"2048\" \/>\n\t<meta property=\"og:image:type\" content=\"image\/jpeg\" \/>\n<meta name=\"author\" content=\"Vox Sahel\" \/>\n<meta name=\"twitter:card\" content=\"summary_large_image\" \/>\n<meta name=\"twitter:label1\" content=\"\u00c9crit par\" \/>\n\t<meta name=\"twitter:data1\" content=\"Vox Sahel\" \/>\n\t<meta name=\"twitter:label2\" content=\"Dur\u00e9e de lecture estim\u00e9e\" \/>\n\t<meta name=\"twitter:data2\" content=\"3 minutes\" \/>\n<script type=\"application\/ld+json\" class=\"yoast-schema-graph\">{\"@context\":\"https:\\\/\\\/schema.org\",\"@graph\":[{\"@type\":\"Article\",\"@id\":\"https:\\\/\\\/voxsahel.com\\\/?p=1436#article\",\"isPartOf\":{\"@id\":\"https:\\\/\\\/voxsahel.com\\\/?p=1436\"},\"author\":{\"name\":\"Vox Sahel\",\"@id\":\"https:\\\/\\\/voxsahel.com\\\/#\\\/schema\\\/person\\\/b4043608248f8fa227cd760e7ff1e19e\"},\"headline\":\"Mondiaux d\u2019Art Culinaire et P\u00e2tisserie : Le \u00ab Babenda \u00bb du Burkina sacr\u00e9 meilleur plat traditionnel du monde\",\"datePublished\":\"2025-02-20T10:21:24+00:00\",\"dateModified\":\"2025-02-20T10:27:00+00:00\",\"mainEntityOfPage\":{\"@id\":\"https:\\\/\\\/voxsahel.com\\\/?p=1436\"},\"wordCount\":476,\"commentCount\":0,\"publisher\":{\"@id\":\"https:\\\/\\\/voxsahel.com\\\/#organization\"},\"image\":{\"@id\":\"https:\\\/\\\/voxsahel.com\\\/?p=1436#primaryimage\"},\"thumbnailUrl\":\"https:\\\/\\\/voxsahel.com\\\/wp-content\\\/uploads\\\/2025\\\/02\\\/IMG_7107.jpeg\",\"keywords\":[\"Babenda\",\"Burkina Faso\",\"Championnat du monde des Arts culinaires et de la p\u00e2tisserie\",\"Cuisine\",\"Culture\",\"Hammamet\",\"Tunisie\"],\"articleSection\":[\"CULTURE\"],\"inLanguage\":\"fr-FR\",\"potentialAction\":[{\"@type\":\"CommentAction\",\"name\":\"Comment\",\"target\":[\"https:\\\/\\\/voxsahel.com\\\/?p=1436#respond\"]}]},{\"@type\":\"WebPage\",\"@id\":\"https:\\\/\\\/voxsahel.com\\\/?p=1436\",\"url\":\"https:\\\/\\\/voxsahel.com\\\/?p=1436\",\"name\":\"Mondiaux d\u2019Art Culinaire et P\u00e2tisserie : Le \u00ab Babenda \u00bb du Burkina sacr\u00e9 meilleur plat traditionnel du monde - Vox Sahel\",\"isPartOf\":{\"@id\":\"https:\\\/\\\/voxsahel.com\\\/#website\"},\"primaryImageOfPage\":{\"@id\":\"https:\\\/\\\/voxsahel.com\\\/?p=1436#primaryimage\"},\"image\":{\"@id\":\"https:\\\/\\\/voxsahel.com\\\/?p=1436#primaryimage\"},\"thumbnailUrl\":\"https:\\\/\\\/voxsahel.com\\\/wp-content\\\/uploads\\\/2025\\\/02\\\/IMG_7107.jpeg\",\"datePublished\":\"2025-02-20T10:21:24+00:00\",\"dateModified\":\"2025-02-20T10:27:00+00:00\",\"breadcrumb\":{\"@id\":\"https:\\\/\\\/voxsahel.com\\\/?p=1436#breadcrumb\"},\"inLanguage\":\"fr-FR\",\"potentialAction\":[{\"@type\":\"ReadAction\",\"target\":[\"https:\\\/\\\/voxsahel.com\\\/?p=1436\"]}]},{\"@type\":\"ImageObject\",\"inLanguage\":\"fr-FR\",\"@id\":\"https:\\\/\\\/voxsahel.com\\\/?p=1436#primaryimage\",\"url\":\"https:\\\/\\\/voxsahel.com\\\/wp-content\\\/uploads\\\/2025\\\/02\\\/IMG_7107.jpeg\",\"contentUrl\":\"https:\\\/\\\/voxsahel.com\\\/wp-content\\\/uploads\\\/2025\\\/02\\\/IMG_7107.jpeg\",\"width\":1536,\"height\":2048},{\"@type\":\"BreadcrumbList\",\"@id\":\"https:\\\/\\\/voxsahel.com\\\/?p=1436#breadcrumb\",\"itemListElement\":[{\"@type\":\"ListItem\",\"position\":1,\"name\":\"Home\",\"item\":\"https:\\\/\\\/voxsahel.com\\\/\"},{\"@type\":\"ListItem\",\"position\":2,\"name\":\"Mondiaux d\u2019Art Culinaire et P\u00e2tisserie : Le \u00ab Babenda \u00bb du Burkina sacr\u00e9 meilleur plat traditionnel du monde\"}]},{\"@type\":\"WebSite\",\"@id\":\"https:\\\/\\\/voxsahel.com\\\/#website\",\"url\":\"https:\\\/\\\/voxsahel.com\\\/\",\"name\":\"Vox Sahel\",\"description\":\"Informez-vous sur le Sahel en un clic\",\"publisher\":{\"@id\":\"https:\\\/\\\/voxsahel.com\\\/#organization\"},\"potentialAction\":[{\"@type\":\"SearchAction\",\"target\":{\"@type\":\"EntryPoint\",\"urlTemplate\":\"https:\\\/\\\/voxsahel.com\\\/?s={search_term_string}\"},\"query-input\":{\"@type\":\"PropertyValueSpecification\",\"valueRequired\":true,\"valueName\":\"search_term_string\"}}],\"inLanguage\":\"fr-FR\"},{\"@type\":\"Organization\",\"@id\":\"https:\\\/\\\/voxsahel.com\\\/#organization\",\"name\":\"Vox Sahel\",\"url\":\"https:\\\/\\\/voxsahel.com\\\/\",\"logo\":{\"@type\":\"ImageObject\",\"inLanguage\":\"fr-FR\",\"@id\":\"https:\\\/\\\/voxsahel.com\\\/#\\\/schema\\\/logo\\\/image\\\/\",\"url\":\"https:\\\/\\\/voxsahel.com\\\/wp-content\\\/uploads\\\/2024\\\/09\\\/Logo-Vox-Sahel.jpg\",\"contentUrl\":\"https:\\\/\\\/voxsahel.com\\\/wp-content\\\/uploads\\\/2024\\\/09\\\/Logo-Vox-Sahel.jpg\",\"width\":1181,\"height\":848,\"caption\":\"Vox Sahel\"},\"image\":{\"@id\":\"https:\\\/\\\/voxsahel.com\\\/#\\\/schema\\\/logo\\\/image\\\/\"},\"sameAs\":[\"https:\\\/\\\/www.facebook.com\\\/journal.voxsahel\"]},{\"@type\":\"Person\",\"@id\":\"https:\\\/\\\/voxsahel.com\\\/#\\\/schema\\\/person\\\/b4043608248f8fa227cd760e7ff1e19e\",\"name\":\"Vox Sahel\",\"image\":{\"@type\":\"ImageObject\",\"inLanguage\":\"fr-FR\",\"@id\":\"https:\\\/\\\/secure.gravatar.com\\\/avatar\\\/f70e7fa0cb9b29d4a7c5788d6eb2e9ab4d3135cbae1c9161810fdf77a8964699?s=96&d=mm&r=g\",\"url\":\"https:\\\/\\\/secure.gravatar.com\\\/avatar\\\/f70e7fa0cb9b29d4a7c5788d6eb2e9ab4d3135cbae1c9161810fdf77a8964699?s=96&d=mm&r=g\",\"contentUrl\":\"https:\\\/\\\/secure.gravatar.com\\\/avatar\\\/f70e7fa0cb9b29d4a7c5788d6eb2e9ab4d3135cbae1c9161810fdf77a8964699?s=96&d=mm&r=g\",\"caption\":\"Vox Sahel\"},\"sameAs\":[\"http:\\\/\\\/www.voxsahel.com\"],\"url\":\"https:\\\/\\\/voxsahel.com\\\/?author=2\"}]}<\/script>\n<!-- \/ Yoast SEO plugin. -->","yoast_head_json":{"title":"Mondiaux d\u2019Art Culinaire et P\u00e2tisserie : Le \u00ab Babenda \u00bb du Burkina sacr\u00e9 meilleur plat traditionnel du monde - Vox Sahel","robots":{"index":"index","follow":"follow","max-snippet":"max-snippet:-1","max-image-preview":"max-image-preview:large","max-video-preview":"max-video-preview:-1"},"canonical":"https:\/\/voxsahel.com\/?p=1436","og_locale":"fr_FR","og_type":"article","og_title":"Mondiaux d\u2019Art Culinaire et P\u00e2tisserie : Le \u00ab Babenda \u00bb du Burkina sacr\u00e9 meilleur plat traditionnel du monde - Vox Sahel","og_description":"Le Burkina Faso a brill\u00e9 lors de la quatri\u00e8me \u00e9dition du Championnat du monde des","og_url":"https:\/\/voxsahel.com\/?p=1436","og_site_name":"Vox Sahel","article_publisher":"https:\/\/www.facebook.com\/journal.voxsahel","article_published_time":"2025-02-20T10:21:24+00:00","article_modified_time":"2025-02-20T10:27:00+00:00","og_image":[{"width":1536,"height":2048,"url":"https:\/\/voxsahel.com\/wp-content\/uploads\/2025\/02\/IMG_7107.jpeg","type":"image\/jpeg"}],"author":"Vox Sahel","twitter_card":"summary_large_image","twitter_misc":{"\u00c9crit par":"Vox Sahel","Dur\u00e9e de lecture estim\u00e9e":"3 minutes"},"schema":{"@context":"https:\/\/schema.org","@graph":[{"@type":"Article","@id":"https:\/\/voxsahel.com\/?p=1436#article","isPartOf":{"@id":"https:\/\/voxsahel.com\/?p=1436"},"author":{"name":"Vox Sahel","@id":"https:\/\/voxsahel.com\/#\/schema\/person\/b4043608248f8fa227cd760e7ff1e19e"},"headline":"Mondiaux d\u2019Art Culinaire et P\u00e2tisserie : Le \u00ab Babenda \u00bb du Burkina sacr\u00e9 meilleur plat traditionnel du monde","datePublished":"2025-02-20T10:21:24+00:00","dateModified":"2025-02-20T10:27:00+00:00","mainEntityOfPage":{"@id":"https:\/\/voxsahel.com\/?p=1436"},"wordCount":476,"commentCount":0,"publisher":{"@id":"https:\/\/voxsahel.com\/#organization"},"image":{"@id":"https:\/\/voxsahel.com\/?p=1436#primaryimage"},"thumbnailUrl":"https:\/\/voxsahel.com\/wp-content\/uploads\/2025\/02\/IMG_7107.jpeg","keywords":["Babenda","Burkina Faso","Championnat du monde des Arts culinaires et de la p\u00e2tisserie","Cuisine","Culture","Hammamet","Tunisie"],"articleSection":["CULTURE"],"inLanguage":"fr-FR","potentialAction":[{"@type":"CommentAction","name":"Comment","target":["https:\/\/voxsahel.com\/?p=1436#respond"]}]},{"@type":"WebPage","@id":"https:\/\/voxsahel.com\/?p=1436","url":"https:\/\/voxsahel.com\/?p=1436","name":"Mondiaux d\u2019Art Culinaire et P\u00e2tisserie : Le \u00ab Babenda \u00bb du Burkina sacr\u00e9 meilleur plat traditionnel du monde - Vox Sahel","isPartOf":{"@id":"https:\/\/voxsahel.com\/#website"},"primaryImageOfPage":{"@id":"https:\/\/voxsahel.com\/?p=1436#primaryimage"},"image":{"@id":"https:\/\/voxsahel.com\/?p=1436#primaryimage"},"thumbnailUrl":"https:\/\/voxsahel.com\/wp-content\/uploads\/2025\/02\/IMG_7107.jpeg","datePublished":"2025-02-20T10:21:24+00:00","dateModified":"2025-02-20T10:27:00+00:00","breadcrumb":{"@id":"https:\/\/voxsahel.com\/?p=1436#breadcrumb"},"inLanguage":"fr-FR","potentialAction":[{"@type":"ReadAction","target":["https:\/\/voxsahel.com\/?p=1436"]}]},{"@type":"ImageObject","inLanguage":"fr-FR","@id":"https:\/\/voxsahel.com\/?p=1436#primaryimage","url":"https:\/\/voxsahel.com\/wp-content\/uploads\/2025\/02\/IMG_7107.jpeg","contentUrl":"https:\/\/voxsahel.com\/wp-content\/uploads\/2025\/02\/IMG_7107.jpeg","width":1536,"height":2048},{"@type":"BreadcrumbList","@id":"https:\/\/voxsahel.com\/?p=1436#breadcrumb","itemListElement":[{"@type":"ListItem","position":1,"name":"Home","item":"https:\/\/voxsahel.com\/"},{"@type":"ListItem","position":2,"name":"Mondiaux d\u2019Art Culinaire et P\u00e2tisserie : Le \u00ab Babenda \u00bb du Burkina sacr\u00e9 meilleur plat traditionnel du monde"}]},{"@type":"WebSite","@id":"https:\/\/voxsahel.com\/#website","url":"https:\/\/voxsahel.com\/","name":"Vox Sahel","description":"Informez-vous sur le Sahel en un clic","publisher":{"@id":"https:\/\/voxsahel.com\/#organization"},"potentialAction":[{"@type":"SearchAction","target":{"@type":"EntryPoint","urlTemplate":"https:\/\/voxsahel.com\/?s={search_term_string}"},"query-input":{"@type":"PropertyValueSpecification","valueRequired":true,"valueName":"search_term_string"}}],"inLanguage":"fr-FR"},{"@type":"Organization","@id":"https:\/\/voxsahel.com\/#organization","name":"Vox Sahel","url":"https:\/\/voxsahel.com\/","logo":{"@type":"ImageObject","inLanguage":"fr-FR","@id":"https:\/\/voxsahel.com\/#\/schema\/logo\/image\/","url":"https:\/\/voxsahel.com\/wp-content\/uploads\/2024\/09\/Logo-Vox-Sahel.jpg","contentUrl":"https:\/\/voxsahel.com\/wp-content\/uploads\/2024\/09\/Logo-Vox-Sahel.jpg","width":1181,"height":848,"caption":"Vox Sahel"},"image":{"@id":"https:\/\/voxsahel.com\/#\/schema\/logo\/image\/"},"sameAs":["https:\/\/www.facebook.com\/journal.voxsahel"]},{"@type":"Person","@id":"https:\/\/voxsahel.com\/#\/schema\/person\/b4043608248f8fa227cd760e7ff1e19e","name":"Vox Sahel","image":{"@type":"ImageObject","inLanguage":"fr-FR","@id":"https:\/\/secure.gravatar.com\/avatar\/f70e7fa0cb9b29d4a7c5788d6eb2e9ab4d3135cbae1c9161810fdf77a8964699?s=96&d=mm&r=g","url":"https:\/\/secure.gravatar.com\/avatar\/f70e7fa0cb9b29d4a7c5788d6eb2e9ab4d3135cbae1c9161810fdf77a8964699?s=96&d=mm&r=g","contentUrl":"https:\/\/secure.gravatar.com\/avatar\/f70e7fa0cb9b29d4a7c5788d6eb2e9ab4d3135cbae1c9161810fdf77a8964699?s=96&d=mm&r=g","caption":"Vox Sahel"},"sameAs":["http:\/\/www.voxsahel.com"],"url":"https:\/\/voxsahel.com\/?author=2"}]}},"_links":{"self":[{"href":"https:\/\/voxsahel.com\/index.php?rest_route=\/wp\/v2\/posts\/1436","targetHints":{"allow":["GET"]}}],"collection":[{"href":"https:\/\/voxsahel.com\/index.php?rest_route=\/wp\/v2\/posts"}],"about":[{"href":"https:\/\/voxsahel.com\/index.php?rest_route=\/wp\/v2\/types\/post"}],"author":[{"embeddable":true,"href":"https:\/\/voxsahel.com\/index.php?rest_route=\/wp\/v2\/users\/2"}],"replies":[{"embeddable":true,"href":"https:\/\/voxsahel.com\/index.php?rest_route=%2Fwp%2Fv2%2Fcomments&post=1436"}],"version-history":[{"count":3,"href":"https:\/\/voxsahel.com\/index.php?rest_route=\/wp\/v2\/posts\/1436\/revisions"}],"predecessor-version":[{"id":1440,"href":"https:\/\/voxsahel.com\/index.php?rest_route=\/wp\/v2\/posts\/1436\/revisions\/1440"}],"wp:featuredmedia":[{"embeddable":true,"href":"https:\/\/voxsahel.com\/index.php?rest_route=\/wp\/v2\/media\/1437"}],"wp:attachment":[{"href":"https:\/\/voxsahel.com\/index.php?rest_route=%2Fwp%2Fv2%2Fmedia&parent=1436"}],"wp:term":[{"taxonomy":"category","embeddable":true,"href":"https:\/\/voxsahel.com\/index.php?rest_route=%2Fwp%2Fv2%2Fcategories&post=1436"},{"taxonomy":"post_tag","embeddable":true,"href":"https:\/\/voxsahel.com\/index.php?rest_route=%2Fwp%2Fv2%2Ftags&post=1436"}],"curies":[{"name":"wp","href":"https:\/\/api.w.org\/{rel}","templated":true}]}}