{"id":1430,"date":"2025-02-19T15:23:48","date_gmt":"2025-02-19T15:23:48","guid":{"rendered":"https:\/\/voxsahel.com\/?p=1430"},"modified":"2025-02-19T15:23:48","modified_gmt":"2025-02-19T15:23:48","slug":"fespaco-2025-huit-sites-identifies-pour-les-projections","status":"publish","type":"post","link":"https:\/\/voxsahel.com\/?p=1430","title":{"rendered":"FESPACO 2025 : Huit sites identifi\u00e9s pour les projections"},"content":{"rendered":"<p class=\"p1\"><span class=\"s1\">Le Festival panafricain du Cin\u00e9ma et de la T\u00e9l\u00e9vision de Ouagadougou (FESPACO) ouvre officiellement ses portes le 22 f\u00e9vrier 2025 \u00e0 Ouagadougou. Cette 29e \u00e9dition, qui r\u00e9unit le meilleur du cin\u00e9ma africain, proposera des projections dans huit sites strat\u00e9giques de la capitale burkinab\u00e8.<\/span><\/p>\n<p class=\"p1\"><span class=\"s1\">Le ministre de la Communication, de la Culture, des Arts et du Tourisme, Pingdwend\u00e9 Gilbert Ou\u00e9draogo, a annonc\u00e9 les lieux retenus pour accueillir les projections. Il s&rsquo;agit du Cin\u00e9 Burkina, du Canal Olympia Ouaga 2000, du Canal Olympia Pissy, du si\u00e8ge du FESPACO, du CENASA, de la Mairie centrale (salle des f\u00eates et salle des d\u00e9lib\u00e9rations), ainsi que de la Salle Ex Conseil \u00c9conomique et Social (CES).<\/span><\/p>\n<p class=\"p1\"><span class=\"s1\">Dans un appel solennel, le ministre invite tous les Burkinab\u00e8, les habitants de Ouagadougou et des communes voisines \u00e0 prendre part massivement aux projections. Il s&rsquo;agit non seulement de c\u00e9l\u00e9brer le talent des cin\u00e9astes africains, mais aussi de renforcer l&rsquo;industrie cin\u00e9matographique du continent en mettant en lumi\u00e8re des \u0153uvres innovantes et engag\u00e9es.<\/span><\/p>\n<p class=\"p1\"><span class=\"s1\">Le FESPACO, cr\u00e9\u00e9 en 1969, demeure l&rsquo;un des plus grands rendez-vous du cin\u00e9ma africain. Cette \u00e9dition 2025 s&rsquo;annonce riche en d\u00e9couvertes et en \u00e9motions, offrant au public une vari\u00e9t\u00e9 de films inspirants et porteurs de messages forts.<\/span><\/p>\n<p class=\"p1\"><span class=\"s1\">Les organisateurs et les professionnels du secteur comptent sur l&rsquo;engouement du public pour faire de cet \u00e9v\u00e9nement une r\u00e9ussite inoubliable. Rendez-vous donc \u00e0 partir du 22 f\u00e9vrier 2025 dans les salles obscures de Ouagadougou pour vivre pleinement la magie du septi\u00e8me art africain. <\/span><\/p>\n","protected":false},"excerpt":{"rendered":"<p>Le Festival panafricain du Cin\u00e9ma et de la T\u00e9l\u00e9vision de Ouagadougou (FESPACO) ouvre officiellement ses<\/p>\n","protected":false},"author":2,"featured_media":1431,"comment_status":"open","ping_status":"open","sticky":false,"template":"","format":"standard","meta":{"_et_pb_use_builder":"","_et_pb_old_content":"","_et_gb_content_width":"","footnotes":""},"categories":[13],"tags":[18,295,615,616,617,103,198],"class_list":["post-1430","post","type-post","status-publish","format-standard","has-post-thumbnail","hentry","category-culture","tag-burkina-faso","tag-cinema","tag-fespaco","tag-fespaco-2025","tag-festival-panafricain-du-cinema-et-de-la-television-de-ouagadougou","tag-ouagadougou","tag-tchad"],"yoast_head":"<!-- This site is optimized with the Yoast SEO plugin v27.5 - https:\/\/yoast.com\/product\/yoast-seo-wordpress\/ -->\n<title>FESPACO 2025 : Huit sites identifi\u00e9s pour les projections - Vox Sahel<\/title>\n<meta name=\"robots\" content=\"index, follow, max-snippet:-1, max-image-preview:large, max-video-preview:-1\" \/>\n<link rel=\"canonical\" href=\"https:\/\/voxsahel.com\/?p=1430\" \/>\n<meta property=\"og:locale\" content=\"fr_FR\" \/>\n<meta property=\"og:type\" content=\"article\" \/>\n<meta property=\"og:title\" content=\"FESPACO 2025 : Huit sites identifi\u00e9s pour les projections - Vox Sahel\" \/>\n<meta property=\"og:description\" content=\"Le Festival panafricain du Cin\u00e9ma et de la T\u00e9l\u00e9vision de Ouagadougou (FESPACO) ouvre officiellement ses\" \/>\n<meta property=\"og:url\" content=\"https:\/\/voxsahel.com\/?p=1430\" \/>\n<meta property=\"og:site_name\" content=\"Vox Sahel\" \/>\n<meta property=\"article:publisher\" content=\"https:\/\/www.facebook.com\/journal.voxsahel\" \/>\n<meta property=\"article:published_time\" content=\"2025-02-19T15:23:48+00:00\" \/>\n<meta property=\"og:image\" content=\"https:\/\/voxsahel.com\/wp-content\/uploads\/2025\/02\/IMG_6573.jpeg\" \/>\n\t<meta property=\"og:image:width\" content=\"1459\" \/>\n\t<meta property=\"og:image:height\" content=\"1459\" \/>\n\t<meta property=\"og:image:type\" content=\"image\/jpeg\" \/>\n<meta name=\"author\" content=\"Vox Sahel\" \/>\n<meta name=\"twitter:card\" content=\"summary_large_image\" \/>\n<meta name=\"twitter:label1\" content=\"\u00c9crit par\" \/>\n\t<meta name=\"twitter:data1\" content=\"Vox Sahel\" \/>\n\t<meta name=\"twitter:label2\" content=\"Dur\u00e9e de lecture estim\u00e9e\" \/>\n\t<meta name=\"twitter:data2\" content=\"2 minutes\" \/>\n<script type=\"application\/ld+json\" class=\"yoast-schema-graph\">{\"@context\":\"https:\\\/\\\/schema.org\",\"@graph\":[{\"@type\":\"Article\",\"@id\":\"https:\\\/\\\/voxsahel.com\\\/?p=1430#article\",\"isPartOf\":{\"@id\":\"https:\\\/\\\/voxsahel.com\\\/?p=1430\"},\"author\":{\"name\":\"Vox Sahel\",\"@id\":\"https:\\\/\\\/voxsahel.com\\\/#\\\/schema\\\/person\\\/b4043608248f8fa227cd760e7ff1e19e\"},\"headline\":\"FESPACO 2025 : Huit sites identifi\u00e9s pour les projections\",\"datePublished\":\"2025-02-19T15:23:48+00:00\",\"mainEntityOfPage\":{\"@id\":\"https:\\\/\\\/voxsahel.com\\\/?p=1430\"},\"wordCount\":271,\"commentCount\":0,\"publisher\":{\"@id\":\"https:\\\/\\\/voxsahel.com\\\/#organization\"},\"image\":{\"@id\":\"https:\\\/\\\/voxsahel.com\\\/?p=1430#primaryimage\"},\"thumbnailUrl\":\"https:\\\/\\\/voxsahel.com\\\/wp-content\\\/uploads\\\/2025\\\/02\\\/IMG_6573.jpeg\",\"keywords\":[\"Burkina Faso\",\"Cinema\",\"Fespaco\",\"FESPACO 2025\",\"Festival panafricain du Cin\u00e9ma et de la T\u00e9l\u00e9vision de Ouagadougou\",\"Ouagadougou\",\"Tchad\"],\"articleSection\":[\"CULTURE\"],\"inLanguage\":\"fr-FR\",\"potentialAction\":[{\"@type\":\"CommentAction\",\"name\":\"Comment\",\"target\":[\"https:\\\/\\\/voxsahel.com\\\/?p=1430#respond\"]}]},{\"@type\":\"WebPage\",\"@id\":\"https:\\\/\\\/voxsahel.com\\\/?p=1430\",\"url\":\"https:\\\/\\\/voxsahel.com\\\/?p=1430\",\"name\":\"FESPACO 2025 : Huit sites identifi\u00e9s pour les projections - Vox Sahel\",\"isPartOf\":{\"@id\":\"https:\\\/\\\/voxsahel.com\\\/#website\"},\"primaryImageOfPage\":{\"@id\":\"https:\\\/\\\/voxsahel.com\\\/?p=1430#primaryimage\"},\"image\":{\"@id\":\"https:\\\/\\\/voxsahel.com\\\/?p=1430#primaryimage\"},\"thumbnailUrl\":\"https:\\\/\\\/voxsahel.com\\\/wp-content\\\/uploads\\\/2025\\\/02\\\/IMG_6573.jpeg\",\"datePublished\":\"2025-02-19T15:23:48+00:00\",\"breadcrumb\":{\"@id\":\"https:\\\/\\\/voxsahel.com\\\/?p=1430#breadcrumb\"},\"inLanguage\":\"fr-FR\",\"potentialAction\":[{\"@type\":\"ReadAction\",\"target\":[\"https:\\\/\\\/voxsahel.com\\\/?p=1430\"]}]},{\"@type\":\"ImageObject\",\"inLanguage\":\"fr-FR\",\"@id\":\"https:\\\/\\\/voxsahel.com\\\/?p=1430#primaryimage\",\"url\":\"https:\\\/\\\/voxsahel.com\\\/wp-content\\\/uploads\\\/2025\\\/02\\\/IMG_6573.jpeg\",\"contentUrl\":\"https:\\\/\\\/voxsahel.com\\\/wp-content\\\/uploads\\\/2025\\\/02\\\/IMG_6573.jpeg\",\"width\":1459,\"height\":1459},{\"@type\":\"BreadcrumbList\",\"@id\":\"https:\\\/\\\/voxsahel.com\\\/?p=1430#breadcrumb\",\"itemListElement\":[{\"@type\":\"ListItem\",\"position\":1,\"name\":\"Home\",\"item\":\"https:\\\/\\\/voxsahel.com\\\/\"},{\"@type\":\"ListItem\",\"position\":2,\"name\":\"FESPACO 2025 : Huit sites identifi\u00e9s pour les projections\"}]},{\"@type\":\"WebSite\",\"@id\":\"https:\\\/\\\/voxsahel.com\\\/#website\",\"url\":\"https:\\\/\\\/voxsahel.com\\\/\",\"name\":\"Vox Sahel\",\"description\":\"Informez-vous sur le Sahel en un clic\",\"publisher\":{\"@id\":\"https:\\\/\\\/voxsahel.com\\\/#organization\"},\"potentialAction\":[{\"@type\":\"SearchAction\",\"target\":{\"@type\":\"EntryPoint\",\"urlTemplate\":\"https:\\\/\\\/voxsahel.com\\\/?s={search_term_string}\"},\"query-input\":{\"@type\":\"PropertyValueSpecification\",\"valueRequired\":true,\"valueName\":\"search_term_string\"}}],\"inLanguage\":\"fr-FR\"},{\"@type\":\"Organization\",\"@id\":\"https:\\\/\\\/voxsahel.com\\\/#organization\",\"name\":\"Vox Sahel\",\"url\":\"https:\\\/\\\/voxsahel.com\\\/\",\"logo\":{\"@type\":\"ImageObject\",\"inLanguage\":\"fr-FR\",\"@id\":\"https:\\\/\\\/voxsahel.com\\\/#\\\/schema\\\/logo\\\/image\\\/\",\"url\":\"https:\\\/\\\/voxsahel.com\\\/wp-content\\\/uploads\\\/2024\\\/09\\\/Logo-Vox-Sahel.jpg\",\"contentUrl\":\"https:\\\/\\\/voxsahel.com\\\/wp-content\\\/uploads\\\/2024\\\/09\\\/Logo-Vox-Sahel.jpg\",\"width\":1181,\"height\":848,\"caption\":\"Vox Sahel\"},\"image\":{\"@id\":\"https:\\\/\\\/voxsahel.com\\\/#\\\/schema\\\/logo\\\/image\\\/\"},\"sameAs\":[\"https:\\\/\\\/www.facebook.com\\\/journal.voxsahel\"]},{\"@type\":\"Person\",\"@id\":\"https:\\\/\\\/voxsahel.com\\\/#\\\/schema\\\/person\\\/b4043608248f8fa227cd760e7ff1e19e\",\"name\":\"Vox Sahel\",\"image\":{\"@type\":\"ImageObject\",\"inLanguage\":\"fr-FR\",\"@id\":\"https:\\\/\\\/secure.gravatar.com\\\/avatar\\\/f70e7fa0cb9b29d4a7c5788d6eb2e9ab4d3135cbae1c9161810fdf77a8964699?s=96&d=mm&r=g\",\"url\":\"https:\\\/\\\/secure.gravatar.com\\\/avatar\\\/f70e7fa0cb9b29d4a7c5788d6eb2e9ab4d3135cbae1c9161810fdf77a8964699?s=96&d=mm&r=g\",\"contentUrl\":\"https:\\\/\\\/secure.gravatar.com\\\/avatar\\\/f70e7fa0cb9b29d4a7c5788d6eb2e9ab4d3135cbae1c9161810fdf77a8964699?s=96&d=mm&r=g\",\"caption\":\"Vox Sahel\"},\"sameAs\":[\"http:\\\/\\\/www.voxsahel.com\"],\"url\":\"https:\\\/\\\/voxsahel.com\\\/?author=2\"}]}<\/script>\n<!-- \/ Yoast SEO plugin. -->","yoast_head_json":{"title":"FESPACO 2025 : Huit sites identifi\u00e9s pour les projections - Vox Sahel","robots":{"index":"index","follow":"follow","max-snippet":"max-snippet:-1","max-image-preview":"max-image-preview:large","max-video-preview":"max-video-preview:-1"},"canonical":"https:\/\/voxsahel.com\/?p=1430","og_locale":"fr_FR","og_type":"article","og_title":"FESPACO 2025 : Huit sites identifi\u00e9s pour les projections - Vox Sahel","og_description":"Le Festival panafricain du Cin\u00e9ma et de la T\u00e9l\u00e9vision de Ouagadougou (FESPACO) ouvre officiellement ses","og_url":"https:\/\/voxsahel.com\/?p=1430","og_site_name":"Vox Sahel","article_publisher":"https:\/\/www.facebook.com\/journal.voxsahel","article_published_time":"2025-02-19T15:23:48+00:00","og_image":[{"width":1459,"height":1459,"url":"https:\/\/voxsahel.com\/wp-content\/uploads\/2025\/02\/IMG_6573.jpeg","type":"image\/jpeg"}],"author":"Vox Sahel","twitter_card":"summary_large_image","twitter_misc":{"\u00c9crit par":"Vox Sahel","Dur\u00e9e de lecture estim\u00e9e":"2 minutes"},"schema":{"@context":"https:\/\/schema.org","@graph":[{"@type":"Article","@id":"https:\/\/voxsahel.com\/?p=1430#article","isPartOf":{"@id":"https:\/\/voxsahel.com\/?p=1430"},"author":{"name":"Vox Sahel","@id":"https:\/\/voxsahel.com\/#\/schema\/person\/b4043608248f8fa227cd760e7ff1e19e"},"headline":"FESPACO 2025 : Huit sites identifi\u00e9s pour les projections","datePublished":"2025-02-19T15:23:48+00:00","mainEntityOfPage":{"@id":"https:\/\/voxsahel.com\/?p=1430"},"wordCount":271,"commentCount":0,"publisher":{"@id":"https:\/\/voxsahel.com\/#organization"},"image":{"@id":"https:\/\/voxsahel.com\/?p=1430#primaryimage"},"thumbnailUrl":"https:\/\/voxsahel.com\/wp-content\/uploads\/2025\/02\/IMG_6573.jpeg","keywords":["Burkina Faso","Cinema","Fespaco","FESPACO 2025","Festival panafricain du Cin\u00e9ma et de la T\u00e9l\u00e9vision de Ouagadougou","Ouagadougou","Tchad"],"articleSection":["CULTURE"],"inLanguage":"fr-FR","potentialAction":[{"@type":"CommentAction","name":"Comment","target":["https:\/\/voxsahel.com\/?p=1430#respond"]}]},{"@type":"WebPage","@id":"https:\/\/voxsahel.com\/?p=1430","url":"https:\/\/voxsahel.com\/?p=1430","name":"FESPACO 2025 : Huit sites identifi\u00e9s pour les projections - Vox Sahel","isPartOf":{"@id":"https:\/\/voxsahel.com\/#website"},"primaryImageOfPage":{"@id":"https:\/\/voxsahel.com\/?p=1430#primaryimage"},"image":{"@id":"https:\/\/voxsahel.com\/?p=1430#primaryimage"},"thumbnailUrl":"https:\/\/voxsahel.com\/wp-content\/uploads\/2025\/02\/IMG_6573.jpeg","datePublished":"2025-02-19T15:23:48+00:00","breadcrumb":{"@id":"https:\/\/voxsahel.com\/?p=1430#breadcrumb"},"inLanguage":"fr-FR","potentialAction":[{"@type":"ReadAction","target":["https:\/\/voxsahel.com\/?p=1430"]}]},{"@type":"ImageObject","inLanguage":"fr-FR","@id":"https:\/\/voxsahel.com\/?p=1430#primaryimage","url":"https:\/\/voxsahel.com\/wp-content\/uploads\/2025\/02\/IMG_6573.jpeg","contentUrl":"https:\/\/voxsahel.com\/wp-content\/uploads\/2025\/02\/IMG_6573.jpeg","width":1459,"height":1459},{"@type":"BreadcrumbList","@id":"https:\/\/voxsahel.com\/?p=1430#breadcrumb","itemListElement":[{"@type":"ListItem","position":1,"name":"Home","item":"https:\/\/voxsahel.com\/"},{"@type":"ListItem","position":2,"name":"FESPACO 2025 : Huit sites identifi\u00e9s pour les projections"}]},{"@type":"WebSite","@id":"https:\/\/voxsahel.com\/#website","url":"https:\/\/voxsahel.com\/","name":"Vox Sahel","description":"Informez-vous sur le Sahel en un clic","publisher":{"@id":"https:\/\/voxsahel.com\/#organization"},"potentialAction":[{"@type":"SearchAction","target":{"@type":"EntryPoint","urlTemplate":"https:\/\/voxsahel.com\/?s={search_term_string}"},"query-input":{"@type":"PropertyValueSpecification","valueRequired":true,"valueName":"search_term_string"}}],"inLanguage":"fr-FR"},{"@type":"Organization","@id":"https:\/\/voxsahel.com\/#organization","name":"Vox Sahel","url":"https:\/\/voxsahel.com\/","logo":{"@type":"ImageObject","inLanguage":"fr-FR","@id":"https:\/\/voxsahel.com\/#\/schema\/logo\/image\/","url":"https:\/\/voxsahel.com\/wp-content\/uploads\/2024\/09\/Logo-Vox-Sahel.jpg","contentUrl":"https:\/\/voxsahel.com\/wp-content\/uploads\/2024\/09\/Logo-Vox-Sahel.jpg","width":1181,"height":848,"caption":"Vox Sahel"},"image":{"@id":"https:\/\/voxsahel.com\/#\/schema\/logo\/image\/"},"sameAs":["https:\/\/www.facebook.com\/journal.voxsahel"]},{"@type":"Person","@id":"https:\/\/voxsahel.com\/#\/schema\/person\/b4043608248f8fa227cd760e7ff1e19e","name":"Vox Sahel","image":{"@type":"ImageObject","inLanguage":"fr-FR","@id":"https:\/\/secure.gravatar.com\/avatar\/f70e7fa0cb9b29d4a7c5788d6eb2e9ab4d3135cbae1c9161810fdf77a8964699?s=96&d=mm&r=g","url":"https:\/\/secure.gravatar.com\/avatar\/f70e7fa0cb9b29d4a7c5788d6eb2e9ab4d3135cbae1c9161810fdf77a8964699?s=96&d=mm&r=g","contentUrl":"https:\/\/secure.gravatar.com\/avatar\/f70e7fa0cb9b29d4a7c5788d6eb2e9ab4d3135cbae1c9161810fdf77a8964699?s=96&d=mm&r=g","caption":"Vox Sahel"},"sameAs":["http:\/\/www.voxsahel.com"],"url":"https:\/\/voxsahel.com\/?author=2"}]}},"_links":{"self":[{"href":"https:\/\/voxsahel.com\/index.php?rest_route=\/wp\/v2\/posts\/1430","targetHints":{"allow":["GET"]}}],"collection":[{"href":"https:\/\/voxsahel.com\/index.php?rest_route=\/wp\/v2\/posts"}],"about":[{"href":"https:\/\/voxsahel.com\/index.php?rest_route=\/wp\/v2\/types\/post"}],"author":[{"embeddable":true,"href":"https:\/\/voxsahel.com\/index.php?rest_route=\/wp\/v2\/users\/2"}],"replies":[{"embeddable":true,"href":"https:\/\/voxsahel.com\/index.php?rest_route=%2Fwp%2Fv2%2Fcomments&post=1430"}],"version-history":[{"count":1,"href":"https:\/\/voxsahel.com\/index.php?rest_route=\/wp\/v2\/posts\/1430\/revisions"}],"predecessor-version":[{"id":1432,"href":"https:\/\/voxsahel.com\/index.php?rest_route=\/wp\/v2\/posts\/1430\/revisions\/1432"}],"wp:featuredmedia":[{"embeddable":true,"href":"https:\/\/voxsahel.com\/index.php?rest_route=\/wp\/v2\/media\/1431"}],"wp:attachment":[{"href":"https:\/\/voxsahel.com\/index.php?rest_route=%2Fwp%2Fv2%2Fmedia&parent=1430"}],"wp:term":[{"taxonomy":"category","embeddable":true,"href":"https:\/\/voxsahel.com\/index.php?rest_route=%2Fwp%2Fv2%2Fcategories&post=1430"},{"taxonomy":"post_tag","embeddable":true,"href":"https:\/\/voxsahel.com\/index.php?rest_route=%2Fwp%2Fv2%2Ftags&post=1430"}],"curies":[{"name":"wp","href":"https:\/\/api.w.org\/{rel}","templated":true}]}}