{"id":1424,"date":"2025-02-18T18:20:57","date_gmt":"2025-02-18T18:20:57","guid":{"rendered":"https:\/\/voxsahel.com\/?p=1424"},"modified":"2025-02-18T18:20:57","modified_gmt":"2025-02-18T18:20:57","slug":"burkina-faso-hausse-de-24-du-prix-bord-champ-de-lanacarde-en-2025","status":"publish","type":"post","link":"https:\/\/voxsahel.com\/?p=1424","title":{"rendered":"Burkina Faso : hausse de 24 % du prix bord champ de l\u2019anacarde en 2025"},"content":{"rendered":"<p class=\"p1\">Le gouvernement burkinab\u00e8 a annonc\u00e9 une augmentation de 24 % du prix plancher d\u2019achat bord champ du kilogramme de noix de cajou pour la campagne 2025. D\u00e9sormais fix\u00e9 \u00e0 385 francs CFA (0,61 $), ce tarif marque une hausse de 75 francs CFA (0,12 $) par rapport au prix de l\u2019ann\u00e9e pr\u00e9c\u00e9dente, qui \u00e9tait de 310 francs CFA (0,49 $).<\/p>\n<p class=\"p1\"><span class=\"s1\">L\u2019annonce a \u00e9t\u00e9 faite lors du lancement officiel de la nouvelle campagne anacarde, qui s\u2019est tenu \u00e0 Banfora, une r\u00e9gion cl\u00e9 de la production de cajou au Burkina Faso. Cette revalorisation vise \u00e0 mieux r\u00e9mun\u00e9rer les producteurs et \u00e0 renforcer la comp\u00e9titivit\u00e9 du pays sur le march\u00e9 r\u00e9gional et international.<\/span><\/p>\n<p class=\"p1\"><span class=\"s1\">Un prix comp\u00e9titif en Afrique de l\u2019OuestAvec cette augmentation, le Burkina Faso se positionne favorablement par rapport \u00e0 certains pays voisins. Le nouveau prix burkinab\u00e8 d\u00e9passe ainsi le tarif fix\u00e9 au B\u00e9nin (375 francs CFA, soit 0,59 $), mais demeure inf\u00e9rieur \u00e0 celui de la C\u00f4te d\u2019Ivoire, o\u00f9 le kilogramme de noix de cajou est fix\u00e9 \u00e0 425 francs CFA (0,66 $).<\/span><\/p>\n<p class=\"p1\"><span class=\"s1\">Les acteurs de la fili\u00e8re anacarde au Burkina Faso ont salu\u00e9 cette hausse, qui devrait am\u00e9liorer les conditions de vie des producteurs et stimuler la production nationale. Toutefois, certains expriment encore des pr\u00e9occupations quant \u00e0 la transformation locale de la noix de cajou, un enjeu cl\u00e9 pour l\u2019\u00e9conomie nationale.<\/span><\/p>\n<p class=\"p1\"><span class=\"s1\">Un levier pour la fili\u00e8re anacardeL\u2019anacarde constitue un secteur strat\u00e9gique pour l\u2019\u00e9conomie burkinab\u00e8, avec des milliers de producteurs impliqu\u00e9s et une demande croissante sur le march\u00e9 international. Cette augmentation du prix bord champ pourrait encourager une production plus importante et de meilleure qualit\u00e9, tout en attirant davantage d\u2019investissements dans la transformation locale.<\/span><\/p>\n<p class=\"p1\"><span class=\"s1\">Le gouvernement burkinab\u00e8 entend poursuivre ses efforts pour accompagner les producteurs et structurer la fili\u00e8re, notamment \u00e0 travers des initiatives visant \u00e0 am\u00e9liorer la productivit\u00e9 et la commercialisation des noix de cajou.<\/span><\/p>\n<p class=\"p1\"><span class=\"s1\">Cette revalorisation tarifaire repr\u00e9sente donc une avanc\u00e9e significative pour le secteur anacardier au Burkina Faso, qui ambitionne de renforcer son r\u00f4le sur le march\u00e9 ouest-africain et international.<\/span><\/p>\n","protected":false},"excerpt":{"rendered":"<p>Le gouvernement burkinab\u00e8 a annonc\u00e9 une augmentation de 24 % du prix plancher d\u2019achat bord<\/p>\n","protected":false},"author":2,"featured_media":1425,"comment_status":"open","ping_status":"open","sticky":false,"template":"","format":"standard","meta":{"_et_pb_use_builder":"","_et_pb_old_content":"","_et_gb_content_width":"","footnotes":""},"categories":[8],"tags":[81,112,18],"class_list":["post-1424","post","type-post","status-publish","format-standard","has-post-thumbnail","hentry","category-developpement","tag-agriculture","tag-anacarde","tag-burkina-faso"],"yoast_head":"<!-- This site is optimized with the Yoast SEO plugin v27.5 - https:\/\/yoast.com\/product\/yoast-seo-wordpress\/ -->\n<title>Burkina Faso : hausse de 24 % du prix bord champ de l\u2019anacarde en 2025 - Vox Sahel<\/title>\n<meta name=\"robots\" content=\"index, follow, max-snippet:-1, max-image-preview:large, max-video-preview:-1\" \/>\n<link rel=\"canonical\" href=\"https:\/\/voxsahel.com\/?p=1424\" \/>\n<meta property=\"og:locale\" content=\"fr_FR\" \/>\n<meta property=\"og:type\" content=\"article\" \/>\n<meta property=\"og:title\" content=\"Burkina Faso : hausse de 24 % du prix bord champ de l\u2019anacarde en 2025 - Vox Sahel\" \/>\n<meta property=\"og:description\" content=\"Le gouvernement burkinab\u00e8 a annonc\u00e9 une augmentation de 24 % du prix plancher d\u2019achat bord\" \/>\n<meta property=\"og:url\" content=\"https:\/\/voxsahel.com\/?p=1424\" \/>\n<meta property=\"og:site_name\" content=\"Vox Sahel\" \/>\n<meta property=\"article:publisher\" content=\"https:\/\/www.facebook.com\/journal.voxsahel\" \/>\n<meta property=\"article:published_time\" content=\"2025-02-18T18:20:57+00:00\" \/>\n<meta property=\"og:image\" content=\"https:\/\/voxsahel.com\/wp-content\/uploads\/2025\/02\/IMG_6401.jpeg\" \/>\n\t<meta property=\"og:image:width\" content=\"450\" \/>\n\t<meta property=\"og:image:height\" content=\"308\" \/>\n\t<meta property=\"og:image:type\" content=\"image\/jpeg\" \/>\n<meta name=\"author\" content=\"Vox Sahel\" \/>\n<meta name=\"twitter:card\" content=\"summary_large_image\" \/>\n<meta name=\"twitter:label1\" content=\"\u00c9crit par\" \/>\n\t<meta name=\"twitter:data1\" content=\"Vox Sahel\" \/>\n\t<meta name=\"twitter:label2\" content=\"Dur\u00e9e de lecture estim\u00e9e\" \/>\n\t<meta name=\"twitter:data2\" content=\"2 minutes\" \/>\n<script type=\"application\/ld+json\" class=\"yoast-schema-graph\">{\"@context\":\"https:\\\/\\\/schema.org\",\"@graph\":[{\"@type\":\"Article\",\"@id\":\"https:\\\/\\\/voxsahel.com\\\/?p=1424#article\",\"isPartOf\":{\"@id\":\"https:\\\/\\\/voxsahel.com\\\/?p=1424\"},\"author\":{\"name\":\"Vox Sahel\",\"@id\":\"https:\\\/\\\/voxsahel.com\\\/#\\\/schema\\\/person\\\/b4043608248f8fa227cd760e7ff1e19e\"},\"headline\":\"Burkina Faso : hausse de 24 % du prix bord champ de l\u2019anacarde en 2025\",\"datePublished\":\"2025-02-18T18:20:57+00:00\",\"mainEntityOfPage\":{\"@id\":\"https:\\\/\\\/voxsahel.com\\\/?p=1424\"},\"wordCount\":351,\"commentCount\":0,\"publisher\":{\"@id\":\"https:\\\/\\\/voxsahel.com\\\/#organization\"},\"image\":{\"@id\":\"https:\\\/\\\/voxsahel.com\\\/?p=1424#primaryimage\"},\"thumbnailUrl\":\"https:\\\/\\\/voxsahel.com\\\/wp-content\\\/uploads\\\/2025\\\/02\\\/IMG_6401.jpeg\",\"keywords\":[\"Agriculture\",\"Anacarde\",\"Burkina Faso\"],\"articleSection\":[\"DEVELOPPEMENT\"],\"inLanguage\":\"fr-FR\",\"potentialAction\":[{\"@type\":\"CommentAction\",\"name\":\"Comment\",\"target\":[\"https:\\\/\\\/voxsahel.com\\\/?p=1424#respond\"]}]},{\"@type\":\"WebPage\",\"@id\":\"https:\\\/\\\/voxsahel.com\\\/?p=1424\",\"url\":\"https:\\\/\\\/voxsahel.com\\\/?p=1424\",\"name\":\"Burkina Faso : hausse de 24 % du prix bord champ de l\u2019anacarde en 2025 - Vox Sahel\",\"isPartOf\":{\"@id\":\"https:\\\/\\\/voxsahel.com\\\/#website\"},\"primaryImageOfPage\":{\"@id\":\"https:\\\/\\\/voxsahel.com\\\/?p=1424#primaryimage\"},\"image\":{\"@id\":\"https:\\\/\\\/voxsahel.com\\\/?p=1424#primaryimage\"},\"thumbnailUrl\":\"https:\\\/\\\/voxsahel.com\\\/wp-content\\\/uploads\\\/2025\\\/02\\\/IMG_6401.jpeg\",\"datePublished\":\"2025-02-18T18:20:57+00:00\",\"breadcrumb\":{\"@id\":\"https:\\\/\\\/voxsahel.com\\\/?p=1424#breadcrumb\"},\"inLanguage\":\"fr-FR\",\"potentialAction\":[{\"@type\":\"ReadAction\",\"target\":[\"https:\\\/\\\/voxsahel.com\\\/?p=1424\"]}]},{\"@type\":\"ImageObject\",\"inLanguage\":\"fr-FR\",\"@id\":\"https:\\\/\\\/voxsahel.com\\\/?p=1424#primaryimage\",\"url\":\"https:\\\/\\\/voxsahel.com\\\/wp-content\\\/uploads\\\/2025\\\/02\\\/IMG_6401.jpeg\",\"contentUrl\":\"https:\\\/\\\/voxsahel.com\\\/wp-content\\\/uploads\\\/2025\\\/02\\\/IMG_6401.jpeg\",\"width\":450,\"height\":308},{\"@type\":\"BreadcrumbList\",\"@id\":\"https:\\\/\\\/voxsahel.com\\\/?p=1424#breadcrumb\",\"itemListElement\":[{\"@type\":\"ListItem\",\"position\":1,\"name\":\"Home\",\"item\":\"https:\\\/\\\/voxsahel.com\\\/\"},{\"@type\":\"ListItem\",\"position\":2,\"name\":\"Burkina Faso : hausse de 24 % du prix bord champ de l\u2019anacarde en 2025\"}]},{\"@type\":\"WebSite\",\"@id\":\"https:\\\/\\\/voxsahel.com\\\/#website\",\"url\":\"https:\\\/\\\/voxsahel.com\\\/\",\"name\":\"Vox Sahel\",\"description\":\"Informez-vous sur le Sahel en un clic\",\"publisher\":{\"@id\":\"https:\\\/\\\/voxsahel.com\\\/#organization\"},\"potentialAction\":[{\"@type\":\"SearchAction\",\"target\":{\"@type\":\"EntryPoint\",\"urlTemplate\":\"https:\\\/\\\/voxsahel.com\\\/?s={search_term_string}\"},\"query-input\":{\"@type\":\"PropertyValueSpecification\",\"valueRequired\":true,\"valueName\":\"search_term_string\"}}],\"inLanguage\":\"fr-FR\"},{\"@type\":\"Organization\",\"@id\":\"https:\\\/\\\/voxsahel.com\\\/#organization\",\"name\":\"Vox Sahel\",\"url\":\"https:\\\/\\\/voxsahel.com\\\/\",\"logo\":{\"@type\":\"ImageObject\",\"inLanguage\":\"fr-FR\",\"@id\":\"https:\\\/\\\/voxsahel.com\\\/#\\\/schema\\\/logo\\\/image\\\/\",\"url\":\"https:\\\/\\\/voxsahel.com\\\/wp-content\\\/uploads\\\/2024\\\/09\\\/Logo-Vox-Sahel.jpg\",\"contentUrl\":\"https:\\\/\\\/voxsahel.com\\\/wp-content\\\/uploads\\\/2024\\\/09\\\/Logo-Vox-Sahel.jpg\",\"width\":1181,\"height\":848,\"caption\":\"Vox Sahel\"},\"image\":{\"@id\":\"https:\\\/\\\/voxsahel.com\\\/#\\\/schema\\\/logo\\\/image\\\/\"},\"sameAs\":[\"https:\\\/\\\/www.facebook.com\\\/journal.voxsahel\"]},{\"@type\":\"Person\",\"@id\":\"https:\\\/\\\/voxsahel.com\\\/#\\\/schema\\\/person\\\/b4043608248f8fa227cd760e7ff1e19e\",\"name\":\"Vox Sahel\",\"image\":{\"@type\":\"ImageObject\",\"inLanguage\":\"fr-FR\",\"@id\":\"https:\\\/\\\/secure.gravatar.com\\\/avatar\\\/f70e7fa0cb9b29d4a7c5788d6eb2e9ab4d3135cbae1c9161810fdf77a8964699?s=96&d=mm&r=g\",\"url\":\"https:\\\/\\\/secure.gravatar.com\\\/avatar\\\/f70e7fa0cb9b29d4a7c5788d6eb2e9ab4d3135cbae1c9161810fdf77a8964699?s=96&d=mm&r=g\",\"contentUrl\":\"https:\\\/\\\/secure.gravatar.com\\\/avatar\\\/f70e7fa0cb9b29d4a7c5788d6eb2e9ab4d3135cbae1c9161810fdf77a8964699?s=96&d=mm&r=g\",\"caption\":\"Vox Sahel\"},\"sameAs\":[\"http:\\\/\\\/www.voxsahel.com\"],\"url\":\"https:\\\/\\\/voxsahel.com\\\/?author=2\"}]}<\/script>\n<!-- \/ Yoast SEO plugin. -->","yoast_head_json":{"title":"Burkina Faso : hausse de 24 % du prix bord champ de l\u2019anacarde en 2025 - Vox Sahel","robots":{"index":"index","follow":"follow","max-snippet":"max-snippet:-1","max-image-preview":"max-image-preview:large","max-video-preview":"max-video-preview:-1"},"canonical":"https:\/\/voxsahel.com\/?p=1424","og_locale":"fr_FR","og_type":"article","og_title":"Burkina Faso : hausse de 24 % du prix bord champ de l\u2019anacarde en 2025 - Vox Sahel","og_description":"Le gouvernement burkinab\u00e8 a annonc\u00e9 une augmentation de 24 % du prix plancher d\u2019achat bord","og_url":"https:\/\/voxsahel.com\/?p=1424","og_site_name":"Vox Sahel","article_publisher":"https:\/\/www.facebook.com\/journal.voxsahel","article_published_time":"2025-02-18T18:20:57+00:00","og_image":[{"width":450,"height":308,"url":"https:\/\/voxsahel.com\/wp-content\/uploads\/2025\/02\/IMG_6401.jpeg","type":"image\/jpeg"}],"author":"Vox Sahel","twitter_card":"summary_large_image","twitter_misc":{"\u00c9crit par":"Vox Sahel","Dur\u00e9e de lecture estim\u00e9e":"2 minutes"},"schema":{"@context":"https:\/\/schema.org","@graph":[{"@type":"Article","@id":"https:\/\/voxsahel.com\/?p=1424#article","isPartOf":{"@id":"https:\/\/voxsahel.com\/?p=1424"},"author":{"name":"Vox Sahel","@id":"https:\/\/voxsahel.com\/#\/schema\/person\/b4043608248f8fa227cd760e7ff1e19e"},"headline":"Burkina Faso : hausse de 24 % du prix bord champ de l\u2019anacarde en 2025","datePublished":"2025-02-18T18:20:57+00:00","mainEntityOfPage":{"@id":"https:\/\/voxsahel.com\/?p=1424"},"wordCount":351,"commentCount":0,"publisher":{"@id":"https:\/\/voxsahel.com\/#organization"},"image":{"@id":"https:\/\/voxsahel.com\/?p=1424#primaryimage"},"thumbnailUrl":"https:\/\/voxsahel.com\/wp-content\/uploads\/2025\/02\/IMG_6401.jpeg","keywords":["Agriculture","Anacarde","Burkina Faso"],"articleSection":["DEVELOPPEMENT"],"inLanguage":"fr-FR","potentialAction":[{"@type":"CommentAction","name":"Comment","target":["https:\/\/voxsahel.com\/?p=1424#respond"]}]},{"@type":"WebPage","@id":"https:\/\/voxsahel.com\/?p=1424","url":"https:\/\/voxsahel.com\/?p=1424","name":"Burkina Faso : hausse de 24 % du prix bord champ de l\u2019anacarde en 2025 - Vox Sahel","isPartOf":{"@id":"https:\/\/voxsahel.com\/#website"},"primaryImageOfPage":{"@id":"https:\/\/voxsahel.com\/?p=1424#primaryimage"},"image":{"@id":"https:\/\/voxsahel.com\/?p=1424#primaryimage"},"thumbnailUrl":"https:\/\/voxsahel.com\/wp-content\/uploads\/2025\/02\/IMG_6401.jpeg","datePublished":"2025-02-18T18:20:57+00:00","breadcrumb":{"@id":"https:\/\/voxsahel.com\/?p=1424#breadcrumb"},"inLanguage":"fr-FR","potentialAction":[{"@type":"ReadAction","target":["https:\/\/voxsahel.com\/?p=1424"]}]},{"@type":"ImageObject","inLanguage":"fr-FR","@id":"https:\/\/voxsahel.com\/?p=1424#primaryimage","url":"https:\/\/voxsahel.com\/wp-content\/uploads\/2025\/02\/IMG_6401.jpeg","contentUrl":"https:\/\/voxsahel.com\/wp-content\/uploads\/2025\/02\/IMG_6401.jpeg","width":450,"height":308},{"@type":"BreadcrumbList","@id":"https:\/\/voxsahel.com\/?p=1424#breadcrumb","itemListElement":[{"@type":"ListItem","position":1,"name":"Home","item":"https:\/\/voxsahel.com\/"},{"@type":"ListItem","position":2,"name":"Burkina Faso : hausse de 24 % du prix bord champ de l\u2019anacarde en 2025"}]},{"@type":"WebSite","@id":"https:\/\/voxsahel.com\/#website","url":"https:\/\/voxsahel.com\/","name":"Vox Sahel","description":"Informez-vous sur le Sahel en un clic","publisher":{"@id":"https:\/\/voxsahel.com\/#organization"},"potentialAction":[{"@type":"SearchAction","target":{"@type":"EntryPoint","urlTemplate":"https:\/\/voxsahel.com\/?s={search_term_string}"},"query-input":{"@type":"PropertyValueSpecification","valueRequired":true,"valueName":"search_term_string"}}],"inLanguage":"fr-FR"},{"@type":"Organization","@id":"https:\/\/voxsahel.com\/#organization","name":"Vox Sahel","url":"https:\/\/voxsahel.com\/","logo":{"@type":"ImageObject","inLanguage":"fr-FR","@id":"https:\/\/voxsahel.com\/#\/schema\/logo\/image\/","url":"https:\/\/voxsahel.com\/wp-content\/uploads\/2024\/09\/Logo-Vox-Sahel.jpg","contentUrl":"https:\/\/voxsahel.com\/wp-content\/uploads\/2024\/09\/Logo-Vox-Sahel.jpg","width":1181,"height":848,"caption":"Vox Sahel"},"image":{"@id":"https:\/\/voxsahel.com\/#\/schema\/logo\/image\/"},"sameAs":["https:\/\/www.facebook.com\/journal.voxsahel"]},{"@type":"Person","@id":"https:\/\/voxsahel.com\/#\/schema\/person\/b4043608248f8fa227cd760e7ff1e19e","name":"Vox Sahel","image":{"@type":"ImageObject","inLanguage":"fr-FR","@id":"https:\/\/secure.gravatar.com\/avatar\/f70e7fa0cb9b29d4a7c5788d6eb2e9ab4d3135cbae1c9161810fdf77a8964699?s=96&d=mm&r=g","url":"https:\/\/secure.gravatar.com\/avatar\/f70e7fa0cb9b29d4a7c5788d6eb2e9ab4d3135cbae1c9161810fdf77a8964699?s=96&d=mm&r=g","contentUrl":"https:\/\/secure.gravatar.com\/avatar\/f70e7fa0cb9b29d4a7c5788d6eb2e9ab4d3135cbae1c9161810fdf77a8964699?s=96&d=mm&r=g","caption":"Vox Sahel"},"sameAs":["http:\/\/www.voxsahel.com"],"url":"https:\/\/voxsahel.com\/?author=2"}]}},"_links":{"self":[{"href":"https:\/\/voxsahel.com\/index.php?rest_route=\/wp\/v2\/posts\/1424","targetHints":{"allow":["GET"]}}],"collection":[{"href":"https:\/\/voxsahel.com\/index.php?rest_route=\/wp\/v2\/posts"}],"about":[{"href":"https:\/\/voxsahel.com\/index.php?rest_route=\/wp\/v2\/types\/post"}],"author":[{"embeddable":true,"href":"https:\/\/voxsahel.com\/index.php?rest_route=\/wp\/v2\/users\/2"}],"replies":[{"embeddable":true,"href":"https:\/\/voxsahel.com\/index.php?rest_route=%2Fwp%2Fv2%2Fcomments&post=1424"}],"version-history":[{"count":1,"href":"https:\/\/voxsahel.com\/index.php?rest_route=\/wp\/v2\/posts\/1424\/revisions"}],"predecessor-version":[{"id":1426,"href":"https:\/\/voxsahel.com\/index.php?rest_route=\/wp\/v2\/posts\/1424\/revisions\/1426"}],"wp:featuredmedia":[{"embeddable":true,"href":"https:\/\/voxsahel.com\/index.php?rest_route=\/wp\/v2\/media\/1425"}],"wp:attachment":[{"href":"https:\/\/voxsahel.com\/index.php?rest_route=%2Fwp%2Fv2%2Fmedia&parent=1424"}],"wp:term":[{"taxonomy":"category","embeddable":true,"href":"https:\/\/voxsahel.com\/index.php?rest_route=%2Fwp%2Fv2%2Fcategories&post=1424"},{"taxonomy":"post_tag","embeddable":true,"href":"https:\/\/voxsahel.com\/index.php?rest_route=%2Fwp%2Fv2%2Ftags&post=1424"}],"curies":[{"name":"wp","href":"https:\/\/api.w.org\/{rel}","templated":true}]}}