{"id":1415,"date":"2025-02-15T20:07:57","date_gmt":"2025-02-15T20:07:57","guid":{"rendered":"https:\/\/voxsahel.com\/?p=1415"},"modified":"2025-02-15T20:07:57","modified_gmt":"2025-02-15T20:07:57","slug":"coexistence-pacifique-entre-religions-au-burkina-lusip-sensibilise-a-travers-une-conference-publique","status":"publish","type":"post","link":"https:\/\/voxsahel.com\/?p=1415","title":{"rendered":"Coexistence pacifique entre religions au Burkina: L&rsquo;USIP sensibilise \u00e0 travers une conf\u00e9rence publique"},"content":{"rendered":"<p class=\"p1\">L&rsquo;Union pour le service de l&rsquo;Islam et de la Patrie (USIP) a organis\u00e9 une conf\u00e9rence publique \u00e0 Ouagadougou le 15 f\u00e9vrier 2025, autour du th\u00e8me \u00ab Une bonne compr\u00e9hension est la base d\u2019une coexistence pacifique \u00bb. Cette rencontre visait \u00e0 promouvoir la coh\u00e9sion sociale et la tol\u00e9rance entre les diff\u00e9rentes communaut\u00e9s religieuses du Burkina Faso.<\/p>\n<p class=\"p1\"><span class=\"s1\">Soumaila Donyir\u00e9, pr\u00e9sident de l&rsquo;USIP, a soulign\u00e9 que l&rsquo;objectif de cette conf\u00e9rence \u00e9tait de combattre la radicalisation et l&rsquo;extr\u00e9misme violent, en insistant sur l&rsquo;importance de comprendre les diverses croyances pour b\u00e2tir une soci\u00e9t\u00e9 harmonieuse. <\/span><\/p>\n<p class=\"p1\"><span class=\"s1\">Il a \u00e9galement affirm\u00e9 que des termes comme le wahabisme sont souvent mal interpr\u00e9t\u00e9s et utilis\u00e9s \u00e0 tort pour cr\u00e9er des divisions, alors qu&rsquo;ils n&rsquo;ont aucune l\u00e9gitimit\u00e9 dans le cadre de l&rsquo;Islam. L&rsquo;USIP a mis en place des programmes, tels que l&rsquo;\u00e9mission \u00ab Chercheurs de v\u00e9rit\u00e9 \u00bb, pour \u00e9duquer les Burkinab\u00e8 sur les v\u00e9ritables enseignements de l&rsquo;Islam.<\/span><\/p>\n<p class=\"p1\"><span class=\"s1\">Dr Mohamed Ishaq Kindo, intervenant lors de la conf\u00e9rence, a rappel\u00e9 que l&rsquo;Islam est une religion de paix, et que l&rsquo;ignorance est souvent \u00e0 l&rsquo;origine des conflits. Aboubacar Compaor\u00e9, repr\u00e9sentant du ministre en charge de la s\u00e9curit\u00e9, a salu\u00e9 cette initiative, soulignant le r\u00f4le de l&rsquo;\u00e9ducation dans la d\u00e9construction des st\u00e9r\u00e9otypes envers l&rsquo;Islam.<\/span><\/p>\n<p class=\"p1\"><span class=\"s1\"> Fousseni Kindo, repr\u00e9sentant le pr\u00e9sident du Conseil sup\u00e9rieur de la communication (CSC), a \u00e9galement f\u00e9licit\u00e9 l&rsquo;USIP pour ses efforts en faveur de la paix et du dialogue intercommunautaire.<\/span><\/p>\n<p class=\"p1\"><span class=\"s1\">Fond\u00e9e en 2019, l&rsquo;USIP continue de se consacrer \u00e0 la promotion de l&rsquo;\u00e9ducation et de la protection de l&rsquo;environnement, tout en renfor\u00e7ant la paix et l&rsquo;harmonie entre les diff\u00e9rentes communaut\u00e9s religieuses du Burkina Faso.<\/span><\/p>\n<p class=\"p1\" style=\"text-align: right;\"><span class=\"s1\"><b>Par Amir BAKO <\/b><\/span><\/p>\n","protected":false},"excerpt":{"rendered":"<p>L&rsquo;Union pour le service de l&rsquo;Islam et de la Patrie (USIP) a organis\u00e9 une conf\u00e9rence<\/p>\n","protected":false},"author":2,"featured_media":1416,"comment_status":"open","ping_status":"open","sticky":false,"template":"","format":"standard","meta":{"_et_pb_use_builder":"","_et_pb_old_content":"","_et_gb_content_width":"","footnotes":""},"categories":[5],"tags":[18,611,612,64,387,479],"class_list":["post-1415","post","type-post","status-publish","format-standard","has-post-thumbnail","hentry","category-societe","tag-burkina-faso","tag-coexistence-pacifique","tag-cohesion","tag-organisation-de-la-societe-civile","tag-religion","tag-societe"],"yoast_head":"<!-- This site is optimized with the Yoast SEO plugin v27.5 - https:\/\/yoast.com\/product\/yoast-seo-wordpress\/ -->\n<title>Coexistence pacifique entre religions au Burkina: L&#039;USIP sensibilise \u00e0 travers une conf\u00e9rence publique - Vox Sahel<\/title>\n<meta name=\"robots\" content=\"index, follow, max-snippet:-1, max-image-preview:large, max-video-preview:-1\" \/>\n<link rel=\"canonical\" href=\"https:\/\/voxsahel.com\/?p=1415\" \/>\n<meta property=\"og:locale\" content=\"fr_FR\" \/>\n<meta property=\"og:type\" content=\"article\" \/>\n<meta property=\"og:title\" content=\"Coexistence pacifique entre religions au Burkina: L&#039;USIP sensibilise \u00e0 travers une conf\u00e9rence publique - Vox Sahel\" \/>\n<meta property=\"og:description\" content=\"L&rsquo;Union pour le service de l&rsquo;Islam et de la Patrie (USIP) a organis\u00e9 une conf\u00e9rence\" \/>\n<meta property=\"og:url\" content=\"https:\/\/voxsahel.com\/?p=1415\" \/>\n<meta property=\"og:site_name\" content=\"Vox Sahel\" \/>\n<meta property=\"article:publisher\" content=\"https:\/\/www.facebook.com\/journal.voxsahel\" \/>\n<meta property=\"article:published_time\" content=\"2025-02-15T20:07:57+00:00\" \/>\n<meta property=\"og:image\" content=\"https:\/\/voxsahel.com\/wp-content\/uploads\/2025\/02\/23176c7e-f3fa-4fcd-80ad-6240f5a38632.jpeg\" \/>\n\t<meta property=\"og:image:width\" content=\"696\" \/>\n\t<meta property=\"og:image:height\" content=\"392\" \/>\n\t<meta property=\"og:image:type\" content=\"image\/jpeg\" \/>\n<meta name=\"author\" content=\"Vox Sahel\" \/>\n<meta name=\"twitter:card\" content=\"summary_large_image\" \/>\n<meta name=\"twitter:label1\" content=\"\u00c9crit par\" \/>\n\t<meta name=\"twitter:data1\" content=\"Vox Sahel\" \/>\n\t<meta name=\"twitter:label2\" content=\"Dur\u00e9e de lecture estim\u00e9e\" \/>\n\t<meta name=\"twitter:data2\" content=\"2 minutes\" \/>\n<script type=\"application\/ld+json\" class=\"yoast-schema-graph\">{\"@context\":\"https:\\\/\\\/schema.org\",\"@graph\":[{\"@type\":\"Article\",\"@id\":\"https:\\\/\\\/voxsahel.com\\\/?p=1415#article\",\"isPartOf\":{\"@id\":\"https:\\\/\\\/voxsahel.com\\\/?p=1415\"},\"author\":{\"name\":\"Vox Sahel\",\"@id\":\"https:\\\/\\\/voxsahel.com\\\/#\\\/schema\\\/person\\\/b4043608248f8fa227cd760e7ff1e19e\"},\"headline\":\"Coexistence pacifique entre religions au Burkina: L&rsquo;USIP sensibilise \u00e0 travers une conf\u00e9rence publique\",\"datePublished\":\"2025-02-15T20:07:57+00:00\",\"mainEntityOfPage\":{\"@id\":\"https:\\\/\\\/voxsahel.com\\\/?p=1415\"},\"wordCount\":324,\"commentCount\":0,\"publisher\":{\"@id\":\"https:\\\/\\\/voxsahel.com\\\/#organization\"},\"image\":{\"@id\":\"https:\\\/\\\/voxsahel.com\\\/?p=1415#primaryimage\"},\"thumbnailUrl\":\"https:\\\/\\\/voxsahel.com\\\/wp-content\\\/uploads\\\/2025\\\/02\\\/23176c7e-f3fa-4fcd-80ad-6240f5a38632.jpeg\",\"keywords\":[\"Burkina Faso\",\"Coexistence pacifique\",\"Coh\u00e9sion\",\"Organisation de la Soci\u00e9t\u00e9 Civile\",\"Religion\",\"Soci\u00e9t\u00e9\"],\"articleSection\":[\"SOCIETE\"],\"inLanguage\":\"fr-FR\",\"potentialAction\":[{\"@type\":\"CommentAction\",\"name\":\"Comment\",\"target\":[\"https:\\\/\\\/voxsahel.com\\\/?p=1415#respond\"]}]},{\"@type\":\"WebPage\",\"@id\":\"https:\\\/\\\/voxsahel.com\\\/?p=1415\",\"url\":\"https:\\\/\\\/voxsahel.com\\\/?p=1415\",\"name\":\"Coexistence pacifique entre religions au Burkina: L'USIP sensibilise \u00e0 travers une conf\u00e9rence publique - Vox Sahel\",\"isPartOf\":{\"@id\":\"https:\\\/\\\/voxsahel.com\\\/#website\"},\"primaryImageOfPage\":{\"@id\":\"https:\\\/\\\/voxsahel.com\\\/?p=1415#primaryimage\"},\"image\":{\"@id\":\"https:\\\/\\\/voxsahel.com\\\/?p=1415#primaryimage\"},\"thumbnailUrl\":\"https:\\\/\\\/voxsahel.com\\\/wp-content\\\/uploads\\\/2025\\\/02\\\/23176c7e-f3fa-4fcd-80ad-6240f5a38632.jpeg\",\"datePublished\":\"2025-02-15T20:07:57+00:00\",\"breadcrumb\":{\"@id\":\"https:\\\/\\\/voxsahel.com\\\/?p=1415#breadcrumb\"},\"inLanguage\":\"fr-FR\",\"potentialAction\":[{\"@type\":\"ReadAction\",\"target\":[\"https:\\\/\\\/voxsahel.com\\\/?p=1415\"]}]},{\"@type\":\"ImageObject\",\"inLanguage\":\"fr-FR\",\"@id\":\"https:\\\/\\\/voxsahel.com\\\/?p=1415#primaryimage\",\"url\":\"https:\\\/\\\/voxsahel.com\\\/wp-content\\\/uploads\\\/2025\\\/02\\\/23176c7e-f3fa-4fcd-80ad-6240f5a38632.jpeg\",\"contentUrl\":\"https:\\\/\\\/voxsahel.com\\\/wp-content\\\/uploads\\\/2025\\\/02\\\/23176c7e-f3fa-4fcd-80ad-6240f5a38632.jpeg\",\"width\":696,\"height\":392},{\"@type\":\"BreadcrumbList\",\"@id\":\"https:\\\/\\\/voxsahel.com\\\/?p=1415#breadcrumb\",\"itemListElement\":[{\"@type\":\"ListItem\",\"position\":1,\"name\":\"Home\",\"item\":\"https:\\\/\\\/voxsahel.com\\\/\"},{\"@type\":\"ListItem\",\"position\":2,\"name\":\"Coexistence pacifique entre religions au Burkina: L&rsquo;USIP sensibilise \u00e0 travers une conf\u00e9rence publique\"}]},{\"@type\":\"WebSite\",\"@id\":\"https:\\\/\\\/voxsahel.com\\\/#website\",\"url\":\"https:\\\/\\\/voxsahel.com\\\/\",\"name\":\"Vox Sahel\",\"description\":\"Informez-vous sur le Sahel en un clic\",\"publisher\":{\"@id\":\"https:\\\/\\\/voxsahel.com\\\/#organization\"},\"potentialAction\":[{\"@type\":\"SearchAction\",\"target\":{\"@type\":\"EntryPoint\",\"urlTemplate\":\"https:\\\/\\\/voxsahel.com\\\/?s={search_term_string}\"},\"query-input\":{\"@type\":\"PropertyValueSpecification\",\"valueRequired\":true,\"valueName\":\"search_term_string\"}}],\"inLanguage\":\"fr-FR\"},{\"@type\":\"Organization\",\"@id\":\"https:\\\/\\\/voxsahel.com\\\/#organization\",\"name\":\"Vox Sahel\",\"url\":\"https:\\\/\\\/voxsahel.com\\\/\",\"logo\":{\"@type\":\"ImageObject\",\"inLanguage\":\"fr-FR\",\"@id\":\"https:\\\/\\\/voxsahel.com\\\/#\\\/schema\\\/logo\\\/image\\\/\",\"url\":\"https:\\\/\\\/voxsahel.com\\\/wp-content\\\/uploads\\\/2024\\\/09\\\/Logo-Vox-Sahel.jpg\",\"contentUrl\":\"https:\\\/\\\/voxsahel.com\\\/wp-content\\\/uploads\\\/2024\\\/09\\\/Logo-Vox-Sahel.jpg\",\"width\":1181,\"height\":848,\"caption\":\"Vox Sahel\"},\"image\":{\"@id\":\"https:\\\/\\\/voxsahel.com\\\/#\\\/schema\\\/logo\\\/image\\\/\"},\"sameAs\":[\"https:\\\/\\\/www.facebook.com\\\/journal.voxsahel\"]},{\"@type\":\"Person\",\"@id\":\"https:\\\/\\\/voxsahel.com\\\/#\\\/schema\\\/person\\\/b4043608248f8fa227cd760e7ff1e19e\",\"name\":\"Vox Sahel\",\"image\":{\"@type\":\"ImageObject\",\"inLanguage\":\"fr-FR\",\"@id\":\"https:\\\/\\\/secure.gravatar.com\\\/avatar\\\/f70e7fa0cb9b29d4a7c5788d6eb2e9ab4d3135cbae1c9161810fdf77a8964699?s=96&d=mm&r=g\",\"url\":\"https:\\\/\\\/secure.gravatar.com\\\/avatar\\\/f70e7fa0cb9b29d4a7c5788d6eb2e9ab4d3135cbae1c9161810fdf77a8964699?s=96&d=mm&r=g\",\"contentUrl\":\"https:\\\/\\\/secure.gravatar.com\\\/avatar\\\/f70e7fa0cb9b29d4a7c5788d6eb2e9ab4d3135cbae1c9161810fdf77a8964699?s=96&d=mm&r=g\",\"caption\":\"Vox Sahel\"},\"sameAs\":[\"http:\\\/\\\/www.voxsahel.com\"],\"url\":\"https:\\\/\\\/voxsahel.com\\\/?author=2\"}]}<\/script>\n<!-- \/ Yoast SEO plugin. -->","yoast_head_json":{"title":"Coexistence pacifique entre religions au Burkina: L'USIP sensibilise \u00e0 travers une conf\u00e9rence publique - Vox Sahel","robots":{"index":"index","follow":"follow","max-snippet":"max-snippet:-1","max-image-preview":"max-image-preview:large","max-video-preview":"max-video-preview:-1"},"canonical":"https:\/\/voxsahel.com\/?p=1415","og_locale":"fr_FR","og_type":"article","og_title":"Coexistence pacifique entre religions au Burkina: L'USIP sensibilise \u00e0 travers une conf\u00e9rence publique - Vox Sahel","og_description":"L&rsquo;Union pour le service de l&rsquo;Islam et de la Patrie (USIP) a organis\u00e9 une conf\u00e9rence","og_url":"https:\/\/voxsahel.com\/?p=1415","og_site_name":"Vox Sahel","article_publisher":"https:\/\/www.facebook.com\/journal.voxsahel","article_published_time":"2025-02-15T20:07:57+00:00","og_image":[{"width":696,"height":392,"url":"https:\/\/voxsahel.com\/wp-content\/uploads\/2025\/02\/23176c7e-f3fa-4fcd-80ad-6240f5a38632.jpeg","type":"image\/jpeg"}],"author":"Vox Sahel","twitter_card":"summary_large_image","twitter_misc":{"\u00c9crit par":"Vox Sahel","Dur\u00e9e de lecture estim\u00e9e":"2 minutes"},"schema":{"@context":"https:\/\/schema.org","@graph":[{"@type":"Article","@id":"https:\/\/voxsahel.com\/?p=1415#article","isPartOf":{"@id":"https:\/\/voxsahel.com\/?p=1415"},"author":{"name":"Vox Sahel","@id":"https:\/\/voxsahel.com\/#\/schema\/person\/b4043608248f8fa227cd760e7ff1e19e"},"headline":"Coexistence pacifique entre religions au Burkina: L&rsquo;USIP sensibilise \u00e0 travers une conf\u00e9rence publique","datePublished":"2025-02-15T20:07:57+00:00","mainEntityOfPage":{"@id":"https:\/\/voxsahel.com\/?p=1415"},"wordCount":324,"commentCount":0,"publisher":{"@id":"https:\/\/voxsahel.com\/#organization"},"image":{"@id":"https:\/\/voxsahel.com\/?p=1415#primaryimage"},"thumbnailUrl":"https:\/\/voxsahel.com\/wp-content\/uploads\/2025\/02\/23176c7e-f3fa-4fcd-80ad-6240f5a38632.jpeg","keywords":["Burkina Faso","Coexistence pacifique","Coh\u00e9sion","Organisation de la Soci\u00e9t\u00e9 Civile","Religion","Soci\u00e9t\u00e9"],"articleSection":["SOCIETE"],"inLanguage":"fr-FR","potentialAction":[{"@type":"CommentAction","name":"Comment","target":["https:\/\/voxsahel.com\/?p=1415#respond"]}]},{"@type":"WebPage","@id":"https:\/\/voxsahel.com\/?p=1415","url":"https:\/\/voxsahel.com\/?p=1415","name":"Coexistence pacifique entre religions au Burkina: L'USIP sensibilise \u00e0 travers une conf\u00e9rence publique - Vox Sahel","isPartOf":{"@id":"https:\/\/voxsahel.com\/#website"},"primaryImageOfPage":{"@id":"https:\/\/voxsahel.com\/?p=1415#primaryimage"},"image":{"@id":"https:\/\/voxsahel.com\/?p=1415#primaryimage"},"thumbnailUrl":"https:\/\/voxsahel.com\/wp-content\/uploads\/2025\/02\/23176c7e-f3fa-4fcd-80ad-6240f5a38632.jpeg","datePublished":"2025-02-15T20:07:57+00:00","breadcrumb":{"@id":"https:\/\/voxsahel.com\/?p=1415#breadcrumb"},"inLanguage":"fr-FR","potentialAction":[{"@type":"ReadAction","target":["https:\/\/voxsahel.com\/?p=1415"]}]},{"@type":"ImageObject","inLanguage":"fr-FR","@id":"https:\/\/voxsahel.com\/?p=1415#primaryimage","url":"https:\/\/voxsahel.com\/wp-content\/uploads\/2025\/02\/23176c7e-f3fa-4fcd-80ad-6240f5a38632.jpeg","contentUrl":"https:\/\/voxsahel.com\/wp-content\/uploads\/2025\/02\/23176c7e-f3fa-4fcd-80ad-6240f5a38632.jpeg","width":696,"height":392},{"@type":"BreadcrumbList","@id":"https:\/\/voxsahel.com\/?p=1415#breadcrumb","itemListElement":[{"@type":"ListItem","position":1,"name":"Home","item":"https:\/\/voxsahel.com\/"},{"@type":"ListItem","position":2,"name":"Coexistence pacifique entre religions au Burkina: L&rsquo;USIP sensibilise \u00e0 travers une conf\u00e9rence publique"}]},{"@type":"WebSite","@id":"https:\/\/voxsahel.com\/#website","url":"https:\/\/voxsahel.com\/","name":"Vox Sahel","description":"Informez-vous sur le Sahel en un clic","publisher":{"@id":"https:\/\/voxsahel.com\/#organization"},"potentialAction":[{"@type":"SearchAction","target":{"@type":"EntryPoint","urlTemplate":"https:\/\/voxsahel.com\/?s={search_term_string}"},"query-input":{"@type":"PropertyValueSpecification","valueRequired":true,"valueName":"search_term_string"}}],"inLanguage":"fr-FR"},{"@type":"Organization","@id":"https:\/\/voxsahel.com\/#organization","name":"Vox Sahel","url":"https:\/\/voxsahel.com\/","logo":{"@type":"ImageObject","inLanguage":"fr-FR","@id":"https:\/\/voxsahel.com\/#\/schema\/logo\/image\/","url":"https:\/\/voxsahel.com\/wp-content\/uploads\/2024\/09\/Logo-Vox-Sahel.jpg","contentUrl":"https:\/\/voxsahel.com\/wp-content\/uploads\/2024\/09\/Logo-Vox-Sahel.jpg","width":1181,"height":848,"caption":"Vox Sahel"},"image":{"@id":"https:\/\/voxsahel.com\/#\/schema\/logo\/image\/"},"sameAs":["https:\/\/www.facebook.com\/journal.voxsahel"]},{"@type":"Person","@id":"https:\/\/voxsahel.com\/#\/schema\/person\/b4043608248f8fa227cd760e7ff1e19e","name":"Vox Sahel","image":{"@type":"ImageObject","inLanguage":"fr-FR","@id":"https:\/\/secure.gravatar.com\/avatar\/f70e7fa0cb9b29d4a7c5788d6eb2e9ab4d3135cbae1c9161810fdf77a8964699?s=96&d=mm&r=g","url":"https:\/\/secure.gravatar.com\/avatar\/f70e7fa0cb9b29d4a7c5788d6eb2e9ab4d3135cbae1c9161810fdf77a8964699?s=96&d=mm&r=g","contentUrl":"https:\/\/secure.gravatar.com\/avatar\/f70e7fa0cb9b29d4a7c5788d6eb2e9ab4d3135cbae1c9161810fdf77a8964699?s=96&d=mm&r=g","caption":"Vox Sahel"},"sameAs":["http:\/\/www.voxsahel.com"],"url":"https:\/\/voxsahel.com\/?author=2"}]}},"_links":{"self":[{"href":"https:\/\/voxsahel.com\/index.php?rest_route=\/wp\/v2\/posts\/1415","targetHints":{"allow":["GET"]}}],"collection":[{"href":"https:\/\/voxsahel.com\/index.php?rest_route=\/wp\/v2\/posts"}],"about":[{"href":"https:\/\/voxsahel.com\/index.php?rest_route=\/wp\/v2\/types\/post"}],"author":[{"embeddable":true,"href":"https:\/\/voxsahel.com\/index.php?rest_route=\/wp\/v2\/users\/2"}],"replies":[{"embeddable":true,"href":"https:\/\/voxsahel.com\/index.php?rest_route=%2Fwp%2Fv2%2Fcomments&post=1415"}],"version-history":[{"count":1,"href":"https:\/\/voxsahel.com\/index.php?rest_route=\/wp\/v2\/posts\/1415\/revisions"}],"predecessor-version":[{"id":1417,"href":"https:\/\/voxsahel.com\/index.php?rest_route=\/wp\/v2\/posts\/1415\/revisions\/1417"}],"wp:featuredmedia":[{"embeddable":true,"href":"https:\/\/voxsahel.com\/index.php?rest_route=\/wp\/v2\/media\/1416"}],"wp:attachment":[{"href":"https:\/\/voxsahel.com\/index.php?rest_route=%2Fwp%2Fv2%2Fmedia&parent=1415"}],"wp:term":[{"taxonomy":"category","embeddable":true,"href":"https:\/\/voxsahel.com\/index.php?rest_route=%2Fwp%2Fv2%2Fcategories&post=1415"},{"taxonomy":"post_tag","embeddable":true,"href":"https:\/\/voxsahel.com\/index.php?rest_route=%2Fwp%2Fv2%2Ftags&post=1415"}],"curies":[{"name":"wp","href":"https:\/\/api.w.org\/{rel}","templated":true}]}}