{"id":1393,"date":"2025-02-12T11:55:52","date_gmt":"2025-02-12T11:55:52","guid":{"rendered":"https:\/\/voxsahel.com\/?p=1393"},"modified":"2025-02-12T11:55:52","modified_gmt":"2025-02-12T11:55:52","slug":"defis-environnementaux-au-burkina-faso-bobo-dioulasso-une-seconde-vie-pour-les-dechets-plastiques","status":"publish","type":"post","link":"https:\/\/voxsahel.com\/?p=1393","title":{"rendered":"D\u00e9fis environnementaux au Burkina Faso : Bobo-Dioulasso, une seconde vie pour les d\u00e9chets plastiques"},"content":{"rendered":"<p>Bobo-Dioulasso, capitale \u00e9conomique et industrielle du Burkina Faso, est confront\u00e9e \u00e0 un probl\u00e8me environnemental majeur : la prolif\u00e9ration des sachets plastiques. Ces d\u00e9chets, omnipr\u00e9sents dans le quotidien des habitants, polluent les terres et les cours d&rsquo;eau, bouchent les caniveaux et mettent en p\u00e9ril la biodiversit\u00e9. Face \u00e0 cette situation alarmante, l&rsquo;association Cherifa a mis en place, depuis 2016, une initiative innovante \u00e0 travers son Unit\u00e9 de Transformation des D\u00e9chets Plastiques situ\u00e9e dans le quartier Y\u00e9gu\u00e9r\u00e9 dans l&rsquo;Arrondissement n\u00b02 de la ville.<\/p>\n<p>Cette unit\u00e9 se sp\u00e9cialise dans le recyclage des d\u00e9chets plastiques en produits finis tels que des seaux et des bassines, contribuant ainsi \u00e0 la protection de l&rsquo;environnement et au d\u00e9veloppement \u00e9conomique local. Employant actuellement une cinquantaine de personnes, dont une vingtaine de femmes et trente-trois jeunes, cette usine repr\u00e9sente un mod\u00e8le d&rsquo;\u00e9conomie circulaire et d&rsquo;inclusion sociale.<\/p>\n<p>Le lundi 10 f\u00e9vrier 2025, le Pr\u00e9sident de la D\u00e9l\u00e9gation Sp\u00e9ciale (PDS) communale, Laurent K. Kontogom, a effectu\u00e9 une visite sur le site de l&rsquo;unit\u00e9 de transformation. \u00c0 l&rsquo;issue de cette visite, il a salu\u00e9 le travail exemplaire de l\u2019association Cherifa et a soulign\u00e9 l&rsquo;importance de telles initiatives pour la pr\u00e9servation de l\u2019environnement, la cr\u00e9ation d\u2019emplois et l\u2019autonomisation des femmes et des jeunes.<\/p>\n<p>Le Secr\u00e9taire G\u00e9n\u00e9ral de l\u2019association, Idrissa Ou\u00e9draogo, a exprim\u00e9 sa gratitude envers le PDS pour cette visite, qu\u2019il consid\u00e8re comme une reconnaissance significative des efforts de l&rsquo;association. Il a \u00e9galement profit\u00e9 de l\u2019occasion pour soumettre un ensemble de dol\u00e9ances destin\u00e9es \u00e0 am\u00e9liorer les conditions de travail et renforcer les capacit\u00e9s op\u00e9rationnelles de l\u2019unit\u00e9 de recyclage.<\/p>\n<p>Sensible aux enjeux du d\u00e9veloppement durable et de l\u2019\u00e9conomie circulaire, l\u2019autorit\u00e9 communale a pris note des pr\u00e9occupations soulev\u00e9es et s\u2019est engag\u00e9e \u00e0 \u00e9tudier les moyens de soutenir cette initiative citoyenne. Cette visite marque une avanc\u00e9e significative dans la reconnaissance et l\u2019accompagnement des projets locaux visant \u00e0 transformer les d\u00e9fis environnementaux en opportunit\u00e9s \u00e9conomiques et sociales.<\/p>\n<p>Gr\u00e2ce \u00e0 des actions comme celle de l&rsquo;association Cherifa, Bobo-Dioulasso d\u00e9montre qu\u2019il est possible d\u2019allier protection de l\u2019environnement, innovation et d\u00e9veloppement \u00e9conomique durable. Une avanc\u00e9e qui m\u00e9rite d\u2019\u00eatre encourag\u00e9e et soutenue pour garantir un avenir plus vert aux g\u00e9n\u00e9rations futures.<\/p>\n<p style=\"text-align: right;\"><strong>Par Vox Sahel<\/strong><\/p>\n","protected":false},"excerpt":{"rendered":"<p>Bobo-Dioulasso, capitale \u00e9conomique et industrielle du Burkina Faso, est confront\u00e9e \u00e0 un probl\u00e8me environnemental majeur<\/p>\n","protected":false},"author":2,"featured_media":1394,"comment_status":"open","ping_status":"open","sticky":false,"template":"","format":"standard","meta":{"_et_pb_use_builder":"","_et_pb_old_content":"","_et_gb_content_width":"","footnotes":""},"categories":[5],"tags":[571,608,208,18,607,269,261,272],"class_list":["post-1393","post","type-post","status-publish","format-standard","has-post-thumbnail","hentry","category-societe","tag-agence-nationale-pour-la-securite-sanitaire-de-lenvironnement","tag-biodiversite","tag-bobo-dioulasso","tag-burkina-faso","tag-dechets-plastiques","tag-environnement","tag-plan-de-gestion-environnementale-et-sociale","tag-pollution"],"yoast_head":"<!-- This site is optimized with the Yoast SEO plugin v27.5 - https:\/\/yoast.com\/product\/yoast-seo-wordpress\/ -->\n<title>D\u00e9fis environnementaux au Burkina Faso : Bobo-Dioulasso, une seconde vie pour les d\u00e9chets plastiques - Vox Sahel<\/title>\n<meta name=\"robots\" content=\"index, follow, max-snippet:-1, max-image-preview:large, max-video-preview:-1\" \/>\n<link rel=\"canonical\" href=\"https:\/\/voxsahel.com\/?p=1393\" \/>\n<meta property=\"og:locale\" content=\"fr_FR\" \/>\n<meta property=\"og:type\" content=\"article\" \/>\n<meta property=\"og:title\" content=\"D\u00e9fis environnementaux au Burkina Faso : Bobo-Dioulasso, une seconde vie pour les d\u00e9chets plastiques - Vox Sahel\" \/>\n<meta property=\"og:description\" content=\"Bobo-Dioulasso, capitale \u00e9conomique et industrielle du Burkina Faso, est confront\u00e9e \u00e0 un probl\u00e8me environnemental majeur\" \/>\n<meta property=\"og:url\" content=\"https:\/\/voxsahel.com\/?p=1393\" \/>\n<meta property=\"og:site_name\" content=\"Vox Sahel\" \/>\n<meta property=\"article:publisher\" content=\"https:\/\/www.facebook.com\/journal.voxsahel\" \/>\n<meta property=\"article:published_time\" content=\"2025-02-12T11:55:52+00:00\" \/>\n<meta property=\"og:image\" content=\"https:\/\/voxsahel.com\/wp-content\/uploads\/2025\/02\/DECHETS-PLASTIQUES.jpg\" \/>\n\t<meta property=\"og:image:width\" content=\"1280\" \/>\n\t<meta property=\"og:image:height\" content=\"853\" \/>\n\t<meta property=\"og:image:type\" content=\"image\/jpeg\" \/>\n<meta name=\"author\" content=\"Vox Sahel\" \/>\n<meta name=\"twitter:card\" content=\"summary_large_image\" \/>\n<meta name=\"twitter:label1\" content=\"\u00c9crit par\" \/>\n\t<meta name=\"twitter:data1\" content=\"Vox Sahel\" \/>\n\t<meta name=\"twitter:label2\" content=\"Dur\u00e9e de lecture estim\u00e9e\" \/>\n\t<meta name=\"twitter:data2\" content=\"3 minutes\" \/>\n<script type=\"application\/ld+json\" class=\"yoast-schema-graph\">{\"@context\":\"https:\\\/\\\/schema.org\",\"@graph\":[{\"@type\":\"Article\",\"@id\":\"https:\\\/\\\/voxsahel.com\\\/?p=1393#article\",\"isPartOf\":{\"@id\":\"https:\\\/\\\/voxsahel.com\\\/?p=1393\"},\"author\":{\"name\":\"Vox Sahel\",\"@id\":\"https:\\\/\\\/voxsahel.com\\\/#\\\/schema\\\/person\\\/b4043608248f8fa227cd760e7ff1e19e\"},\"headline\":\"D\u00e9fis environnementaux au Burkina Faso : Bobo-Dioulasso, une seconde vie pour les d\u00e9chets plastiques\",\"datePublished\":\"2025-02-12T11:55:52+00:00\",\"mainEntityOfPage\":{\"@id\":\"https:\\\/\\\/voxsahel.com\\\/?p=1393\"},\"wordCount\":429,\"commentCount\":0,\"publisher\":{\"@id\":\"https:\\\/\\\/voxsahel.com\\\/#organization\"},\"image\":{\"@id\":\"https:\\\/\\\/voxsahel.com\\\/?p=1393#primaryimage\"},\"thumbnailUrl\":\"https:\\\/\\\/voxsahel.com\\\/wp-content\\\/uploads\\\/2025\\\/02\\\/DECHETS-PLASTIQUES.jpg\",\"keywords\":[\"Agence nationale pour la s\u00e9curit\u00e9 sanitaire de l\u2019environnement\",\"Biodiversit\u00e9\",\"Bobo-Dioulasso\",\"Burkina Faso\",\"D\u00e9chets Plastiques\",\"Environnement\",\"Plan de Gestion Environnementale et Sociale\",\"Pollution\"],\"articleSection\":[\"SOCIETE\"],\"inLanguage\":\"fr-FR\",\"potentialAction\":[{\"@type\":\"CommentAction\",\"name\":\"Comment\",\"target\":[\"https:\\\/\\\/voxsahel.com\\\/?p=1393#respond\"]}]},{\"@type\":\"WebPage\",\"@id\":\"https:\\\/\\\/voxsahel.com\\\/?p=1393\",\"url\":\"https:\\\/\\\/voxsahel.com\\\/?p=1393\",\"name\":\"D\u00e9fis environnementaux au Burkina Faso : Bobo-Dioulasso, une seconde vie pour les d\u00e9chets plastiques - Vox Sahel\",\"isPartOf\":{\"@id\":\"https:\\\/\\\/voxsahel.com\\\/#website\"},\"primaryImageOfPage\":{\"@id\":\"https:\\\/\\\/voxsahel.com\\\/?p=1393#primaryimage\"},\"image\":{\"@id\":\"https:\\\/\\\/voxsahel.com\\\/?p=1393#primaryimage\"},\"thumbnailUrl\":\"https:\\\/\\\/voxsahel.com\\\/wp-content\\\/uploads\\\/2025\\\/02\\\/DECHETS-PLASTIQUES.jpg\",\"datePublished\":\"2025-02-12T11:55:52+00:00\",\"breadcrumb\":{\"@id\":\"https:\\\/\\\/voxsahel.com\\\/?p=1393#breadcrumb\"},\"inLanguage\":\"fr-FR\",\"potentialAction\":[{\"@type\":\"ReadAction\",\"target\":[\"https:\\\/\\\/voxsahel.com\\\/?p=1393\"]}]},{\"@type\":\"ImageObject\",\"inLanguage\":\"fr-FR\",\"@id\":\"https:\\\/\\\/voxsahel.com\\\/?p=1393#primaryimage\",\"url\":\"https:\\\/\\\/voxsahel.com\\\/wp-content\\\/uploads\\\/2025\\\/02\\\/DECHETS-PLASTIQUES.jpg\",\"contentUrl\":\"https:\\\/\\\/voxsahel.com\\\/wp-content\\\/uploads\\\/2025\\\/02\\\/DECHETS-PLASTIQUES.jpg\",\"width\":1280,\"height\":853,\"caption\":\"D\u00e9fis environnementaux au Burkina Faso : Bobo-Dioulasso, une seconde vie pour les d\u00e9chets plastiques\"},{\"@type\":\"BreadcrumbList\",\"@id\":\"https:\\\/\\\/voxsahel.com\\\/?p=1393#breadcrumb\",\"itemListElement\":[{\"@type\":\"ListItem\",\"position\":1,\"name\":\"Home\",\"item\":\"https:\\\/\\\/voxsahel.com\\\/\"},{\"@type\":\"ListItem\",\"position\":2,\"name\":\"D\u00e9fis environnementaux au Burkina Faso : Bobo-Dioulasso, une seconde vie pour les d\u00e9chets plastiques\"}]},{\"@type\":\"WebSite\",\"@id\":\"https:\\\/\\\/voxsahel.com\\\/#website\",\"url\":\"https:\\\/\\\/voxsahel.com\\\/\",\"name\":\"Vox Sahel\",\"description\":\"Informez-vous sur le Sahel en un clic\",\"publisher\":{\"@id\":\"https:\\\/\\\/voxsahel.com\\\/#organization\"},\"potentialAction\":[{\"@type\":\"SearchAction\",\"target\":{\"@type\":\"EntryPoint\",\"urlTemplate\":\"https:\\\/\\\/voxsahel.com\\\/?s={search_term_string}\"},\"query-input\":{\"@type\":\"PropertyValueSpecification\",\"valueRequired\":true,\"valueName\":\"search_term_string\"}}],\"inLanguage\":\"fr-FR\"},{\"@type\":\"Organization\",\"@id\":\"https:\\\/\\\/voxsahel.com\\\/#organization\",\"name\":\"Vox Sahel\",\"url\":\"https:\\\/\\\/voxsahel.com\\\/\",\"logo\":{\"@type\":\"ImageObject\",\"inLanguage\":\"fr-FR\",\"@id\":\"https:\\\/\\\/voxsahel.com\\\/#\\\/schema\\\/logo\\\/image\\\/\",\"url\":\"https:\\\/\\\/voxsahel.com\\\/wp-content\\\/uploads\\\/2024\\\/09\\\/Logo-Vox-Sahel.jpg\",\"contentUrl\":\"https:\\\/\\\/voxsahel.com\\\/wp-content\\\/uploads\\\/2024\\\/09\\\/Logo-Vox-Sahel.jpg\",\"width\":1181,\"height\":848,\"caption\":\"Vox Sahel\"},\"image\":{\"@id\":\"https:\\\/\\\/voxsahel.com\\\/#\\\/schema\\\/logo\\\/image\\\/\"},\"sameAs\":[\"https:\\\/\\\/www.facebook.com\\\/journal.voxsahel\"]},{\"@type\":\"Person\",\"@id\":\"https:\\\/\\\/voxsahel.com\\\/#\\\/schema\\\/person\\\/b4043608248f8fa227cd760e7ff1e19e\",\"name\":\"Vox Sahel\",\"image\":{\"@type\":\"ImageObject\",\"inLanguage\":\"fr-FR\",\"@id\":\"https:\\\/\\\/secure.gravatar.com\\\/avatar\\\/f70e7fa0cb9b29d4a7c5788d6eb2e9ab4d3135cbae1c9161810fdf77a8964699?s=96&d=mm&r=g\",\"url\":\"https:\\\/\\\/secure.gravatar.com\\\/avatar\\\/f70e7fa0cb9b29d4a7c5788d6eb2e9ab4d3135cbae1c9161810fdf77a8964699?s=96&d=mm&r=g\",\"contentUrl\":\"https:\\\/\\\/secure.gravatar.com\\\/avatar\\\/f70e7fa0cb9b29d4a7c5788d6eb2e9ab4d3135cbae1c9161810fdf77a8964699?s=96&d=mm&r=g\",\"caption\":\"Vox Sahel\"},\"sameAs\":[\"http:\\\/\\\/www.voxsahel.com\"],\"url\":\"https:\\\/\\\/voxsahel.com\\\/?author=2\"}]}<\/script>\n<!-- \/ Yoast SEO plugin. -->","yoast_head_json":{"title":"D\u00e9fis environnementaux au Burkina Faso : Bobo-Dioulasso, une seconde vie pour les d\u00e9chets plastiques - Vox Sahel","robots":{"index":"index","follow":"follow","max-snippet":"max-snippet:-1","max-image-preview":"max-image-preview:large","max-video-preview":"max-video-preview:-1"},"canonical":"https:\/\/voxsahel.com\/?p=1393","og_locale":"fr_FR","og_type":"article","og_title":"D\u00e9fis environnementaux au Burkina Faso : Bobo-Dioulasso, une seconde vie pour les d\u00e9chets plastiques - Vox Sahel","og_description":"Bobo-Dioulasso, capitale \u00e9conomique et industrielle du Burkina Faso, est confront\u00e9e \u00e0 un probl\u00e8me environnemental majeur","og_url":"https:\/\/voxsahel.com\/?p=1393","og_site_name":"Vox Sahel","article_publisher":"https:\/\/www.facebook.com\/journal.voxsahel","article_published_time":"2025-02-12T11:55:52+00:00","og_image":[{"width":1280,"height":853,"url":"https:\/\/voxsahel.com\/wp-content\/uploads\/2025\/02\/DECHETS-PLASTIQUES.jpg","type":"image\/jpeg"}],"author":"Vox Sahel","twitter_card":"summary_large_image","twitter_misc":{"\u00c9crit par":"Vox Sahel","Dur\u00e9e de lecture estim\u00e9e":"3 minutes"},"schema":{"@context":"https:\/\/schema.org","@graph":[{"@type":"Article","@id":"https:\/\/voxsahel.com\/?p=1393#article","isPartOf":{"@id":"https:\/\/voxsahel.com\/?p=1393"},"author":{"name":"Vox Sahel","@id":"https:\/\/voxsahel.com\/#\/schema\/person\/b4043608248f8fa227cd760e7ff1e19e"},"headline":"D\u00e9fis environnementaux au Burkina Faso : Bobo-Dioulasso, une seconde vie pour les d\u00e9chets plastiques","datePublished":"2025-02-12T11:55:52+00:00","mainEntityOfPage":{"@id":"https:\/\/voxsahel.com\/?p=1393"},"wordCount":429,"commentCount":0,"publisher":{"@id":"https:\/\/voxsahel.com\/#organization"},"image":{"@id":"https:\/\/voxsahel.com\/?p=1393#primaryimage"},"thumbnailUrl":"https:\/\/voxsahel.com\/wp-content\/uploads\/2025\/02\/DECHETS-PLASTIQUES.jpg","keywords":["Agence nationale pour la s\u00e9curit\u00e9 sanitaire de l\u2019environnement","Biodiversit\u00e9","Bobo-Dioulasso","Burkina Faso","D\u00e9chets Plastiques","Environnement","Plan de Gestion Environnementale et Sociale","Pollution"],"articleSection":["SOCIETE"],"inLanguage":"fr-FR","potentialAction":[{"@type":"CommentAction","name":"Comment","target":["https:\/\/voxsahel.com\/?p=1393#respond"]}]},{"@type":"WebPage","@id":"https:\/\/voxsahel.com\/?p=1393","url":"https:\/\/voxsahel.com\/?p=1393","name":"D\u00e9fis environnementaux au Burkina Faso : Bobo-Dioulasso, une seconde vie pour les d\u00e9chets plastiques - Vox Sahel","isPartOf":{"@id":"https:\/\/voxsahel.com\/#website"},"primaryImageOfPage":{"@id":"https:\/\/voxsahel.com\/?p=1393#primaryimage"},"image":{"@id":"https:\/\/voxsahel.com\/?p=1393#primaryimage"},"thumbnailUrl":"https:\/\/voxsahel.com\/wp-content\/uploads\/2025\/02\/DECHETS-PLASTIQUES.jpg","datePublished":"2025-02-12T11:55:52+00:00","breadcrumb":{"@id":"https:\/\/voxsahel.com\/?p=1393#breadcrumb"},"inLanguage":"fr-FR","potentialAction":[{"@type":"ReadAction","target":["https:\/\/voxsahel.com\/?p=1393"]}]},{"@type":"ImageObject","inLanguage":"fr-FR","@id":"https:\/\/voxsahel.com\/?p=1393#primaryimage","url":"https:\/\/voxsahel.com\/wp-content\/uploads\/2025\/02\/DECHETS-PLASTIQUES.jpg","contentUrl":"https:\/\/voxsahel.com\/wp-content\/uploads\/2025\/02\/DECHETS-PLASTIQUES.jpg","width":1280,"height":853,"caption":"D\u00e9fis environnementaux au Burkina Faso : Bobo-Dioulasso, une seconde vie pour les d\u00e9chets plastiques"},{"@type":"BreadcrumbList","@id":"https:\/\/voxsahel.com\/?p=1393#breadcrumb","itemListElement":[{"@type":"ListItem","position":1,"name":"Home","item":"https:\/\/voxsahel.com\/"},{"@type":"ListItem","position":2,"name":"D\u00e9fis environnementaux au Burkina Faso : Bobo-Dioulasso, une seconde vie pour les d\u00e9chets plastiques"}]},{"@type":"WebSite","@id":"https:\/\/voxsahel.com\/#website","url":"https:\/\/voxsahel.com\/","name":"Vox Sahel","description":"Informez-vous sur le Sahel en un clic","publisher":{"@id":"https:\/\/voxsahel.com\/#organization"},"potentialAction":[{"@type":"SearchAction","target":{"@type":"EntryPoint","urlTemplate":"https:\/\/voxsahel.com\/?s={search_term_string}"},"query-input":{"@type":"PropertyValueSpecification","valueRequired":true,"valueName":"search_term_string"}}],"inLanguage":"fr-FR"},{"@type":"Organization","@id":"https:\/\/voxsahel.com\/#organization","name":"Vox Sahel","url":"https:\/\/voxsahel.com\/","logo":{"@type":"ImageObject","inLanguage":"fr-FR","@id":"https:\/\/voxsahel.com\/#\/schema\/logo\/image\/","url":"https:\/\/voxsahel.com\/wp-content\/uploads\/2024\/09\/Logo-Vox-Sahel.jpg","contentUrl":"https:\/\/voxsahel.com\/wp-content\/uploads\/2024\/09\/Logo-Vox-Sahel.jpg","width":1181,"height":848,"caption":"Vox Sahel"},"image":{"@id":"https:\/\/voxsahel.com\/#\/schema\/logo\/image\/"},"sameAs":["https:\/\/www.facebook.com\/journal.voxsahel"]},{"@type":"Person","@id":"https:\/\/voxsahel.com\/#\/schema\/person\/b4043608248f8fa227cd760e7ff1e19e","name":"Vox Sahel","image":{"@type":"ImageObject","inLanguage":"fr-FR","@id":"https:\/\/secure.gravatar.com\/avatar\/f70e7fa0cb9b29d4a7c5788d6eb2e9ab4d3135cbae1c9161810fdf77a8964699?s=96&d=mm&r=g","url":"https:\/\/secure.gravatar.com\/avatar\/f70e7fa0cb9b29d4a7c5788d6eb2e9ab4d3135cbae1c9161810fdf77a8964699?s=96&d=mm&r=g","contentUrl":"https:\/\/secure.gravatar.com\/avatar\/f70e7fa0cb9b29d4a7c5788d6eb2e9ab4d3135cbae1c9161810fdf77a8964699?s=96&d=mm&r=g","caption":"Vox Sahel"},"sameAs":["http:\/\/www.voxsahel.com"],"url":"https:\/\/voxsahel.com\/?author=2"}]}},"_links":{"self":[{"href":"https:\/\/voxsahel.com\/index.php?rest_route=\/wp\/v2\/posts\/1393","targetHints":{"allow":["GET"]}}],"collection":[{"href":"https:\/\/voxsahel.com\/index.php?rest_route=\/wp\/v2\/posts"}],"about":[{"href":"https:\/\/voxsahel.com\/index.php?rest_route=\/wp\/v2\/types\/post"}],"author":[{"embeddable":true,"href":"https:\/\/voxsahel.com\/index.php?rest_route=\/wp\/v2\/users\/2"}],"replies":[{"embeddable":true,"href":"https:\/\/voxsahel.com\/index.php?rest_route=%2Fwp%2Fv2%2Fcomments&post=1393"}],"version-history":[{"count":1,"href":"https:\/\/voxsahel.com\/index.php?rest_route=\/wp\/v2\/posts\/1393\/revisions"}],"predecessor-version":[{"id":1395,"href":"https:\/\/voxsahel.com\/index.php?rest_route=\/wp\/v2\/posts\/1393\/revisions\/1395"}],"wp:featuredmedia":[{"embeddable":true,"href":"https:\/\/voxsahel.com\/index.php?rest_route=\/wp\/v2\/media\/1394"}],"wp:attachment":[{"href":"https:\/\/voxsahel.com\/index.php?rest_route=%2Fwp%2Fv2%2Fmedia&parent=1393"}],"wp:term":[{"taxonomy":"category","embeddable":true,"href":"https:\/\/voxsahel.com\/index.php?rest_route=%2Fwp%2Fv2%2Fcategories&post=1393"},{"taxonomy":"post_tag","embeddable":true,"href":"https:\/\/voxsahel.com\/index.php?rest_route=%2Fwp%2Fv2%2Ftags&post=1393"}],"curies":[{"name":"wp","href":"https:\/\/api.w.org\/{rel}","templated":true}]}}