{"id":1384,"date":"2025-02-11T06:16:05","date_gmt":"2025-02-11T06:16:05","guid":{"rendered":"https:\/\/voxsahel.com\/?p=1384"},"modified":"2025-02-11T06:16:05","modified_gmt":"2025-02-11T06:16:05","slug":"rencontre-gouvernement-syndicats-le-respect-des-engagements-une-priorite-pour-une-reconciliation-sociale-durable","status":"publish","type":"post","link":"https:\/\/voxsahel.com\/?p=1384","title":{"rendered":"Rencontre gouvernement- syndicats: Le respect des engagements, une priorit\u00e9 pour une r\u00e9conciliation sociale durable"},"content":{"rendered":"<p class=\"p1\">La reprise du dialogue entre le gouvernement et les syndicats, les 6 et 7 f\u00e9vrier 2025 \u00e0 Ouagadougou, constitue un moment cl\u00e9 dans le processus de r\u00e9conciliation sociale du Burkina Faso. Apr\u00e8s quatre ann\u00e9es de silence, cette rencontre offre un espace de coop\u00e9ration o\u00f9 les deux parties ont pu \u00e9changer sur des questions essentielles touchant au monde du travail.<\/p>\n<p class=\"p1\"><span class=\"s1\">Toutefois, au-del\u00e0 des discussions, l\u2019\u00e9l\u00e9ment central de cet accord r\u00e9side dans le respect des engagements pris par chacune des parties. C\u2019est dans l\u2019application concr\u00e8te des d\u00e9cisions qu\u2019un r\u00e9el progr\u00e8s social pourra \u00e9merger.Les revendications soulev\u00e9es par les syndicats ne sont pas des accusations, mais des appels \u00e0 la responsabilit\u00e9 collective pour am\u00e9liorer les conditions de vie et de travail des Burkinab\u00e8. <\/span><\/p>\n<p class=\"p1\"><span class=\"s1\">Les fonctionnaires et travailleurs des secteurs publics et priv\u00e9s souffrent de difficult\u00e9s grandissantes, exacerb\u00e9es par la crise socio-\u00e9conomique et s\u00e9curitaire. Il est essentiel que le gouvernement reconnaisse ces pr\u00e9occupations et agisse en cons\u00e9quence. La reprise du dialogue est un premier pas, mais il faut qu\u2019il se traduise par des actes visibles et mesurables, car les travailleurs ont longtemps v\u00e9cu avec des promesses non tenues. <\/span><\/p>\n<p class=\"p1\"><span class=\"s1\">Le respect des engagements pris est donc indispensable pour regagner leur confiance.Les syndicats ne sont pas des adversaires \u00e0 combattre, mais des partenaires sociaux ayant pour vocation de d\u00e9fendre l\u2019int\u00e9r\u00eat g\u00e9n\u00e9ral. Leur r\u00f4le est de porter la voix des travailleurs, souvent invisibles dans les processus d\u00e9cisionnels, et de contribuer \u00e0 construire une soci\u00e9t\u00e9 plus juste et \u00e9quitable. <\/span><\/p>\n<p class=\"p1\"><span class=\"s1\">La crise actuelle, notamment en ce qui concerne les conditions de travail, les salaires, le reversement des agents, ou encore le co\u00fbt de la vie, n\u00e9cessite une r\u00e9ponse rapide et efficace. Ces probl\u00e8mes ne peuvent \u00eatre r\u00e9gl\u00e9s que par une collaboration fructueuse entre les syndicats et le gouvernement, dans le cadre d\u2019un dialogue permanent et constructif.<\/span><\/p>\n<p class=\"p1\"><span class=\"s1\">L\u2019engagement du gouvernement \u00e0 traiter ces questions dans des d\u00e9lais raisonnables est un premier signe positif, mais il doit \u00eatre suivi d\u2019effets. Les actions concr\u00e8tes \u00e0 venir d\u00e9termineront si cette rencontre repr\u00e9sente un tournant r\u00e9el pour la r\u00e9conciliation sociale ou si elle ne sera qu\u2019un \u00e9pisode isol\u00e9 sans impact durable. Il ne suffit pas de poser les bases d\u2019une collaboration, encore faut-il qu\u2019elles soient consolid\u00e9es par des mesures qui r\u00e9pondent aux aspirations des travailleurs.<\/span><\/p>\n<p class=\"p1\"><span class=\"s1\">Le dialogue doit devenir une pratique r\u00e9guli\u00e8re et non ponctuelle, comme l\u2019a soulign\u00e9 Inoussa Nana, repr\u00e9sentant des centrales syndicales. Pour \u00e9viter l\u2019escalade de tensions, les deux parties doivent se rencontrer chaque ann\u00e9e, anticiper les probl\u00e8mes, les traiter avant qu\u2019ils ne deviennent des crises. Ce n\u2019est qu\u2019avec un tel engagement continu que des solutions efficaces et adapt\u00e9es pourront \u00e9merger. <\/span><\/p>\n<p class=\"p1\"><span class=\"s1\">La gestion des conflits sociaux ne peut se limiter \u00e0 une r\u00e9action ponctuelle mais doit s\u2019inscrire dans une dynamique pr\u00e9ventive.De plus, les questions li\u00e9es \u00e0 la crise s\u00e9curitaire, \u00e0 l\u2019Assurance Maladie Universelle (AMU) et aux pensions de retraite doivent faire l\u2019objet d\u2019une attention particuli\u00e8re. Ce sont des enjeux qui touchent directement \u00e0 la vie quotidienne des travailleurs et de leurs familles. <\/span><\/p>\n<p class=\"p1\"><span class=\"s1\">Il est imp\u00e9ratif de mettre en place des solutions viables, adapt\u00e9es \u00e0 la r\u00e9alit\u00e9 du terrain, et qui garantissent une couverture sociale \u00e9quitable pour tous.En somme, la r\u00e9ussite de ce dialogue d\u00e9pendra de l\u2019action concr\u00e8te et du respect des engagements pris.<\/span><\/p>\n<p class=\"p1\"><span class=\"s1\"> L\u2019espoir d\u2019une r\u00e9conciliation sociale durable r\u00e9side dans l\u2019\u00e9tablissement d\u2019une relation de confiance entre le gouvernement et les syndicats. Ce partenariat est essentiel pour garantir un avenir harmonieux et prosp\u00e8re \u00e0 tous les Burkinab\u00e8. <\/span><\/p>\n<p class=\"p1\"><span class=\"s1\">En unissant nos efforts, au-del\u00e0 des divergences, nous pouvons surmonter les d\u00e9fis actuels et construire une soci\u00e9t\u00e9 plus stable, plus juste, o\u00f9 chaque citoyen trouve sa place et son bien-\u00eatre.<\/span><\/p>\n<p class=\"p1\" style=\"text-align: right;\"><strong><span class=\"s1\">Par La R\u00e9daction<\/span><\/strong><\/p>\n","protected":false},"excerpt":{"rendered":"<p>La reprise du dialogue entre le gouvernement et les syndicats, les 6 et 7 f\u00e9vrier<\/p>\n","protected":false},"author":2,"featured_media":1386,"comment_status":"open","ping_status":"open","sticky":false,"template":"","format":"standard","meta":{"_et_pb_use_builder":"","_et_pb_old_content":"","_et_gb_content_width":"","footnotes":""},"categories":[6],"tags":[18,606,489,605],"class_list":["post-1384","post","type-post","status-publish","format-standard","has-post-thumbnail","hentry","category-politique","tag-burkina-faso","tag-dialogue-gouvernement-et-les-syndicats","tag-gouvernement","tag-syndicat"],"yoast_head":"<!-- This site is optimized with the Yoast SEO plugin v27.5 - https:\/\/yoast.com\/product\/yoast-seo-wordpress\/ -->\n<title>Rencontre gouvernement- syndicats: Le respect des engagements, une priorit\u00e9 pour une r\u00e9conciliation sociale durable - Vox Sahel<\/title>\n<meta name=\"robots\" content=\"index, follow, max-snippet:-1, max-image-preview:large, max-video-preview:-1\" \/>\n<link rel=\"canonical\" href=\"https:\/\/voxsahel.com\/?p=1384\" \/>\n<meta property=\"og:locale\" content=\"fr_FR\" \/>\n<meta property=\"og:type\" content=\"article\" \/>\n<meta property=\"og:title\" content=\"Rencontre gouvernement- syndicats: Le respect des engagements, une priorit\u00e9 pour une r\u00e9conciliation sociale durable - Vox Sahel\" \/>\n<meta property=\"og:description\" content=\"La reprise du dialogue entre le gouvernement et les syndicats, les 6 et 7 f\u00e9vrier\" \/>\n<meta property=\"og:url\" content=\"https:\/\/voxsahel.com\/?p=1384\" \/>\n<meta property=\"og:site_name\" content=\"Vox Sahel\" \/>\n<meta property=\"article:publisher\" content=\"https:\/\/www.facebook.com\/journal.voxsahel\" \/>\n<meta property=\"article:published_time\" content=\"2025-02-11T06:16:05+00:00\" \/>\n<meta property=\"og:image\" content=\"https:\/\/voxsahel.com\/wp-content\/uploads\/2025\/02\/IMG_3132.jpeg\" \/>\n\t<meta property=\"og:image:width\" content=\"1536\" \/>\n\t<meta property=\"og:image:height\" content=\"1229\" \/>\n\t<meta property=\"og:image:type\" content=\"image\/jpeg\" \/>\n<meta name=\"author\" content=\"Vox Sahel\" \/>\n<meta name=\"twitter:card\" content=\"summary_large_image\" \/>\n<meta name=\"twitter:label1\" content=\"\u00c9crit par\" \/>\n\t<meta name=\"twitter:data1\" content=\"Vox Sahel\" \/>\n\t<meta name=\"twitter:label2\" content=\"Dur\u00e9e de lecture estim\u00e9e\" \/>\n\t<meta name=\"twitter:data2\" content=\"4 minutes\" \/>\n<script type=\"application\/ld+json\" class=\"yoast-schema-graph\">{\"@context\":\"https:\\\/\\\/schema.org\",\"@graph\":[{\"@type\":\"Article\",\"@id\":\"https:\\\/\\\/voxsahel.com\\\/?p=1384#article\",\"isPartOf\":{\"@id\":\"https:\\\/\\\/voxsahel.com\\\/?p=1384\"},\"author\":{\"name\":\"Vox Sahel\",\"@id\":\"https:\\\/\\\/voxsahel.com\\\/#\\\/schema\\\/person\\\/b4043608248f8fa227cd760e7ff1e19e\"},\"headline\":\"Rencontre gouvernement- syndicats: Le respect des engagements, une priorit\u00e9 pour une r\u00e9conciliation sociale durable\",\"datePublished\":\"2025-02-11T06:16:05+00:00\",\"mainEntityOfPage\":{\"@id\":\"https:\\\/\\\/voxsahel.com\\\/?p=1384\"},\"wordCount\":693,\"commentCount\":0,\"publisher\":{\"@id\":\"https:\\\/\\\/voxsahel.com\\\/#organization\"},\"image\":{\"@id\":\"https:\\\/\\\/voxsahel.com\\\/?p=1384#primaryimage\"},\"thumbnailUrl\":\"https:\\\/\\\/voxsahel.com\\\/wp-content\\\/uploads\\\/2025\\\/02\\\/IMG_3132.jpeg\",\"keywords\":[\"Burkina Faso\",\"Dialogue gouvernement et les syndicats\",\"Gouvernement\",\"Syndicat\"],\"articleSection\":[\"POLITIQUE\"],\"inLanguage\":\"fr-FR\",\"potentialAction\":[{\"@type\":\"CommentAction\",\"name\":\"Comment\",\"target\":[\"https:\\\/\\\/voxsahel.com\\\/?p=1384#respond\"]}]},{\"@type\":\"WebPage\",\"@id\":\"https:\\\/\\\/voxsahel.com\\\/?p=1384\",\"url\":\"https:\\\/\\\/voxsahel.com\\\/?p=1384\",\"name\":\"Rencontre gouvernement- syndicats: Le respect des engagements, une priorit\u00e9 pour une r\u00e9conciliation sociale durable - Vox Sahel\",\"isPartOf\":{\"@id\":\"https:\\\/\\\/voxsahel.com\\\/#website\"},\"primaryImageOfPage\":{\"@id\":\"https:\\\/\\\/voxsahel.com\\\/?p=1384#primaryimage\"},\"image\":{\"@id\":\"https:\\\/\\\/voxsahel.com\\\/?p=1384#primaryimage\"},\"thumbnailUrl\":\"https:\\\/\\\/voxsahel.com\\\/wp-content\\\/uploads\\\/2025\\\/02\\\/IMG_3132.jpeg\",\"datePublished\":\"2025-02-11T06:16:05+00:00\",\"breadcrumb\":{\"@id\":\"https:\\\/\\\/voxsahel.com\\\/?p=1384#breadcrumb\"},\"inLanguage\":\"fr-FR\",\"potentialAction\":[{\"@type\":\"ReadAction\",\"target\":[\"https:\\\/\\\/voxsahel.com\\\/?p=1384\"]}]},{\"@type\":\"ImageObject\",\"inLanguage\":\"fr-FR\",\"@id\":\"https:\\\/\\\/voxsahel.com\\\/?p=1384#primaryimage\",\"url\":\"https:\\\/\\\/voxsahel.com\\\/wp-content\\\/uploads\\\/2025\\\/02\\\/IMG_3132.jpeg\",\"contentUrl\":\"https:\\\/\\\/voxsahel.com\\\/wp-content\\\/uploads\\\/2025\\\/02\\\/IMG_3132.jpeg\",\"width\":1536,\"height\":1229},{\"@type\":\"BreadcrumbList\",\"@id\":\"https:\\\/\\\/voxsahel.com\\\/?p=1384#breadcrumb\",\"itemListElement\":[{\"@type\":\"ListItem\",\"position\":1,\"name\":\"Home\",\"item\":\"https:\\\/\\\/voxsahel.com\\\/\"},{\"@type\":\"ListItem\",\"position\":2,\"name\":\"Rencontre gouvernement- syndicats: Le respect des engagements, une priorit\u00e9 pour une r\u00e9conciliation sociale durable\"}]},{\"@type\":\"WebSite\",\"@id\":\"https:\\\/\\\/voxsahel.com\\\/#website\",\"url\":\"https:\\\/\\\/voxsahel.com\\\/\",\"name\":\"Vox Sahel\",\"description\":\"Informez-vous sur le Sahel en un clic\",\"publisher\":{\"@id\":\"https:\\\/\\\/voxsahel.com\\\/#organization\"},\"potentialAction\":[{\"@type\":\"SearchAction\",\"target\":{\"@type\":\"EntryPoint\",\"urlTemplate\":\"https:\\\/\\\/voxsahel.com\\\/?s={search_term_string}\"},\"query-input\":{\"@type\":\"PropertyValueSpecification\",\"valueRequired\":true,\"valueName\":\"search_term_string\"}}],\"inLanguage\":\"fr-FR\"},{\"@type\":\"Organization\",\"@id\":\"https:\\\/\\\/voxsahel.com\\\/#organization\",\"name\":\"Vox Sahel\",\"url\":\"https:\\\/\\\/voxsahel.com\\\/\",\"logo\":{\"@type\":\"ImageObject\",\"inLanguage\":\"fr-FR\",\"@id\":\"https:\\\/\\\/voxsahel.com\\\/#\\\/schema\\\/logo\\\/image\\\/\",\"url\":\"https:\\\/\\\/voxsahel.com\\\/wp-content\\\/uploads\\\/2024\\\/09\\\/Logo-Vox-Sahel.jpg\",\"contentUrl\":\"https:\\\/\\\/voxsahel.com\\\/wp-content\\\/uploads\\\/2024\\\/09\\\/Logo-Vox-Sahel.jpg\",\"width\":1181,\"height\":848,\"caption\":\"Vox Sahel\"},\"image\":{\"@id\":\"https:\\\/\\\/voxsahel.com\\\/#\\\/schema\\\/logo\\\/image\\\/\"},\"sameAs\":[\"https:\\\/\\\/www.facebook.com\\\/journal.voxsahel\"]},{\"@type\":\"Person\",\"@id\":\"https:\\\/\\\/voxsahel.com\\\/#\\\/schema\\\/person\\\/b4043608248f8fa227cd760e7ff1e19e\",\"name\":\"Vox Sahel\",\"image\":{\"@type\":\"ImageObject\",\"inLanguage\":\"fr-FR\",\"@id\":\"https:\\\/\\\/secure.gravatar.com\\\/avatar\\\/f70e7fa0cb9b29d4a7c5788d6eb2e9ab4d3135cbae1c9161810fdf77a8964699?s=96&d=mm&r=g\",\"url\":\"https:\\\/\\\/secure.gravatar.com\\\/avatar\\\/f70e7fa0cb9b29d4a7c5788d6eb2e9ab4d3135cbae1c9161810fdf77a8964699?s=96&d=mm&r=g\",\"contentUrl\":\"https:\\\/\\\/secure.gravatar.com\\\/avatar\\\/f70e7fa0cb9b29d4a7c5788d6eb2e9ab4d3135cbae1c9161810fdf77a8964699?s=96&d=mm&r=g\",\"caption\":\"Vox Sahel\"},\"sameAs\":[\"http:\\\/\\\/www.voxsahel.com\"],\"url\":\"https:\\\/\\\/voxsahel.com\\\/?author=2\"}]}<\/script>\n<!-- \/ Yoast SEO plugin. -->","yoast_head_json":{"title":"Rencontre gouvernement- syndicats: Le respect des engagements, une priorit\u00e9 pour une r\u00e9conciliation sociale durable - Vox Sahel","robots":{"index":"index","follow":"follow","max-snippet":"max-snippet:-1","max-image-preview":"max-image-preview:large","max-video-preview":"max-video-preview:-1"},"canonical":"https:\/\/voxsahel.com\/?p=1384","og_locale":"fr_FR","og_type":"article","og_title":"Rencontre gouvernement- syndicats: Le respect des engagements, une priorit\u00e9 pour une r\u00e9conciliation sociale durable - Vox Sahel","og_description":"La reprise du dialogue entre le gouvernement et les syndicats, les 6 et 7 f\u00e9vrier","og_url":"https:\/\/voxsahel.com\/?p=1384","og_site_name":"Vox Sahel","article_publisher":"https:\/\/www.facebook.com\/journal.voxsahel","article_published_time":"2025-02-11T06:16:05+00:00","og_image":[{"width":1536,"height":1229,"url":"https:\/\/voxsahel.com\/wp-content\/uploads\/2025\/02\/IMG_3132.jpeg","type":"image\/jpeg"}],"author":"Vox Sahel","twitter_card":"summary_large_image","twitter_misc":{"\u00c9crit par":"Vox Sahel","Dur\u00e9e de lecture estim\u00e9e":"4 minutes"},"schema":{"@context":"https:\/\/schema.org","@graph":[{"@type":"Article","@id":"https:\/\/voxsahel.com\/?p=1384#article","isPartOf":{"@id":"https:\/\/voxsahel.com\/?p=1384"},"author":{"name":"Vox Sahel","@id":"https:\/\/voxsahel.com\/#\/schema\/person\/b4043608248f8fa227cd760e7ff1e19e"},"headline":"Rencontre gouvernement- syndicats: Le respect des engagements, une priorit\u00e9 pour une r\u00e9conciliation sociale durable","datePublished":"2025-02-11T06:16:05+00:00","mainEntityOfPage":{"@id":"https:\/\/voxsahel.com\/?p=1384"},"wordCount":693,"commentCount":0,"publisher":{"@id":"https:\/\/voxsahel.com\/#organization"},"image":{"@id":"https:\/\/voxsahel.com\/?p=1384#primaryimage"},"thumbnailUrl":"https:\/\/voxsahel.com\/wp-content\/uploads\/2025\/02\/IMG_3132.jpeg","keywords":["Burkina Faso","Dialogue gouvernement et les syndicats","Gouvernement","Syndicat"],"articleSection":["POLITIQUE"],"inLanguage":"fr-FR","potentialAction":[{"@type":"CommentAction","name":"Comment","target":["https:\/\/voxsahel.com\/?p=1384#respond"]}]},{"@type":"WebPage","@id":"https:\/\/voxsahel.com\/?p=1384","url":"https:\/\/voxsahel.com\/?p=1384","name":"Rencontre gouvernement- syndicats: Le respect des engagements, une priorit\u00e9 pour une r\u00e9conciliation sociale durable - Vox Sahel","isPartOf":{"@id":"https:\/\/voxsahel.com\/#website"},"primaryImageOfPage":{"@id":"https:\/\/voxsahel.com\/?p=1384#primaryimage"},"image":{"@id":"https:\/\/voxsahel.com\/?p=1384#primaryimage"},"thumbnailUrl":"https:\/\/voxsahel.com\/wp-content\/uploads\/2025\/02\/IMG_3132.jpeg","datePublished":"2025-02-11T06:16:05+00:00","breadcrumb":{"@id":"https:\/\/voxsahel.com\/?p=1384#breadcrumb"},"inLanguage":"fr-FR","potentialAction":[{"@type":"ReadAction","target":["https:\/\/voxsahel.com\/?p=1384"]}]},{"@type":"ImageObject","inLanguage":"fr-FR","@id":"https:\/\/voxsahel.com\/?p=1384#primaryimage","url":"https:\/\/voxsahel.com\/wp-content\/uploads\/2025\/02\/IMG_3132.jpeg","contentUrl":"https:\/\/voxsahel.com\/wp-content\/uploads\/2025\/02\/IMG_3132.jpeg","width":1536,"height":1229},{"@type":"BreadcrumbList","@id":"https:\/\/voxsahel.com\/?p=1384#breadcrumb","itemListElement":[{"@type":"ListItem","position":1,"name":"Home","item":"https:\/\/voxsahel.com\/"},{"@type":"ListItem","position":2,"name":"Rencontre gouvernement- syndicats: Le respect des engagements, une priorit\u00e9 pour une r\u00e9conciliation sociale durable"}]},{"@type":"WebSite","@id":"https:\/\/voxsahel.com\/#website","url":"https:\/\/voxsahel.com\/","name":"Vox Sahel","description":"Informez-vous sur le Sahel en un clic","publisher":{"@id":"https:\/\/voxsahel.com\/#organization"},"potentialAction":[{"@type":"SearchAction","target":{"@type":"EntryPoint","urlTemplate":"https:\/\/voxsahel.com\/?s={search_term_string}"},"query-input":{"@type":"PropertyValueSpecification","valueRequired":true,"valueName":"search_term_string"}}],"inLanguage":"fr-FR"},{"@type":"Organization","@id":"https:\/\/voxsahel.com\/#organization","name":"Vox Sahel","url":"https:\/\/voxsahel.com\/","logo":{"@type":"ImageObject","inLanguage":"fr-FR","@id":"https:\/\/voxsahel.com\/#\/schema\/logo\/image\/","url":"https:\/\/voxsahel.com\/wp-content\/uploads\/2024\/09\/Logo-Vox-Sahel.jpg","contentUrl":"https:\/\/voxsahel.com\/wp-content\/uploads\/2024\/09\/Logo-Vox-Sahel.jpg","width":1181,"height":848,"caption":"Vox Sahel"},"image":{"@id":"https:\/\/voxsahel.com\/#\/schema\/logo\/image\/"},"sameAs":["https:\/\/www.facebook.com\/journal.voxsahel"]},{"@type":"Person","@id":"https:\/\/voxsahel.com\/#\/schema\/person\/b4043608248f8fa227cd760e7ff1e19e","name":"Vox Sahel","image":{"@type":"ImageObject","inLanguage":"fr-FR","@id":"https:\/\/secure.gravatar.com\/avatar\/f70e7fa0cb9b29d4a7c5788d6eb2e9ab4d3135cbae1c9161810fdf77a8964699?s=96&d=mm&r=g","url":"https:\/\/secure.gravatar.com\/avatar\/f70e7fa0cb9b29d4a7c5788d6eb2e9ab4d3135cbae1c9161810fdf77a8964699?s=96&d=mm&r=g","contentUrl":"https:\/\/secure.gravatar.com\/avatar\/f70e7fa0cb9b29d4a7c5788d6eb2e9ab4d3135cbae1c9161810fdf77a8964699?s=96&d=mm&r=g","caption":"Vox Sahel"},"sameAs":["http:\/\/www.voxsahel.com"],"url":"https:\/\/voxsahel.com\/?author=2"}]}},"_links":{"self":[{"href":"https:\/\/voxsahel.com\/index.php?rest_route=\/wp\/v2\/posts\/1384","targetHints":{"allow":["GET"]}}],"collection":[{"href":"https:\/\/voxsahel.com\/index.php?rest_route=\/wp\/v2\/posts"}],"about":[{"href":"https:\/\/voxsahel.com\/index.php?rest_route=\/wp\/v2\/types\/post"}],"author":[{"embeddable":true,"href":"https:\/\/voxsahel.com\/index.php?rest_route=\/wp\/v2\/users\/2"}],"replies":[{"embeddable":true,"href":"https:\/\/voxsahel.com\/index.php?rest_route=%2Fwp%2Fv2%2Fcomments&post=1384"}],"version-history":[{"count":1,"href":"https:\/\/voxsahel.com\/index.php?rest_route=\/wp\/v2\/posts\/1384\/revisions"}],"predecessor-version":[{"id":1387,"href":"https:\/\/voxsahel.com\/index.php?rest_route=\/wp\/v2\/posts\/1384\/revisions\/1387"}],"wp:featuredmedia":[{"embeddable":true,"href":"https:\/\/voxsahel.com\/index.php?rest_route=\/wp\/v2\/media\/1386"}],"wp:attachment":[{"href":"https:\/\/voxsahel.com\/index.php?rest_route=%2Fwp%2Fv2%2Fmedia&parent=1384"}],"wp:term":[{"taxonomy":"category","embeddable":true,"href":"https:\/\/voxsahel.com\/index.php?rest_route=%2Fwp%2Fv2%2Fcategories&post=1384"},{"taxonomy":"post_tag","embeddable":true,"href":"https:\/\/voxsahel.com\/index.php?rest_route=%2Fwp%2Fv2%2Ftags&post=1384"}],"curies":[{"name":"wp","href":"https:\/\/api.w.org\/{rel}","templated":true}]}}