{"id":1380,"date":"2025-02-09T22:18:19","date_gmt":"2025-02-09T22:18:19","guid":{"rendered":"https:\/\/voxsahel.com\/?p=1380"},"modified":"2025-02-09T22:18:19","modified_gmt":"2025-02-09T22:18:19","slug":"reforme-agraire-et-fonciere-les-inquietudes-dun-proprietaire-terrien","status":"publish","type":"post","link":"https:\/\/voxsahel.com\/?p=1380","title":{"rendered":"R\u00e9forme agraire et fonci\u00e8re : Les inqui\u00e9tudes d&rsquo;un propri\u00e9taire terrien"},"content":{"rendered":"<p class=\"p1\">Le Conseil des ministres du 5 f\u00e9vrier 2025 a adopt\u00e9 un projet de loi visant \u00e0 r\u00e9organiser le secteur agraire et foncier au Burkina Faso, un texte qui red\u00e9finit la gestion des terres et renforce le r\u00f4le de l&rsquo;\u00c9tat en mati\u00e8re de propri\u00e9t\u00e9 fonci\u00e8re. Selon ce projet, la terre deviendrait d\u00e9sormais la propri\u00e9t\u00e9 exclusive de l&rsquo;\u00c9tat.<\/p>\n<p class=\"p1\"><span class=\"s1\">Cette d\u00e9cision suscite cependant des pr\u00e9occupations chez certains propri\u00e9taires terriens, notamment le Malgr Naaba, un notable de Sabtenga, dans la commune de Pabr\u00e9, qui a exprim\u00e9 ses r\u00e9serves concernant la r\u00e9forme.<\/span><\/p>\n<p class=\"p1\"><span class=\"s1\">Le Malgr Naaba a notamment appel\u00e9 les autorit\u00e9s \u00e0 prendre en compte les propri\u00e9taires terriens et les chefs coutumiers dans cette r\u00e9forme. En 2012, une r\u00e9forme fonci\u00e8re avait d\u00e9j\u00e0 introduit un partage de la gestion des terres entre l&rsquo;\u00c9tat, les propri\u00e9taires terriens et les collectivit\u00e9s locales.<\/span><\/p>\n<p class=\"p1\"><span class=\"s1\">Cependant, cette gestion partag\u00e9e avait conduit \u00e0 des d\u00e9rives, incitant l&rsquo;\u00c9tat \u00e0 se positionner d\u00e9sormais comme le seul d\u00e9tenteur de la propri\u00e9t\u00e9 fonci\u00e8re.Le chef coutumier a fait part de ses craintes concernant les impacts sociaux et culturels d\u2019une centralisation excessive du pouvoir foncier. <\/span><\/p>\n<p class=\"p1\"><span class=\"s1\">Il insiste sur le fait que, bien que l&rsquo;\u00c9tat ait un r\u00f4le de r\u00e9gulation et de gestion, la terre appartient avant tout aux populations et fait partie de leur patrimoine ancestral. <\/span><\/p>\n<blockquote>\n<p class=\"p1\"><span class=\"s1\">\u00ab\u00a0Les terres sont l&rsquo;h\u00e9ritage de nos anc\u00eatres, cultiv\u00e9es, entretenues et prot\u00e9g\u00e9es de g\u00e9n\u00e9ration en g\u00e9n\u00e9ration. Si l&rsquo;\u00c9tat s&#8217;empare de ces terres, cela pourrait causer un d\u00e9chirement social\u00a0\u00bb, a-t-il averti.<\/span><\/p>\n<\/blockquote>\n<p class=\"p1\"><span class=\"s1\">Le Malgr Naaba souligne \u00e9galement que la r\u00e9forme semble n\u00e9gliger l\u2019importance des traditions et des coutumes dans la gestion fonci\u00e8re. Selon lui, avant m\u00eame la cr\u00e9ation de l&rsquo;\u00c9tat, ce sont les chefs coutumiers qui r\u00e9glaient les conflits li\u00e9s \u00e0 la terre et garantissaient la paix au sein des communaut\u00e9s. <\/span><\/p>\n<p class=\"p1\"><span class=\"s1\">Il plaide pour une r\u00e9forme qui soit le fruit d\u2019une collaboration entre l&rsquo;\u00c9tat et les autorit\u00e9s coutumi\u00e8res, dans le respect des droits des communaut\u00e9s locales.Concernant les autres aspects du projet de loi, notamment l\u2019introduction de baux de longue dur\u00e9e pour les exploitations agricoles (allant de 18 \u00e0 99 ans), le Malgr Naaba a exprim\u00e9 son opposition. <\/span><\/p>\n<p class=\"p1\"><span class=\"s1\">Pour lui, un Burkinab\u00e8 ne devrait pas avoir \u00e0 demander l\u2019autorisation de l\u2019\u00c9tat pour cultiver la terre. Il pr\u00e9f\u00e8re que les accords entre propri\u00e9taires fonciers et cultivateurs se fassent directement, sans l\u2019intervention de l\u2019\u00c9tat.<\/span><\/p>\n<p class=\"p1\"><span class=\"s1\">Le projet de loi pr\u00e9voit \u00e9galement d&rsquo;interdire aux \u00e9trangers de poss\u00e9der des terres rurales, une mesure que le Malgr Naaba soutient pleinement. Il est d\u2019avis qu&rsquo;un \u00e9tranger ne doit pouvoir que louer la terre pour l\u2019exploiter, mais ne doit pas en \u00eatre propri\u00e9taire \u00e0 long terme, afin de prot\u00e9ger les biens fonciers des Burkinab\u00e8.<\/span><\/p>\n<p class=\"p1\"><span class=\"s1\">Enfin, il a salu\u00e9 le travail des Forces de d\u00e9fense et de s\u00e9curit\u00e9 (FDS) et des Volontaires pour la d\u00e9fense de la patrie (VDP), soulignant l&rsquo;importance de l&rsquo;engagement de chaque citoyen pour la restauration de la paix. Selon lui, le Burkina Faso a d\u00e9j\u00e0 surmont\u00e9 des crises similaires dans le pass\u00e9 et finira par triompher \u00e0 nouveau, \u00e0 condition que tous unissent leurs forces pour la d\u00e9fense de la nation.<\/span><\/p>\n<p class=\"p1\" style=\"text-align: right;\"><strong><span class=\"s1\">Par Amir BAKO<\/span><\/strong><\/p>\n","protected":false},"excerpt":{"rendered":"<p>Le Conseil des ministres du 5 f\u00e9vrier 2025 a adopt\u00e9 un projet de loi visant<\/p>\n","protected":false},"author":2,"featured_media":1382,"comment_status":"open","ping_status":"open","sticky":false,"template":"","format":"standard","meta":{"_et_pb_use_builder":"","_et_pb_old_content":"","_et_gb_content_width":"","footnotes":""},"categories":[5],"tags":[18,105,604],"class_list":["post-1380","post","type-post","status-publish","format-standard","has-post-thumbnail","hentry","category-societe","tag-burkina-faso","tag-foncier","tag-reforme-agraire-et-fonciere"],"yoast_head":"<!-- This site is optimized with the Yoast SEO plugin v27.5 - https:\/\/yoast.com\/product\/yoast-seo-wordpress\/ -->\n<title>R\u00e9forme agraire et fonci\u00e8re : Les inqui\u00e9tudes d&#039;un propri\u00e9taire terrien - Vox Sahel<\/title>\n<meta name=\"robots\" content=\"index, follow, max-snippet:-1, max-image-preview:large, max-video-preview:-1\" \/>\n<link rel=\"canonical\" href=\"https:\/\/voxsahel.com\/?p=1380\" \/>\n<meta property=\"og:locale\" content=\"fr_FR\" \/>\n<meta property=\"og:type\" content=\"article\" \/>\n<meta property=\"og:title\" content=\"R\u00e9forme agraire et fonci\u00e8re : Les inqui\u00e9tudes d&#039;un propri\u00e9taire terrien - Vox Sahel\" \/>\n<meta property=\"og:description\" content=\"Le Conseil des ministres du 5 f\u00e9vrier 2025 a adopt\u00e9 un projet de loi visant\" \/>\n<meta property=\"og:url\" content=\"https:\/\/voxsahel.com\/?p=1380\" \/>\n<meta property=\"og:site_name\" content=\"Vox Sahel\" \/>\n<meta property=\"article:publisher\" content=\"https:\/\/www.facebook.com\/journal.voxsahel\" \/>\n<meta property=\"article:published_time\" content=\"2025-02-09T22:18:19+00:00\" \/>\n<meta property=\"og:image\" content=\"https:\/\/voxsahel.com\/wp-content\/uploads\/2025\/02\/e8f27f8f-529b-4ad9-a6fd-f6084a97182f.jpeg\" \/>\n\t<meta property=\"og:image:width\" content=\"1080\" \/>\n\t<meta property=\"og:image:height\" content=\"717\" \/>\n\t<meta property=\"og:image:type\" content=\"image\/jpeg\" \/>\n<meta name=\"author\" content=\"Vox Sahel\" \/>\n<meta name=\"twitter:card\" content=\"summary_large_image\" \/>\n<meta name=\"twitter:label1\" content=\"\u00c9crit par\" \/>\n\t<meta name=\"twitter:data1\" content=\"Vox Sahel\" \/>\n\t<meta name=\"twitter:label2\" content=\"Dur\u00e9e de lecture estim\u00e9e\" \/>\n\t<meta name=\"twitter:data2\" content=\"3 minutes\" \/>\n<script type=\"application\/ld+json\" class=\"yoast-schema-graph\">{\"@context\":\"https:\\\/\\\/schema.org\",\"@graph\":[{\"@type\":\"Article\",\"@id\":\"https:\\\/\\\/voxsahel.com\\\/?p=1380#article\",\"isPartOf\":{\"@id\":\"https:\\\/\\\/voxsahel.com\\\/?p=1380\"},\"author\":{\"name\":\"Vox Sahel\",\"@id\":\"https:\\\/\\\/voxsahel.com\\\/#\\\/schema\\\/person\\\/b4043608248f8fa227cd760e7ff1e19e\"},\"headline\":\"R\u00e9forme agraire et fonci\u00e8re : Les inqui\u00e9tudes d&rsquo;un propri\u00e9taire terrien\",\"datePublished\":\"2025-02-09T22:18:19+00:00\",\"mainEntityOfPage\":{\"@id\":\"https:\\\/\\\/voxsahel.com\\\/?p=1380\"},\"wordCount\":592,\"commentCount\":0,\"publisher\":{\"@id\":\"https:\\\/\\\/voxsahel.com\\\/#organization\"},\"image\":{\"@id\":\"https:\\\/\\\/voxsahel.com\\\/?p=1380#primaryimage\"},\"thumbnailUrl\":\"https:\\\/\\\/voxsahel.com\\\/wp-content\\\/uploads\\\/2025\\\/02\\\/e8f27f8f-529b-4ad9-a6fd-f6084a97182f.jpeg\",\"keywords\":[\"Burkina Faso\",\"Foncier\",\"R\u00e9forme agraire et fonci\u00e8re\"],\"articleSection\":[\"SOCIETE\"],\"inLanguage\":\"fr-FR\",\"potentialAction\":[{\"@type\":\"CommentAction\",\"name\":\"Comment\",\"target\":[\"https:\\\/\\\/voxsahel.com\\\/?p=1380#respond\"]}]},{\"@type\":\"WebPage\",\"@id\":\"https:\\\/\\\/voxsahel.com\\\/?p=1380\",\"url\":\"https:\\\/\\\/voxsahel.com\\\/?p=1380\",\"name\":\"R\u00e9forme agraire et fonci\u00e8re : Les inqui\u00e9tudes d'un propri\u00e9taire terrien - Vox Sahel\",\"isPartOf\":{\"@id\":\"https:\\\/\\\/voxsahel.com\\\/#website\"},\"primaryImageOfPage\":{\"@id\":\"https:\\\/\\\/voxsahel.com\\\/?p=1380#primaryimage\"},\"image\":{\"@id\":\"https:\\\/\\\/voxsahel.com\\\/?p=1380#primaryimage\"},\"thumbnailUrl\":\"https:\\\/\\\/voxsahel.com\\\/wp-content\\\/uploads\\\/2025\\\/02\\\/e8f27f8f-529b-4ad9-a6fd-f6084a97182f.jpeg\",\"datePublished\":\"2025-02-09T22:18:19+00:00\",\"breadcrumb\":{\"@id\":\"https:\\\/\\\/voxsahel.com\\\/?p=1380#breadcrumb\"},\"inLanguage\":\"fr-FR\",\"potentialAction\":[{\"@type\":\"ReadAction\",\"target\":[\"https:\\\/\\\/voxsahel.com\\\/?p=1380\"]}]},{\"@type\":\"ImageObject\",\"inLanguage\":\"fr-FR\",\"@id\":\"https:\\\/\\\/voxsahel.com\\\/?p=1380#primaryimage\",\"url\":\"https:\\\/\\\/voxsahel.com\\\/wp-content\\\/uploads\\\/2025\\\/02\\\/e8f27f8f-529b-4ad9-a6fd-f6084a97182f.jpeg\",\"contentUrl\":\"https:\\\/\\\/voxsahel.com\\\/wp-content\\\/uploads\\\/2025\\\/02\\\/e8f27f8f-529b-4ad9-a6fd-f6084a97182f.jpeg\",\"width\":1080,\"height\":717},{\"@type\":\"BreadcrumbList\",\"@id\":\"https:\\\/\\\/voxsahel.com\\\/?p=1380#breadcrumb\",\"itemListElement\":[{\"@type\":\"ListItem\",\"position\":1,\"name\":\"Home\",\"item\":\"https:\\\/\\\/voxsahel.com\\\/\"},{\"@type\":\"ListItem\",\"position\":2,\"name\":\"R\u00e9forme agraire et fonci\u00e8re : Les inqui\u00e9tudes d&rsquo;un propri\u00e9taire terrien\"}]},{\"@type\":\"WebSite\",\"@id\":\"https:\\\/\\\/voxsahel.com\\\/#website\",\"url\":\"https:\\\/\\\/voxsahel.com\\\/\",\"name\":\"Vox Sahel\",\"description\":\"Informez-vous sur le Sahel en un clic\",\"publisher\":{\"@id\":\"https:\\\/\\\/voxsahel.com\\\/#organization\"},\"potentialAction\":[{\"@type\":\"SearchAction\",\"target\":{\"@type\":\"EntryPoint\",\"urlTemplate\":\"https:\\\/\\\/voxsahel.com\\\/?s={search_term_string}\"},\"query-input\":{\"@type\":\"PropertyValueSpecification\",\"valueRequired\":true,\"valueName\":\"search_term_string\"}}],\"inLanguage\":\"fr-FR\"},{\"@type\":\"Organization\",\"@id\":\"https:\\\/\\\/voxsahel.com\\\/#organization\",\"name\":\"Vox Sahel\",\"url\":\"https:\\\/\\\/voxsahel.com\\\/\",\"logo\":{\"@type\":\"ImageObject\",\"inLanguage\":\"fr-FR\",\"@id\":\"https:\\\/\\\/voxsahel.com\\\/#\\\/schema\\\/logo\\\/image\\\/\",\"url\":\"https:\\\/\\\/voxsahel.com\\\/wp-content\\\/uploads\\\/2024\\\/09\\\/Logo-Vox-Sahel.jpg\",\"contentUrl\":\"https:\\\/\\\/voxsahel.com\\\/wp-content\\\/uploads\\\/2024\\\/09\\\/Logo-Vox-Sahel.jpg\",\"width\":1181,\"height\":848,\"caption\":\"Vox Sahel\"},\"image\":{\"@id\":\"https:\\\/\\\/voxsahel.com\\\/#\\\/schema\\\/logo\\\/image\\\/\"},\"sameAs\":[\"https:\\\/\\\/www.facebook.com\\\/journal.voxsahel\"]},{\"@type\":\"Person\",\"@id\":\"https:\\\/\\\/voxsahel.com\\\/#\\\/schema\\\/person\\\/b4043608248f8fa227cd760e7ff1e19e\",\"name\":\"Vox Sahel\",\"image\":{\"@type\":\"ImageObject\",\"inLanguage\":\"fr-FR\",\"@id\":\"https:\\\/\\\/secure.gravatar.com\\\/avatar\\\/f70e7fa0cb9b29d4a7c5788d6eb2e9ab4d3135cbae1c9161810fdf77a8964699?s=96&d=mm&r=g\",\"url\":\"https:\\\/\\\/secure.gravatar.com\\\/avatar\\\/f70e7fa0cb9b29d4a7c5788d6eb2e9ab4d3135cbae1c9161810fdf77a8964699?s=96&d=mm&r=g\",\"contentUrl\":\"https:\\\/\\\/secure.gravatar.com\\\/avatar\\\/f70e7fa0cb9b29d4a7c5788d6eb2e9ab4d3135cbae1c9161810fdf77a8964699?s=96&d=mm&r=g\",\"caption\":\"Vox Sahel\"},\"sameAs\":[\"http:\\\/\\\/www.voxsahel.com\"],\"url\":\"https:\\\/\\\/voxsahel.com\\\/?author=2\"}]}<\/script>\n<!-- \/ Yoast SEO plugin. -->","yoast_head_json":{"title":"R\u00e9forme agraire et fonci\u00e8re : Les inqui\u00e9tudes d'un propri\u00e9taire terrien - Vox Sahel","robots":{"index":"index","follow":"follow","max-snippet":"max-snippet:-1","max-image-preview":"max-image-preview:large","max-video-preview":"max-video-preview:-1"},"canonical":"https:\/\/voxsahel.com\/?p=1380","og_locale":"fr_FR","og_type":"article","og_title":"R\u00e9forme agraire et fonci\u00e8re : Les inqui\u00e9tudes d'un propri\u00e9taire terrien - Vox Sahel","og_description":"Le Conseil des ministres du 5 f\u00e9vrier 2025 a adopt\u00e9 un projet de loi visant","og_url":"https:\/\/voxsahel.com\/?p=1380","og_site_name":"Vox Sahel","article_publisher":"https:\/\/www.facebook.com\/journal.voxsahel","article_published_time":"2025-02-09T22:18:19+00:00","og_image":[{"width":1080,"height":717,"url":"https:\/\/voxsahel.com\/wp-content\/uploads\/2025\/02\/e8f27f8f-529b-4ad9-a6fd-f6084a97182f.jpeg","type":"image\/jpeg"}],"author":"Vox Sahel","twitter_card":"summary_large_image","twitter_misc":{"\u00c9crit par":"Vox Sahel","Dur\u00e9e de lecture estim\u00e9e":"3 minutes"},"schema":{"@context":"https:\/\/schema.org","@graph":[{"@type":"Article","@id":"https:\/\/voxsahel.com\/?p=1380#article","isPartOf":{"@id":"https:\/\/voxsahel.com\/?p=1380"},"author":{"name":"Vox Sahel","@id":"https:\/\/voxsahel.com\/#\/schema\/person\/b4043608248f8fa227cd760e7ff1e19e"},"headline":"R\u00e9forme agraire et fonci\u00e8re : Les inqui\u00e9tudes d&rsquo;un propri\u00e9taire terrien","datePublished":"2025-02-09T22:18:19+00:00","mainEntityOfPage":{"@id":"https:\/\/voxsahel.com\/?p=1380"},"wordCount":592,"commentCount":0,"publisher":{"@id":"https:\/\/voxsahel.com\/#organization"},"image":{"@id":"https:\/\/voxsahel.com\/?p=1380#primaryimage"},"thumbnailUrl":"https:\/\/voxsahel.com\/wp-content\/uploads\/2025\/02\/e8f27f8f-529b-4ad9-a6fd-f6084a97182f.jpeg","keywords":["Burkina Faso","Foncier","R\u00e9forme agraire et fonci\u00e8re"],"articleSection":["SOCIETE"],"inLanguage":"fr-FR","potentialAction":[{"@type":"CommentAction","name":"Comment","target":["https:\/\/voxsahel.com\/?p=1380#respond"]}]},{"@type":"WebPage","@id":"https:\/\/voxsahel.com\/?p=1380","url":"https:\/\/voxsahel.com\/?p=1380","name":"R\u00e9forme agraire et fonci\u00e8re : Les inqui\u00e9tudes d'un propri\u00e9taire terrien - Vox Sahel","isPartOf":{"@id":"https:\/\/voxsahel.com\/#website"},"primaryImageOfPage":{"@id":"https:\/\/voxsahel.com\/?p=1380#primaryimage"},"image":{"@id":"https:\/\/voxsahel.com\/?p=1380#primaryimage"},"thumbnailUrl":"https:\/\/voxsahel.com\/wp-content\/uploads\/2025\/02\/e8f27f8f-529b-4ad9-a6fd-f6084a97182f.jpeg","datePublished":"2025-02-09T22:18:19+00:00","breadcrumb":{"@id":"https:\/\/voxsahel.com\/?p=1380#breadcrumb"},"inLanguage":"fr-FR","potentialAction":[{"@type":"ReadAction","target":["https:\/\/voxsahel.com\/?p=1380"]}]},{"@type":"ImageObject","inLanguage":"fr-FR","@id":"https:\/\/voxsahel.com\/?p=1380#primaryimage","url":"https:\/\/voxsahel.com\/wp-content\/uploads\/2025\/02\/e8f27f8f-529b-4ad9-a6fd-f6084a97182f.jpeg","contentUrl":"https:\/\/voxsahel.com\/wp-content\/uploads\/2025\/02\/e8f27f8f-529b-4ad9-a6fd-f6084a97182f.jpeg","width":1080,"height":717},{"@type":"BreadcrumbList","@id":"https:\/\/voxsahel.com\/?p=1380#breadcrumb","itemListElement":[{"@type":"ListItem","position":1,"name":"Home","item":"https:\/\/voxsahel.com\/"},{"@type":"ListItem","position":2,"name":"R\u00e9forme agraire et fonci\u00e8re : Les inqui\u00e9tudes d&rsquo;un propri\u00e9taire terrien"}]},{"@type":"WebSite","@id":"https:\/\/voxsahel.com\/#website","url":"https:\/\/voxsahel.com\/","name":"Vox Sahel","description":"Informez-vous sur le Sahel en un clic","publisher":{"@id":"https:\/\/voxsahel.com\/#organization"},"potentialAction":[{"@type":"SearchAction","target":{"@type":"EntryPoint","urlTemplate":"https:\/\/voxsahel.com\/?s={search_term_string}"},"query-input":{"@type":"PropertyValueSpecification","valueRequired":true,"valueName":"search_term_string"}}],"inLanguage":"fr-FR"},{"@type":"Organization","@id":"https:\/\/voxsahel.com\/#organization","name":"Vox Sahel","url":"https:\/\/voxsahel.com\/","logo":{"@type":"ImageObject","inLanguage":"fr-FR","@id":"https:\/\/voxsahel.com\/#\/schema\/logo\/image\/","url":"https:\/\/voxsahel.com\/wp-content\/uploads\/2024\/09\/Logo-Vox-Sahel.jpg","contentUrl":"https:\/\/voxsahel.com\/wp-content\/uploads\/2024\/09\/Logo-Vox-Sahel.jpg","width":1181,"height":848,"caption":"Vox Sahel"},"image":{"@id":"https:\/\/voxsahel.com\/#\/schema\/logo\/image\/"},"sameAs":["https:\/\/www.facebook.com\/journal.voxsahel"]},{"@type":"Person","@id":"https:\/\/voxsahel.com\/#\/schema\/person\/b4043608248f8fa227cd760e7ff1e19e","name":"Vox Sahel","image":{"@type":"ImageObject","inLanguage":"fr-FR","@id":"https:\/\/secure.gravatar.com\/avatar\/f70e7fa0cb9b29d4a7c5788d6eb2e9ab4d3135cbae1c9161810fdf77a8964699?s=96&d=mm&r=g","url":"https:\/\/secure.gravatar.com\/avatar\/f70e7fa0cb9b29d4a7c5788d6eb2e9ab4d3135cbae1c9161810fdf77a8964699?s=96&d=mm&r=g","contentUrl":"https:\/\/secure.gravatar.com\/avatar\/f70e7fa0cb9b29d4a7c5788d6eb2e9ab4d3135cbae1c9161810fdf77a8964699?s=96&d=mm&r=g","caption":"Vox Sahel"},"sameAs":["http:\/\/www.voxsahel.com"],"url":"https:\/\/voxsahel.com\/?author=2"}]}},"_links":{"self":[{"href":"https:\/\/voxsahel.com\/index.php?rest_route=\/wp\/v2\/posts\/1380","targetHints":{"allow":["GET"]}}],"collection":[{"href":"https:\/\/voxsahel.com\/index.php?rest_route=\/wp\/v2\/posts"}],"about":[{"href":"https:\/\/voxsahel.com\/index.php?rest_route=\/wp\/v2\/types\/post"}],"author":[{"embeddable":true,"href":"https:\/\/voxsahel.com\/index.php?rest_route=\/wp\/v2\/users\/2"}],"replies":[{"embeddable":true,"href":"https:\/\/voxsahel.com\/index.php?rest_route=%2Fwp%2Fv2%2Fcomments&post=1380"}],"version-history":[{"count":1,"href":"https:\/\/voxsahel.com\/index.php?rest_route=\/wp\/v2\/posts\/1380\/revisions"}],"predecessor-version":[{"id":1383,"href":"https:\/\/voxsahel.com\/index.php?rest_route=\/wp\/v2\/posts\/1380\/revisions\/1383"}],"wp:featuredmedia":[{"embeddable":true,"href":"https:\/\/voxsahel.com\/index.php?rest_route=\/wp\/v2\/media\/1382"}],"wp:attachment":[{"href":"https:\/\/voxsahel.com\/index.php?rest_route=%2Fwp%2Fv2%2Fmedia&parent=1380"}],"wp:term":[{"taxonomy":"category","embeddable":true,"href":"https:\/\/voxsahel.com\/index.php?rest_route=%2Fwp%2Fv2%2Fcategories&post=1380"},{"taxonomy":"post_tag","embeddable":true,"href":"https:\/\/voxsahel.com\/index.php?rest_route=%2Fwp%2Fv2%2Ftags&post=1380"}],"curies":[{"name":"wp","href":"https:\/\/api.w.org\/{rel}","templated":true}]}}