{"id":1361,"date":"2025-02-08T11:24:48","date_gmt":"2025-02-08T11:24:48","guid":{"rendered":"https:\/\/voxsahel.com\/?p=1361"},"modified":"2025-02-08T11:24:48","modified_gmt":"2025-02-08T11:24:48","slug":"abdoul-rahamane-cisse-medecin-federal-de-la-federation-burkinabe-de-cyclisme-depuis-quelques-annees-le-cyclisme-burkinabe-semble-avoir-leve-le-pied-de-la-pedale","status":"publish","type":"post","link":"https:\/\/voxsahel.com\/?p=1361","title":{"rendered":"Abdoul Rahamane Ciss\u00e9, m\u00e9decin f\u00e9d\u00e9ral de la f\u00e9d\u00e9ration burkinab\u00e8 de cyclisme\u00a0: \u00ab Depuis quelques ann\u00e9es, le cyclisme burkinab\u00e8 semble avoir lev\u00e9 le pied de la p\u00e9dale \u00bb"},"content":{"rendered":"<p><strong>Passionn\u00e9 de cyclisme depuis sa tendre enfance, il n\u2019a pas h\u00e9sit\u00e9 \u00e0 devenir cycliste, une fois grand. Depuis lors le v\u00e9lo et lui, c\u2019est le parfait amour. Lui, c\u2019est Abdoul Rahamane Ciss\u00e9, m\u00e9decin sp\u00e9cialis\u00e9 en m\u00e9decine du sport et en orthop\u00e9die \u2013traumatologie, enseignant hospitalo-universitaire \u00e0 l\u2019Universit\u00e9 Joseph KI-Zerbo et au CHU de Tengandogo. Par ailleurs m\u00e9decin f\u00e9d\u00e9ral de la F\u00e9d\u00e9ration burkinab\u00e8 de cyclisme, nous avons \u00e9chang\u00e9 avec lui le 27 janvier 2025 sur tout ce qui a trait au cyclisme sp\u00e9cifiquement le Tour du Faso. Pour lui, le Tour du Faso fait la fiert\u00e9 du Burkina, mais a besoin d\u2019am\u00e9lioration pour rester toujours parmi les meilleures comp\u00e9titions de cyclisme dans la sous-r\u00e9gion. En plus, il a \u00e9t\u00e9 question de la suspension du Burkina par l&rsquo;Union cycliste internationale pour avoir permis \u00e0 des coureurs russes \u00e0 participer au Tour du Faso. Pour lui, la politique ne doit pas se m\u00ealer du sport. Lisez la suite !<\/strong><\/p>\n<p>&nbsp;<\/p>\n<p><strong>Vox Sahel\u00a0: Qu&rsquo;est-ce qui vous a attir\u00e9 au cyclisme ?<\/strong><\/p>\n<p><strong>Abdoul Rahamane Ciss\u00e9<\/strong> : Je suis tr\u00e8s passionn\u00e9 du cyclisme depuis l\u2019enfance. J\u2019ai toujours \u00e9t\u00e9 \u00e9merveill\u00e9 par le courage des cyclistes et la beaut\u00e9 du spectacle qu\u2019ils offraient lors des arriv\u00e9es du Tour du Faso \u00e0 Bobo-Dioulasso. C\u2019est ainsi que j\u2019ai \u00e9t\u00e9 piqu\u00e9 par le virus du cyclisme depuis mon \u00e9cole primaire. J\u2019avoue que j\u2019ai pass\u00e9 toute mon enfance \u00e0 r\u00eaver \u00eatre un champion cycliste. Malheureusement, le co\u00fbt exorbitant des v\u00e9los de course ne m\u2019a pas permis de commencer t\u00f4t ce sport. C\u2019est au d\u00e9but de mes \u00e9tudes \u00e0 l\u2019universit\u00e9 que j\u2019ai pu \u00e9conomiser ma bourse pour m\u2019acheter mon premier v\u00e9lo de course. J\u2019ai remport\u00e9 la premi\u00e8re \u00e9dition du \u00ab Campus Crit\u00e9rium \u00bb en 2003. Le Directeur technique national de la F\u00e9d\u00e9ration burkinab\u00e8 de cyclisme de l\u2019\u00e9poque M. Aboubacar Tao qui m\u2019a sugg\u00e9r\u00e9 de penser \u00e0 faire une carri\u00e8re dans le cyclisme, car il voyait en moi quelqu\u2019un qui avait un grand potentiel pour ce sport. Pour m\u2019encourager, il m\u2019a offert des v\u00eatements de coureur cycliste. En 2005, j\u2019ai \u00e9t\u00e9 rep\u00e9r\u00e9 par les dirigeants du club ASFA lors de mes entra\u00eenements. C\u2019\u00e9tait le d\u00e9but de ma carri\u00e8re dans l\u2019\u00e9lite du cyclisme burkinab\u00e8. Apr\u00e8s six ans de comp\u00e9tition, j\u2019ai d\u00e9cid\u00e9 d\u2019arr\u00eater ma carri\u00e8re sportive pour me consacrer \u00e0 l\u2019exercice de la m\u00e9decine, mais en restant dans le domaine du sport. C\u2019est pourquoi j\u2019ai fait une sp\u00e9cialisation en m\u00e9decine du sport pour mieux accompagner les sportifs burkinab\u00e8 dans l\u2019atteinte de la performance, tout en pr\u00e9servant leur sant\u00e9.<\/p>\n<p><strong>Quels ont \u00e9t\u00e9 vos plus grandes r\u00e9ussites et d\u00e9fis durant votre carri\u00e8re de cycliste professionnel avec l&rsquo;\u00e9quipe de l&rsquo;ASFA-YENNEGA ?<\/strong><\/p>\n<p>Le plus grand d\u00e9fi pour moi a \u00e9t\u00e9 de pouvoir allier les \u00e9tudes de m\u00e9decine \u00ab Ceux qui disent que la politique ne doit pas se m\u00ealer du sport semblent faire du deux poids deux mesures \u00bb avec la pratique d\u2019un sport tr\u00e8s \u00e9prouvant physiquement comme le cyclisme. Gr\u00e2ce aux soutiens et encouragements de plusieurs personnes, j\u2019ai r\u00e9ussi \u00e0 m\u2019inscrire parmi les pionniers de cette discipline dans le monde universitaire. C\u2019est une grande fiert\u00e9 de pouvoir tracer la voie pour certains \u00e9tudiants champions cyclistes comme Mathias Sorgho qui a \u00e9t\u00e9 vainqueur du Tour du Faso.<\/p>\n<p><strong>Que vous apporte aujourd&rsquo;hui votre amour pour le v\u00e9lo, aussi bien personnellement que professionnellement ?<\/strong><\/p>\n<p>D\u2019abord, mon orientation vers la m\u00e9decine du sport a \u00e9t\u00e9 inspir\u00e9e par ma carri\u00e8re de cycliste. Ma passion pour le v\u00e9lo m\u2019a permis \u00e9galement de rencontrer beaucoup d\u2019amis dans le domaine du sport et m\u00eame en dehors. Ce carnet d\u2019adresses m\u2019a franchement aid\u00e9 dans ma vie personnelle et professionnelle.<\/p>\n<p><strong>Comment voyez-vous l&rsquo;\u00e9volution du cyclisme au Burkina Faso en particulier et en Afrique en g\u00e9n\u00e9ral ? Quels sont, selon vous, les principaux d\u00e9fis auxquels font face les cyclistes africains ?<\/strong><\/p>\n<p>Les Burkinab\u00e8 sont dans leur majorit\u00e9 passionn\u00e9s de cyclisme. Mais la gestion politique de la discipline est \u00e0 am\u00e9liorer. L\u2019Afrique a \u00e9galement beaucoup de potentiel dans cette discipline. Le dernier vainqueur du maillot vert au Tour de France est un Erythr\u00e9en. En tant que vice-pr\u00e9sident de la commission m\u00e9dicale du<\/p>\n<p><strong>Tour du Faso, quel est votre r\u00f4le exact et vos responsabilit\u00e9s ?<\/strong><\/p>\n<p>Etant chirurgien orthop\u00e9diste, mon r\u00f4le principal est d\u2019aider la commission m\u00e9dicale \u00e0 prendre en charge les cas de traumatismes graves n\u00e9cessitant un avis orthop\u00e9diste et\/ou une intervention chirurgicale. Etant le m\u00e9decin de l\u2019\u00e9quipe nationale de cyclisme, je dois veiller \u00e9galement au bien-\u00eatre des coureurs burkinab\u00e8.<\/p>\n<p><strong>Quel bilan faites-vous du dernier Tour du Faso ?<\/strong><\/p>\n<p>Je suis tr\u00e8s satisfait sur le plan organisationnel, car c\u2019\u00e9tait un gros d\u00e9fi remport\u00e9 par tous les Burkinab\u00e8 qui ont encore prouv\u00e9 leur capacit\u00e9 de r\u00e9silience face \u00e0 l\u2019ins\u00e9curit\u00e9 que traverse notre pays. Sur le plan sportif, les r\u00e9sultats nous montrent le travail \u00e0 faire pour reconqu\u00e9rir notre place dans l\u2019\u00e9chiquier du cyclisme africain. Dans le cyclisme, d\u00e8s que vous levez le pied de la p\u00e9dale, vous \u00eates \u00e9ject\u00e9 du peloton des meilleurs. Malheureusement, depuis quelques ann\u00e9es, le cyclisme burkinab\u00e8 semble avoir lev\u00e9 le pied de la p\u00e9dale.<\/p>\n<p><strong>Parlant toujours du Tour du Faso, le Burkina a \u00e9t\u00e9 suspendu par l\u2019UCI pour avoir laiss\u00e9 participer une \u00e9quipe du Tour. Comment avez-vous accueilli cette nouvelle ? <\/strong><\/p>\n<p>C\u2019est regrettable. Ceux qui disent que la politique ne doit pas se m\u00ealer du sport semblent faire du deux poids deux mesures. Les Russes ont particip\u00e9 \u00e0 la renomm\u00e9e du Tour du Faso en prenant part aux premi\u00e8res \u00e9ditions et en offrant des stages de formation aux cyclistes burkinab\u00e8 de l\u2019\u00e9poque. Il serait ingrat d\u2019emp\u00eacher que les enfants et les petits-enfants de ces Russes puissent participer \u00e0 la f\u00eate du v\u00e9lo avec nous.<\/p>\n<p><strong>Quels seraient justement les impacts de cette suspension sur le Tour en particulier et l\u2019activit\u00e9 du cyclisme g\u00e9n\u00e9ral au Burkina Faso ?<\/strong><\/p>\n<p>La reconnaissance internationale du Tour du Faso pourrait en souffrir. Mais je crois en la capacit\u00e9 de notre peuple \u00e0 s\u2019adapter et m\u00eame \u00e0 se r\u00e9inventer.<\/p>\n<p><strong>Comment percevez-vous la tenue du Tour du Faso malgr\u00e9 la crise s\u00e9curitaire ?<\/strong><\/p>\n<p>Un grand d\u00e9fi surmont\u00e9 gr\u00e2ce \u00e0 la d\u00e9termination de nos FDS, \u00e0 qui je rends une fois de plus un vibrant hommage.<\/p>\n<p><strong>Vous qui \u00eates membre f\u00e9d\u00e9ral, quelle analyse faites- vous de l\u2019impact de la crise s\u00e9curitaire sur le Tour ?<\/strong><\/p>\n<p>Tr\u00e8s peu d\u2019impact sur la popularit\u00e9 et la r\u00e9ussite organisationnelle de l\u2019\u00e9v\u00e9nement. Au contraire, on ne sent plus de fiert\u00e9 \u00e0 r\u00e9ussir le pari organisationnel dans ce contexte difficile.<\/p>\n<p><strong>Quelles mesures de s\u00e9curit\u00e9 et de sant\u00e9 sont mises en place pour prot\u00e9ger les cyclistes pendant la course ?<\/strong><\/p>\n<p>Difficile pour moi de parler des mesures s\u00e9curitaires. Pour la sant\u00e9, un accent particulier est mis sur la collaboration des coll\u00e8gues des r\u00e9gions travers\u00e9es pour nous pr\u00eater main- forte au besoin. Dans le sport m\u00e9canique, toutes les \u00e9ventualit\u00e9s sont \u00e0 envisager. Il y a une \u00e9quipe chirurgicale dirig\u00e9e par moi-m\u00eame et bas\u00e9e \u00e0 Ouagadougou pour la prise en charge rapide des cas n\u00e9cessitant une intervention chirurgicale.<\/p>\n<p><strong>Pourquoi avoir choisi de devenir chirurgien orthop\u00e9diste ? Est-ce un choix qui influence votre pass\u00e9 de cycliste ?<\/strong><\/p>\n<p>Oui, ce choix a \u00e9t\u00e9 guid\u00e9 par ma passion pour le sport. La m\u00e9decine du sport et la chirurgie orthop\u00e9dique forment un couple id\u00e9al pour la prise en charge des traumatismes sportifs \u00e0 mon avis.<\/p>\n<p><strong>Comment parvenez vous \u00e0 combiner vos responsabilit\u00e9s en tant qu&rsquo;enseignant- hospitalo-universitaire et votre activit\u00e9 de m\u00e9decin du sport ?<\/strong><\/p>\n<p>Je suis effectivement enseignant en m\u00e9decine du sport. En m\u00e9decine comme partout ailleurs, il est difficile d\u2019enseigner quelque chose qu\u2019on ne vit pas sur le terrain. La litt\u00e9rature est fournie, mais l\u2019exp\u00e9rience du terrain est un grand plus. En outre, il faut faire de la recherche \u00e0 partir des observations du terrain pour contribuer \u00e0 la science et au bien-\u00eatre des sportifs.<\/p>\n<p><strong>Selon vous, quel est l&rsquo;impact du sport, et en particulier du cyclisme, sur la sant\u00e9 physique et mentale ?<\/strong><\/p>\n<p>Je pense que le cyclisme fait partie des plus beaux sports au monde. Le v\u00e9lo, l\u2019\u00e9quipement, les travers\u00e9es des beaux paysages et des villes sont magnifiques. C\u2019est l\u2019un des rares sports qui vont vers les spectateurs. Les cyclistes passent devant les concessions et les hameaux de culture pour offrir gratuitement du spectacle au public. Le cyclisme est encore plus int\u00e9ressant lorsque les r\u00e8gles de la discipline sont connues. Ils sont nombreux ceux qui ne ma\u00eetrisent pas les calculs de temps pour d\u00e9signer le vainqueur d\u2019une course \u00e0 \u00e9tapes. Lors des arriv\u00e9es au sprint, le travail d\u2019\u00e9quipe est magnifique. Pour le sport sant\u00e9, le cyclisme est assez complet et moins traumatisant pour les articulations des membres inf\u00e9rieurs compar\u00e9 aux sports en charge comme le football. Le v\u00e9lo est un moyen de d\u00e9placement \u00e9conomique et protecteur de l\u2019environnement.<\/p>\n<p><strong>Les blessures sportives sont-elles un domaine sp\u00e9cifique de recherche pour vous ? Pourriez-vous partager des exemples de recherches ou d&rsquo;\u00e9tudes que vous avez utilis\u00e9s \u00e0 ce sujet ?<\/strong><\/p>\n<p>Oui, la recherche en m\u00e9decine est tr\u00e8s passionnante. Il y a des sujets tr\u00e8s sp\u00e9cifiques comme les technopathies, qui sont li\u00e9es aux gestes techniques et aux mat\u00e9riels utilis\u00e9s. La connaissance de la discipline sportive est indispensable pour la recherche sur ce sujet.<\/p>\n<p><strong>Quels conseils donneriez-vous aux jeunes sportifs pour \u00e9viter les blessures et optimiser leur sant\u00e9 sur le long terme ?<\/strong><\/p>\n<p>Avoir une bonne hygi\u00e8ne de vie et suivre les recommandations des m\u00e9decins pour la pr\u00e9vention et la prise en charge des blessures li\u00e9es \u00e0 la pratique du sport.<\/p>\n<p><strong>Quel conseil donneriez-vous aux jeunes Burkinab\u00e8 qui souhaitent se lancer dans le cyclisme professionnel ?<\/strong><\/p>\n<p>\u00catre tr\u00e8s disciplin\u00e9 et suivre la courbe de progression. Bien \u00e9couter son corps et bien r\u00e9cup\u00e9rer apr\u00e8s les entra\u00eenements et les comp\u00e9titions.<\/p>\n<p><strong>Au regard du dernier r\u00e9sultat du Burkina Faso au Tour, comment voyez-vous l&rsquo;avenir du cyclisme au Burkina Faso, notamment en termes de formation, d&rsquo;infrastructures, et de comp\u00e9titions ?<\/strong><\/p>\n<p>Je pense qu\u2019on doit rectifier les tirs \u00e0 tous les niveaux. Pour cela, il faut la collaboration de tous les acteurs (cyclistes, dirigeants et gouvernants du sport).<\/p>\n<p><strong>En tant que dipl\u00f4m\u00e9 de l\u2019UCI, quel est votre regard sur tout ce qui se passe sur le Tour du Faso ?<\/strong><\/p>\n<p>On ne travaille pas assez \u00e0 l\u2019\u00e9volution de la discipline. Je suis d\u00e9sol\u00e9 de constater que certains prennent le Tour comme une foire o\u00f9 il faut venir faire des affaires, se remplir les poches et continuer. Il faut des actions pour pr\u00e9parer l\u2019avenir. Sinon, on sera surpris de voir le Tour du Faso reculer dans le classement des grands tours cyclistes du continent.<\/p>\n<p><strong>En tant que m\u00e9decin et ancien athl\u00e8te, quelles am\u00e9liorations aimeriez-vous voir dans le domaine du sport et de la sant\u00e9 au Burkina Faso ? <\/strong><\/p>\n<p>Il faut une meilleure organisation de la m\u00e9decine du sport. Tous les acteurs de la sp\u00e9cialit\u00e9 et le minist\u00e8re de la Sant\u00e9 sont interpel\u00e9s pour une reconnaissance et une promotion de la sp\u00e9cialit\u00e9 pour le bien-\u00eatre des sportifs qui participent \u00e0 la vie sociale et \u00e9conomique du pays.<\/p>\n<p><strong>Avez-vous un projet personnel que vous aimeriez encore accomplir, soit dans le domaine du sport, soit en m\u00e9decine ?<\/strong><\/p>\n<p>Apr\u00e8s avoir contribu\u00e9 \u00e0 l\u2019introduction du cyclisme \u00e0 l\u2019universit\u00e9, je r\u00eave de faire la m\u00eame chose dans une autre population.<\/p>\n<p>&nbsp;<\/p>\n","protected":false},"excerpt":{"rendered":"<p>Passionn\u00e9 de cyclisme depuis sa tendre enfance, il n\u2019a pas h\u00e9sit\u00e9 \u00e0 devenir cycliste, une<\/p>\n","protected":false},"author":2,"featured_media":1362,"comment_status":"open","ping_status":"open","sticky":false,"template":"","format":"standard","meta":{"_et_pb_use_builder":"","_et_pb_old_content":"","_et_gb_content_width":"","footnotes":""},"categories":[11,12],"tags":[18,77,34,79,122],"class_list":["post-1361","post","type-post","status-publish","format-standard","has-post-thumbnail","hentry","category-interview","category-sports","tag-burkina-faso","tag-cyclisme","tag-sport","tag-tour-cycliste-de-cote-divoire","tag-tour-du-faso"],"yoast_head":"<!-- This site is optimized with the Yoast SEO plugin v27.5 - https:\/\/yoast.com\/product\/yoast-seo-wordpress\/ -->\n<title>Abdoul Rahamane Ciss\u00e9, m\u00e9decin f\u00e9d\u00e9ral de la f\u00e9d\u00e9ration burkinab\u00e8 de cyclisme\u00a0: \u00ab Depuis quelques ann\u00e9es, le cyclisme burkinab\u00e8 semble avoir lev\u00e9 le pied de la p\u00e9dale \u00bb - Vox Sahel<\/title>\n<meta name=\"robots\" content=\"index, follow, max-snippet:-1, max-image-preview:large, max-video-preview:-1\" \/>\n<link rel=\"canonical\" href=\"https:\/\/voxsahel.com\/?p=1361\" \/>\n<meta property=\"og:locale\" content=\"fr_FR\" \/>\n<meta property=\"og:type\" content=\"article\" \/>\n<meta property=\"og:title\" content=\"Abdoul Rahamane Ciss\u00e9, m\u00e9decin f\u00e9d\u00e9ral de la f\u00e9d\u00e9ration burkinab\u00e8 de cyclisme\u00a0: \u00ab Depuis quelques ann\u00e9es, le cyclisme burkinab\u00e8 semble avoir lev\u00e9 le pied de la p\u00e9dale \u00bb - Vox Sahel\" \/>\n<meta property=\"og:description\" content=\"Passionn\u00e9 de cyclisme depuis sa tendre enfance, il n\u2019a pas h\u00e9sit\u00e9 \u00e0 devenir cycliste, une\" \/>\n<meta property=\"og:url\" content=\"https:\/\/voxsahel.com\/?p=1361\" \/>\n<meta property=\"og:site_name\" content=\"Vox Sahel\" \/>\n<meta property=\"article:publisher\" content=\"https:\/\/www.facebook.com\/journal.voxsahel\" \/>\n<meta property=\"article:published_time\" content=\"2025-02-08T11:24:48+00:00\" \/>\n<meta property=\"og:image\" content=\"https:\/\/voxsahel.com\/wp-content\/uploads\/2025\/02\/DR-CISSE.jpg\" \/>\n\t<meta property=\"og:image:width\" content=\"706\" \/>\n\t<meta property=\"og:image:height\" content=\"976\" \/>\n\t<meta property=\"og:image:type\" content=\"image\/jpeg\" \/>\n<meta name=\"author\" content=\"Vox Sahel\" \/>\n<meta name=\"twitter:card\" content=\"summary_large_image\" \/>\n<meta name=\"twitter:label1\" content=\"\u00c9crit par\" \/>\n\t<meta name=\"twitter:data1\" content=\"Vox Sahel\" \/>\n\t<meta name=\"twitter:label2\" content=\"Dur\u00e9e de lecture estim\u00e9e\" \/>\n\t<meta name=\"twitter:data2\" content=\"10 minutes\" \/>\n<script type=\"application\/ld+json\" class=\"yoast-schema-graph\">{\"@context\":\"https:\\\/\\\/schema.org\",\"@graph\":[{\"@type\":\"Article\",\"@id\":\"https:\\\/\\\/voxsahel.com\\\/?p=1361#article\",\"isPartOf\":{\"@id\":\"https:\\\/\\\/voxsahel.com\\\/?p=1361\"},\"author\":{\"name\":\"Vox Sahel\",\"@id\":\"https:\\\/\\\/voxsahel.com\\\/#\\\/schema\\\/person\\\/b4043608248f8fa227cd760e7ff1e19e\"},\"headline\":\"Abdoul Rahamane Ciss\u00e9, m\u00e9decin f\u00e9d\u00e9ral de la f\u00e9d\u00e9ration burkinab\u00e8 de cyclisme\u00a0: \u00ab Depuis quelques ann\u00e9es, le cyclisme burkinab\u00e8 semble avoir lev\u00e9 le pied de la p\u00e9dale \u00bb\",\"datePublished\":\"2025-02-08T11:24:48+00:00\",\"mainEntityOfPage\":{\"@id\":\"https:\\\/\\\/voxsahel.com\\\/?p=1361\"},\"wordCount\":2059,\"commentCount\":0,\"publisher\":{\"@id\":\"https:\\\/\\\/voxsahel.com\\\/#organization\"},\"image\":{\"@id\":\"https:\\\/\\\/voxsahel.com\\\/?p=1361#primaryimage\"},\"thumbnailUrl\":\"https:\\\/\\\/voxsahel.com\\\/wp-content\\\/uploads\\\/2025\\\/02\\\/DR-CISSE.jpg\",\"keywords\":[\"Burkina Faso\",\"cyclisme\",\"Sport\",\"Tour cycliste de C\u00f4te d'Ivoire\",\"Tour du Faso\"],\"articleSection\":[\"INTERVIEW\",\"SPORTS\"],\"inLanguage\":\"fr-FR\",\"potentialAction\":[{\"@type\":\"CommentAction\",\"name\":\"Comment\",\"target\":[\"https:\\\/\\\/voxsahel.com\\\/?p=1361#respond\"]}]},{\"@type\":\"WebPage\",\"@id\":\"https:\\\/\\\/voxsahel.com\\\/?p=1361\",\"url\":\"https:\\\/\\\/voxsahel.com\\\/?p=1361\",\"name\":\"Abdoul Rahamane Ciss\u00e9, m\u00e9decin f\u00e9d\u00e9ral de la f\u00e9d\u00e9ration burkinab\u00e8 de cyclisme\u00a0: \u00ab Depuis quelques ann\u00e9es, le cyclisme burkinab\u00e8 semble avoir lev\u00e9 le pied de la p\u00e9dale \u00bb - Vox Sahel\",\"isPartOf\":{\"@id\":\"https:\\\/\\\/voxsahel.com\\\/#website\"},\"primaryImageOfPage\":{\"@id\":\"https:\\\/\\\/voxsahel.com\\\/?p=1361#primaryimage\"},\"image\":{\"@id\":\"https:\\\/\\\/voxsahel.com\\\/?p=1361#primaryimage\"},\"thumbnailUrl\":\"https:\\\/\\\/voxsahel.com\\\/wp-content\\\/uploads\\\/2025\\\/02\\\/DR-CISSE.jpg\",\"datePublished\":\"2025-02-08T11:24:48+00:00\",\"breadcrumb\":{\"@id\":\"https:\\\/\\\/voxsahel.com\\\/?p=1361#breadcrumb\"},\"inLanguage\":\"fr-FR\",\"potentialAction\":[{\"@type\":\"ReadAction\",\"target\":[\"https:\\\/\\\/voxsahel.com\\\/?p=1361\"]}]},{\"@type\":\"ImageObject\",\"inLanguage\":\"fr-FR\",\"@id\":\"https:\\\/\\\/voxsahel.com\\\/?p=1361#primaryimage\",\"url\":\"https:\\\/\\\/voxsahel.com\\\/wp-content\\\/uploads\\\/2025\\\/02\\\/DR-CISSE.jpg\",\"contentUrl\":\"https:\\\/\\\/voxsahel.com\\\/wp-content\\\/uploads\\\/2025\\\/02\\\/DR-CISSE.jpg\",\"width\":706,\"height\":976},{\"@type\":\"BreadcrumbList\",\"@id\":\"https:\\\/\\\/voxsahel.com\\\/?p=1361#breadcrumb\",\"itemListElement\":[{\"@type\":\"ListItem\",\"position\":1,\"name\":\"Home\",\"item\":\"https:\\\/\\\/voxsahel.com\\\/\"},{\"@type\":\"ListItem\",\"position\":2,\"name\":\"Abdoul Rahamane Ciss\u00e9, m\u00e9decin f\u00e9d\u00e9ral de la f\u00e9d\u00e9ration burkinab\u00e8 de cyclisme\u00a0: \u00ab Depuis quelques ann\u00e9es, le cyclisme burkinab\u00e8 semble avoir lev\u00e9 le pied de la p\u00e9dale \u00bb\"}]},{\"@type\":\"WebSite\",\"@id\":\"https:\\\/\\\/voxsahel.com\\\/#website\",\"url\":\"https:\\\/\\\/voxsahel.com\\\/\",\"name\":\"Vox Sahel\",\"description\":\"Informez-vous sur le Sahel en un clic\",\"publisher\":{\"@id\":\"https:\\\/\\\/voxsahel.com\\\/#organization\"},\"potentialAction\":[{\"@type\":\"SearchAction\",\"target\":{\"@type\":\"EntryPoint\",\"urlTemplate\":\"https:\\\/\\\/voxsahel.com\\\/?s={search_term_string}\"},\"query-input\":{\"@type\":\"PropertyValueSpecification\",\"valueRequired\":true,\"valueName\":\"search_term_string\"}}],\"inLanguage\":\"fr-FR\"},{\"@type\":\"Organization\",\"@id\":\"https:\\\/\\\/voxsahel.com\\\/#organization\",\"name\":\"Vox Sahel\",\"url\":\"https:\\\/\\\/voxsahel.com\\\/\",\"logo\":{\"@type\":\"ImageObject\",\"inLanguage\":\"fr-FR\",\"@id\":\"https:\\\/\\\/voxsahel.com\\\/#\\\/schema\\\/logo\\\/image\\\/\",\"url\":\"https:\\\/\\\/voxsahel.com\\\/wp-content\\\/uploads\\\/2024\\\/09\\\/Logo-Vox-Sahel.jpg\",\"contentUrl\":\"https:\\\/\\\/voxsahel.com\\\/wp-content\\\/uploads\\\/2024\\\/09\\\/Logo-Vox-Sahel.jpg\",\"width\":1181,\"height\":848,\"caption\":\"Vox Sahel\"},\"image\":{\"@id\":\"https:\\\/\\\/voxsahel.com\\\/#\\\/schema\\\/logo\\\/image\\\/\"},\"sameAs\":[\"https:\\\/\\\/www.facebook.com\\\/journal.voxsahel\"]},{\"@type\":\"Person\",\"@id\":\"https:\\\/\\\/voxsahel.com\\\/#\\\/schema\\\/person\\\/b4043608248f8fa227cd760e7ff1e19e\",\"name\":\"Vox Sahel\",\"image\":{\"@type\":\"ImageObject\",\"inLanguage\":\"fr-FR\",\"@id\":\"https:\\\/\\\/secure.gravatar.com\\\/avatar\\\/f70e7fa0cb9b29d4a7c5788d6eb2e9ab4d3135cbae1c9161810fdf77a8964699?s=96&d=mm&r=g\",\"url\":\"https:\\\/\\\/secure.gravatar.com\\\/avatar\\\/f70e7fa0cb9b29d4a7c5788d6eb2e9ab4d3135cbae1c9161810fdf77a8964699?s=96&d=mm&r=g\",\"contentUrl\":\"https:\\\/\\\/secure.gravatar.com\\\/avatar\\\/f70e7fa0cb9b29d4a7c5788d6eb2e9ab4d3135cbae1c9161810fdf77a8964699?s=96&d=mm&r=g\",\"caption\":\"Vox Sahel\"},\"sameAs\":[\"http:\\\/\\\/www.voxsahel.com\"],\"url\":\"https:\\\/\\\/voxsahel.com\\\/?author=2\"}]}<\/script>\n<!-- \/ Yoast SEO plugin. -->","yoast_head_json":{"title":"Abdoul Rahamane Ciss\u00e9, m\u00e9decin f\u00e9d\u00e9ral de la f\u00e9d\u00e9ration burkinab\u00e8 de cyclisme\u00a0: \u00ab Depuis quelques ann\u00e9es, le cyclisme burkinab\u00e8 semble avoir lev\u00e9 le pied de la p\u00e9dale \u00bb - Vox Sahel","robots":{"index":"index","follow":"follow","max-snippet":"max-snippet:-1","max-image-preview":"max-image-preview:large","max-video-preview":"max-video-preview:-1"},"canonical":"https:\/\/voxsahel.com\/?p=1361","og_locale":"fr_FR","og_type":"article","og_title":"Abdoul Rahamane Ciss\u00e9, m\u00e9decin f\u00e9d\u00e9ral de la f\u00e9d\u00e9ration burkinab\u00e8 de cyclisme\u00a0: \u00ab Depuis quelques ann\u00e9es, le cyclisme burkinab\u00e8 semble avoir lev\u00e9 le pied de la p\u00e9dale \u00bb - Vox Sahel","og_description":"Passionn\u00e9 de cyclisme depuis sa tendre enfance, il n\u2019a pas h\u00e9sit\u00e9 \u00e0 devenir cycliste, une","og_url":"https:\/\/voxsahel.com\/?p=1361","og_site_name":"Vox Sahel","article_publisher":"https:\/\/www.facebook.com\/journal.voxsahel","article_published_time":"2025-02-08T11:24:48+00:00","og_image":[{"width":706,"height":976,"url":"https:\/\/voxsahel.com\/wp-content\/uploads\/2025\/02\/DR-CISSE.jpg","type":"image\/jpeg"}],"author":"Vox Sahel","twitter_card":"summary_large_image","twitter_misc":{"\u00c9crit par":"Vox Sahel","Dur\u00e9e de lecture estim\u00e9e":"10 minutes"},"schema":{"@context":"https:\/\/schema.org","@graph":[{"@type":"Article","@id":"https:\/\/voxsahel.com\/?p=1361#article","isPartOf":{"@id":"https:\/\/voxsahel.com\/?p=1361"},"author":{"name":"Vox Sahel","@id":"https:\/\/voxsahel.com\/#\/schema\/person\/b4043608248f8fa227cd760e7ff1e19e"},"headline":"Abdoul Rahamane Ciss\u00e9, m\u00e9decin f\u00e9d\u00e9ral de la f\u00e9d\u00e9ration burkinab\u00e8 de cyclisme\u00a0: \u00ab Depuis quelques ann\u00e9es, le cyclisme burkinab\u00e8 semble avoir lev\u00e9 le pied de la p\u00e9dale \u00bb","datePublished":"2025-02-08T11:24:48+00:00","mainEntityOfPage":{"@id":"https:\/\/voxsahel.com\/?p=1361"},"wordCount":2059,"commentCount":0,"publisher":{"@id":"https:\/\/voxsahel.com\/#organization"},"image":{"@id":"https:\/\/voxsahel.com\/?p=1361#primaryimage"},"thumbnailUrl":"https:\/\/voxsahel.com\/wp-content\/uploads\/2025\/02\/DR-CISSE.jpg","keywords":["Burkina Faso","cyclisme","Sport","Tour cycliste de C\u00f4te d'Ivoire","Tour du Faso"],"articleSection":["INTERVIEW","SPORTS"],"inLanguage":"fr-FR","potentialAction":[{"@type":"CommentAction","name":"Comment","target":["https:\/\/voxsahel.com\/?p=1361#respond"]}]},{"@type":"WebPage","@id":"https:\/\/voxsahel.com\/?p=1361","url":"https:\/\/voxsahel.com\/?p=1361","name":"Abdoul Rahamane Ciss\u00e9, m\u00e9decin f\u00e9d\u00e9ral de la f\u00e9d\u00e9ration burkinab\u00e8 de cyclisme\u00a0: \u00ab Depuis quelques ann\u00e9es, le cyclisme burkinab\u00e8 semble avoir lev\u00e9 le pied de la p\u00e9dale \u00bb - Vox Sahel","isPartOf":{"@id":"https:\/\/voxsahel.com\/#website"},"primaryImageOfPage":{"@id":"https:\/\/voxsahel.com\/?p=1361#primaryimage"},"image":{"@id":"https:\/\/voxsahel.com\/?p=1361#primaryimage"},"thumbnailUrl":"https:\/\/voxsahel.com\/wp-content\/uploads\/2025\/02\/DR-CISSE.jpg","datePublished":"2025-02-08T11:24:48+00:00","breadcrumb":{"@id":"https:\/\/voxsahel.com\/?p=1361#breadcrumb"},"inLanguage":"fr-FR","potentialAction":[{"@type":"ReadAction","target":["https:\/\/voxsahel.com\/?p=1361"]}]},{"@type":"ImageObject","inLanguage":"fr-FR","@id":"https:\/\/voxsahel.com\/?p=1361#primaryimage","url":"https:\/\/voxsahel.com\/wp-content\/uploads\/2025\/02\/DR-CISSE.jpg","contentUrl":"https:\/\/voxsahel.com\/wp-content\/uploads\/2025\/02\/DR-CISSE.jpg","width":706,"height":976},{"@type":"BreadcrumbList","@id":"https:\/\/voxsahel.com\/?p=1361#breadcrumb","itemListElement":[{"@type":"ListItem","position":1,"name":"Home","item":"https:\/\/voxsahel.com\/"},{"@type":"ListItem","position":2,"name":"Abdoul Rahamane Ciss\u00e9, m\u00e9decin f\u00e9d\u00e9ral de la f\u00e9d\u00e9ration burkinab\u00e8 de cyclisme\u00a0: \u00ab Depuis quelques ann\u00e9es, le cyclisme burkinab\u00e8 semble avoir lev\u00e9 le pied de la p\u00e9dale \u00bb"}]},{"@type":"WebSite","@id":"https:\/\/voxsahel.com\/#website","url":"https:\/\/voxsahel.com\/","name":"Vox Sahel","description":"Informez-vous sur le Sahel en un clic","publisher":{"@id":"https:\/\/voxsahel.com\/#organization"},"potentialAction":[{"@type":"SearchAction","target":{"@type":"EntryPoint","urlTemplate":"https:\/\/voxsahel.com\/?s={search_term_string}"},"query-input":{"@type":"PropertyValueSpecification","valueRequired":true,"valueName":"search_term_string"}}],"inLanguage":"fr-FR"},{"@type":"Organization","@id":"https:\/\/voxsahel.com\/#organization","name":"Vox Sahel","url":"https:\/\/voxsahel.com\/","logo":{"@type":"ImageObject","inLanguage":"fr-FR","@id":"https:\/\/voxsahel.com\/#\/schema\/logo\/image\/","url":"https:\/\/voxsahel.com\/wp-content\/uploads\/2024\/09\/Logo-Vox-Sahel.jpg","contentUrl":"https:\/\/voxsahel.com\/wp-content\/uploads\/2024\/09\/Logo-Vox-Sahel.jpg","width":1181,"height":848,"caption":"Vox Sahel"},"image":{"@id":"https:\/\/voxsahel.com\/#\/schema\/logo\/image\/"},"sameAs":["https:\/\/www.facebook.com\/journal.voxsahel"]},{"@type":"Person","@id":"https:\/\/voxsahel.com\/#\/schema\/person\/b4043608248f8fa227cd760e7ff1e19e","name":"Vox Sahel","image":{"@type":"ImageObject","inLanguage":"fr-FR","@id":"https:\/\/secure.gravatar.com\/avatar\/f70e7fa0cb9b29d4a7c5788d6eb2e9ab4d3135cbae1c9161810fdf77a8964699?s=96&d=mm&r=g","url":"https:\/\/secure.gravatar.com\/avatar\/f70e7fa0cb9b29d4a7c5788d6eb2e9ab4d3135cbae1c9161810fdf77a8964699?s=96&d=mm&r=g","contentUrl":"https:\/\/secure.gravatar.com\/avatar\/f70e7fa0cb9b29d4a7c5788d6eb2e9ab4d3135cbae1c9161810fdf77a8964699?s=96&d=mm&r=g","caption":"Vox Sahel"},"sameAs":["http:\/\/www.voxsahel.com"],"url":"https:\/\/voxsahel.com\/?author=2"}]}},"_links":{"self":[{"href":"https:\/\/voxsahel.com\/index.php?rest_route=\/wp\/v2\/posts\/1361","targetHints":{"allow":["GET"]}}],"collection":[{"href":"https:\/\/voxsahel.com\/index.php?rest_route=\/wp\/v2\/posts"}],"about":[{"href":"https:\/\/voxsahel.com\/index.php?rest_route=\/wp\/v2\/types\/post"}],"author":[{"embeddable":true,"href":"https:\/\/voxsahel.com\/index.php?rest_route=\/wp\/v2\/users\/2"}],"replies":[{"embeddable":true,"href":"https:\/\/voxsahel.com\/index.php?rest_route=%2Fwp%2Fv2%2Fcomments&post=1361"}],"version-history":[{"count":1,"href":"https:\/\/voxsahel.com\/index.php?rest_route=\/wp\/v2\/posts\/1361\/revisions"}],"predecessor-version":[{"id":1363,"href":"https:\/\/voxsahel.com\/index.php?rest_route=\/wp\/v2\/posts\/1361\/revisions\/1363"}],"wp:featuredmedia":[{"embeddable":true,"href":"https:\/\/voxsahel.com\/index.php?rest_route=\/wp\/v2\/media\/1362"}],"wp:attachment":[{"href":"https:\/\/voxsahel.com\/index.php?rest_route=%2Fwp%2Fv2%2Fmedia&parent=1361"}],"wp:term":[{"taxonomy":"category","embeddable":true,"href":"https:\/\/voxsahel.com\/index.php?rest_route=%2Fwp%2Fv2%2Fcategories&post=1361"},{"taxonomy":"post_tag","embeddable":true,"href":"https:\/\/voxsahel.com\/index.php?rest_route=%2Fwp%2Fv2%2Ftags&post=1361"}],"curies":[{"name":"wp","href":"https:\/\/api.w.org\/{rel}","templated":true}]}}