{"id":1355,"date":"2025-02-06T11:00:35","date_gmt":"2025-02-06T11:00:35","guid":{"rendered":"https:\/\/voxsahel.com\/?p=1355"},"modified":"2025-02-06T11:00:35","modified_gmt":"2025-02-06T11:00:35","slug":"bobo-dioulasso-la-delegation-speciale-va-demolir-les-maisons-construites-sur-les-espaces-verts","status":"publish","type":"post","link":"https:\/\/voxsahel.com\/?p=1355","title":{"rendered":"Bobo-Dioulasso: La d\u00e9l\u00e9gation sp\u00e9ciale va d\u00e9molir les maisons construites sur les espaces verts"},"content":{"rendered":"<p>Le Pr\u00e9sident de la d\u00e9l\u00e9gation sp\u00e9ciale(PDS) communale, Laurent K. Kontogom, accompagn\u00e9 des services techniques de la Mairie et du PDS de l\u2019Arrondissement n\u00b0 2, a effectu\u00e9 une visite ce mercredi 5 f\u00e9vrier 2025 dans les quartiers de Yeguer\u00e9 et de Bobo 2010. L\u2019objectif principal de cette inspection \u00e9tait de constater plusieurs constructions \u00e9rig\u00e9es sur le domaine public, en particulier sur des espaces et trames verts.<\/p>\n<p>Cette initiative visait avant tout \u00e0 sensibiliser et \u00e0 alerter les propri\u00e9taires des constructions concern\u00e9es, les invitant \u00e0 lib\u00e9rer ces lieux occup\u00e9s.<\/p>\n<p>En raison du caract\u00e8re insaisissable et inali\u00e9nable de ces espaces, les propri\u00e9taires sont donc somm\u00e9s de les restituer dans les plus brefs d\u00e9lais.<\/p>\n<p>Cette d\u00e9marche s\u2019inscrit dans une s\u00e9rie d\u2019interventions pr\u00e9c\u00e9dentes o\u00f9 les services de la Mairie avaient d\u00e9j\u00e0 tent\u00e9 d\u2019expliquer aux occupants l\u2019importance de ne pas investir sur ces terrains.<\/p>\n<p>Il est essentiel de rappeler que les espaces et trames verts jouent un r\u00f4le fondamental dans la protection de notre \u00e9cosyst\u00e8me et dans la r\u00e9gulation naturelle des temp\u00e9ratures en milieu urbain. C\u2019est donc pourquoi, ces zones sont toujours prises en compte dans les r\u00e9flexions li\u00e9es \u00e0 l\u2019urbanisation et \u00e0 l\u2019am\u00e9nagement du territoire.<\/p>\n<p>La Commune de Bobo-Dioulasso entend s\u2019engager r\u00e9solution pour la pr\u00e9servation et la mise en valeur de ces espaces, dans l\u2019int\u00e9r\u00eat des citoyens et de l\u2019environnement.<\/p>\n<p>Les actions seront donc poursuivies afin de garantir le respect de la r\u00e9glementation sur l\u2019occupation du domaine public, tout en promouvant un d\u00e9veloppement urbain durable.<\/p>\n<p style=\"text-align: right;\">\ud835\uddd7\ud835\uddf6\ud835\uddff\ud835\uddf2\ud835\uddf0\ud835\ude01\ud835\uddf6\ud835\uddfc\ud835\uddfb \ud835\uddf1\ud835\uddf2 \ud835\uddf9\ud835\uddee \ud835\uddd6\ud835\uddfc\ud835\uddfa\ud835\uddfa\ud835\ude02\ud835\uddfb\ud835\uddf6\ud835\uddf0\ud835\uddee\ud835\ude01\ud835\uddf6\ud835\uddfc\ud835\uddfb \ud835\uddf2\ud835\ude01 \ud835\uddf1\ud835\uddf2\ud835\ude00 \ud835\udde5\ud835\uddf2\ud835\uddf9\ud835\uddee\ud835\ude01\ud835\uddf6\ud835\uddfc\ud835\uddfb\ud835\ude00 \ud835\udde3\ud835\ude02\ud835\uddef\ud835\uddf9\ud835\uddf6\ud835\uddfe\ud835\ude02\ud835\uddf2\ud835\ude00<\/p>\n<p style=\"text-align: right;\">(\ud835\uddd7\ud835\uddd6\ud835\udde5\ud835\udde3) de la Mairie de Bobo-Dioulasso.<\/p>\n","protected":false},"excerpt":{"rendered":"<p>Le Pr\u00e9sident de la d\u00e9l\u00e9gation sp\u00e9ciale(PDS) communale, Laurent K. Kontogom, accompagn\u00e9 des services techniques de<\/p>\n","protected":false},"author":2,"featured_media":1356,"comment_status":"open","ping_status":"open","sticky":false,"template":"","format":"standard","meta":{"_et_pb_use_builder":"","_et_pb_old_content":"","_et_gb_content_width":"","footnotes":""},"categories":[5],"tags":[208,105,210,570],"class_list":["post-1355","post","type-post","status-publish","format-standard","has-post-thumbnail","hentry","category-societe","tag-bobo-dioulasso","tag-foncier","tag-hauts-bassins","tag-province-du-houet"],"yoast_head":"<!-- This site is optimized with the Yoast SEO plugin v27.5 - https:\/\/yoast.com\/product\/yoast-seo-wordpress\/ -->\n<title>Bobo-Dioulasso: La d\u00e9l\u00e9gation sp\u00e9ciale va d\u00e9molir les maisons construites sur les espaces verts - Vox Sahel<\/title>\n<meta name=\"robots\" content=\"index, follow, max-snippet:-1, max-image-preview:large, max-video-preview:-1\" \/>\n<link rel=\"canonical\" href=\"https:\/\/voxsahel.com\/?p=1355\" \/>\n<meta property=\"og:locale\" content=\"fr_FR\" \/>\n<meta property=\"og:type\" content=\"article\" \/>\n<meta property=\"og:title\" content=\"Bobo-Dioulasso: La d\u00e9l\u00e9gation sp\u00e9ciale va d\u00e9molir les maisons construites sur les espaces verts - Vox Sahel\" \/>\n<meta property=\"og:description\" content=\"Le Pr\u00e9sident de la d\u00e9l\u00e9gation sp\u00e9ciale(PDS) communale, Laurent K. Kontogom, accompagn\u00e9 des services techniques de\" \/>\n<meta property=\"og:url\" content=\"https:\/\/voxsahel.com\/?p=1355\" \/>\n<meta property=\"og:site_name\" content=\"Vox Sahel\" \/>\n<meta property=\"article:publisher\" content=\"https:\/\/www.facebook.com\/journal.voxsahel\" \/>\n<meta property=\"article:published_time\" content=\"2025-02-06T11:00:35+00:00\" \/>\n<meta property=\"og:image\" content=\"https:\/\/voxsahel.com\/wp-content\/uploads\/2025\/02\/WhatsApp-Image-2025-02-06-at-10.10.27.jpeg\" \/>\n\t<meta property=\"og:image:width\" content=\"1080\" \/>\n\t<meta property=\"og:image:height\" content=\"720\" \/>\n\t<meta property=\"og:image:type\" content=\"image\/jpeg\" \/>\n<meta name=\"author\" content=\"Vox Sahel\" \/>\n<meta name=\"twitter:card\" content=\"summary_large_image\" \/>\n<meta name=\"twitter:label1\" content=\"\u00c9crit par\" \/>\n\t<meta name=\"twitter:data1\" content=\"Vox Sahel\" \/>\n\t<meta name=\"twitter:label2\" content=\"Dur\u00e9e de lecture estim\u00e9e\" \/>\n\t<meta name=\"twitter:data2\" content=\"2 minutes\" \/>\n<script type=\"application\/ld+json\" class=\"yoast-schema-graph\">{\"@context\":\"https:\\\/\\\/schema.org\",\"@graph\":[{\"@type\":\"Article\",\"@id\":\"https:\\\/\\\/voxsahel.com\\\/?p=1355#article\",\"isPartOf\":{\"@id\":\"https:\\\/\\\/voxsahel.com\\\/?p=1355\"},\"author\":{\"name\":\"Vox Sahel\",\"@id\":\"https:\\\/\\\/voxsahel.com\\\/#\\\/schema\\\/person\\\/b4043608248f8fa227cd760e7ff1e19e\"},\"headline\":\"Bobo-Dioulasso: La d\u00e9l\u00e9gation sp\u00e9ciale va d\u00e9molir les maisons construites sur les espaces verts\",\"datePublished\":\"2025-02-06T11:00:35+00:00\",\"mainEntityOfPage\":{\"@id\":\"https:\\\/\\\/voxsahel.com\\\/?p=1355\"},\"wordCount\":300,\"commentCount\":0,\"publisher\":{\"@id\":\"https:\\\/\\\/voxsahel.com\\\/#organization\"},\"image\":{\"@id\":\"https:\\\/\\\/voxsahel.com\\\/?p=1355#primaryimage\"},\"thumbnailUrl\":\"https:\\\/\\\/voxsahel.com\\\/wp-content\\\/uploads\\\/2025\\\/02\\\/WhatsApp-Image-2025-02-06-at-10.10.27.jpeg\",\"keywords\":[\"Bobo-Dioulasso\",\"Foncier\",\"Hauts-Bassins\",\"Province du Houet\"],\"articleSection\":[\"SOCIETE\"],\"inLanguage\":\"fr-FR\",\"potentialAction\":[{\"@type\":\"CommentAction\",\"name\":\"Comment\",\"target\":[\"https:\\\/\\\/voxsahel.com\\\/?p=1355#respond\"]}]},{\"@type\":\"WebPage\",\"@id\":\"https:\\\/\\\/voxsahel.com\\\/?p=1355\",\"url\":\"https:\\\/\\\/voxsahel.com\\\/?p=1355\",\"name\":\"Bobo-Dioulasso: La d\u00e9l\u00e9gation sp\u00e9ciale va d\u00e9molir les maisons construites sur les espaces verts - Vox Sahel\",\"isPartOf\":{\"@id\":\"https:\\\/\\\/voxsahel.com\\\/#website\"},\"primaryImageOfPage\":{\"@id\":\"https:\\\/\\\/voxsahel.com\\\/?p=1355#primaryimage\"},\"image\":{\"@id\":\"https:\\\/\\\/voxsahel.com\\\/?p=1355#primaryimage\"},\"thumbnailUrl\":\"https:\\\/\\\/voxsahel.com\\\/wp-content\\\/uploads\\\/2025\\\/02\\\/WhatsApp-Image-2025-02-06-at-10.10.27.jpeg\",\"datePublished\":\"2025-02-06T11:00:35+00:00\",\"breadcrumb\":{\"@id\":\"https:\\\/\\\/voxsahel.com\\\/?p=1355#breadcrumb\"},\"inLanguage\":\"fr-FR\",\"potentialAction\":[{\"@type\":\"ReadAction\",\"target\":[\"https:\\\/\\\/voxsahel.com\\\/?p=1355\"]}]},{\"@type\":\"ImageObject\",\"inLanguage\":\"fr-FR\",\"@id\":\"https:\\\/\\\/voxsahel.com\\\/?p=1355#primaryimage\",\"url\":\"https:\\\/\\\/voxsahel.com\\\/wp-content\\\/uploads\\\/2025\\\/02\\\/WhatsApp-Image-2025-02-06-at-10.10.27.jpeg\",\"contentUrl\":\"https:\\\/\\\/voxsahel.com\\\/wp-content\\\/uploads\\\/2025\\\/02\\\/WhatsApp-Image-2025-02-06-at-10.10.27.jpeg\",\"width\":1080,\"height\":720,\"caption\":\"Bobo-Dioulasso: La d\u00e9l\u00e9gation sp\u00e9ciale va d\u00e9molir les maisons construites sur les espaces verts\"},{\"@type\":\"BreadcrumbList\",\"@id\":\"https:\\\/\\\/voxsahel.com\\\/?p=1355#breadcrumb\",\"itemListElement\":[{\"@type\":\"ListItem\",\"position\":1,\"name\":\"Home\",\"item\":\"https:\\\/\\\/voxsahel.com\\\/\"},{\"@type\":\"ListItem\",\"position\":2,\"name\":\"Bobo-Dioulasso: La d\u00e9l\u00e9gation sp\u00e9ciale va d\u00e9molir les maisons construites sur les espaces verts\"}]},{\"@type\":\"WebSite\",\"@id\":\"https:\\\/\\\/voxsahel.com\\\/#website\",\"url\":\"https:\\\/\\\/voxsahel.com\\\/\",\"name\":\"Vox Sahel\",\"description\":\"Informez-vous sur le Sahel en un clic\",\"publisher\":{\"@id\":\"https:\\\/\\\/voxsahel.com\\\/#organization\"},\"potentialAction\":[{\"@type\":\"SearchAction\",\"target\":{\"@type\":\"EntryPoint\",\"urlTemplate\":\"https:\\\/\\\/voxsahel.com\\\/?s={search_term_string}\"},\"query-input\":{\"@type\":\"PropertyValueSpecification\",\"valueRequired\":true,\"valueName\":\"search_term_string\"}}],\"inLanguage\":\"fr-FR\"},{\"@type\":\"Organization\",\"@id\":\"https:\\\/\\\/voxsahel.com\\\/#organization\",\"name\":\"Vox Sahel\",\"url\":\"https:\\\/\\\/voxsahel.com\\\/\",\"logo\":{\"@type\":\"ImageObject\",\"inLanguage\":\"fr-FR\",\"@id\":\"https:\\\/\\\/voxsahel.com\\\/#\\\/schema\\\/logo\\\/image\\\/\",\"url\":\"https:\\\/\\\/voxsahel.com\\\/wp-content\\\/uploads\\\/2024\\\/09\\\/Logo-Vox-Sahel.jpg\",\"contentUrl\":\"https:\\\/\\\/voxsahel.com\\\/wp-content\\\/uploads\\\/2024\\\/09\\\/Logo-Vox-Sahel.jpg\",\"width\":1181,\"height\":848,\"caption\":\"Vox Sahel\"},\"image\":{\"@id\":\"https:\\\/\\\/voxsahel.com\\\/#\\\/schema\\\/logo\\\/image\\\/\"},\"sameAs\":[\"https:\\\/\\\/www.facebook.com\\\/journal.voxsahel\"]},{\"@type\":\"Person\",\"@id\":\"https:\\\/\\\/voxsahel.com\\\/#\\\/schema\\\/person\\\/b4043608248f8fa227cd760e7ff1e19e\",\"name\":\"Vox Sahel\",\"image\":{\"@type\":\"ImageObject\",\"inLanguage\":\"fr-FR\",\"@id\":\"https:\\\/\\\/secure.gravatar.com\\\/avatar\\\/f70e7fa0cb9b29d4a7c5788d6eb2e9ab4d3135cbae1c9161810fdf77a8964699?s=96&d=mm&r=g\",\"url\":\"https:\\\/\\\/secure.gravatar.com\\\/avatar\\\/f70e7fa0cb9b29d4a7c5788d6eb2e9ab4d3135cbae1c9161810fdf77a8964699?s=96&d=mm&r=g\",\"contentUrl\":\"https:\\\/\\\/secure.gravatar.com\\\/avatar\\\/f70e7fa0cb9b29d4a7c5788d6eb2e9ab4d3135cbae1c9161810fdf77a8964699?s=96&d=mm&r=g\",\"caption\":\"Vox Sahel\"},\"sameAs\":[\"http:\\\/\\\/www.voxsahel.com\"],\"url\":\"https:\\\/\\\/voxsahel.com\\\/?author=2\"}]}<\/script>\n<!-- \/ Yoast SEO plugin. -->","yoast_head_json":{"title":"Bobo-Dioulasso: La d\u00e9l\u00e9gation sp\u00e9ciale va d\u00e9molir les maisons construites sur les espaces verts - Vox Sahel","robots":{"index":"index","follow":"follow","max-snippet":"max-snippet:-1","max-image-preview":"max-image-preview:large","max-video-preview":"max-video-preview:-1"},"canonical":"https:\/\/voxsahel.com\/?p=1355","og_locale":"fr_FR","og_type":"article","og_title":"Bobo-Dioulasso: La d\u00e9l\u00e9gation sp\u00e9ciale va d\u00e9molir les maisons construites sur les espaces verts - Vox Sahel","og_description":"Le Pr\u00e9sident de la d\u00e9l\u00e9gation sp\u00e9ciale(PDS) communale, Laurent K. Kontogom, accompagn\u00e9 des services techniques de","og_url":"https:\/\/voxsahel.com\/?p=1355","og_site_name":"Vox Sahel","article_publisher":"https:\/\/www.facebook.com\/journal.voxsahel","article_published_time":"2025-02-06T11:00:35+00:00","og_image":[{"width":1080,"height":720,"url":"https:\/\/voxsahel.com\/wp-content\/uploads\/2025\/02\/WhatsApp-Image-2025-02-06-at-10.10.27.jpeg","type":"image\/jpeg"}],"author":"Vox Sahel","twitter_card":"summary_large_image","twitter_misc":{"\u00c9crit par":"Vox Sahel","Dur\u00e9e de lecture estim\u00e9e":"2 minutes"},"schema":{"@context":"https:\/\/schema.org","@graph":[{"@type":"Article","@id":"https:\/\/voxsahel.com\/?p=1355#article","isPartOf":{"@id":"https:\/\/voxsahel.com\/?p=1355"},"author":{"name":"Vox Sahel","@id":"https:\/\/voxsahel.com\/#\/schema\/person\/b4043608248f8fa227cd760e7ff1e19e"},"headline":"Bobo-Dioulasso: La d\u00e9l\u00e9gation sp\u00e9ciale va d\u00e9molir les maisons construites sur les espaces verts","datePublished":"2025-02-06T11:00:35+00:00","mainEntityOfPage":{"@id":"https:\/\/voxsahel.com\/?p=1355"},"wordCount":300,"commentCount":0,"publisher":{"@id":"https:\/\/voxsahel.com\/#organization"},"image":{"@id":"https:\/\/voxsahel.com\/?p=1355#primaryimage"},"thumbnailUrl":"https:\/\/voxsahel.com\/wp-content\/uploads\/2025\/02\/WhatsApp-Image-2025-02-06-at-10.10.27.jpeg","keywords":["Bobo-Dioulasso","Foncier","Hauts-Bassins","Province du Houet"],"articleSection":["SOCIETE"],"inLanguage":"fr-FR","potentialAction":[{"@type":"CommentAction","name":"Comment","target":["https:\/\/voxsahel.com\/?p=1355#respond"]}]},{"@type":"WebPage","@id":"https:\/\/voxsahel.com\/?p=1355","url":"https:\/\/voxsahel.com\/?p=1355","name":"Bobo-Dioulasso: La d\u00e9l\u00e9gation sp\u00e9ciale va d\u00e9molir les maisons construites sur les espaces verts - Vox Sahel","isPartOf":{"@id":"https:\/\/voxsahel.com\/#website"},"primaryImageOfPage":{"@id":"https:\/\/voxsahel.com\/?p=1355#primaryimage"},"image":{"@id":"https:\/\/voxsahel.com\/?p=1355#primaryimage"},"thumbnailUrl":"https:\/\/voxsahel.com\/wp-content\/uploads\/2025\/02\/WhatsApp-Image-2025-02-06-at-10.10.27.jpeg","datePublished":"2025-02-06T11:00:35+00:00","breadcrumb":{"@id":"https:\/\/voxsahel.com\/?p=1355#breadcrumb"},"inLanguage":"fr-FR","potentialAction":[{"@type":"ReadAction","target":["https:\/\/voxsahel.com\/?p=1355"]}]},{"@type":"ImageObject","inLanguage":"fr-FR","@id":"https:\/\/voxsahel.com\/?p=1355#primaryimage","url":"https:\/\/voxsahel.com\/wp-content\/uploads\/2025\/02\/WhatsApp-Image-2025-02-06-at-10.10.27.jpeg","contentUrl":"https:\/\/voxsahel.com\/wp-content\/uploads\/2025\/02\/WhatsApp-Image-2025-02-06-at-10.10.27.jpeg","width":1080,"height":720,"caption":"Bobo-Dioulasso: La d\u00e9l\u00e9gation sp\u00e9ciale va d\u00e9molir les maisons construites sur les espaces verts"},{"@type":"BreadcrumbList","@id":"https:\/\/voxsahel.com\/?p=1355#breadcrumb","itemListElement":[{"@type":"ListItem","position":1,"name":"Home","item":"https:\/\/voxsahel.com\/"},{"@type":"ListItem","position":2,"name":"Bobo-Dioulasso: La d\u00e9l\u00e9gation sp\u00e9ciale va d\u00e9molir les maisons construites sur les espaces verts"}]},{"@type":"WebSite","@id":"https:\/\/voxsahel.com\/#website","url":"https:\/\/voxsahel.com\/","name":"Vox Sahel","description":"Informez-vous sur le Sahel en un clic","publisher":{"@id":"https:\/\/voxsahel.com\/#organization"},"potentialAction":[{"@type":"SearchAction","target":{"@type":"EntryPoint","urlTemplate":"https:\/\/voxsahel.com\/?s={search_term_string}"},"query-input":{"@type":"PropertyValueSpecification","valueRequired":true,"valueName":"search_term_string"}}],"inLanguage":"fr-FR"},{"@type":"Organization","@id":"https:\/\/voxsahel.com\/#organization","name":"Vox Sahel","url":"https:\/\/voxsahel.com\/","logo":{"@type":"ImageObject","inLanguage":"fr-FR","@id":"https:\/\/voxsahel.com\/#\/schema\/logo\/image\/","url":"https:\/\/voxsahel.com\/wp-content\/uploads\/2024\/09\/Logo-Vox-Sahel.jpg","contentUrl":"https:\/\/voxsahel.com\/wp-content\/uploads\/2024\/09\/Logo-Vox-Sahel.jpg","width":1181,"height":848,"caption":"Vox Sahel"},"image":{"@id":"https:\/\/voxsahel.com\/#\/schema\/logo\/image\/"},"sameAs":["https:\/\/www.facebook.com\/journal.voxsahel"]},{"@type":"Person","@id":"https:\/\/voxsahel.com\/#\/schema\/person\/b4043608248f8fa227cd760e7ff1e19e","name":"Vox Sahel","image":{"@type":"ImageObject","inLanguage":"fr-FR","@id":"https:\/\/secure.gravatar.com\/avatar\/f70e7fa0cb9b29d4a7c5788d6eb2e9ab4d3135cbae1c9161810fdf77a8964699?s=96&d=mm&r=g","url":"https:\/\/secure.gravatar.com\/avatar\/f70e7fa0cb9b29d4a7c5788d6eb2e9ab4d3135cbae1c9161810fdf77a8964699?s=96&d=mm&r=g","contentUrl":"https:\/\/secure.gravatar.com\/avatar\/f70e7fa0cb9b29d4a7c5788d6eb2e9ab4d3135cbae1c9161810fdf77a8964699?s=96&d=mm&r=g","caption":"Vox Sahel"},"sameAs":["http:\/\/www.voxsahel.com"],"url":"https:\/\/voxsahel.com\/?author=2"}]}},"_links":{"self":[{"href":"https:\/\/voxsahel.com\/index.php?rest_route=\/wp\/v2\/posts\/1355","targetHints":{"allow":["GET"]}}],"collection":[{"href":"https:\/\/voxsahel.com\/index.php?rest_route=\/wp\/v2\/posts"}],"about":[{"href":"https:\/\/voxsahel.com\/index.php?rest_route=\/wp\/v2\/types\/post"}],"author":[{"embeddable":true,"href":"https:\/\/voxsahel.com\/index.php?rest_route=\/wp\/v2\/users\/2"}],"replies":[{"embeddable":true,"href":"https:\/\/voxsahel.com\/index.php?rest_route=%2Fwp%2Fv2%2Fcomments&post=1355"}],"version-history":[{"count":1,"href":"https:\/\/voxsahel.com\/index.php?rest_route=\/wp\/v2\/posts\/1355\/revisions"}],"predecessor-version":[{"id":1357,"href":"https:\/\/voxsahel.com\/index.php?rest_route=\/wp\/v2\/posts\/1355\/revisions\/1357"}],"wp:featuredmedia":[{"embeddable":true,"href":"https:\/\/voxsahel.com\/index.php?rest_route=\/wp\/v2\/media\/1356"}],"wp:attachment":[{"href":"https:\/\/voxsahel.com\/index.php?rest_route=%2Fwp%2Fv2%2Fmedia&parent=1355"}],"wp:term":[{"taxonomy":"category","embeddable":true,"href":"https:\/\/voxsahel.com\/index.php?rest_route=%2Fwp%2Fv2%2Fcategories&post=1355"},{"taxonomy":"post_tag","embeddable":true,"href":"https:\/\/voxsahel.com\/index.php?rest_route=%2Fwp%2Fv2%2Ftags&post=1355"}],"curies":[{"name":"wp","href":"https:\/\/api.w.org\/{rel}","templated":true}]}}