{"id":1350,"date":"2025-02-05T17:25:26","date_gmt":"2025-02-05T17:25:26","guid":{"rendered":"https:\/\/voxsahel.com\/?p=1350"},"modified":"2025-02-05T17:25:26","modified_gmt":"2025-02-05T17:25:26","slug":"projet-de-loi-sur-la-reorganisation-agraire-et-fonciere-a-travers-ce-projet-de-loi-il-est-prevu-que-la-terre-appartienne-desormais-a-letat","status":"publish","type":"post","link":"https:\/\/voxsahel.com\/?p=1350","title":{"rendered":"Projet de loi sur la R\u00e9organisation agraire et fonci\u00e8re :\u00ab A travers ce projet de loi, il est pr\u00e9vu que la terre appartienne d\u00e9sormais \u00e0 l&rsquo;\u00c9tat \u00bb"},"content":{"rendered":"<p><strong>(Ouagadougou, 5 f\u00e9vrier 2025). Le Pr\u00e9sident du Faso, Chef de l\u2019\u00c9tat, le Capitaine Ibrahim TRAOR\u00c9 a pr\u00e9sid\u00e9 ce mercredi, l\u2019hebdomadaire Conseil des ministres. Selon le ministre de la Fonction publique, du Travail et de la Protection sociale, Mathias TRAOR\u00c9, assurant l\u2019int\u00e9rim du Porte-parole du Gouvernement, plusieurs rapports ont \u00e9t\u00e9 examin\u00e9s et d\u2019importantes d\u00e9cisions prises pour la bonne marche de la Nation.<\/strong><\/p>\n<p>Pour le compte du minist\u00e8re de l\u2019\u00c9conomie et des Finances, le Conseil a adopt\u00e9 un projet de loi portant r\u00e9organisation agraire et fonci\u00e8re au Burkina Faso. Ce projet de loi a pour objectif de faire en sorte que la gestion du foncier soit am\u00e9lior\u00e9e et que l&rsquo;\u00c9tat puisse affirmer son leadership sur la question, explique le ministre de l\u2019\u00c9conomie et des Finances, Dr Aboubakar NACANABO. \u00ab A travers ce projet de loi, il est pr\u00e9vu que la terre appartienne d\u00e9sormais \u00e0 l&rsquo;\u00c9tat \u00bb soutient-il.<br \/>\nEntre autres innovations de ce projet de loi, il y a la possibilit\u00e9 d\u2019un bail de longue dur\u00e9e qui va de 18 \u00e0 99 ans dans la cadre de la production agricole, la reconnaissance des droits coutumiers, l\u2019impossibilit\u00e9 pour un \u00e9tranger de poss\u00e9der un titre de propri\u00e9t\u00e9 sur la terre rurale.<\/p>\n<p><strong>Des mesures pour favoriser l\u2019expertise nationale dans le secteur minier<\/strong><\/p>\n<p>Pour le compte du minist\u00e8re de l\u2019\u00c9nergie, des Mines et des Carri\u00e8res, le Conseil adopt\u00e9 deux d\u00e9crets. Le premier porte fixation des conditions et m\u00e9canismes de mise en \u0153uvre de la sous-traitance, de co-traitance et de la fourniture des biens et services li\u00e9s aux activit\u00e9s mini\u00e8res. Par ce d\u00e9cret, le gouvernement d\u00e9cide de l\u2019institution d\u2019un agr\u00e9ment pour la sous-traitance et la fourniture des biens et services au niveau du secteur minier.<br \/>\n\u00ab Dor\u00e9navant, le secteur sera ouvert pour permettre \u00e0 d&rsquo;autres entreprises de pr\u00e9tendre aux march\u00e9s lanc\u00e9s dans le secteur minier \u00bb souligne le ministre de l\u2019Energie, des Mines et des Carri\u00e8res, Yacouba Zabr\u00e9 GOUBA. Ce d\u00e9cret va promouvoir \u00e9galement l&rsquo;utilisation en priorit\u00e9 des biens et services fournis ou produits localement avec des dispositions en faveur des soci\u00e9t\u00e9s de droits moraux burkinab\u00e8.<br \/>\nLe second d\u00e9cret est relatif \u00e0 la r\u00e9glementation des emplois locaux et le d\u00e9veloppement des comp\u00e9tences dans le secteur minier. Selon le ministre GOUBA, il s&rsquo;agit de mettre en \u0153uvre une disposition de la loi relative au contenu local afin que les emplois locaux soient d\u00e9termin\u00e9s dans le secteur minier \u00e0 travers notamment la fixation d&rsquo;un certain nombre de quotas. Ce d\u00e9cret devra contribuer \u00e0 fixer les r\u00e8gles permettant le d\u00e9veloppement et le transfert de la technologie au Burkina Faso notamment en priorisant l&rsquo;expertise nationale dans le secteur minier.<\/p>\n<p><strong>L\u2019\u00c9tat adopte 255 pupilles de la Nation<\/strong><\/p>\n<p>Au titre du minist\u00e8re de la Justice et des Droits Humains, charg\u00e9 des Relations avec les Institutions, le Conseil a adopt\u00e9 un d\u00e9cret portant adoption des pupilles de la Nation. Selon le ministre Edasso Rodrigue BAYALA, le pr\u00e9sent d\u00e9cret qui porte adoption de 255 enfants, est le troisi\u00e8me du genre. En effet, deux autres avaient permis d\u2019adopter au total 330 enfants en 2024, comme pupilles de la Nation.<\/p>\n<p><strong>Une nouvelle classification des armes de poing<\/strong><\/p>\n<p>Au titre du minist\u00e8re de la D\u00e9fense et des anciens Combattants, le Conseil a adopt\u00e9 un d\u00e9cret portant fixation des crit\u00e8res de classification des armes de poing dans la cat\u00e9gorie des armes de guerre ou des armes civiles.<br \/>\nSelon le ministre de la D\u00e9fense et des anciens Combattants, le G\u00e9n\u00e9ral de brigade C\u00e9lestin SIMPOR\u00c9, \u00e0 partir de ce d\u00e9cret, sont class\u00e9es d\u00e9sormais comme armes de poing de guerre, toute arme dont le calibre est sup\u00e9rieur \u00e0 7,65. Ainsi, tout calibre inf\u00e9rieur \u00e0 7,65 est consid\u00e9r\u00e9 comme arme de poing civile.<br \/>\nLe G\u00e9n\u00e9ral SIMPORE pr\u00e9cise par ailleurs que des dispositions particuli\u00e8res seront prises pour la gestion des armes en circulation qui avaient \u00e9t\u00e9 consid\u00e9r\u00e9es comme des armes civiles.<\/p>\n<p>Direction de la communication de la Pr\u00e9sidence du Faso<\/p>\n","protected":false},"excerpt":{"rendered":"<p>(Ouagadougou, 5 f\u00e9vrier 2025). Le Pr\u00e9sident du Faso, Chef de l\u2019\u00c9tat, le Capitaine Ibrahim TRAOR\u00c9<\/p>\n","protected":false},"author":2,"featured_media":1353,"comment_status":"open","ping_status":"open","sticky":false,"template":"","format":"standard","meta":{"_et_pb_use_builder":"","_et_pb_old_content":"","_et_gb_content_width":"","footnotes":""},"categories":[6],"tags":[],"class_list":["post-1350","post","type-post","status-publish","format-standard","has-post-thumbnail","hentry","category-politique"],"yoast_head":"<!-- This site is optimized with the Yoast SEO plugin v27.5 - https:\/\/yoast.com\/product\/yoast-seo-wordpress\/ -->\n<title>Projet de loi sur la R\u00e9organisation agraire et fonci\u00e8re :\u00ab A travers ce projet de loi, il est pr\u00e9vu que la terre appartienne d\u00e9sormais \u00e0 l&#039;\u00c9tat \u00bb - Vox Sahel<\/title>\n<meta name=\"robots\" content=\"index, follow, max-snippet:-1, max-image-preview:large, max-video-preview:-1\" \/>\n<link rel=\"canonical\" href=\"https:\/\/voxsahel.com\/?p=1350\" \/>\n<meta property=\"og:locale\" content=\"fr_FR\" \/>\n<meta property=\"og:type\" content=\"article\" \/>\n<meta property=\"og:title\" content=\"Projet de loi sur la R\u00e9organisation agraire et fonci\u00e8re :\u00ab A travers ce projet de loi, il est pr\u00e9vu que la terre appartienne d\u00e9sormais \u00e0 l&#039;\u00c9tat \u00bb - Vox Sahel\" \/>\n<meta property=\"og:description\" content=\"(Ouagadougou, 5 f\u00e9vrier 2025). Le Pr\u00e9sident du Faso, Chef de l\u2019\u00c9tat, le Capitaine Ibrahim TRAOR\u00c9\" \/>\n<meta property=\"og:url\" content=\"https:\/\/voxsahel.com\/?p=1350\" \/>\n<meta property=\"og:site_name\" content=\"Vox Sahel\" \/>\n<meta property=\"article:publisher\" content=\"https:\/\/www.facebook.com\/journal.voxsahel\" \/>\n<meta property=\"article:published_time\" content=\"2025-02-05T17:25:26+00:00\" \/>\n<meta property=\"og:image\" content=\"https:\/\/voxsahel.com\/wp-content\/uploads\/2025\/02\/b6294f39-d238-4b43-ba73-8f584c30bc25-1.jpeg\" \/>\n\t<meta property=\"og:image:width\" content=\"882\" \/>\n\t<meta property=\"og:image:height\" content=\"838\" \/>\n\t<meta property=\"og:image:type\" content=\"image\/jpeg\" \/>\n<meta name=\"author\" content=\"Vox Sahel\" \/>\n<meta name=\"twitter:card\" content=\"summary_large_image\" \/>\n<meta name=\"twitter:label1\" content=\"\u00c9crit par\" \/>\n\t<meta name=\"twitter:data1\" content=\"Vox Sahel\" \/>\n\t<meta name=\"twitter:label2\" content=\"Dur\u00e9e de lecture estim\u00e9e\" \/>\n\t<meta name=\"twitter:data2\" content=\"4 minutes\" \/>\n<script type=\"application\/ld+json\" class=\"yoast-schema-graph\">{\"@context\":\"https:\\\/\\\/schema.org\",\"@graph\":[{\"@type\":\"Article\",\"@id\":\"https:\\\/\\\/voxsahel.com\\\/?p=1350#article\",\"isPartOf\":{\"@id\":\"https:\\\/\\\/voxsahel.com\\\/?p=1350\"},\"author\":{\"name\":\"Vox Sahel\",\"@id\":\"https:\\\/\\\/voxsahel.com\\\/#\\\/schema\\\/person\\\/b4043608248f8fa227cd760e7ff1e19e\"},\"headline\":\"Projet de loi sur la R\u00e9organisation agraire et fonci\u00e8re :\u00ab A travers ce projet de loi, il est pr\u00e9vu que la terre appartienne d\u00e9sormais \u00e0 l&rsquo;\u00c9tat \u00bb\",\"datePublished\":\"2025-02-05T17:25:26+00:00\",\"mainEntityOfPage\":{\"@id\":\"https:\\\/\\\/voxsahel.com\\\/?p=1350\"},\"wordCount\":733,\"commentCount\":0,\"publisher\":{\"@id\":\"https:\\\/\\\/voxsahel.com\\\/#organization\"},\"image\":{\"@id\":\"https:\\\/\\\/voxsahel.com\\\/?p=1350#primaryimage\"},\"thumbnailUrl\":\"https:\\\/\\\/voxsahel.com\\\/wp-content\\\/uploads\\\/2025\\\/02\\\/b6294f39-d238-4b43-ba73-8f584c30bc25-1.jpeg\",\"articleSection\":[\"POLITIQUE\"],\"inLanguage\":\"fr-FR\",\"potentialAction\":[{\"@type\":\"CommentAction\",\"name\":\"Comment\",\"target\":[\"https:\\\/\\\/voxsahel.com\\\/?p=1350#respond\"]}]},{\"@type\":\"WebPage\",\"@id\":\"https:\\\/\\\/voxsahel.com\\\/?p=1350\",\"url\":\"https:\\\/\\\/voxsahel.com\\\/?p=1350\",\"name\":\"Projet de loi sur la R\u00e9organisation agraire et fonci\u00e8re :\u00ab A travers ce projet de loi, il est pr\u00e9vu que la terre appartienne d\u00e9sormais \u00e0 l'\u00c9tat \u00bb - Vox Sahel\",\"isPartOf\":{\"@id\":\"https:\\\/\\\/voxsahel.com\\\/#website\"},\"primaryImageOfPage\":{\"@id\":\"https:\\\/\\\/voxsahel.com\\\/?p=1350#primaryimage\"},\"image\":{\"@id\":\"https:\\\/\\\/voxsahel.com\\\/?p=1350#primaryimage\"},\"thumbnailUrl\":\"https:\\\/\\\/voxsahel.com\\\/wp-content\\\/uploads\\\/2025\\\/02\\\/b6294f39-d238-4b43-ba73-8f584c30bc25-1.jpeg\",\"datePublished\":\"2025-02-05T17:25:26+00:00\",\"breadcrumb\":{\"@id\":\"https:\\\/\\\/voxsahel.com\\\/?p=1350#breadcrumb\"},\"inLanguage\":\"fr-FR\",\"potentialAction\":[{\"@type\":\"ReadAction\",\"target\":[\"https:\\\/\\\/voxsahel.com\\\/?p=1350\"]}]},{\"@type\":\"ImageObject\",\"inLanguage\":\"fr-FR\",\"@id\":\"https:\\\/\\\/voxsahel.com\\\/?p=1350#primaryimage\",\"url\":\"https:\\\/\\\/voxsahel.com\\\/wp-content\\\/uploads\\\/2025\\\/02\\\/b6294f39-d238-4b43-ba73-8f584c30bc25-1.jpeg\",\"contentUrl\":\"https:\\\/\\\/voxsahel.com\\\/wp-content\\\/uploads\\\/2025\\\/02\\\/b6294f39-d238-4b43-ba73-8f584c30bc25-1.jpeg\",\"width\":882,\"height\":838},{\"@type\":\"BreadcrumbList\",\"@id\":\"https:\\\/\\\/voxsahel.com\\\/?p=1350#breadcrumb\",\"itemListElement\":[{\"@type\":\"ListItem\",\"position\":1,\"name\":\"Home\",\"item\":\"https:\\\/\\\/voxsahel.com\\\/\"},{\"@type\":\"ListItem\",\"position\":2,\"name\":\"Projet de loi sur la R\u00e9organisation agraire et fonci\u00e8re :\u00ab A travers ce projet de loi, il est pr\u00e9vu que la terre appartienne d\u00e9sormais \u00e0 l&rsquo;\u00c9tat \u00bb\"}]},{\"@type\":\"WebSite\",\"@id\":\"https:\\\/\\\/voxsahel.com\\\/#website\",\"url\":\"https:\\\/\\\/voxsahel.com\\\/\",\"name\":\"Vox Sahel\",\"description\":\"Informez-vous sur le Sahel en un clic\",\"publisher\":{\"@id\":\"https:\\\/\\\/voxsahel.com\\\/#organization\"},\"potentialAction\":[{\"@type\":\"SearchAction\",\"target\":{\"@type\":\"EntryPoint\",\"urlTemplate\":\"https:\\\/\\\/voxsahel.com\\\/?s={search_term_string}\"},\"query-input\":{\"@type\":\"PropertyValueSpecification\",\"valueRequired\":true,\"valueName\":\"search_term_string\"}}],\"inLanguage\":\"fr-FR\"},{\"@type\":\"Organization\",\"@id\":\"https:\\\/\\\/voxsahel.com\\\/#organization\",\"name\":\"Vox Sahel\",\"url\":\"https:\\\/\\\/voxsahel.com\\\/\",\"logo\":{\"@type\":\"ImageObject\",\"inLanguage\":\"fr-FR\",\"@id\":\"https:\\\/\\\/voxsahel.com\\\/#\\\/schema\\\/logo\\\/image\\\/\",\"url\":\"https:\\\/\\\/voxsahel.com\\\/wp-content\\\/uploads\\\/2024\\\/09\\\/Logo-Vox-Sahel.jpg\",\"contentUrl\":\"https:\\\/\\\/voxsahel.com\\\/wp-content\\\/uploads\\\/2024\\\/09\\\/Logo-Vox-Sahel.jpg\",\"width\":1181,\"height\":848,\"caption\":\"Vox Sahel\"},\"image\":{\"@id\":\"https:\\\/\\\/voxsahel.com\\\/#\\\/schema\\\/logo\\\/image\\\/\"},\"sameAs\":[\"https:\\\/\\\/www.facebook.com\\\/journal.voxsahel\"]},{\"@type\":\"Person\",\"@id\":\"https:\\\/\\\/voxsahel.com\\\/#\\\/schema\\\/person\\\/b4043608248f8fa227cd760e7ff1e19e\",\"name\":\"Vox Sahel\",\"image\":{\"@type\":\"ImageObject\",\"inLanguage\":\"fr-FR\",\"@id\":\"https:\\\/\\\/secure.gravatar.com\\\/avatar\\\/f70e7fa0cb9b29d4a7c5788d6eb2e9ab4d3135cbae1c9161810fdf77a8964699?s=96&d=mm&r=g\",\"url\":\"https:\\\/\\\/secure.gravatar.com\\\/avatar\\\/f70e7fa0cb9b29d4a7c5788d6eb2e9ab4d3135cbae1c9161810fdf77a8964699?s=96&d=mm&r=g\",\"contentUrl\":\"https:\\\/\\\/secure.gravatar.com\\\/avatar\\\/f70e7fa0cb9b29d4a7c5788d6eb2e9ab4d3135cbae1c9161810fdf77a8964699?s=96&d=mm&r=g\",\"caption\":\"Vox Sahel\"},\"sameAs\":[\"http:\\\/\\\/www.voxsahel.com\"],\"url\":\"https:\\\/\\\/voxsahel.com\\\/?author=2\"}]}<\/script>\n<!-- \/ Yoast SEO plugin. -->","yoast_head_json":{"title":"Projet de loi sur la R\u00e9organisation agraire et fonci\u00e8re :\u00ab A travers ce projet de loi, il est pr\u00e9vu que la terre appartienne d\u00e9sormais \u00e0 l'\u00c9tat \u00bb - Vox Sahel","robots":{"index":"index","follow":"follow","max-snippet":"max-snippet:-1","max-image-preview":"max-image-preview:large","max-video-preview":"max-video-preview:-1"},"canonical":"https:\/\/voxsahel.com\/?p=1350","og_locale":"fr_FR","og_type":"article","og_title":"Projet de loi sur la R\u00e9organisation agraire et fonci\u00e8re :\u00ab A travers ce projet de loi, il est pr\u00e9vu que la terre appartienne d\u00e9sormais \u00e0 l'\u00c9tat \u00bb - Vox Sahel","og_description":"(Ouagadougou, 5 f\u00e9vrier 2025). Le Pr\u00e9sident du Faso, Chef de l\u2019\u00c9tat, le Capitaine Ibrahim TRAOR\u00c9","og_url":"https:\/\/voxsahel.com\/?p=1350","og_site_name":"Vox Sahel","article_publisher":"https:\/\/www.facebook.com\/journal.voxsahel","article_published_time":"2025-02-05T17:25:26+00:00","og_image":[{"width":882,"height":838,"url":"https:\/\/voxsahel.com\/wp-content\/uploads\/2025\/02\/b6294f39-d238-4b43-ba73-8f584c30bc25-1.jpeg","type":"image\/jpeg"}],"author":"Vox Sahel","twitter_card":"summary_large_image","twitter_misc":{"\u00c9crit par":"Vox Sahel","Dur\u00e9e de lecture estim\u00e9e":"4 minutes"},"schema":{"@context":"https:\/\/schema.org","@graph":[{"@type":"Article","@id":"https:\/\/voxsahel.com\/?p=1350#article","isPartOf":{"@id":"https:\/\/voxsahel.com\/?p=1350"},"author":{"name":"Vox Sahel","@id":"https:\/\/voxsahel.com\/#\/schema\/person\/b4043608248f8fa227cd760e7ff1e19e"},"headline":"Projet de loi sur la R\u00e9organisation agraire et fonci\u00e8re :\u00ab A travers ce projet de loi, il est pr\u00e9vu que la terre appartienne d\u00e9sormais \u00e0 l&rsquo;\u00c9tat \u00bb","datePublished":"2025-02-05T17:25:26+00:00","mainEntityOfPage":{"@id":"https:\/\/voxsahel.com\/?p=1350"},"wordCount":733,"commentCount":0,"publisher":{"@id":"https:\/\/voxsahel.com\/#organization"},"image":{"@id":"https:\/\/voxsahel.com\/?p=1350#primaryimage"},"thumbnailUrl":"https:\/\/voxsahel.com\/wp-content\/uploads\/2025\/02\/b6294f39-d238-4b43-ba73-8f584c30bc25-1.jpeg","articleSection":["POLITIQUE"],"inLanguage":"fr-FR","potentialAction":[{"@type":"CommentAction","name":"Comment","target":["https:\/\/voxsahel.com\/?p=1350#respond"]}]},{"@type":"WebPage","@id":"https:\/\/voxsahel.com\/?p=1350","url":"https:\/\/voxsahel.com\/?p=1350","name":"Projet de loi sur la R\u00e9organisation agraire et fonci\u00e8re :\u00ab A travers ce projet de loi, il est pr\u00e9vu que la terre appartienne d\u00e9sormais \u00e0 l'\u00c9tat \u00bb - Vox Sahel","isPartOf":{"@id":"https:\/\/voxsahel.com\/#website"},"primaryImageOfPage":{"@id":"https:\/\/voxsahel.com\/?p=1350#primaryimage"},"image":{"@id":"https:\/\/voxsahel.com\/?p=1350#primaryimage"},"thumbnailUrl":"https:\/\/voxsahel.com\/wp-content\/uploads\/2025\/02\/b6294f39-d238-4b43-ba73-8f584c30bc25-1.jpeg","datePublished":"2025-02-05T17:25:26+00:00","breadcrumb":{"@id":"https:\/\/voxsahel.com\/?p=1350#breadcrumb"},"inLanguage":"fr-FR","potentialAction":[{"@type":"ReadAction","target":["https:\/\/voxsahel.com\/?p=1350"]}]},{"@type":"ImageObject","inLanguage":"fr-FR","@id":"https:\/\/voxsahel.com\/?p=1350#primaryimage","url":"https:\/\/voxsahel.com\/wp-content\/uploads\/2025\/02\/b6294f39-d238-4b43-ba73-8f584c30bc25-1.jpeg","contentUrl":"https:\/\/voxsahel.com\/wp-content\/uploads\/2025\/02\/b6294f39-d238-4b43-ba73-8f584c30bc25-1.jpeg","width":882,"height":838},{"@type":"BreadcrumbList","@id":"https:\/\/voxsahel.com\/?p=1350#breadcrumb","itemListElement":[{"@type":"ListItem","position":1,"name":"Home","item":"https:\/\/voxsahel.com\/"},{"@type":"ListItem","position":2,"name":"Projet de loi sur la R\u00e9organisation agraire et fonci\u00e8re :\u00ab A travers ce projet de loi, il est pr\u00e9vu que la terre appartienne d\u00e9sormais \u00e0 l&rsquo;\u00c9tat \u00bb"}]},{"@type":"WebSite","@id":"https:\/\/voxsahel.com\/#website","url":"https:\/\/voxsahel.com\/","name":"Vox Sahel","description":"Informez-vous sur le Sahel en un clic","publisher":{"@id":"https:\/\/voxsahel.com\/#organization"},"potentialAction":[{"@type":"SearchAction","target":{"@type":"EntryPoint","urlTemplate":"https:\/\/voxsahel.com\/?s={search_term_string}"},"query-input":{"@type":"PropertyValueSpecification","valueRequired":true,"valueName":"search_term_string"}}],"inLanguage":"fr-FR"},{"@type":"Organization","@id":"https:\/\/voxsahel.com\/#organization","name":"Vox Sahel","url":"https:\/\/voxsahel.com\/","logo":{"@type":"ImageObject","inLanguage":"fr-FR","@id":"https:\/\/voxsahel.com\/#\/schema\/logo\/image\/","url":"https:\/\/voxsahel.com\/wp-content\/uploads\/2024\/09\/Logo-Vox-Sahel.jpg","contentUrl":"https:\/\/voxsahel.com\/wp-content\/uploads\/2024\/09\/Logo-Vox-Sahel.jpg","width":1181,"height":848,"caption":"Vox Sahel"},"image":{"@id":"https:\/\/voxsahel.com\/#\/schema\/logo\/image\/"},"sameAs":["https:\/\/www.facebook.com\/journal.voxsahel"]},{"@type":"Person","@id":"https:\/\/voxsahel.com\/#\/schema\/person\/b4043608248f8fa227cd760e7ff1e19e","name":"Vox Sahel","image":{"@type":"ImageObject","inLanguage":"fr-FR","@id":"https:\/\/secure.gravatar.com\/avatar\/f70e7fa0cb9b29d4a7c5788d6eb2e9ab4d3135cbae1c9161810fdf77a8964699?s=96&d=mm&r=g","url":"https:\/\/secure.gravatar.com\/avatar\/f70e7fa0cb9b29d4a7c5788d6eb2e9ab4d3135cbae1c9161810fdf77a8964699?s=96&d=mm&r=g","contentUrl":"https:\/\/secure.gravatar.com\/avatar\/f70e7fa0cb9b29d4a7c5788d6eb2e9ab4d3135cbae1c9161810fdf77a8964699?s=96&d=mm&r=g","caption":"Vox Sahel"},"sameAs":["http:\/\/www.voxsahel.com"],"url":"https:\/\/voxsahel.com\/?author=2"}]}},"_links":{"self":[{"href":"https:\/\/voxsahel.com\/index.php?rest_route=\/wp\/v2\/posts\/1350","targetHints":{"allow":["GET"]}}],"collection":[{"href":"https:\/\/voxsahel.com\/index.php?rest_route=\/wp\/v2\/posts"}],"about":[{"href":"https:\/\/voxsahel.com\/index.php?rest_route=\/wp\/v2\/types\/post"}],"author":[{"embeddable":true,"href":"https:\/\/voxsahel.com\/index.php?rest_route=\/wp\/v2\/users\/2"}],"replies":[{"embeddable":true,"href":"https:\/\/voxsahel.com\/index.php?rest_route=%2Fwp%2Fv2%2Fcomments&post=1350"}],"version-history":[{"count":1,"href":"https:\/\/voxsahel.com\/index.php?rest_route=\/wp\/v2\/posts\/1350\/revisions"}],"predecessor-version":[{"id":1354,"href":"https:\/\/voxsahel.com\/index.php?rest_route=\/wp\/v2\/posts\/1350\/revisions\/1354"}],"wp:featuredmedia":[{"embeddable":true,"href":"https:\/\/voxsahel.com\/index.php?rest_route=\/wp\/v2\/media\/1353"}],"wp:attachment":[{"href":"https:\/\/voxsahel.com\/index.php?rest_route=%2Fwp%2Fv2%2Fmedia&parent=1350"}],"wp:term":[{"taxonomy":"category","embeddable":true,"href":"https:\/\/voxsahel.com\/index.php?rest_route=%2Fwp%2Fv2%2Fcategories&post=1350"},{"taxonomy":"post_tag","embeddable":true,"href":"https:\/\/voxsahel.com\/index.php?rest_route=%2Fwp%2Fv2%2Ftags&post=1350"}],"curies":[{"name":"wp","href":"https:\/\/api.w.org\/{rel}","templated":true}]}}