{"id":1346,"date":"2025-02-03T19:20:59","date_gmt":"2025-02-03T19:20:59","guid":{"rendered":"https:\/\/voxsahel.com\/?p=1346"},"modified":"2025-02-03T19:20:59","modified_gmt":"2025-02-03T19:20:59","slug":"decrypt-conflit-en-rdc-lafrique-na-plus-besoin-dune-autre-tragedie","status":"publish","type":"post","link":"https:\/\/voxsahel.com\/?p=1346","title":{"rendered":"Decrypt\/Conflit en RDC : L&rsquo;Afrique n&rsquo;a plus besoin d&rsquo;une autre trag\u00e9die"},"content":{"rendered":"<p>Le conflit actuel en R\u00e9publique D\u00e9mocratique du Congo (RDC), notamment dans l&rsquo;est du pays, est une trag\u00e9die qui d\u00e9passe les fronti\u00e8res nationales et affecte tout le continent africain. La prise de Goma par le groupe M23, soutenu par le Rwanda, incarne non seulement une d\u00e9faite militaire mais aussi un \u00e9chec \u00e0 garantir la stabilit\u00e9 r\u00e9gionale.<\/p>\n<p>Le soutien du Rwanda au M23, malgr\u00e9 les accusations internationales, soul\u00e8ve des questions sur les priorit\u00e9s g\u00e9opolitiques de certains dirigeants africains, pr\u00eats \u00e0 soutenir des groupes arm\u00e9s au d\u00e9triment de la paix et de l&rsquo;unit\u00e9 du continent.<\/p>\n<p>Cette situation met en lumi\u00e8re un probl\u00e8me plus profond : la fragilit\u00e9 des institutions africaines et le manque de solidarit\u00e9 entre les nations face aux crises. Au lieu de permettre \u00e0 l&rsquo;Afrique de r\u00e9soudre ses propres conflits, les puissances ext\u00e9rieures continuent de jouer un r\u00f4le, alimentant des tensions qui profitent rarement aux peuples africains. Il est crucial que l&rsquo;Union africaine (UA) et la SADC prennent une position forte et coh\u00e9rente pour r\u00e9soudre cette crise, et que les pays africains agissent de mani\u00e8re solidaire.<\/p>\n<p>Le pr\u00e9sident F\u00e9lix Tshisekedi a raison d&rsquo;appeler \u00e0 une \u00ab\u00a0riposte vigoureuse\u00a0\u00bb, mais cela ne doit pas se limiter \u00e0 des actions militaires. Il faut une mobilisation africaine pour garantir la stabilit\u00e9 et \u00e9viter que la RDC ne devienne un terrain de jeu pour les int\u00e9r\u00eats \u00e9trangers.<\/p>\n<p>L&rsquo;Afrique doit s&rsquo;unir pour \u00e9radiquer la violence et reconstruire un avenir de paix et de prosp\u00e9rit\u00e9. Ce n\u2019est qu\u2019ainsi qu\u2019elle gagnera le respect international et cessera d\u2019\u00eatre per\u00e7ue comme un terrain de conflits internes et d\u2019ing\u00e9rences \u00e9trang\u00e8res.<\/p>\n<p style=\"text-align: right;\"><strong>Par Amir BAKO<\/strong><\/p>\n","protected":false},"excerpt":{"rendered":"<p>Le conflit actuel en R\u00e9publique D\u00e9mocratique du Congo (RDC), notamment dans l&rsquo;est du pays, est<\/p>\n","protected":false},"author":2,"featured_media":1347,"comment_status":"open","ping_status":"open","sticky":false,"template":"","format":"standard","meta":{"_et_pb_use_builder":"","_et_pb_old_content":"","_et_gb_content_width":"","footnotes":""},"categories":[15],"tags":[598,582,579,576,578,575,580,597,596,595],"class_list":["post-1346","post","type-post","status-publish","format-standard","has-post-thumbnail","hentry","category-international","tag-felix-tshisekedi","tag-goma","tag-m23","tag-rdc","tag-rebelles-du-m23","tag-republique-democratique-du-congo","tag-rwanda","tag-sadc","tag-ua","tag-union-africaine"],"yoast_head":"<!-- This site is optimized with the Yoast SEO plugin v27.5 - https:\/\/yoast.com\/product\/yoast-seo-wordpress\/ -->\n<title>Decrypt\/Conflit en RDC : L&#039;Afrique n&#039;a plus besoin d&#039;une autre trag\u00e9die - Vox Sahel<\/title>\n<meta name=\"robots\" content=\"index, follow, max-snippet:-1, max-image-preview:large, max-video-preview:-1\" \/>\n<link rel=\"canonical\" href=\"https:\/\/voxsahel.com\/?p=1346\" \/>\n<meta property=\"og:locale\" content=\"fr_FR\" \/>\n<meta property=\"og:type\" content=\"article\" \/>\n<meta property=\"og:title\" content=\"Decrypt\/Conflit en RDC : L&#039;Afrique n&#039;a plus besoin d&#039;une autre trag\u00e9die - Vox Sahel\" \/>\n<meta property=\"og:description\" content=\"Le conflit actuel en R\u00e9publique D\u00e9mocratique du Congo (RDC), notamment dans l&rsquo;est du pays, est\" \/>\n<meta property=\"og:url\" content=\"https:\/\/voxsahel.com\/?p=1346\" \/>\n<meta property=\"og:site_name\" content=\"Vox Sahel\" \/>\n<meta property=\"article:publisher\" content=\"https:\/\/www.facebook.com\/journal.voxsahel\" \/>\n<meta property=\"article:published_time\" content=\"2025-02-03T19:20:59+00:00\" \/>\n<meta property=\"og:image\" content=\"https:\/\/voxsahel.com\/wp-content\/uploads\/2025\/02\/GOMA.jpg\" \/>\n\t<meta property=\"og:image:width\" content=\"765\" \/>\n\t<meta property=\"og:image:height\" content=\"510\" \/>\n\t<meta property=\"og:image:type\" content=\"image\/jpeg\" \/>\n<meta name=\"author\" content=\"Vox Sahel\" \/>\n<meta name=\"twitter:card\" content=\"summary_large_image\" \/>\n<meta name=\"twitter:label1\" content=\"\u00c9crit par\" \/>\n\t<meta name=\"twitter:data1\" content=\"Vox Sahel\" \/>\n\t<meta name=\"twitter:label2\" content=\"Dur\u00e9e de lecture estim\u00e9e\" \/>\n\t<meta name=\"twitter:data2\" content=\"2 minutes\" \/>\n<script type=\"application\/ld+json\" class=\"yoast-schema-graph\">{\"@context\":\"https:\\\/\\\/schema.org\",\"@graph\":[{\"@type\":\"Article\",\"@id\":\"https:\\\/\\\/voxsahel.com\\\/?p=1346#article\",\"isPartOf\":{\"@id\":\"https:\\\/\\\/voxsahel.com\\\/?p=1346\"},\"author\":{\"name\":\"Vox Sahel\",\"@id\":\"https:\\\/\\\/voxsahel.com\\\/#\\\/schema\\\/person\\\/b4043608248f8fa227cd760e7ff1e19e\"},\"headline\":\"Decrypt\\\/Conflit en RDC : L&rsquo;Afrique n&rsquo;a plus besoin d&rsquo;une autre trag\u00e9die\",\"datePublished\":\"2025-02-03T19:20:59+00:00\",\"mainEntityOfPage\":{\"@id\":\"https:\\\/\\\/voxsahel.com\\\/?p=1346\"},\"wordCount\":311,\"commentCount\":0,\"publisher\":{\"@id\":\"https:\\\/\\\/voxsahel.com\\\/#organization\"},\"image\":{\"@id\":\"https:\\\/\\\/voxsahel.com\\\/?p=1346#primaryimage\"},\"thumbnailUrl\":\"https:\\\/\\\/voxsahel.com\\\/wp-content\\\/uploads\\\/2025\\\/02\\\/GOMA.jpg\",\"keywords\":[\"F\u00e9lix Tshisekedi\",\"Goma\",\"M23\",\"RDC\",\"Rebelles du M23\",\"R\u00e9publique d\u00e9mocratique du Congo\",\"Rwanda\",\"SADC\",\"UA\",\"Union africaine\"],\"articleSection\":[\"INTERNATIONAL\"],\"inLanguage\":\"fr-FR\",\"potentialAction\":[{\"@type\":\"CommentAction\",\"name\":\"Comment\",\"target\":[\"https:\\\/\\\/voxsahel.com\\\/?p=1346#respond\"]}]},{\"@type\":\"WebPage\",\"@id\":\"https:\\\/\\\/voxsahel.com\\\/?p=1346\",\"url\":\"https:\\\/\\\/voxsahel.com\\\/?p=1346\",\"name\":\"Decrypt\\\/Conflit en RDC : L'Afrique n'a plus besoin d'une autre trag\u00e9die - Vox Sahel\",\"isPartOf\":{\"@id\":\"https:\\\/\\\/voxsahel.com\\\/#website\"},\"primaryImageOfPage\":{\"@id\":\"https:\\\/\\\/voxsahel.com\\\/?p=1346#primaryimage\"},\"image\":{\"@id\":\"https:\\\/\\\/voxsahel.com\\\/?p=1346#primaryimage\"},\"thumbnailUrl\":\"https:\\\/\\\/voxsahel.com\\\/wp-content\\\/uploads\\\/2025\\\/02\\\/GOMA.jpg\",\"datePublished\":\"2025-02-03T19:20:59+00:00\",\"breadcrumb\":{\"@id\":\"https:\\\/\\\/voxsahel.com\\\/?p=1346#breadcrumb\"},\"inLanguage\":\"fr-FR\",\"potentialAction\":[{\"@type\":\"ReadAction\",\"target\":[\"https:\\\/\\\/voxsahel.com\\\/?p=1346\"]}]},{\"@type\":\"ImageObject\",\"inLanguage\":\"fr-FR\",\"@id\":\"https:\\\/\\\/voxsahel.com\\\/?p=1346#primaryimage\",\"url\":\"https:\\\/\\\/voxsahel.com\\\/wp-content\\\/uploads\\\/2025\\\/02\\\/GOMA.jpg\",\"contentUrl\":\"https:\\\/\\\/voxsahel.com\\\/wp-content\\\/uploads\\\/2025\\\/02\\\/GOMA.jpg\",\"width\":765,\"height\":510,\"caption\":\"Conflit en RDC : L'Afrique n'a plus besoin d'une autre trag\u00e9die\"},{\"@type\":\"BreadcrumbList\",\"@id\":\"https:\\\/\\\/voxsahel.com\\\/?p=1346#breadcrumb\",\"itemListElement\":[{\"@type\":\"ListItem\",\"position\":1,\"name\":\"Home\",\"item\":\"https:\\\/\\\/voxsahel.com\\\/\"},{\"@type\":\"ListItem\",\"position\":2,\"name\":\"Decrypt\\\/Conflit en RDC : L&rsquo;Afrique n&rsquo;a plus besoin d&rsquo;une autre trag\u00e9die\"}]},{\"@type\":\"WebSite\",\"@id\":\"https:\\\/\\\/voxsahel.com\\\/#website\",\"url\":\"https:\\\/\\\/voxsahel.com\\\/\",\"name\":\"Vox Sahel\",\"description\":\"Informez-vous sur le Sahel en un clic\",\"publisher\":{\"@id\":\"https:\\\/\\\/voxsahel.com\\\/#organization\"},\"potentialAction\":[{\"@type\":\"SearchAction\",\"target\":{\"@type\":\"EntryPoint\",\"urlTemplate\":\"https:\\\/\\\/voxsahel.com\\\/?s={search_term_string}\"},\"query-input\":{\"@type\":\"PropertyValueSpecification\",\"valueRequired\":true,\"valueName\":\"search_term_string\"}}],\"inLanguage\":\"fr-FR\"},{\"@type\":\"Organization\",\"@id\":\"https:\\\/\\\/voxsahel.com\\\/#organization\",\"name\":\"Vox Sahel\",\"url\":\"https:\\\/\\\/voxsahel.com\\\/\",\"logo\":{\"@type\":\"ImageObject\",\"inLanguage\":\"fr-FR\",\"@id\":\"https:\\\/\\\/voxsahel.com\\\/#\\\/schema\\\/logo\\\/image\\\/\",\"url\":\"https:\\\/\\\/voxsahel.com\\\/wp-content\\\/uploads\\\/2024\\\/09\\\/Logo-Vox-Sahel.jpg\",\"contentUrl\":\"https:\\\/\\\/voxsahel.com\\\/wp-content\\\/uploads\\\/2024\\\/09\\\/Logo-Vox-Sahel.jpg\",\"width\":1181,\"height\":848,\"caption\":\"Vox Sahel\"},\"image\":{\"@id\":\"https:\\\/\\\/voxsahel.com\\\/#\\\/schema\\\/logo\\\/image\\\/\"},\"sameAs\":[\"https:\\\/\\\/www.facebook.com\\\/journal.voxsahel\"]},{\"@type\":\"Person\",\"@id\":\"https:\\\/\\\/voxsahel.com\\\/#\\\/schema\\\/person\\\/b4043608248f8fa227cd760e7ff1e19e\",\"name\":\"Vox Sahel\",\"image\":{\"@type\":\"ImageObject\",\"inLanguage\":\"fr-FR\",\"@id\":\"https:\\\/\\\/secure.gravatar.com\\\/avatar\\\/f70e7fa0cb9b29d4a7c5788d6eb2e9ab4d3135cbae1c9161810fdf77a8964699?s=96&d=mm&r=g\",\"url\":\"https:\\\/\\\/secure.gravatar.com\\\/avatar\\\/f70e7fa0cb9b29d4a7c5788d6eb2e9ab4d3135cbae1c9161810fdf77a8964699?s=96&d=mm&r=g\",\"contentUrl\":\"https:\\\/\\\/secure.gravatar.com\\\/avatar\\\/f70e7fa0cb9b29d4a7c5788d6eb2e9ab4d3135cbae1c9161810fdf77a8964699?s=96&d=mm&r=g\",\"caption\":\"Vox Sahel\"},\"sameAs\":[\"http:\\\/\\\/www.voxsahel.com\"],\"url\":\"https:\\\/\\\/voxsahel.com\\\/?author=2\"}]}<\/script>\n<!-- \/ Yoast SEO plugin. -->","yoast_head_json":{"title":"Decrypt\/Conflit en RDC : L'Afrique n'a plus besoin d'une autre trag\u00e9die - Vox Sahel","robots":{"index":"index","follow":"follow","max-snippet":"max-snippet:-1","max-image-preview":"max-image-preview:large","max-video-preview":"max-video-preview:-1"},"canonical":"https:\/\/voxsahel.com\/?p=1346","og_locale":"fr_FR","og_type":"article","og_title":"Decrypt\/Conflit en RDC : L'Afrique n'a plus besoin d'une autre trag\u00e9die - Vox Sahel","og_description":"Le conflit actuel en R\u00e9publique D\u00e9mocratique du Congo (RDC), notamment dans l&rsquo;est du pays, est","og_url":"https:\/\/voxsahel.com\/?p=1346","og_site_name":"Vox Sahel","article_publisher":"https:\/\/www.facebook.com\/journal.voxsahel","article_published_time":"2025-02-03T19:20:59+00:00","og_image":[{"width":765,"height":510,"url":"https:\/\/voxsahel.com\/wp-content\/uploads\/2025\/02\/GOMA.jpg","type":"image\/jpeg"}],"author":"Vox Sahel","twitter_card":"summary_large_image","twitter_misc":{"\u00c9crit par":"Vox Sahel","Dur\u00e9e de lecture estim\u00e9e":"2 minutes"},"schema":{"@context":"https:\/\/schema.org","@graph":[{"@type":"Article","@id":"https:\/\/voxsahel.com\/?p=1346#article","isPartOf":{"@id":"https:\/\/voxsahel.com\/?p=1346"},"author":{"name":"Vox Sahel","@id":"https:\/\/voxsahel.com\/#\/schema\/person\/b4043608248f8fa227cd760e7ff1e19e"},"headline":"Decrypt\/Conflit en RDC : L&rsquo;Afrique n&rsquo;a plus besoin d&rsquo;une autre trag\u00e9die","datePublished":"2025-02-03T19:20:59+00:00","mainEntityOfPage":{"@id":"https:\/\/voxsahel.com\/?p=1346"},"wordCount":311,"commentCount":0,"publisher":{"@id":"https:\/\/voxsahel.com\/#organization"},"image":{"@id":"https:\/\/voxsahel.com\/?p=1346#primaryimage"},"thumbnailUrl":"https:\/\/voxsahel.com\/wp-content\/uploads\/2025\/02\/GOMA.jpg","keywords":["F\u00e9lix Tshisekedi","Goma","M23","RDC","Rebelles du M23","R\u00e9publique d\u00e9mocratique du Congo","Rwanda","SADC","UA","Union africaine"],"articleSection":["INTERNATIONAL"],"inLanguage":"fr-FR","potentialAction":[{"@type":"CommentAction","name":"Comment","target":["https:\/\/voxsahel.com\/?p=1346#respond"]}]},{"@type":"WebPage","@id":"https:\/\/voxsahel.com\/?p=1346","url":"https:\/\/voxsahel.com\/?p=1346","name":"Decrypt\/Conflit en RDC : L'Afrique n'a plus besoin d'une autre trag\u00e9die - Vox Sahel","isPartOf":{"@id":"https:\/\/voxsahel.com\/#website"},"primaryImageOfPage":{"@id":"https:\/\/voxsahel.com\/?p=1346#primaryimage"},"image":{"@id":"https:\/\/voxsahel.com\/?p=1346#primaryimage"},"thumbnailUrl":"https:\/\/voxsahel.com\/wp-content\/uploads\/2025\/02\/GOMA.jpg","datePublished":"2025-02-03T19:20:59+00:00","breadcrumb":{"@id":"https:\/\/voxsahel.com\/?p=1346#breadcrumb"},"inLanguage":"fr-FR","potentialAction":[{"@type":"ReadAction","target":["https:\/\/voxsahel.com\/?p=1346"]}]},{"@type":"ImageObject","inLanguage":"fr-FR","@id":"https:\/\/voxsahel.com\/?p=1346#primaryimage","url":"https:\/\/voxsahel.com\/wp-content\/uploads\/2025\/02\/GOMA.jpg","contentUrl":"https:\/\/voxsahel.com\/wp-content\/uploads\/2025\/02\/GOMA.jpg","width":765,"height":510,"caption":"Conflit en RDC : L'Afrique n'a plus besoin d'une autre trag\u00e9die"},{"@type":"BreadcrumbList","@id":"https:\/\/voxsahel.com\/?p=1346#breadcrumb","itemListElement":[{"@type":"ListItem","position":1,"name":"Home","item":"https:\/\/voxsahel.com\/"},{"@type":"ListItem","position":2,"name":"Decrypt\/Conflit en RDC : L&rsquo;Afrique n&rsquo;a plus besoin d&rsquo;une autre trag\u00e9die"}]},{"@type":"WebSite","@id":"https:\/\/voxsahel.com\/#website","url":"https:\/\/voxsahel.com\/","name":"Vox Sahel","description":"Informez-vous sur le Sahel en un clic","publisher":{"@id":"https:\/\/voxsahel.com\/#organization"},"potentialAction":[{"@type":"SearchAction","target":{"@type":"EntryPoint","urlTemplate":"https:\/\/voxsahel.com\/?s={search_term_string}"},"query-input":{"@type":"PropertyValueSpecification","valueRequired":true,"valueName":"search_term_string"}}],"inLanguage":"fr-FR"},{"@type":"Organization","@id":"https:\/\/voxsahel.com\/#organization","name":"Vox Sahel","url":"https:\/\/voxsahel.com\/","logo":{"@type":"ImageObject","inLanguage":"fr-FR","@id":"https:\/\/voxsahel.com\/#\/schema\/logo\/image\/","url":"https:\/\/voxsahel.com\/wp-content\/uploads\/2024\/09\/Logo-Vox-Sahel.jpg","contentUrl":"https:\/\/voxsahel.com\/wp-content\/uploads\/2024\/09\/Logo-Vox-Sahel.jpg","width":1181,"height":848,"caption":"Vox Sahel"},"image":{"@id":"https:\/\/voxsahel.com\/#\/schema\/logo\/image\/"},"sameAs":["https:\/\/www.facebook.com\/journal.voxsahel"]},{"@type":"Person","@id":"https:\/\/voxsahel.com\/#\/schema\/person\/b4043608248f8fa227cd760e7ff1e19e","name":"Vox Sahel","image":{"@type":"ImageObject","inLanguage":"fr-FR","@id":"https:\/\/secure.gravatar.com\/avatar\/f70e7fa0cb9b29d4a7c5788d6eb2e9ab4d3135cbae1c9161810fdf77a8964699?s=96&d=mm&r=g","url":"https:\/\/secure.gravatar.com\/avatar\/f70e7fa0cb9b29d4a7c5788d6eb2e9ab4d3135cbae1c9161810fdf77a8964699?s=96&d=mm&r=g","contentUrl":"https:\/\/secure.gravatar.com\/avatar\/f70e7fa0cb9b29d4a7c5788d6eb2e9ab4d3135cbae1c9161810fdf77a8964699?s=96&d=mm&r=g","caption":"Vox Sahel"},"sameAs":["http:\/\/www.voxsahel.com"],"url":"https:\/\/voxsahel.com\/?author=2"}]}},"_links":{"self":[{"href":"https:\/\/voxsahel.com\/index.php?rest_route=\/wp\/v2\/posts\/1346","targetHints":{"allow":["GET"]}}],"collection":[{"href":"https:\/\/voxsahel.com\/index.php?rest_route=\/wp\/v2\/posts"}],"about":[{"href":"https:\/\/voxsahel.com\/index.php?rest_route=\/wp\/v2\/types\/post"}],"author":[{"embeddable":true,"href":"https:\/\/voxsahel.com\/index.php?rest_route=\/wp\/v2\/users\/2"}],"replies":[{"embeddable":true,"href":"https:\/\/voxsahel.com\/index.php?rest_route=%2Fwp%2Fv2%2Fcomments&post=1346"}],"version-history":[{"count":1,"href":"https:\/\/voxsahel.com\/index.php?rest_route=\/wp\/v2\/posts\/1346\/revisions"}],"predecessor-version":[{"id":1348,"href":"https:\/\/voxsahel.com\/index.php?rest_route=\/wp\/v2\/posts\/1346\/revisions\/1348"}],"wp:featuredmedia":[{"embeddable":true,"href":"https:\/\/voxsahel.com\/index.php?rest_route=\/wp\/v2\/media\/1347"}],"wp:attachment":[{"href":"https:\/\/voxsahel.com\/index.php?rest_route=%2Fwp%2Fv2%2Fmedia&parent=1346"}],"wp:term":[{"taxonomy":"category","embeddable":true,"href":"https:\/\/voxsahel.com\/index.php?rest_route=%2Fwp%2Fv2%2Fcategories&post=1346"},{"taxonomy":"post_tag","embeddable":true,"href":"https:\/\/voxsahel.com\/index.php?rest_route=%2Fwp%2Fv2%2Ftags&post=1346"}],"curies":[{"name":"wp","href":"https:\/\/api.w.org\/{rel}","templated":true}]}}