{"id":1338,"date":"2025-02-03T10:06:39","date_gmt":"2025-02-03T10:06:39","guid":{"rendered":"https:\/\/voxsahel.com\/?p=1338"},"modified":"2025-02-03T10:06:39","modified_gmt":"2025-02-03T10:06:39","slug":"aes-face-a-la-cedeao-quels-leviers-economiques-pour-attenuer-limpact-du-retrait","status":"publish","type":"post","link":"https:\/\/voxsahel.com\/?p=1338","title":{"rendered":"AES face \u00e0 la CEDEAO : Quels leviers \u00e9conomiques pour att\u00e9nuer l&rsquo;impact du retrait ?"},"content":{"rendered":"<p>Dans un contexte marqu\u00e9 par la sortie annonc\u00e9e du Burkina Faso, du Mali et du Niger de la Communaut\u00e9 \u00e9conomique des \u00c9tats de l&rsquo;Afrique de l&rsquo;Ouest (CEDEAO), de nombreuses interrogations \u00e9mergentes quant aux impacts \u00e9conomiques et sociaux de cette d\u00e9cision. Le professeur agr\u00e9g\u00e9 Oumar Zall\u00e9, chef du d\u00e9partement du Master en \u00e9conomie appliqu\u00e9e \u00e0 l&rsquo;universit\u00e9 Norbert-Zongo, apporte un \u00e9clairage sur les atouts et les leviers dont disposent ces pays pour faire face aux d\u00e9fis \u00e0 venir.<\/p>\n<p>Pour le Pr Zall\u00e9, l&rsquo;un des principaux leviers r\u00e9side dans l&rsquo;exploitation des ressources naturelles. \u00ab\u00a0Le Burkina Faso et le Mali poss\u00e8dent d&rsquo;importantes r\u00e9serves d&rsquo;or, tandis que le Niger est riche en uranium, en p\u00e9trole et en gaz. Une meilleure exploitation et transformation locale de ces ressources permettra \u00e0 ces \u00c9tats d&rsquo;att\u00e9nuer les pertes \u00e9conomiques li\u00e9e \u00e0 leur sortie de la CEDEAO\u00a0\u00bb, explique-t-il. L&rsquo;industrialisation et la diversification de ces secteurs apparaissent ainsi comme des axes strat\u00e9giques \u00e0 privil\u00e9gier.<\/p>\n<p>Au-del\u00e0 des ressources naturelles, la coop\u00e9ration entre les trois pays de l&rsquo;Alliance des \u00c9tats du Sahel (AES) pourrait jouer un r\u00f4le cl\u00e9. \u00ab\u00a0Si ces pays parviennent \u00e0 structurer leurs politiques \u00e9conomiques, \u00e0 renforcer leur commerce interne et \u00e0 \u00e9liminer les barri\u00e8res non tarifaires, cela favoriserait une dynamique \u00e9conomique plus int\u00e9gr\u00e9e et plus r\u00e9siliente\u00a0\u00bb, souligne l&rsquo;expert. La facilitation des \u00e9changes intra-AES permettra ainsi de compenser une partie des pertes engendr\u00e9es par la sortie du march\u00e9 commun de la CEDEAO.<\/p>\n<p>Le contexte actuel de crise et d\u2019affirmation souverainiste pourrait \u00e9galement constituer un atout. \u00ab\u00a0Ces situations renforcent souvent le sentiment d&rsquo;appartenance et de nationalisme, ce qui pr\u00e9dispose les populations \u00e0 accepter certaines politiques d&rsquo;aust\u00e9rit\u00e9 \u00e0 court terme pour soutenir le d\u00e9veloppement \u00e9conomique\u00a0\u00bb, note le Pr Zall\u00e9. Ce facteur psychologique pourrait donc favoriser l&rsquo;adh\u00e9sion populaire aux r\u00e9formes n\u00e9cessaires.<\/p>\n<p>D&rsquo;un point de vue institutionnel, le succ\u00e8s de l&rsquo;AES d\u00e9pendra aussi de la capacit\u00e9 des gouvernements \u00e0 mettre en place des r\u00e9formes \u00e9conomiques et structurelles adapt\u00e9es. \u00ab\u00a0La lutte contre la corruption et une meilleure gestion des ressources seront d\u00e9terminantes pour assurer la stabilit\u00e9 et la croissance \u00e9conomique de cette nouvelle alliance\u00a0\u00bb, ajoute-t-il.<\/p>\n<p>Malgr\u00e9 leur retrait de la CEDEAO, les trois pays conservent leur appartenance \u00e0 l&rsquo;Union \u00e9conomique et mon\u00e9taire ouest-africaine (UEMOA), ce qui leur permet de maintenir certaines relations commerciales avec les autres \u00c9tats membres. Par ailleurs, la Zone de libre-\u00e9change continentale africaine (ZLECAF) pourrait offrir de nouvelles perspectives d\u2019ouverture \u00e9conomique. \u00ab\u00a0Avec la ZLECAF, la question des restrictions sous-r\u00e9gionales pourrait progressivement s&rsquo;estomper au profit d&rsquo;un march\u00e9 africain \u00e9largi\u00a0\u00bb, explique le Pr Zall\u00e9.<\/p>\n<p>Si la sortie de la CEDEAO pr\u00e9sente des d\u00e9fis de taille, les pays de l&rsquo;AES disposent n\u00e9anmoins de plusieurs leviers pour att\u00e9nuer les co\u00fbts \u00e9conomiques et sociaux. L&rsquo;optimisation de leurs ressources naturelles, le renforcement des \u00e9changes intra-AES, la mobilisation sociale et la mise en place de r\u00e9formes institutionnelles adapt\u00e9es seront autant d&rsquo;\u00e9l\u00e9ments d\u00e9terminants pour assurer la viabilit\u00e9 \u00e9conomique de cette nouvelle alliance.<\/p>\n<p style=\"text-align: right;\"><strong>Par Vox Sahel<\/strong><\/p>\n<p style=\"text-align: right;\"><strong>Source\u00a0: Sidwaya<\/strong><\/p>\n","protected":false},"excerpt":{"rendered":"<p>Dans un contexte marqu\u00e9 par la sortie annonc\u00e9e du Burkina Faso, du Mali et du<\/p>\n","protected":false},"author":2,"featured_media":1339,"comment_status":"open","ping_status":"open","sticky":false,"template":"","format":"standard","meta":{"_et_pb_use_builder":"","_et_pb_old_content":"","_et_gb_content_width":"","footnotes":""},"categories":[8],"tags":[61,51,62,18,289,123,31,60,290,583],"class_list":["post-1338","post","type-post","status-publish","format-standard","has-post-thumbnail","hentry","category-developpement","tag-aes","tag-afrique","tag-alliance-des-etats-du-sahel","tag-burkina-faso","tag-cedeao","tag-confederation-de-lalliances-des-etats-du-sahel","tag-mali","tag-niger","tag-uemoa","tag-umoa"],"yoast_head":"<!-- This site is optimized with the Yoast SEO plugin v27.5 - https:\/\/yoast.com\/product\/yoast-seo-wordpress\/ -->\n<title>AES face \u00e0 la CEDEAO : Quels leviers \u00e9conomiques pour att\u00e9nuer l&#039;impact du retrait ? - Vox Sahel<\/title>\n<meta name=\"robots\" content=\"index, follow, max-snippet:-1, max-image-preview:large, max-video-preview:-1\" \/>\n<link rel=\"canonical\" href=\"https:\/\/voxsahel.com\/?p=1338\" \/>\n<meta property=\"og:locale\" content=\"fr_FR\" \/>\n<meta property=\"og:type\" content=\"article\" \/>\n<meta property=\"og:title\" content=\"AES face \u00e0 la CEDEAO : Quels leviers \u00e9conomiques pour att\u00e9nuer l&#039;impact du retrait ? - Vox Sahel\" \/>\n<meta property=\"og:description\" content=\"Dans un contexte marqu\u00e9 par la sortie annonc\u00e9e du Burkina Faso, du Mali et du\" \/>\n<meta property=\"og:url\" content=\"https:\/\/voxsahel.com\/?p=1338\" \/>\n<meta property=\"og:site_name\" content=\"Vox Sahel\" \/>\n<meta property=\"article:publisher\" content=\"https:\/\/www.facebook.com\/journal.voxsahel\" \/>\n<meta property=\"article:published_time\" content=\"2025-02-03T10:06:39+00:00\" \/>\n<meta property=\"og:image\" content=\"https:\/\/voxsahel.com\/wp-content\/uploads\/2025\/02\/Pr-Oumarou-ZALLE.jpg\" \/>\n\t<meta property=\"og:image:width\" content=\"2048\" \/>\n\t<meta property=\"og:image:height\" content=\"1853\" \/>\n\t<meta property=\"og:image:type\" content=\"image\/jpeg\" \/>\n<meta name=\"author\" content=\"Vox Sahel\" \/>\n<meta name=\"twitter:card\" content=\"summary_large_image\" \/>\n<meta name=\"twitter:label1\" content=\"\u00c9crit par\" \/>\n\t<meta name=\"twitter:data1\" content=\"Vox Sahel\" \/>\n\t<meta name=\"twitter:label2\" content=\"Dur\u00e9e de lecture estim\u00e9e\" \/>\n\t<meta name=\"twitter:data2\" content=\"3 minutes\" \/>\n<script type=\"application\/ld+json\" class=\"yoast-schema-graph\">{\"@context\":\"https:\\\/\\\/schema.org\",\"@graph\":[{\"@type\":\"Article\",\"@id\":\"https:\\\/\\\/voxsahel.com\\\/?p=1338#article\",\"isPartOf\":{\"@id\":\"https:\\\/\\\/voxsahel.com\\\/?p=1338\"},\"author\":{\"name\":\"Vox Sahel\",\"@id\":\"https:\\\/\\\/voxsahel.com\\\/#\\\/schema\\\/person\\\/b4043608248f8fa227cd760e7ff1e19e\"},\"headline\":\"AES face \u00e0 la CEDEAO : Quels leviers \u00e9conomiques pour att\u00e9nuer l&rsquo;impact du retrait ?\",\"datePublished\":\"2025-02-03T10:06:39+00:00\",\"mainEntityOfPage\":{\"@id\":\"https:\\\/\\\/voxsahel.com\\\/?p=1338\"},\"wordCount\":546,\"commentCount\":0,\"publisher\":{\"@id\":\"https:\\\/\\\/voxsahel.com\\\/#organization\"},\"image\":{\"@id\":\"https:\\\/\\\/voxsahel.com\\\/?p=1338#primaryimage\"},\"thumbnailUrl\":\"https:\\\/\\\/voxsahel.com\\\/wp-content\\\/uploads\\\/2025\\\/02\\\/Pr-Oumarou-ZALLE.jpg\",\"keywords\":[\"AES\",\"Afrique\",\"Alliance des \u00c9tats du Sahel\",\"Burkina Faso\",\"CEDEAO\",\"Conf\u00e9d\u00e9ration de l\u2019Alliances des \u00c9tats du Sahel\",\"Mali\",\"Niger\",\"UEMOA\",\"UMOA\"],\"articleSection\":[\"DEVELOPPEMENT\"],\"inLanguage\":\"fr-FR\",\"potentialAction\":[{\"@type\":\"CommentAction\",\"name\":\"Comment\",\"target\":[\"https:\\\/\\\/voxsahel.com\\\/?p=1338#respond\"]}]},{\"@type\":\"WebPage\",\"@id\":\"https:\\\/\\\/voxsahel.com\\\/?p=1338\",\"url\":\"https:\\\/\\\/voxsahel.com\\\/?p=1338\",\"name\":\"AES face \u00e0 la CEDEAO : Quels leviers \u00e9conomiques pour att\u00e9nuer l'impact du retrait ? - Vox Sahel\",\"isPartOf\":{\"@id\":\"https:\\\/\\\/voxsahel.com\\\/#website\"},\"primaryImageOfPage\":{\"@id\":\"https:\\\/\\\/voxsahel.com\\\/?p=1338#primaryimage\"},\"image\":{\"@id\":\"https:\\\/\\\/voxsahel.com\\\/?p=1338#primaryimage\"},\"thumbnailUrl\":\"https:\\\/\\\/voxsahel.com\\\/wp-content\\\/uploads\\\/2025\\\/02\\\/Pr-Oumarou-ZALLE.jpg\",\"datePublished\":\"2025-02-03T10:06:39+00:00\",\"breadcrumb\":{\"@id\":\"https:\\\/\\\/voxsahel.com\\\/?p=1338#breadcrumb\"},\"inLanguage\":\"fr-FR\",\"potentialAction\":[{\"@type\":\"ReadAction\",\"target\":[\"https:\\\/\\\/voxsahel.com\\\/?p=1338\"]}]},{\"@type\":\"ImageObject\",\"inLanguage\":\"fr-FR\",\"@id\":\"https:\\\/\\\/voxsahel.com\\\/?p=1338#primaryimage\",\"url\":\"https:\\\/\\\/voxsahel.com\\\/wp-content\\\/uploads\\\/2025\\\/02\\\/Pr-Oumarou-ZALLE.jpg\",\"contentUrl\":\"https:\\\/\\\/voxsahel.com\\\/wp-content\\\/uploads\\\/2025\\\/02\\\/Pr-Oumarou-ZALLE.jpg\",\"width\":2048,\"height\":1853,\"caption\":\"AES face \u00e0 la CEDEAO : Quels leviers \u00e9conomiques pour att\u00e9nuer l'impact du retrait ?\"},{\"@type\":\"BreadcrumbList\",\"@id\":\"https:\\\/\\\/voxsahel.com\\\/?p=1338#breadcrumb\",\"itemListElement\":[{\"@type\":\"ListItem\",\"position\":1,\"name\":\"Home\",\"item\":\"https:\\\/\\\/voxsahel.com\\\/\"},{\"@type\":\"ListItem\",\"position\":2,\"name\":\"AES face \u00e0 la CEDEAO : Quels leviers \u00e9conomiques pour att\u00e9nuer l&rsquo;impact du retrait ?\"}]},{\"@type\":\"WebSite\",\"@id\":\"https:\\\/\\\/voxsahel.com\\\/#website\",\"url\":\"https:\\\/\\\/voxsahel.com\\\/\",\"name\":\"Vox Sahel\",\"description\":\"Informez-vous sur le Sahel en un clic\",\"publisher\":{\"@id\":\"https:\\\/\\\/voxsahel.com\\\/#organization\"},\"potentialAction\":[{\"@type\":\"SearchAction\",\"target\":{\"@type\":\"EntryPoint\",\"urlTemplate\":\"https:\\\/\\\/voxsahel.com\\\/?s={search_term_string}\"},\"query-input\":{\"@type\":\"PropertyValueSpecification\",\"valueRequired\":true,\"valueName\":\"search_term_string\"}}],\"inLanguage\":\"fr-FR\"},{\"@type\":\"Organization\",\"@id\":\"https:\\\/\\\/voxsahel.com\\\/#organization\",\"name\":\"Vox Sahel\",\"url\":\"https:\\\/\\\/voxsahel.com\\\/\",\"logo\":{\"@type\":\"ImageObject\",\"inLanguage\":\"fr-FR\",\"@id\":\"https:\\\/\\\/voxsahel.com\\\/#\\\/schema\\\/logo\\\/image\\\/\",\"url\":\"https:\\\/\\\/voxsahel.com\\\/wp-content\\\/uploads\\\/2024\\\/09\\\/Logo-Vox-Sahel.jpg\",\"contentUrl\":\"https:\\\/\\\/voxsahel.com\\\/wp-content\\\/uploads\\\/2024\\\/09\\\/Logo-Vox-Sahel.jpg\",\"width\":1181,\"height\":848,\"caption\":\"Vox Sahel\"},\"image\":{\"@id\":\"https:\\\/\\\/voxsahel.com\\\/#\\\/schema\\\/logo\\\/image\\\/\"},\"sameAs\":[\"https:\\\/\\\/www.facebook.com\\\/journal.voxsahel\"]},{\"@type\":\"Person\",\"@id\":\"https:\\\/\\\/voxsahel.com\\\/#\\\/schema\\\/person\\\/b4043608248f8fa227cd760e7ff1e19e\",\"name\":\"Vox Sahel\",\"image\":{\"@type\":\"ImageObject\",\"inLanguage\":\"fr-FR\",\"@id\":\"https:\\\/\\\/secure.gravatar.com\\\/avatar\\\/f70e7fa0cb9b29d4a7c5788d6eb2e9ab4d3135cbae1c9161810fdf77a8964699?s=96&d=mm&r=g\",\"url\":\"https:\\\/\\\/secure.gravatar.com\\\/avatar\\\/f70e7fa0cb9b29d4a7c5788d6eb2e9ab4d3135cbae1c9161810fdf77a8964699?s=96&d=mm&r=g\",\"contentUrl\":\"https:\\\/\\\/secure.gravatar.com\\\/avatar\\\/f70e7fa0cb9b29d4a7c5788d6eb2e9ab4d3135cbae1c9161810fdf77a8964699?s=96&d=mm&r=g\",\"caption\":\"Vox Sahel\"},\"sameAs\":[\"http:\\\/\\\/www.voxsahel.com\"],\"url\":\"https:\\\/\\\/voxsahel.com\\\/?author=2\"}]}<\/script>\n<!-- \/ Yoast SEO plugin. -->","yoast_head_json":{"title":"AES face \u00e0 la CEDEAO : Quels leviers \u00e9conomiques pour att\u00e9nuer l'impact du retrait ? - Vox Sahel","robots":{"index":"index","follow":"follow","max-snippet":"max-snippet:-1","max-image-preview":"max-image-preview:large","max-video-preview":"max-video-preview:-1"},"canonical":"https:\/\/voxsahel.com\/?p=1338","og_locale":"fr_FR","og_type":"article","og_title":"AES face \u00e0 la CEDEAO : Quels leviers \u00e9conomiques pour att\u00e9nuer l'impact du retrait ? - Vox Sahel","og_description":"Dans un contexte marqu\u00e9 par la sortie annonc\u00e9e du Burkina Faso, du Mali et du","og_url":"https:\/\/voxsahel.com\/?p=1338","og_site_name":"Vox Sahel","article_publisher":"https:\/\/www.facebook.com\/journal.voxsahel","article_published_time":"2025-02-03T10:06:39+00:00","og_image":[{"width":2048,"height":1853,"url":"https:\/\/voxsahel.com\/wp-content\/uploads\/2025\/02\/Pr-Oumarou-ZALLE.jpg","type":"image\/jpeg"}],"author":"Vox Sahel","twitter_card":"summary_large_image","twitter_misc":{"\u00c9crit par":"Vox Sahel","Dur\u00e9e de lecture estim\u00e9e":"3 minutes"},"schema":{"@context":"https:\/\/schema.org","@graph":[{"@type":"Article","@id":"https:\/\/voxsahel.com\/?p=1338#article","isPartOf":{"@id":"https:\/\/voxsahel.com\/?p=1338"},"author":{"name":"Vox Sahel","@id":"https:\/\/voxsahel.com\/#\/schema\/person\/b4043608248f8fa227cd760e7ff1e19e"},"headline":"AES face \u00e0 la CEDEAO : Quels leviers \u00e9conomiques pour att\u00e9nuer l&rsquo;impact du retrait ?","datePublished":"2025-02-03T10:06:39+00:00","mainEntityOfPage":{"@id":"https:\/\/voxsahel.com\/?p=1338"},"wordCount":546,"commentCount":0,"publisher":{"@id":"https:\/\/voxsahel.com\/#organization"},"image":{"@id":"https:\/\/voxsahel.com\/?p=1338#primaryimage"},"thumbnailUrl":"https:\/\/voxsahel.com\/wp-content\/uploads\/2025\/02\/Pr-Oumarou-ZALLE.jpg","keywords":["AES","Afrique","Alliance des \u00c9tats du Sahel","Burkina Faso","CEDEAO","Conf\u00e9d\u00e9ration de l\u2019Alliances des \u00c9tats du Sahel","Mali","Niger","UEMOA","UMOA"],"articleSection":["DEVELOPPEMENT"],"inLanguage":"fr-FR","potentialAction":[{"@type":"CommentAction","name":"Comment","target":["https:\/\/voxsahel.com\/?p=1338#respond"]}]},{"@type":"WebPage","@id":"https:\/\/voxsahel.com\/?p=1338","url":"https:\/\/voxsahel.com\/?p=1338","name":"AES face \u00e0 la CEDEAO : Quels leviers \u00e9conomiques pour att\u00e9nuer l'impact du retrait ? - Vox Sahel","isPartOf":{"@id":"https:\/\/voxsahel.com\/#website"},"primaryImageOfPage":{"@id":"https:\/\/voxsahel.com\/?p=1338#primaryimage"},"image":{"@id":"https:\/\/voxsahel.com\/?p=1338#primaryimage"},"thumbnailUrl":"https:\/\/voxsahel.com\/wp-content\/uploads\/2025\/02\/Pr-Oumarou-ZALLE.jpg","datePublished":"2025-02-03T10:06:39+00:00","breadcrumb":{"@id":"https:\/\/voxsahel.com\/?p=1338#breadcrumb"},"inLanguage":"fr-FR","potentialAction":[{"@type":"ReadAction","target":["https:\/\/voxsahel.com\/?p=1338"]}]},{"@type":"ImageObject","inLanguage":"fr-FR","@id":"https:\/\/voxsahel.com\/?p=1338#primaryimage","url":"https:\/\/voxsahel.com\/wp-content\/uploads\/2025\/02\/Pr-Oumarou-ZALLE.jpg","contentUrl":"https:\/\/voxsahel.com\/wp-content\/uploads\/2025\/02\/Pr-Oumarou-ZALLE.jpg","width":2048,"height":1853,"caption":"AES face \u00e0 la CEDEAO : Quels leviers \u00e9conomiques pour att\u00e9nuer l'impact du retrait ?"},{"@type":"BreadcrumbList","@id":"https:\/\/voxsahel.com\/?p=1338#breadcrumb","itemListElement":[{"@type":"ListItem","position":1,"name":"Home","item":"https:\/\/voxsahel.com\/"},{"@type":"ListItem","position":2,"name":"AES face \u00e0 la CEDEAO : Quels leviers \u00e9conomiques pour att\u00e9nuer l&rsquo;impact du retrait ?"}]},{"@type":"WebSite","@id":"https:\/\/voxsahel.com\/#website","url":"https:\/\/voxsahel.com\/","name":"Vox Sahel","description":"Informez-vous sur le Sahel en un clic","publisher":{"@id":"https:\/\/voxsahel.com\/#organization"},"potentialAction":[{"@type":"SearchAction","target":{"@type":"EntryPoint","urlTemplate":"https:\/\/voxsahel.com\/?s={search_term_string}"},"query-input":{"@type":"PropertyValueSpecification","valueRequired":true,"valueName":"search_term_string"}}],"inLanguage":"fr-FR"},{"@type":"Organization","@id":"https:\/\/voxsahel.com\/#organization","name":"Vox Sahel","url":"https:\/\/voxsahel.com\/","logo":{"@type":"ImageObject","inLanguage":"fr-FR","@id":"https:\/\/voxsahel.com\/#\/schema\/logo\/image\/","url":"https:\/\/voxsahel.com\/wp-content\/uploads\/2024\/09\/Logo-Vox-Sahel.jpg","contentUrl":"https:\/\/voxsahel.com\/wp-content\/uploads\/2024\/09\/Logo-Vox-Sahel.jpg","width":1181,"height":848,"caption":"Vox Sahel"},"image":{"@id":"https:\/\/voxsahel.com\/#\/schema\/logo\/image\/"},"sameAs":["https:\/\/www.facebook.com\/journal.voxsahel"]},{"@type":"Person","@id":"https:\/\/voxsahel.com\/#\/schema\/person\/b4043608248f8fa227cd760e7ff1e19e","name":"Vox Sahel","image":{"@type":"ImageObject","inLanguage":"fr-FR","@id":"https:\/\/secure.gravatar.com\/avatar\/f70e7fa0cb9b29d4a7c5788d6eb2e9ab4d3135cbae1c9161810fdf77a8964699?s=96&d=mm&r=g","url":"https:\/\/secure.gravatar.com\/avatar\/f70e7fa0cb9b29d4a7c5788d6eb2e9ab4d3135cbae1c9161810fdf77a8964699?s=96&d=mm&r=g","contentUrl":"https:\/\/secure.gravatar.com\/avatar\/f70e7fa0cb9b29d4a7c5788d6eb2e9ab4d3135cbae1c9161810fdf77a8964699?s=96&d=mm&r=g","caption":"Vox Sahel"},"sameAs":["http:\/\/www.voxsahel.com"],"url":"https:\/\/voxsahel.com\/?author=2"}]}},"_links":{"self":[{"href":"https:\/\/voxsahel.com\/index.php?rest_route=\/wp\/v2\/posts\/1338","targetHints":{"allow":["GET"]}}],"collection":[{"href":"https:\/\/voxsahel.com\/index.php?rest_route=\/wp\/v2\/posts"}],"about":[{"href":"https:\/\/voxsahel.com\/index.php?rest_route=\/wp\/v2\/types\/post"}],"author":[{"embeddable":true,"href":"https:\/\/voxsahel.com\/index.php?rest_route=\/wp\/v2\/users\/2"}],"replies":[{"embeddable":true,"href":"https:\/\/voxsahel.com\/index.php?rest_route=%2Fwp%2Fv2%2Fcomments&post=1338"}],"version-history":[{"count":1,"href":"https:\/\/voxsahel.com\/index.php?rest_route=\/wp\/v2\/posts\/1338\/revisions"}],"predecessor-version":[{"id":1340,"href":"https:\/\/voxsahel.com\/index.php?rest_route=\/wp\/v2\/posts\/1338\/revisions\/1340"}],"wp:featuredmedia":[{"embeddable":true,"href":"https:\/\/voxsahel.com\/index.php?rest_route=\/wp\/v2\/media\/1339"}],"wp:attachment":[{"href":"https:\/\/voxsahel.com\/index.php?rest_route=%2Fwp%2Fv2%2Fmedia&parent=1338"}],"wp:term":[{"taxonomy":"category","embeddable":true,"href":"https:\/\/voxsahel.com\/index.php?rest_route=%2Fwp%2Fv2%2Fcategories&post=1338"},{"taxonomy":"post_tag","embeddable":true,"href":"https:\/\/voxsahel.com\/index.php?rest_route=%2Fwp%2Fv2%2Ftags&post=1338"}],"curies":[{"name":"wp","href":"https:\/\/api.w.org\/{rel}","templated":true}]}}