{"id":1332,"date":"2025-02-02T11:55:49","date_gmt":"2025-02-02T11:55:49","guid":{"rendered":"https:\/\/voxsahel.com\/?p=1332"},"modified":"2025-02-02T12:19:37","modified_gmt":"2025-02-02T12:19:37","slug":"1332","status":"publish","type":"post","link":"https:\/\/voxsahel.com\/?p=1332","title":{"rendered":"Bobo-Dioulasso : Visite inopin\u00e9e du Ministre de la Sant\u00e9 au CHU Souro Sanou"},"content":{"rendered":"<p>Le Ministre de la Sant\u00e9, Dr Robert Jean-Claude Kargougou, a effectu\u00e9 ce samedi<strong> 1er f\u00e9vrier 2025<\/strong> \u00a0\u00a0une visite surprise aux urgences traumatologiques du Centre Hospitalier Universitaire Souro Sanou (CHUSS). Cette initiative visait \u00e0 s\u2019enqu\u00e9rir de l\u2019\u00e9tat de sant\u00e9 des bless\u00e9s et \u00e0 leur adresser un message de r\u00e9confort.<\/p>\n<p>Au cours de cette visite, le ministre a tenu \u00e0 saluer l&rsquo;effort des \u00e9quipes m\u00e9dicales qui travaillent sans rel\u00e2che pour apporter les soins n\u00e9cessaires aux patients accident\u00e9s. Il a \u00e9galement donn\u00e9 des instructions fermes pour une r\u00e9solution rapide des difficult\u00e9s du bloc op\u00e9ratoire, soulignant l&rsquo;importance d&rsquo;une prise en charge efficace des urgences.<\/p>\n<p>Le Chef du d\u00e9partement de Chirurgie, le Pr Dakour\u00e9, a exprim\u00e9 sa satisfaction quant \u00e0 cette visite minist\u00e9rielle.<\/p>\n<blockquote><p>\u00ab Cette visite nous remonte le moral et elle permet de voir que l&rsquo;autorit\u00e9 pense \u00e0 nous et pense aux malades. Cela va nous permettre d&rsquo;\u00eatre encore plus engag\u00e9s dans la prise en charge des patients \u00bb, a-t-il d\u00e9clar\u00e9.<\/p><\/blockquote>\n<p>Cet engagement du Ministre de la Sant\u00e9 illustre la volont\u00e9 du gouvernement d&rsquo;am\u00e9liorer les conditions de prise en charge des patients et de renforcer les capacit\u00e9s du CHU Souro Sanou. Une initiative salu\u00e9e par l&rsquo;ensemble des acteurs du secteur de la sant\u00e9, mobilis\u00e9s au service des populations.<\/p>\n<p style=\"text-align: right;\"><strong>Par Vox Sahel<\/strong><\/p>\n","protected":false},"excerpt":{"rendered":"<p>Le Ministre de la Sant\u00e9, Dr Robert Jean-Claude Kargougou, a effectu\u00e9 ce samedi 1er f\u00e9vrier<\/p>\n","protected":false},"author":2,"featured_media":1333,"comment_status":"open","ping_status":"open","sticky":false,"template":"","format":"standard","meta":{"_et_pb_use_builder":"","_et_pb_old_content":"","_et_gb_content_width":"","footnotes":""},"categories":[7],"tags":[208,18,590,589,120],"class_list":["post-1332","post","type-post","status-publish","format-standard","has-post-thumbnail","hentry","category-sante","tag-bobo-dioulasso","tag-burkina-faso","tag-chu-souro-sanou","tag-dr-robert-jean-claude-kargougou","tag-sante"],"yoast_head":"<!-- This site is optimized with the Yoast SEO plugin v27.5 - https:\/\/yoast.com\/product\/yoast-seo-wordpress\/ -->\n<title>Bobo-Dioulasso : Visite inopin\u00e9e du Ministre de la Sant\u00e9 au CHU Souro Sanou - Vox Sahel<\/title>\n<meta name=\"robots\" content=\"index, follow, max-snippet:-1, max-image-preview:large, max-video-preview:-1\" \/>\n<link rel=\"canonical\" href=\"https:\/\/voxsahel.com\/?p=1332\" \/>\n<meta property=\"og:locale\" content=\"fr_FR\" \/>\n<meta property=\"og:type\" content=\"article\" \/>\n<meta property=\"og:title\" content=\"Bobo-Dioulasso : Visite inopin\u00e9e du Ministre de la Sant\u00e9 au CHU Souro Sanou - Vox Sahel\" \/>\n<meta property=\"og:description\" content=\"Le Ministre de la Sant\u00e9, Dr Robert Jean-Claude Kargougou, a effectu\u00e9 ce samedi 1er f\u00e9vrier\" \/>\n<meta property=\"og:url\" content=\"https:\/\/voxsahel.com\/?p=1332\" \/>\n<meta property=\"og:site_name\" content=\"Vox Sahel\" \/>\n<meta property=\"article:publisher\" content=\"https:\/\/www.facebook.com\/journal.voxsahel\" \/>\n<meta property=\"article:published_time\" content=\"2025-02-02T11:55:49+00:00\" \/>\n<meta property=\"article:modified_time\" content=\"2025-02-02T12:19:37+00:00\" \/>\n<meta property=\"og:image\" content=\"https:\/\/voxsahel.com\/wp-content\/uploads\/2025\/02\/CHU-SOURO-SANOU.jpg\" \/>\n\t<meta property=\"og:image:width\" content=\"2048\" \/>\n\t<meta property=\"og:image:height\" content=\"1536\" \/>\n\t<meta property=\"og:image:type\" content=\"image\/jpeg\" \/>\n<meta name=\"author\" content=\"Vox Sahel\" \/>\n<meta name=\"twitter:card\" content=\"summary_large_image\" \/>\n<meta name=\"twitter:label1\" content=\"\u00c9crit par\" \/>\n\t<meta name=\"twitter:data1\" content=\"Vox Sahel\" \/>\n\t<meta name=\"twitter:label2\" content=\"Dur\u00e9e de lecture estim\u00e9e\" \/>\n\t<meta name=\"twitter:data2\" content=\"2 minutes\" \/>\n<script type=\"application\/ld+json\" class=\"yoast-schema-graph\">{\"@context\":\"https:\\\/\\\/schema.org\",\"@graph\":[{\"@type\":\"Article\",\"@id\":\"https:\\\/\\\/voxsahel.com\\\/?p=1332#article\",\"isPartOf\":{\"@id\":\"https:\\\/\\\/voxsahel.com\\\/?p=1332\"},\"author\":{\"name\":\"Vox Sahel\",\"@id\":\"https:\\\/\\\/voxsahel.com\\\/#\\\/schema\\\/person\\\/b4043608248f8fa227cd760e7ff1e19e\"},\"headline\":\"Bobo-Dioulasso : Visite inopin\u00e9e du Ministre de la Sant\u00e9 au CHU Souro Sanou\",\"datePublished\":\"2025-02-02T11:55:49+00:00\",\"dateModified\":\"2025-02-02T12:19:37+00:00\",\"mainEntityOfPage\":{\"@id\":\"https:\\\/\\\/voxsahel.com\\\/?p=1332\"},\"wordCount\":240,\"commentCount\":0,\"publisher\":{\"@id\":\"https:\\\/\\\/voxsahel.com\\\/#organization\"},\"image\":{\"@id\":\"https:\\\/\\\/voxsahel.com\\\/?p=1332#primaryimage\"},\"thumbnailUrl\":\"https:\\\/\\\/voxsahel.com\\\/wp-content\\\/uploads\\\/2025\\\/02\\\/CHU-SOURO-SANOU.jpg\",\"keywords\":[\"Bobo-Dioulasso\",\"Burkina Faso\",\"CHU Souro Sanou\",\"Dr Robert Jean-Claude Kargougou\",\"Sant\u00e9\"],\"articleSection\":[\"SANTE\"],\"inLanguage\":\"fr-FR\",\"potentialAction\":[{\"@type\":\"CommentAction\",\"name\":\"Comment\",\"target\":[\"https:\\\/\\\/voxsahel.com\\\/?p=1332#respond\"]}]},{\"@type\":\"WebPage\",\"@id\":\"https:\\\/\\\/voxsahel.com\\\/?p=1332\",\"url\":\"https:\\\/\\\/voxsahel.com\\\/?p=1332\",\"name\":\"Bobo-Dioulasso : Visite inopin\u00e9e du Ministre de la Sant\u00e9 au CHU Souro Sanou - Vox Sahel\",\"isPartOf\":{\"@id\":\"https:\\\/\\\/voxsahel.com\\\/#website\"},\"primaryImageOfPage\":{\"@id\":\"https:\\\/\\\/voxsahel.com\\\/?p=1332#primaryimage\"},\"image\":{\"@id\":\"https:\\\/\\\/voxsahel.com\\\/?p=1332#primaryimage\"},\"thumbnailUrl\":\"https:\\\/\\\/voxsahel.com\\\/wp-content\\\/uploads\\\/2025\\\/02\\\/CHU-SOURO-SANOU.jpg\",\"datePublished\":\"2025-02-02T11:55:49+00:00\",\"dateModified\":\"2025-02-02T12:19:37+00:00\",\"breadcrumb\":{\"@id\":\"https:\\\/\\\/voxsahel.com\\\/?p=1332#breadcrumb\"},\"inLanguage\":\"fr-FR\",\"potentialAction\":[{\"@type\":\"ReadAction\",\"target\":[\"https:\\\/\\\/voxsahel.com\\\/?p=1332\"]}]},{\"@type\":\"ImageObject\",\"inLanguage\":\"fr-FR\",\"@id\":\"https:\\\/\\\/voxsahel.com\\\/?p=1332#primaryimage\",\"url\":\"https:\\\/\\\/voxsahel.com\\\/wp-content\\\/uploads\\\/2025\\\/02\\\/CHU-SOURO-SANOU.jpg\",\"contentUrl\":\"https:\\\/\\\/voxsahel.com\\\/wp-content\\\/uploads\\\/2025\\\/02\\\/CHU-SOURO-SANOU.jpg\",\"width\":2048,\"height\":1536},{\"@type\":\"BreadcrumbList\",\"@id\":\"https:\\\/\\\/voxsahel.com\\\/?p=1332#breadcrumb\",\"itemListElement\":[{\"@type\":\"ListItem\",\"position\":1,\"name\":\"Home\",\"item\":\"https:\\\/\\\/voxsahel.com\\\/\"},{\"@type\":\"ListItem\",\"position\":2,\"name\":\"Bobo-Dioulasso : Visite inopin\u00e9e du Ministre de la Sant\u00e9 au CHU Souro Sanou\"}]},{\"@type\":\"WebSite\",\"@id\":\"https:\\\/\\\/voxsahel.com\\\/#website\",\"url\":\"https:\\\/\\\/voxsahel.com\\\/\",\"name\":\"Vox Sahel\",\"description\":\"Informez-vous sur le Sahel en un clic\",\"publisher\":{\"@id\":\"https:\\\/\\\/voxsahel.com\\\/#organization\"},\"potentialAction\":[{\"@type\":\"SearchAction\",\"target\":{\"@type\":\"EntryPoint\",\"urlTemplate\":\"https:\\\/\\\/voxsahel.com\\\/?s={search_term_string}\"},\"query-input\":{\"@type\":\"PropertyValueSpecification\",\"valueRequired\":true,\"valueName\":\"search_term_string\"}}],\"inLanguage\":\"fr-FR\"},{\"@type\":\"Organization\",\"@id\":\"https:\\\/\\\/voxsahel.com\\\/#organization\",\"name\":\"Vox Sahel\",\"url\":\"https:\\\/\\\/voxsahel.com\\\/\",\"logo\":{\"@type\":\"ImageObject\",\"inLanguage\":\"fr-FR\",\"@id\":\"https:\\\/\\\/voxsahel.com\\\/#\\\/schema\\\/logo\\\/image\\\/\",\"url\":\"https:\\\/\\\/voxsahel.com\\\/wp-content\\\/uploads\\\/2024\\\/09\\\/Logo-Vox-Sahel.jpg\",\"contentUrl\":\"https:\\\/\\\/voxsahel.com\\\/wp-content\\\/uploads\\\/2024\\\/09\\\/Logo-Vox-Sahel.jpg\",\"width\":1181,\"height\":848,\"caption\":\"Vox Sahel\"},\"image\":{\"@id\":\"https:\\\/\\\/voxsahel.com\\\/#\\\/schema\\\/logo\\\/image\\\/\"},\"sameAs\":[\"https:\\\/\\\/www.facebook.com\\\/journal.voxsahel\"]},{\"@type\":\"Person\",\"@id\":\"https:\\\/\\\/voxsahel.com\\\/#\\\/schema\\\/person\\\/b4043608248f8fa227cd760e7ff1e19e\",\"name\":\"Vox Sahel\",\"image\":{\"@type\":\"ImageObject\",\"inLanguage\":\"fr-FR\",\"@id\":\"https:\\\/\\\/secure.gravatar.com\\\/avatar\\\/f70e7fa0cb9b29d4a7c5788d6eb2e9ab4d3135cbae1c9161810fdf77a8964699?s=96&d=mm&r=g\",\"url\":\"https:\\\/\\\/secure.gravatar.com\\\/avatar\\\/f70e7fa0cb9b29d4a7c5788d6eb2e9ab4d3135cbae1c9161810fdf77a8964699?s=96&d=mm&r=g\",\"contentUrl\":\"https:\\\/\\\/secure.gravatar.com\\\/avatar\\\/f70e7fa0cb9b29d4a7c5788d6eb2e9ab4d3135cbae1c9161810fdf77a8964699?s=96&d=mm&r=g\",\"caption\":\"Vox Sahel\"},\"sameAs\":[\"http:\\\/\\\/www.voxsahel.com\"],\"url\":\"https:\\\/\\\/voxsahel.com\\\/?author=2\"}]}<\/script>\n<!-- \/ Yoast SEO plugin. -->","yoast_head_json":{"title":"Bobo-Dioulasso : Visite inopin\u00e9e du Ministre de la Sant\u00e9 au CHU Souro Sanou - Vox Sahel","robots":{"index":"index","follow":"follow","max-snippet":"max-snippet:-1","max-image-preview":"max-image-preview:large","max-video-preview":"max-video-preview:-1"},"canonical":"https:\/\/voxsahel.com\/?p=1332","og_locale":"fr_FR","og_type":"article","og_title":"Bobo-Dioulasso : Visite inopin\u00e9e du Ministre de la Sant\u00e9 au CHU Souro Sanou - Vox Sahel","og_description":"Le Ministre de la Sant\u00e9, Dr Robert Jean-Claude Kargougou, a effectu\u00e9 ce samedi 1er f\u00e9vrier","og_url":"https:\/\/voxsahel.com\/?p=1332","og_site_name":"Vox Sahel","article_publisher":"https:\/\/www.facebook.com\/journal.voxsahel","article_published_time":"2025-02-02T11:55:49+00:00","article_modified_time":"2025-02-02T12:19:37+00:00","og_image":[{"width":2048,"height":1536,"url":"https:\/\/voxsahel.com\/wp-content\/uploads\/2025\/02\/CHU-SOURO-SANOU.jpg","type":"image\/jpeg"}],"author":"Vox Sahel","twitter_card":"summary_large_image","twitter_misc":{"\u00c9crit par":"Vox Sahel","Dur\u00e9e de lecture estim\u00e9e":"2 minutes"},"schema":{"@context":"https:\/\/schema.org","@graph":[{"@type":"Article","@id":"https:\/\/voxsahel.com\/?p=1332#article","isPartOf":{"@id":"https:\/\/voxsahel.com\/?p=1332"},"author":{"name":"Vox Sahel","@id":"https:\/\/voxsahel.com\/#\/schema\/person\/b4043608248f8fa227cd760e7ff1e19e"},"headline":"Bobo-Dioulasso : Visite inopin\u00e9e du Ministre de la Sant\u00e9 au CHU Souro Sanou","datePublished":"2025-02-02T11:55:49+00:00","dateModified":"2025-02-02T12:19:37+00:00","mainEntityOfPage":{"@id":"https:\/\/voxsahel.com\/?p=1332"},"wordCount":240,"commentCount":0,"publisher":{"@id":"https:\/\/voxsahel.com\/#organization"},"image":{"@id":"https:\/\/voxsahel.com\/?p=1332#primaryimage"},"thumbnailUrl":"https:\/\/voxsahel.com\/wp-content\/uploads\/2025\/02\/CHU-SOURO-SANOU.jpg","keywords":["Bobo-Dioulasso","Burkina Faso","CHU Souro Sanou","Dr Robert Jean-Claude Kargougou","Sant\u00e9"],"articleSection":["SANTE"],"inLanguage":"fr-FR","potentialAction":[{"@type":"CommentAction","name":"Comment","target":["https:\/\/voxsahel.com\/?p=1332#respond"]}]},{"@type":"WebPage","@id":"https:\/\/voxsahel.com\/?p=1332","url":"https:\/\/voxsahel.com\/?p=1332","name":"Bobo-Dioulasso : Visite inopin\u00e9e du Ministre de la Sant\u00e9 au CHU Souro Sanou - Vox Sahel","isPartOf":{"@id":"https:\/\/voxsahel.com\/#website"},"primaryImageOfPage":{"@id":"https:\/\/voxsahel.com\/?p=1332#primaryimage"},"image":{"@id":"https:\/\/voxsahel.com\/?p=1332#primaryimage"},"thumbnailUrl":"https:\/\/voxsahel.com\/wp-content\/uploads\/2025\/02\/CHU-SOURO-SANOU.jpg","datePublished":"2025-02-02T11:55:49+00:00","dateModified":"2025-02-02T12:19:37+00:00","breadcrumb":{"@id":"https:\/\/voxsahel.com\/?p=1332#breadcrumb"},"inLanguage":"fr-FR","potentialAction":[{"@type":"ReadAction","target":["https:\/\/voxsahel.com\/?p=1332"]}]},{"@type":"ImageObject","inLanguage":"fr-FR","@id":"https:\/\/voxsahel.com\/?p=1332#primaryimage","url":"https:\/\/voxsahel.com\/wp-content\/uploads\/2025\/02\/CHU-SOURO-SANOU.jpg","contentUrl":"https:\/\/voxsahel.com\/wp-content\/uploads\/2025\/02\/CHU-SOURO-SANOU.jpg","width":2048,"height":1536},{"@type":"BreadcrumbList","@id":"https:\/\/voxsahel.com\/?p=1332#breadcrumb","itemListElement":[{"@type":"ListItem","position":1,"name":"Home","item":"https:\/\/voxsahel.com\/"},{"@type":"ListItem","position":2,"name":"Bobo-Dioulasso : Visite inopin\u00e9e du Ministre de la Sant\u00e9 au CHU Souro Sanou"}]},{"@type":"WebSite","@id":"https:\/\/voxsahel.com\/#website","url":"https:\/\/voxsahel.com\/","name":"Vox Sahel","description":"Informez-vous sur le Sahel en un clic","publisher":{"@id":"https:\/\/voxsahel.com\/#organization"},"potentialAction":[{"@type":"SearchAction","target":{"@type":"EntryPoint","urlTemplate":"https:\/\/voxsahel.com\/?s={search_term_string}"},"query-input":{"@type":"PropertyValueSpecification","valueRequired":true,"valueName":"search_term_string"}}],"inLanguage":"fr-FR"},{"@type":"Organization","@id":"https:\/\/voxsahel.com\/#organization","name":"Vox Sahel","url":"https:\/\/voxsahel.com\/","logo":{"@type":"ImageObject","inLanguage":"fr-FR","@id":"https:\/\/voxsahel.com\/#\/schema\/logo\/image\/","url":"https:\/\/voxsahel.com\/wp-content\/uploads\/2024\/09\/Logo-Vox-Sahel.jpg","contentUrl":"https:\/\/voxsahel.com\/wp-content\/uploads\/2024\/09\/Logo-Vox-Sahel.jpg","width":1181,"height":848,"caption":"Vox Sahel"},"image":{"@id":"https:\/\/voxsahel.com\/#\/schema\/logo\/image\/"},"sameAs":["https:\/\/www.facebook.com\/journal.voxsahel"]},{"@type":"Person","@id":"https:\/\/voxsahel.com\/#\/schema\/person\/b4043608248f8fa227cd760e7ff1e19e","name":"Vox Sahel","image":{"@type":"ImageObject","inLanguage":"fr-FR","@id":"https:\/\/secure.gravatar.com\/avatar\/f70e7fa0cb9b29d4a7c5788d6eb2e9ab4d3135cbae1c9161810fdf77a8964699?s=96&d=mm&r=g","url":"https:\/\/secure.gravatar.com\/avatar\/f70e7fa0cb9b29d4a7c5788d6eb2e9ab4d3135cbae1c9161810fdf77a8964699?s=96&d=mm&r=g","contentUrl":"https:\/\/secure.gravatar.com\/avatar\/f70e7fa0cb9b29d4a7c5788d6eb2e9ab4d3135cbae1c9161810fdf77a8964699?s=96&d=mm&r=g","caption":"Vox Sahel"},"sameAs":["http:\/\/www.voxsahel.com"],"url":"https:\/\/voxsahel.com\/?author=2"}]}},"_links":{"self":[{"href":"https:\/\/voxsahel.com\/index.php?rest_route=\/wp\/v2\/posts\/1332","targetHints":{"allow":["GET"]}}],"collection":[{"href":"https:\/\/voxsahel.com\/index.php?rest_route=\/wp\/v2\/posts"}],"about":[{"href":"https:\/\/voxsahel.com\/index.php?rest_route=\/wp\/v2\/types\/post"}],"author":[{"embeddable":true,"href":"https:\/\/voxsahel.com\/index.php?rest_route=\/wp\/v2\/users\/2"}],"replies":[{"embeddable":true,"href":"https:\/\/voxsahel.com\/index.php?rest_route=%2Fwp%2Fv2%2Fcomments&post=1332"}],"version-history":[{"count":2,"href":"https:\/\/voxsahel.com\/index.php?rest_route=\/wp\/v2\/posts\/1332\/revisions"}],"predecessor-version":[{"id":1335,"href":"https:\/\/voxsahel.com\/index.php?rest_route=\/wp\/v2\/posts\/1332\/revisions\/1335"}],"wp:featuredmedia":[{"embeddable":true,"href":"https:\/\/voxsahel.com\/index.php?rest_route=\/wp\/v2\/media\/1333"}],"wp:attachment":[{"href":"https:\/\/voxsahel.com\/index.php?rest_route=%2Fwp%2Fv2%2Fmedia&parent=1332"}],"wp:term":[{"taxonomy":"category","embeddable":true,"href":"https:\/\/voxsahel.com\/index.php?rest_route=%2Fwp%2Fv2%2Fcategories&post=1332"},{"taxonomy":"post_tag","embeddable":true,"href":"https:\/\/voxsahel.com\/index.php?rest_route=%2Fwp%2Fv2%2Ftags&post=1332"}],"curies":[{"name":"wp","href":"https:\/\/api.w.org\/{rel}","templated":true}]}}