{"id":133,"date":"2024-09-12T18:56:15","date_gmt":"2024-09-12T18:56:15","guid":{"rendered":"https:\/\/voxsahel.com\/?p=133"},"modified":"2024-09-12T18:56:15","modified_gmt":"2024-09-12T18:56:15","slug":"sommet-entre-grande-puissance-et-lafrique-il-est-temps-de-changer-de-fusil-depaule","status":"publish","type":"post","link":"https:\/\/voxsahel.com\/?p=133","title":{"rendered":"Sommet entre grande puissance et l&rsquo;Afrique : Il est temps de changer de fusil d&rsquo;\u00e9paule"},"content":{"rendered":"<div class=\"xdj266r x11i5rnm xat24cr x1mh8g0r x1vvkbs x126k92a\">\n<div dir=\"auto\">Chaque ann\u00e9e, la m\u00eame rengaine. Soit, c&rsquo;est le sommet France-Afrique, soit c&rsquo;est le Sommet Chine-Afrique (baptis\u00e9 FOCAL), soit c&rsquo;est le sommet \u00c9tats-Unis- Afrique, ou encore Russie-Afrique. A quand la fin du film o\u00f9 le continent le plus riche fait la courbette \u00e0 ceux qui l&rsquo;exploitent? A quand la fin du mis\u00e9rabilisme? Comment comprendre qu&rsquo;un continent qui d\u00e9tient 70% des ressources mini\u00e8res du monde, ait \u00e0 prendre part \u00e0 des sommets entre lui et un seul Etat, qui promet de l&rsquo;aider avec 50 milliards de dollars \u00e0 partager entre 53 \u00c9tats. Pourquoi l&rsquo;h\u00f4pital se moque de la charit\u00e9? Pourquoi l&rsquo;Afrique est-elle tomb\u00e9e si bas?<\/div>\n<\/div>\n<div class=\"x11i5rnm xat24cr x1mh8g0r x1vvkbs xtlvy1s x126k92a\">\n<div dir=\"auto\"><\/div>\n<\/div>\n<div class=\"x11i5rnm xat24cr x1mh8g0r x1vvkbs xtlvy1s x126k92a\">\n<div dir=\"auto\"><strong>Ne pas se tromper de combat<\/strong><\/div>\n<\/div>\n<div class=\"x11i5rnm xat24cr x1mh8g0r x1vvkbs xtlvy1s x126k92a\">\n<div dir=\"auto\">Dans l&rsquo;histoire de l&rsquo;humanit\u00e9, aucun pays ne s&rsquo;est d\u00e9velopp\u00e9 gr\u00e2ce \u00e0 la coop\u00e9ration ou gr\u00e2ce \u00e0 l&rsquo;aide. Les grandes puissances qui organisent des sommets et invitent les pays africains, en sont la preuve. Un adage africain dit: \u00a0\u00bb Si on t&rsquo;envoie, il faut savoir t&rsquo;envoyer\u00a0\u00bb. Le mouvement devait se faire vers l&rsquo;Afrique. Elle est la plus riche. C&rsquo;est l&rsquo;Afrique qui devait organiser sur son sol, les sommets et inviter les grandes puissances \u00e0 venir faire du business. Le contraire justifie le manque de vision, de carrure et d&rsquo;engagement pour un continent qui a tout \u00e0 gagner et rien \u00e0 perdre. Alors, que faire?<\/div>\n<div dir=\"auto\"><\/div>\n<\/div>\n<div class=\"x11i5rnm xat24cr x1mh8g0r x1vvkbs xtlvy1s x126k92a\">\n<div dir=\"auto\"><strong>Solutions?<\/strong><\/div>\n<\/div>\n<div class=\"x11i5rnm xat24cr x1mh8g0r x1vvkbs xtlvy1s x126k92a\">\n<div dir=\"auto\">Se d\u00e9velopper consiste \u00e0 s&rsquo;appuyer sur ses propres ressources afin de cr\u00e9er des plus-values. Le Pr Joseph Ki-Zerbo a parl\u00e9 de d\u00e9veloppement endog\u00e8ne. Ce d\u00e9veloppement endog\u00e8ne ne dit pas qu&rsquo;il faut aller quemander. Il dit de trouver par soi-m\u00eame, les moyens de sortir de la pauvret\u00e9. Comme le disait Socrates :\u00a0\u00bb La folie, c&rsquo;est de toujours faire la m\u00eame erreur et, de s&rsquo;attendre \u00e0 des r\u00e9sultats diff\u00e9rents\u00a0\u00bb. Mettons l&rsquo;accent sur l&rsquo;industrialisation de l&rsquo;Afrique en ayant une vision claire de ce que l&rsquo;Afrique doit \u00eatre dans 199 ans et plus. Industrialisons avec une strat\u00e9gie b\u00e2tie sur l&rsquo;anticipation aux changements d&rsquo;un monde en perp\u00e9tuel mouvement. Soyons cr\u00e9atifs, intuitifs, et innovateurs. Faisons la promotion de nos propres industries au lieu de celles qui viennent de l&rsquo;ext\u00e9rieur. Les dons et aides des grandes puissances ne r\u00e9soudront jamais le probl\u00e8me de l&rsquo;Afrique. La peur de l&rsquo;\u00e9chec m\u00e8ne \u00e0 l&rsquo;\u00e9chec.<\/div>\n<div dir=\"auto\">C&rsquo;est \u00e9crit!<\/div>\n<\/div>\n<div class=\"x11i5rnm xat24cr x1mh8g0r x1vvkbs xtlvy1s x126k92a\">\n<div dir=\"auto\" style=\"text-align: right;\"><strong>Daouda Emile OUEDRAOGO<\/strong><\/div>\n<div dir=\"auto\" style=\"text-align: right;\"><strong>Ouedraogodavid597@gmail.com<\/strong><\/div>\n<\/div>\n","protected":false},"excerpt":{"rendered":"<p>Chaque ann\u00e9e, la m\u00eame rengaine. Soit, c&rsquo;est le sommet France-Afrique, soit c&rsquo;est le Sommet Chine-Afrique<\/p>\n","protected":false},"author":2,"featured_media":134,"comment_status":"open","ping_status":"open","sticky":false,"template":"","format":"standard","meta":{"_et_pb_use_builder":"","_et_pb_old_content":"","_et_gb_content_width":"","footnotes":""},"categories":[6],"tags":[51,18,50,53,49,52],"class_list":["post-133","post","type-post","status-publish","format-standard","has-post-thumbnail","hentry","category-politique","tag-afrique","tag-burkina-faso","tag-chine","tag-focal","tag-geopolitique","tag-sommet-chine-afrique"],"yoast_head":"<!-- This site is optimized with the Yoast SEO plugin v27.5 - https:\/\/yoast.com\/product\/yoast-seo-wordpress\/ -->\n<title>Sommet entre grande puissance et l&#039;Afrique : Il est temps de changer de fusil d&#039;\u00e9paule - Vox Sahel<\/title>\n<meta name=\"robots\" content=\"index, follow, max-snippet:-1, max-image-preview:large, max-video-preview:-1\" \/>\n<link rel=\"canonical\" href=\"https:\/\/voxsahel.com\/?p=133\" \/>\n<meta property=\"og:locale\" content=\"fr_FR\" \/>\n<meta property=\"og:type\" content=\"article\" \/>\n<meta property=\"og:title\" content=\"Sommet entre grande puissance et l&#039;Afrique : Il est temps de changer de fusil d&#039;\u00e9paule - Vox Sahel\" \/>\n<meta property=\"og:description\" content=\"Chaque ann\u00e9e, la m\u00eame rengaine. Soit, c&rsquo;est le sommet France-Afrique, soit c&rsquo;est le Sommet Chine-Afrique\" \/>\n<meta property=\"og:url\" content=\"https:\/\/voxsahel.com\/?p=133\" \/>\n<meta property=\"og:site_name\" content=\"Vox Sahel\" \/>\n<meta property=\"article:publisher\" content=\"https:\/\/www.facebook.com\/journal.voxsahel\" \/>\n<meta property=\"article:published_time\" content=\"2024-09-12T18:56:15+00:00\" \/>\n<meta property=\"og:image\" content=\"https:\/\/voxsahel.com\/wp-content\/uploads\/2024\/09\/458955908_838398338413899_6200278275306947330_n.jpg\" \/>\n\t<meta property=\"og:image:width\" content=\"900\" \/>\n\t<meta property=\"og:image:height\" content=\"664\" \/>\n\t<meta property=\"og:image:type\" content=\"image\/jpeg\" \/>\n<meta name=\"author\" content=\"Vox Sahel\" \/>\n<meta name=\"twitter:card\" content=\"summary_large_image\" \/>\n<meta name=\"twitter:label1\" content=\"\u00c9crit par\" \/>\n\t<meta name=\"twitter:data1\" content=\"Vox Sahel\" \/>\n\t<meta name=\"twitter:label2\" content=\"Dur\u00e9e de lecture estim\u00e9e\" \/>\n\t<meta name=\"twitter:data2\" content=\"3 minutes\" \/>\n<script type=\"application\/ld+json\" class=\"yoast-schema-graph\">{\"@context\":\"https:\\\/\\\/schema.org\",\"@graph\":[{\"@type\":\"Article\",\"@id\":\"https:\\\/\\\/voxsahel.com\\\/?p=133#article\",\"isPartOf\":{\"@id\":\"https:\\\/\\\/voxsahel.com\\\/?p=133\"},\"author\":{\"name\":\"Vox Sahel\",\"@id\":\"https:\\\/\\\/voxsahel.com\\\/#\\\/schema\\\/person\\\/b4043608248f8fa227cd760e7ff1e19e\"},\"headline\":\"Sommet entre grande puissance et l&rsquo;Afrique : Il est temps de changer de fusil d&rsquo;\u00e9paule\",\"datePublished\":\"2024-09-12T18:56:15+00:00\",\"mainEntityOfPage\":{\"@id\":\"https:\\\/\\\/voxsahel.com\\\/?p=133\"},\"wordCount\":425,\"commentCount\":0,\"publisher\":{\"@id\":\"https:\\\/\\\/voxsahel.com\\\/#organization\"},\"image\":{\"@id\":\"https:\\\/\\\/voxsahel.com\\\/?p=133#primaryimage\"},\"thumbnailUrl\":\"https:\\\/\\\/voxsahel.com\\\/wp-content\\\/uploads\\\/2024\\\/09\\\/458955908_838398338413899_6200278275306947330_n.jpg\",\"keywords\":[\"Afrique\",\"Burkina Faso\",\"Chine\",\"FOCAL\",\"G\u00e9opolitique\",\"Sommet Chine-Afrique\"],\"articleSection\":[\"POLITIQUE\"],\"inLanguage\":\"fr-FR\",\"potentialAction\":[{\"@type\":\"CommentAction\",\"name\":\"Comment\",\"target\":[\"https:\\\/\\\/voxsahel.com\\\/?p=133#respond\"]}]},{\"@type\":\"WebPage\",\"@id\":\"https:\\\/\\\/voxsahel.com\\\/?p=133\",\"url\":\"https:\\\/\\\/voxsahel.com\\\/?p=133\",\"name\":\"Sommet entre grande puissance et l'Afrique : Il est temps de changer de fusil d'\u00e9paule - Vox Sahel\",\"isPartOf\":{\"@id\":\"https:\\\/\\\/voxsahel.com\\\/#website\"},\"primaryImageOfPage\":{\"@id\":\"https:\\\/\\\/voxsahel.com\\\/?p=133#primaryimage\"},\"image\":{\"@id\":\"https:\\\/\\\/voxsahel.com\\\/?p=133#primaryimage\"},\"thumbnailUrl\":\"https:\\\/\\\/voxsahel.com\\\/wp-content\\\/uploads\\\/2024\\\/09\\\/458955908_838398338413899_6200278275306947330_n.jpg\",\"datePublished\":\"2024-09-12T18:56:15+00:00\",\"breadcrumb\":{\"@id\":\"https:\\\/\\\/voxsahel.com\\\/?p=133#breadcrumb\"},\"inLanguage\":\"fr-FR\",\"potentialAction\":[{\"@type\":\"ReadAction\",\"target\":[\"https:\\\/\\\/voxsahel.com\\\/?p=133\"]}]},{\"@type\":\"ImageObject\",\"inLanguage\":\"fr-FR\",\"@id\":\"https:\\\/\\\/voxsahel.com\\\/?p=133#primaryimage\",\"url\":\"https:\\\/\\\/voxsahel.com\\\/wp-content\\\/uploads\\\/2024\\\/09\\\/458955908_838398338413899_6200278275306947330_n.jpg\",\"contentUrl\":\"https:\\\/\\\/voxsahel.com\\\/wp-content\\\/uploads\\\/2024\\\/09\\\/458955908_838398338413899_6200278275306947330_n.jpg\",\"width\":900,\"height\":664},{\"@type\":\"BreadcrumbList\",\"@id\":\"https:\\\/\\\/voxsahel.com\\\/?p=133#breadcrumb\",\"itemListElement\":[{\"@type\":\"ListItem\",\"position\":1,\"name\":\"Home\",\"item\":\"https:\\\/\\\/voxsahel.com\\\/\"},{\"@type\":\"ListItem\",\"position\":2,\"name\":\"Sommet entre grande puissance et l&rsquo;Afrique : Il est temps de changer de fusil d&rsquo;\u00e9paule\"}]},{\"@type\":\"WebSite\",\"@id\":\"https:\\\/\\\/voxsahel.com\\\/#website\",\"url\":\"https:\\\/\\\/voxsahel.com\\\/\",\"name\":\"Vox Sahel\",\"description\":\"Informez-vous sur le Sahel en un clic\",\"publisher\":{\"@id\":\"https:\\\/\\\/voxsahel.com\\\/#organization\"},\"potentialAction\":[{\"@type\":\"SearchAction\",\"target\":{\"@type\":\"EntryPoint\",\"urlTemplate\":\"https:\\\/\\\/voxsahel.com\\\/?s={search_term_string}\"},\"query-input\":{\"@type\":\"PropertyValueSpecification\",\"valueRequired\":true,\"valueName\":\"search_term_string\"}}],\"inLanguage\":\"fr-FR\"},{\"@type\":\"Organization\",\"@id\":\"https:\\\/\\\/voxsahel.com\\\/#organization\",\"name\":\"Vox Sahel\",\"url\":\"https:\\\/\\\/voxsahel.com\\\/\",\"logo\":{\"@type\":\"ImageObject\",\"inLanguage\":\"fr-FR\",\"@id\":\"https:\\\/\\\/voxsahel.com\\\/#\\\/schema\\\/logo\\\/image\\\/\",\"url\":\"https:\\\/\\\/voxsahel.com\\\/wp-content\\\/uploads\\\/2024\\\/09\\\/Logo-Vox-Sahel.jpg\",\"contentUrl\":\"https:\\\/\\\/voxsahel.com\\\/wp-content\\\/uploads\\\/2024\\\/09\\\/Logo-Vox-Sahel.jpg\",\"width\":1181,\"height\":848,\"caption\":\"Vox Sahel\"},\"image\":{\"@id\":\"https:\\\/\\\/voxsahel.com\\\/#\\\/schema\\\/logo\\\/image\\\/\"},\"sameAs\":[\"https:\\\/\\\/www.facebook.com\\\/journal.voxsahel\"]},{\"@type\":\"Person\",\"@id\":\"https:\\\/\\\/voxsahel.com\\\/#\\\/schema\\\/person\\\/b4043608248f8fa227cd760e7ff1e19e\",\"name\":\"Vox Sahel\",\"image\":{\"@type\":\"ImageObject\",\"inLanguage\":\"fr-FR\",\"@id\":\"https:\\\/\\\/secure.gravatar.com\\\/avatar\\\/f70e7fa0cb9b29d4a7c5788d6eb2e9ab4d3135cbae1c9161810fdf77a8964699?s=96&d=mm&r=g\",\"url\":\"https:\\\/\\\/secure.gravatar.com\\\/avatar\\\/f70e7fa0cb9b29d4a7c5788d6eb2e9ab4d3135cbae1c9161810fdf77a8964699?s=96&d=mm&r=g\",\"contentUrl\":\"https:\\\/\\\/secure.gravatar.com\\\/avatar\\\/f70e7fa0cb9b29d4a7c5788d6eb2e9ab4d3135cbae1c9161810fdf77a8964699?s=96&d=mm&r=g\",\"caption\":\"Vox Sahel\"},\"sameAs\":[\"http:\\\/\\\/www.voxsahel.com\"],\"url\":\"https:\\\/\\\/voxsahel.com\\\/?author=2\"}]}<\/script>\n<!-- \/ Yoast SEO plugin. -->","yoast_head_json":{"title":"Sommet entre grande puissance et l'Afrique : Il est temps de changer de fusil d'\u00e9paule - Vox Sahel","robots":{"index":"index","follow":"follow","max-snippet":"max-snippet:-1","max-image-preview":"max-image-preview:large","max-video-preview":"max-video-preview:-1"},"canonical":"https:\/\/voxsahel.com\/?p=133","og_locale":"fr_FR","og_type":"article","og_title":"Sommet entre grande puissance et l'Afrique : Il est temps de changer de fusil d'\u00e9paule - Vox Sahel","og_description":"Chaque ann\u00e9e, la m\u00eame rengaine. Soit, c&rsquo;est le sommet France-Afrique, soit c&rsquo;est le Sommet Chine-Afrique","og_url":"https:\/\/voxsahel.com\/?p=133","og_site_name":"Vox Sahel","article_publisher":"https:\/\/www.facebook.com\/journal.voxsahel","article_published_time":"2024-09-12T18:56:15+00:00","og_image":[{"width":900,"height":664,"url":"https:\/\/voxsahel.com\/wp-content\/uploads\/2024\/09\/458955908_838398338413899_6200278275306947330_n.jpg","type":"image\/jpeg"}],"author":"Vox Sahel","twitter_card":"summary_large_image","twitter_misc":{"\u00c9crit par":"Vox Sahel","Dur\u00e9e de lecture estim\u00e9e":"3 minutes"},"schema":{"@context":"https:\/\/schema.org","@graph":[{"@type":"Article","@id":"https:\/\/voxsahel.com\/?p=133#article","isPartOf":{"@id":"https:\/\/voxsahel.com\/?p=133"},"author":{"name":"Vox Sahel","@id":"https:\/\/voxsahel.com\/#\/schema\/person\/b4043608248f8fa227cd760e7ff1e19e"},"headline":"Sommet entre grande puissance et l&rsquo;Afrique : Il est temps de changer de fusil d&rsquo;\u00e9paule","datePublished":"2024-09-12T18:56:15+00:00","mainEntityOfPage":{"@id":"https:\/\/voxsahel.com\/?p=133"},"wordCount":425,"commentCount":0,"publisher":{"@id":"https:\/\/voxsahel.com\/#organization"},"image":{"@id":"https:\/\/voxsahel.com\/?p=133#primaryimage"},"thumbnailUrl":"https:\/\/voxsahel.com\/wp-content\/uploads\/2024\/09\/458955908_838398338413899_6200278275306947330_n.jpg","keywords":["Afrique","Burkina Faso","Chine","FOCAL","G\u00e9opolitique","Sommet Chine-Afrique"],"articleSection":["POLITIQUE"],"inLanguage":"fr-FR","potentialAction":[{"@type":"CommentAction","name":"Comment","target":["https:\/\/voxsahel.com\/?p=133#respond"]}]},{"@type":"WebPage","@id":"https:\/\/voxsahel.com\/?p=133","url":"https:\/\/voxsahel.com\/?p=133","name":"Sommet entre grande puissance et l'Afrique : Il est temps de changer de fusil d'\u00e9paule - Vox Sahel","isPartOf":{"@id":"https:\/\/voxsahel.com\/#website"},"primaryImageOfPage":{"@id":"https:\/\/voxsahel.com\/?p=133#primaryimage"},"image":{"@id":"https:\/\/voxsahel.com\/?p=133#primaryimage"},"thumbnailUrl":"https:\/\/voxsahel.com\/wp-content\/uploads\/2024\/09\/458955908_838398338413899_6200278275306947330_n.jpg","datePublished":"2024-09-12T18:56:15+00:00","breadcrumb":{"@id":"https:\/\/voxsahel.com\/?p=133#breadcrumb"},"inLanguage":"fr-FR","potentialAction":[{"@type":"ReadAction","target":["https:\/\/voxsahel.com\/?p=133"]}]},{"@type":"ImageObject","inLanguage":"fr-FR","@id":"https:\/\/voxsahel.com\/?p=133#primaryimage","url":"https:\/\/voxsahel.com\/wp-content\/uploads\/2024\/09\/458955908_838398338413899_6200278275306947330_n.jpg","contentUrl":"https:\/\/voxsahel.com\/wp-content\/uploads\/2024\/09\/458955908_838398338413899_6200278275306947330_n.jpg","width":900,"height":664},{"@type":"BreadcrumbList","@id":"https:\/\/voxsahel.com\/?p=133#breadcrumb","itemListElement":[{"@type":"ListItem","position":1,"name":"Home","item":"https:\/\/voxsahel.com\/"},{"@type":"ListItem","position":2,"name":"Sommet entre grande puissance et l&rsquo;Afrique : Il est temps de changer de fusil d&rsquo;\u00e9paule"}]},{"@type":"WebSite","@id":"https:\/\/voxsahel.com\/#website","url":"https:\/\/voxsahel.com\/","name":"Vox Sahel","description":"Informez-vous sur le Sahel en un clic","publisher":{"@id":"https:\/\/voxsahel.com\/#organization"},"potentialAction":[{"@type":"SearchAction","target":{"@type":"EntryPoint","urlTemplate":"https:\/\/voxsahel.com\/?s={search_term_string}"},"query-input":{"@type":"PropertyValueSpecification","valueRequired":true,"valueName":"search_term_string"}}],"inLanguage":"fr-FR"},{"@type":"Organization","@id":"https:\/\/voxsahel.com\/#organization","name":"Vox Sahel","url":"https:\/\/voxsahel.com\/","logo":{"@type":"ImageObject","inLanguage":"fr-FR","@id":"https:\/\/voxsahel.com\/#\/schema\/logo\/image\/","url":"https:\/\/voxsahel.com\/wp-content\/uploads\/2024\/09\/Logo-Vox-Sahel.jpg","contentUrl":"https:\/\/voxsahel.com\/wp-content\/uploads\/2024\/09\/Logo-Vox-Sahel.jpg","width":1181,"height":848,"caption":"Vox Sahel"},"image":{"@id":"https:\/\/voxsahel.com\/#\/schema\/logo\/image\/"},"sameAs":["https:\/\/www.facebook.com\/journal.voxsahel"]},{"@type":"Person","@id":"https:\/\/voxsahel.com\/#\/schema\/person\/b4043608248f8fa227cd760e7ff1e19e","name":"Vox Sahel","image":{"@type":"ImageObject","inLanguage":"fr-FR","@id":"https:\/\/secure.gravatar.com\/avatar\/f70e7fa0cb9b29d4a7c5788d6eb2e9ab4d3135cbae1c9161810fdf77a8964699?s=96&d=mm&r=g","url":"https:\/\/secure.gravatar.com\/avatar\/f70e7fa0cb9b29d4a7c5788d6eb2e9ab4d3135cbae1c9161810fdf77a8964699?s=96&d=mm&r=g","contentUrl":"https:\/\/secure.gravatar.com\/avatar\/f70e7fa0cb9b29d4a7c5788d6eb2e9ab4d3135cbae1c9161810fdf77a8964699?s=96&d=mm&r=g","caption":"Vox Sahel"},"sameAs":["http:\/\/www.voxsahel.com"],"url":"https:\/\/voxsahel.com\/?author=2"}]}},"_links":{"self":[{"href":"https:\/\/voxsahel.com\/index.php?rest_route=\/wp\/v2\/posts\/133","targetHints":{"allow":["GET"]}}],"collection":[{"href":"https:\/\/voxsahel.com\/index.php?rest_route=\/wp\/v2\/posts"}],"about":[{"href":"https:\/\/voxsahel.com\/index.php?rest_route=\/wp\/v2\/types\/post"}],"author":[{"embeddable":true,"href":"https:\/\/voxsahel.com\/index.php?rest_route=\/wp\/v2\/users\/2"}],"replies":[{"embeddable":true,"href":"https:\/\/voxsahel.com\/index.php?rest_route=%2Fwp%2Fv2%2Fcomments&post=133"}],"version-history":[{"count":1,"href":"https:\/\/voxsahel.com\/index.php?rest_route=\/wp\/v2\/posts\/133\/revisions"}],"predecessor-version":[{"id":135,"href":"https:\/\/voxsahel.com\/index.php?rest_route=\/wp\/v2\/posts\/133\/revisions\/135"}],"wp:featuredmedia":[{"embeddable":true,"href":"https:\/\/voxsahel.com\/index.php?rest_route=\/wp\/v2\/media\/134"}],"wp:attachment":[{"href":"https:\/\/voxsahel.com\/index.php?rest_route=%2Fwp%2Fv2%2Fmedia&parent=133"}],"wp:term":[{"taxonomy":"category","embeddable":true,"href":"https:\/\/voxsahel.com\/index.php?rest_route=%2Fwp%2Fv2%2Fcategories&post=133"},{"taxonomy":"post_tag","embeddable":true,"href":"https:\/\/voxsahel.com\/index.php?rest_route=%2Fwp%2Fv2%2Ftags&post=133"}],"curies":[{"name":"wp","href":"https:\/\/api.w.org\/{rel}","templated":true}]}}