{"id":1324,"date":"2025-02-01T14:09:29","date_gmt":"2025-02-01T14:09:29","guid":{"rendered":"https:\/\/voxsahel.com\/?p=1324"},"modified":"2025-02-02T19:06:44","modified_gmt":"2025-02-02T19:06:44","slug":"gala-de-boxe-international-au-burkina-faso-the-fighter-defendra-son-titre-a-ouagadougou","status":"publish","type":"post","link":"https:\/\/voxsahel.com\/?p=1324","title":{"rendered":"Gala de Boxe International au Burkina Faso  : The Fighter d\u00e9fendra son titre \u00e0 Ouagadougou"},"content":{"rendered":"<p class=\"p1\"><strong>Les premiers responsables du Gala \u00ab\u00a0Fight for Peace\u00a0\u00bb, ont anim\u00e9 une conf\u00e9rence de presse pour annoncer la tenue d&rsquo;un \u00e9v\u00e9nement sportif d&rsquo;envergure qui se d\u00e9roulera le 7 f\u00e9vrier prochain au Palais des Sports de Ouaga 2000. Un \u00e9v\u00e8nement sous le parrainage du ministre desSports et des Loisirs. Un \u00e9v\u00e8nement qui mettra aux prises Mathias Napaongo au \u00a0Nicaraguayen Jorge Moreno.\u00a0<\/strong><\/p>\n<p class=\"p1\"><span class=\"s1\">Gloria Guissou, promotrice du gala, a expliqu\u00e9 que \u00ab\u00a0Fight for Peace\u00a0\u00bb a pour objectif de mettre en valeur les talents sportifs burkinab\u00e8 et d&rsquo;aligner le pays aux normes internationales de la boxe. <\/span><\/p>\n<blockquote>\n<p class=\"p1\"><span class=\"s1\">\u00ab\u00a0Nous rencontrons des d\u00e9fis, mais notre pays a un potentiel \u00e9norme. Cet \u00e9v\u00e9nement est une opportunit\u00e9 pour nos boxeurs de briller. Je tiens \u00e0 remercier nos partenaires pour leur soutien pr\u00e9cieux\u00a0\u00bb, a-t-elle affirm\u00e9.<\/span><\/p>\n<\/blockquote>\n<p class=\"p1\"><span class=\"s1\">Elle a ajout\u00e9 que le comit\u00e9 d&rsquo;organisation prend en charge le transport, l\u2019h\u00e9bergement et la restauration des participants. Il faut rappeler que Mathias Napaongo, d\u00e9j\u00e0 triple champion d&rsquo;Afrique, reste invaincu apr\u00e8s huit victoires cons\u00e9cutives et esp\u00e8re confirmer sa domination dans ce combat cl\u00e9.<\/span><\/p>\n<p class=\"p1\"><span class=\"s1\">Le gala d\u00e9butera \u00e0 18 h et proposera un programme vari\u00e9, incluant des affrontements entre boxeurs de divers pays africains, des combats f\u00e9minins d\u2019exhibition, ainsi qu\u2019une d\u00e9monstration de karat\u00e9. Serge Kabor\u00e9, secr\u00e9taire g\u00e9n\u00e9ral du comit\u00e9 d\u2019organisation, promet un spectacle m\u00e9morable. <\/span><\/p>\n<p class=\"p1\"><span class=\"s1\">\u00ab Ceux qui feront le d\u00e9placement vivront des \u00e9motions uniques \u00bb, a-t-il d\u00e9clar\u00e9.Les billets, disponibles \u00e0 partir de 2 000 CFA, permettront aux spectateurs de choisir parmi plusieurs cat\u00e9gories de si\u00e8ges. Des performances artistiques compl\u00e8teront l&rsquo;ambiance festive de cette soir\u00e9e.<\/span><\/p>\n<p class=\"p1\"><span class=\"s1\">Pour l\u2019heure, Mathias Napaongo se pr\u00e9pare intensivement sous la supervision de son entra\u00eeneur Sa\u00efdou Band\u00e9. Ce dernier a temp\u00e9r\u00e9 les attentes concernant un possible KO, rappelant que le but n\u2019est pas de chercher syst\u00e9matiquement l&rsquo;arr\u00eat du combat, mais de saisir l&rsquo;opportunit\u00e9 s&rsquo;il se pr\u00e9sente.Les autorit\u00e9s sportives burkinab\u00e8 saluent cet \u00e9v\u00e9nement historique. <\/span><\/p>\n<p class=\"p1\"><span class=\"s1\">Val\u00e9rie BADOLO\/TAPSOBA<\/span>, directrice g\u00e9n\u00e9rale des sports, souligne l&rsquo;importance de cette initiative apr\u00e8s une d\u00e9cennie d&rsquo;absence de grands galas de boxe au pays.<\/p>\n<p class=\"p1\"><span class=\"s1\">\u00ab C\u2019est l\u2019occasion de donner aux jeunes talents une plateforme pour se r\u00e9v\u00e9ler \u00bb, a-t-elle ajout\u00e9. Le gala Fight For Peace ne se limitera pas seulement \u00e0 la boxe, avec la possibilit\u00e9 d&rsquo;inclure d&rsquo;autres disciplines lors des futures \u00e9ditions.<\/span><\/p>\n<p class=\"p1\" style=\"text-align: right;\"><strong><span class=\"s1\">Par Amir BAKO<\/span><\/strong><\/p>\n","protected":false},"excerpt":{"rendered":"<p>Les premiers responsables du Gala \u00ab\u00a0Fight for Peace\u00a0\u00bb, ont anim\u00e9 une conf\u00e9rence de presse pour<\/p>\n","protected":false},"author":2,"featured_media":1326,"comment_status":"open","ping_status":"open","sticky":false,"template":"","format":"standard","meta":{"_et_pb_use_builder":"","_et_pb_old_content":"","_et_gb_content_width":"","footnotes":""},"categories":[12],"tags":[585,18,34],"class_list":["post-1324","post","type-post","status-publish","format-standard","has-post-thumbnail","hentry","category-sports","tag-boxe","tag-burkina-faso","tag-sport"],"yoast_head":"<!-- This site is optimized with the Yoast SEO plugin v27.5 - https:\/\/yoast.com\/product\/yoast-seo-wordpress\/ -->\n<title>Gala de Boxe International au Burkina Faso : The Fighter d\u00e9fendra son titre \u00e0 Ouagadougou - Vox Sahel<\/title>\n<meta name=\"robots\" content=\"index, follow, max-snippet:-1, max-image-preview:large, max-video-preview:-1\" \/>\n<link rel=\"canonical\" href=\"https:\/\/voxsahel.com\/?p=1324\" \/>\n<meta property=\"og:locale\" content=\"fr_FR\" \/>\n<meta property=\"og:type\" content=\"article\" \/>\n<meta property=\"og:title\" content=\"Gala de Boxe International au Burkina Faso : The Fighter d\u00e9fendra son titre \u00e0 Ouagadougou - Vox Sahel\" \/>\n<meta property=\"og:description\" content=\"Les premiers responsables du Gala \u00ab\u00a0Fight for Peace\u00a0\u00bb, ont anim\u00e9 une conf\u00e9rence de presse pour\" \/>\n<meta property=\"og:url\" content=\"https:\/\/voxsahel.com\/?p=1324\" \/>\n<meta property=\"og:site_name\" content=\"Vox Sahel\" \/>\n<meta property=\"article:publisher\" content=\"https:\/\/www.facebook.com\/journal.voxsahel\" \/>\n<meta property=\"article:published_time\" content=\"2025-02-01T14:09:29+00:00\" \/>\n<meta property=\"article:modified_time\" content=\"2025-02-02T19:06:44+00:00\" \/>\n<meta property=\"og:image\" content=\"https:\/\/voxsahel.com\/wp-content\/uploads\/2025\/02\/62f77f51-da7b-48d0-927d-5b4e20643c85.jpeg\" \/>\n\t<meta property=\"og:image:width\" content=\"282\" \/>\n\t<meta property=\"og:image:height\" content=\"300\" \/>\n\t<meta property=\"og:image:type\" content=\"image\/jpeg\" \/>\n<meta name=\"author\" content=\"Vox Sahel\" \/>\n<meta name=\"twitter:card\" content=\"summary_large_image\" \/>\n<meta name=\"twitter:label1\" content=\"\u00c9crit par\" \/>\n\t<meta name=\"twitter:data1\" content=\"Vox Sahel\" \/>\n\t<meta name=\"twitter:label2\" content=\"Dur\u00e9e de lecture estim\u00e9e\" \/>\n\t<meta name=\"twitter:data2\" content=\"2 minutes\" \/>\n<script type=\"application\/ld+json\" class=\"yoast-schema-graph\">{\"@context\":\"https:\\\/\\\/schema.org\",\"@graph\":[{\"@type\":\"Article\",\"@id\":\"https:\\\/\\\/voxsahel.com\\\/?p=1324#article\",\"isPartOf\":{\"@id\":\"https:\\\/\\\/voxsahel.com\\\/?p=1324\"},\"author\":{\"name\":\"Vox Sahel\",\"@id\":\"https:\\\/\\\/voxsahel.com\\\/#\\\/schema\\\/person\\\/b4043608248f8fa227cd760e7ff1e19e\"},\"headline\":\"Gala de Boxe International au Burkina Faso : The Fighter d\u00e9fendra son titre \u00e0 Ouagadougou\",\"datePublished\":\"2025-02-01T14:09:29+00:00\",\"dateModified\":\"2025-02-02T19:06:44+00:00\",\"mainEntityOfPage\":{\"@id\":\"https:\\\/\\\/voxsahel.com\\\/?p=1324\"},\"wordCount\":430,\"commentCount\":0,\"publisher\":{\"@id\":\"https:\\\/\\\/voxsahel.com\\\/#organization\"},\"image\":{\"@id\":\"https:\\\/\\\/voxsahel.com\\\/?p=1324#primaryimage\"},\"thumbnailUrl\":\"https:\\\/\\\/voxsahel.com\\\/wp-content\\\/uploads\\\/2025\\\/02\\\/62f77f51-da7b-48d0-927d-5b4e20643c85.jpeg\",\"keywords\":[\"Boxe\",\"Burkina Faso\",\"Sport\"],\"articleSection\":[\"SPORTS\"],\"inLanguage\":\"fr-FR\",\"potentialAction\":[{\"@type\":\"CommentAction\",\"name\":\"Comment\",\"target\":[\"https:\\\/\\\/voxsahel.com\\\/?p=1324#respond\"]}]},{\"@type\":\"WebPage\",\"@id\":\"https:\\\/\\\/voxsahel.com\\\/?p=1324\",\"url\":\"https:\\\/\\\/voxsahel.com\\\/?p=1324\",\"name\":\"Gala de Boxe International au Burkina Faso : The Fighter d\u00e9fendra son titre \u00e0 Ouagadougou - Vox Sahel\",\"isPartOf\":{\"@id\":\"https:\\\/\\\/voxsahel.com\\\/#website\"},\"primaryImageOfPage\":{\"@id\":\"https:\\\/\\\/voxsahel.com\\\/?p=1324#primaryimage\"},\"image\":{\"@id\":\"https:\\\/\\\/voxsahel.com\\\/?p=1324#primaryimage\"},\"thumbnailUrl\":\"https:\\\/\\\/voxsahel.com\\\/wp-content\\\/uploads\\\/2025\\\/02\\\/62f77f51-da7b-48d0-927d-5b4e20643c85.jpeg\",\"datePublished\":\"2025-02-01T14:09:29+00:00\",\"dateModified\":\"2025-02-02T19:06:44+00:00\",\"breadcrumb\":{\"@id\":\"https:\\\/\\\/voxsahel.com\\\/?p=1324#breadcrumb\"},\"inLanguage\":\"fr-FR\",\"potentialAction\":[{\"@type\":\"ReadAction\",\"target\":[\"https:\\\/\\\/voxsahel.com\\\/?p=1324\"]}]},{\"@type\":\"ImageObject\",\"inLanguage\":\"fr-FR\",\"@id\":\"https:\\\/\\\/voxsahel.com\\\/?p=1324#primaryimage\",\"url\":\"https:\\\/\\\/voxsahel.com\\\/wp-content\\\/uploads\\\/2025\\\/02\\\/62f77f51-da7b-48d0-927d-5b4e20643c85.jpeg\",\"contentUrl\":\"https:\\\/\\\/voxsahel.com\\\/wp-content\\\/uploads\\\/2025\\\/02\\\/62f77f51-da7b-48d0-927d-5b4e20643c85.jpeg\",\"width\":282,\"height\":300},{\"@type\":\"BreadcrumbList\",\"@id\":\"https:\\\/\\\/voxsahel.com\\\/?p=1324#breadcrumb\",\"itemListElement\":[{\"@type\":\"ListItem\",\"position\":1,\"name\":\"Home\",\"item\":\"https:\\\/\\\/voxsahel.com\\\/\"},{\"@type\":\"ListItem\",\"position\":2,\"name\":\"Gala de Boxe International au Burkina Faso : The Fighter d\u00e9fendra son titre \u00e0 Ouagadougou\"}]},{\"@type\":\"WebSite\",\"@id\":\"https:\\\/\\\/voxsahel.com\\\/#website\",\"url\":\"https:\\\/\\\/voxsahel.com\\\/\",\"name\":\"Vox Sahel\",\"description\":\"Informez-vous sur le Sahel en un clic\",\"publisher\":{\"@id\":\"https:\\\/\\\/voxsahel.com\\\/#organization\"},\"potentialAction\":[{\"@type\":\"SearchAction\",\"target\":{\"@type\":\"EntryPoint\",\"urlTemplate\":\"https:\\\/\\\/voxsahel.com\\\/?s={search_term_string}\"},\"query-input\":{\"@type\":\"PropertyValueSpecification\",\"valueRequired\":true,\"valueName\":\"search_term_string\"}}],\"inLanguage\":\"fr-FR\"},{\"@type\":\"Organization\",\"@id\":\"https:\\\/\\\/voxsahel.com\\\/#organization\",\"name\":\"Vox Sahel\",\"url\":\"https:\\\/\\\/voxsahel.com\\\/\",\"logo\":{\"@type\":\"ImageObject\",\"inLanguage\":\"fr-FR\",\"@id\":\"https:\\\/\\\/voxsahel.com\\\/#\\\/schema\\\/logo\\\/image\\\/\",\"url\":\"https:\\\/\\\/voxsahel.com\\\/wp-content\\\/uploads\\\/2024\\\/09\\\/Logo-Vox-Sahel.jpg\",\"contentUrl\":\"https:\\\/\\\/voxsahel.com\\\/wp-content\\\/uploads\\\/2024\\\/09\\\/Logo-Vox-Sahel.jpg\",\"width\":1181,\"height\":848,\"caption\":\"Vox Sahel\"},\"image\":{\"@id\":\"https:\\\/\\\/voxsahel.com\\\/#\\\/schema\\\/logo\\\/image\\\/\"},\"sameAs\":[\"https:\\\/\\\/www.facebook.com\\\/journal.voxsahel\"]},{\"@type\":\"Person\",\"@id\":\"https:\\\/\\\/voxsahel.com\\\/#\\\/schema\\\/person\\\/b4043608248f8fa227cd760e7ff1e19e\",\"name\":\"Vox Sahel\",\"image\":{\"@type\":\"ImageObject\",\"inLanguage\":\"fr-FR\",\"@id\":\"https:\\\/\\\/secure.gravatar.com\\\/avatar\\\/f70e7fa0cb9b29d4a7c5788d6eb2e9ab4d3135cbae1c9161810fdf77a8964699?s=96&d=mm&r=g\",\"url\":\"https:\\\/\\\/secure.gravatar.com\\\/avatar\\\/f70e7fa0cb9b29d4a7c5788d6eb2e9ab4d3135cbae1c9161810fdf77a8964699?s=96&d=mm&r=g\",\"contentUrl\":\"https:\\\/\\\/secure.gravatar.com\\\/avatar\\\/f70e7fa0cb9b29d4a7c5788d6eb2e9ab4d3135cbae1c9161810fdf77a8964699?s=96&d=mm&r=g\",\"caption\":\"Vox Sahel\"},\"sameAs\":[\"http:\\\/\\\/www.voxsahel.com\"],\"url\":\"https:\\\/\\\/voxsahel.com\\\/?author=2\"}]}<\/script>\n<!-- \/ Yoast SEO plugin. -->","yoast_head_json":{"title":"Gala de Boxe International au Burkina Faso : The Fighter d\u00e9fendra son titre \u00e0 Ouagadougou - Vox Sahel","robots":{"index":"index","follow":"follow","max-snippet":"max-snippet:-1","max-image-preview":"max-image-preview:large","max-video-preview":"max-video-preview:-1"},"canonical":"https:\/\/voxsahel.com\/?p=1324","og_locale":"fr_FR","og_type":"article","og_title":"Gala de Boxe International au Burkina Faso : The Fighter d\u00e9fendra son titre \u00e0 Ouagadougou - Vox Sahel","og_description":"Les premiers responsables du Gala \u00ab\u00a0Fight for Peace\u00a0\u00bb, ont anim\u00e9 une conf\u00e9rence de presse pour","og_url":"https:\/\/voxsahel.com\/?p=1324","og_site_name":"Vox Sahel","article_publisher":"https:\/\/www.facebook.com\/journal.voxsahel","article_published_time":"2025-02-01T14:09:29+00:00","article_modified_time":"2025-02-02T19:06:44+00:00","og_image":[{"width":282,"height":300,"url":"https:\/\/voxsahel.com\/wp-content\/uploads\/2025\/02\/62f77f51-da7b-48d0-927d-5b4e20643c85.jpeg","type":"image\/jpeg"}],"author":"Vox Sahel","twitter_card":"summary_large_image","twitter_misc":{"\u00c9crit par":"Vox Sahel","Dur\u00e9e de lecture estim\u00e9e":"2 minutes"},"schema":{"@context":"https:\/\/schema.org","@graph":[{"@type":"Article","@id":"https:\/\/voxsahel.com\/?p=1324#article","isPartOf":{"@id":"https:\/\/voxsahel.com\/?p=1324"},"author":{"name":"Vox Sahel","@id":"https:\/\/voxsahel.com\/#\/schema\/person\/b4043608248f8fa227cd760e7ff1e19e"},"headline":"Gala de Boxe International au Burkina Faso : The Fighter d\u00e9fendra son titre \u00e0 Ouagadougou","datePublished":"2025-02-01T14:09:29+00:00","dateModified":"2025-02-02T19:06:44+00:00","mainEntityOfPage":{"@id":"https:\/\/voxsahel.com\/?p=1324"},"wordCount":430,"commentCount":0,"publisher":{"@id":"https:\/\/voxsahel.com\/#organization"},"image":{"@id":"https:\/\/voxsahel.com\/?p=1324#primaryimage"},"thumbnailUrl":"https:\/\/voxsahel.com\/wp-content\/uploads\/2025\/02\/62f77f51-da7b-48d0-927d-5b4e20643c85.jpeg","keywords":["Boxe","Burkina Faso","Sport"],"articleSection":["SPORTS"],"inLanguage":"fr-FR","potentialAction":[{"@type":"CommentAction","name":"Comment","target":["https:\/\/voxsahel.com\/?p=1324#respond"]}]},{"@type":"WebPage","@id":"https:\/\/voxsahel.com\/?p=1324","url":"https:\/\/voxsahel.com\/?p=1324","name":"Gala de Boxe International au Burkina Faso : The Fighter d\u00e9fendra son titre \u00e0 Ouagadougou - Vox Sahel","isPartOf":{"@id":"https:\/\/voxsahel.com\/#website"},"primaryImageOfPage":{"@id":"https:\/\/voxsahel.com\/?p=1324#primaryimage"},"image":{"@id":"https:\/\/voxsahel.com\/?p=1324#primaryimage"},"thumbnailUrl":"https:\/\/voxsahel.com\/wp-content\/uploads\/2025\/02\/62f77f51-da7b-48d0-927d-5b4e20643c85.jpeg","datePublished":"2025-02-01T14:09:29+00:00","dateModified":"2025-02-02T19:06:44+00:00","breadcrumb":{"@id":"https:\/\/voxsahel.com\/?p=1324#breadcrumb"},"inLanguage":"fr-FR","potentialAction":[{"@type":"ReadAction","target":["https:\/\/voxsahel.com\/?p=1324"]}]},{"@type":"ImageObject","inLanguage":"fr-FR","@id":"https:\/\/voxsahel.com\/?p=1324#primaryimage","url":"https:\/\/voxsahel.com\/wp-content\/uploads\/2025\/02\/62f77f51-da7b-48d0-927d-5b4e20643c85.jpeg","contentUrl":"https:\/\/voxsahel.com\/wp-content\/uploads\/2025\/02\/62f77f51-da7b-48d0-927d-5b4e20643c85.jpeg","width":282,"height":300},{"@type":"BreadcrumbList","@id":"https:\/\/voxsahel.com\/?p=1324#breadcrumb","itemListElement":[{"@type":"ListItem","position":1,"name":"Home","item":"https:\/\/voxsahel.com\/"},{"@type":"ListItem","position":2,"name":"Gala de Boxe International au Burkina Faso : The Fighter d\u00e9fendra son titre \u00e0 Ouagadougou"}]},{"@type":"WebSite","@id":"https:\/\/voxsahel.com\/#website","url":"https:\/\/voxsahel.com\/","name":"Vox Sahel","description":"Informez-vous sur le Sahel en un clic","publisher":{"@id":"https:\/\/voxsahel.com\/#organization"},"potentialAction":[{"@type":"SearchAction","target":{"@type":"EntryPoint","urlTemplate":"https:\/\/voxsahel.com\/?s={search_term_string}"},"query-input":{"@type":"PropertyValueSpecification","valueRequired":true,"valueName":"search_term_string"}}],"inLanguage":"fr-FR"},{"@type":"Organization","@id":"https:\/\/voxsahel.com\/#organization","name":"Vox Sahel","url":"https:\/\/voxsahel.com\/","logo":{"@type":"ImageObject","inLanguage":"fr-FR","@id":"https:\/\/voxsahel.com\/#\/schema\/logo\/image\/","url":"https:\/\/voxsahel.com\/wp-content\/uploads\/2024\/09\/Logo-Vox-Sahel.jpg","contentUrl":"https:\/\/voxsahel.com\/wp-content\/uploads\/2024\/09\/Logo-Vox-Sahel.jpg","width":1181,"height":848,"caption":"Vox Sahel"},"image":{"@id":"https:\/\/voxsahel.com\/#\/schema\/logo\/image\/"},"sameAs":["https:\/\/www.facebook.com\/journal.voxsahel"]},{"@type":"Person","@id":"https:\/\/voxsahel.com\/#\/schema\/person\/b4043608248f8fa227cd760e7ff1e19e","name":"Vox Sahel","image":{"@type":"ImageObject","inLanguage":"fr-FR","@id":"https:\/\/secure.gravatar.com\/avatar\/f70e7fa0cb9b29d4a7c5788d6eb2e9ab4d3135cbae1c9161810fdf77a8964699?s=96&d=mm&r=g","url":"https:\/\/secure.gravatar.com\/avatar\/f70e7fa0cb9b29d4a7c5788d6eb2e9ab4d3135cbae1c9161810fdf77a8964699?s=96&d=mm&r=g","contentUrl":"https:\/\/secure.gravatar.com\/avatar\/f70e7fa0cb9b29d4a7c5788d6eb2e9ab4d3135cbae1c9161810fdf77a8964699?s=96&d=mm&r=g","caption":"Vox Sahel"},"sameAs":["http:\/\/www.voxsahel.com"],"url":"https:\/\/voxsahel.com\/?author=2"}]}},"_links":{"self":[{"href":"https:\/\/voxsahel.com\/index.php?rest_route=\/wp\/v2\/posts\/1324","targetHints":{"allow":["GET"]}}],"collection":[{"href":"https:\/\/voxsahel.com\/index.php?rest_route=\/wp\/v2\/posts"}],"about":[{"href":"https:\/\/voxsahel.com\/index.php?rest_route=\/wp\/v2\/types\/post"}],"author":[{"embeddable":true,"href":"https:\/\/voxsahel.com\/index.php?rest_route=\/wp\/v2\/users\/2"}],"replies":[{"embeddable":true,"href":"https:\/\/voxsahel.com\/index.php?rest_route=%2Fwp%2Fv2%2Fcomments&post=1324"}],"version-history":[{"count":3,"href":"https:\/\/voxsahel.com\/index.php?rest_route=\/wp\/v2\/posts\/1324\/revisions"}],"predecessor-version":[{"id":1337,"href":"https:\/\/voxsahel.com\/index.php?rest_route=\/wp\/v2\/posts\/1324\/revisions\/1337"}],"wp:featuredmedia":[{"embeddable":true,"href":"https:\/\/voxsahel.com\/index.php?rest_route=\/wp\/v2\/media\/1326"}],"wp:attachment":[{"href":"https:\/\/voxsahel.com\/index.php?rest_route=%2Fwp%2Fv2%2Fmedia&parent=1324"}],"wp:term":[{"taxonomy":"category","embeddable":true,"href":"https:\/\/voxsahel.com\/index.php?rest_route=%2Fwp%2Fv2%2Fcategories&post=1324"},{"taxonomy":"post_tag","embeddable":true,"href":"https:\/\/voxsahel.com\/index.php?rest_route=%2Fwp%2Fv2%2Ftags&post=1324"}],"curies":[{"name":"wp","href":"https:\/\/api.w.org\/{rel}","templated":true}]}}