{"id":1322,"date":"2025-02-01T20:14:39","date_gmt":"2025-02-01T20:14:39","guid":{"rendered":"https:\/\/voxsahel.com\/?p=1322"},"modified":"2025-02-01T20:14:39","modified_gmt":"2025-02-01T20:14:39","slug":"bundesliga-le-werder-breme-simpose-face-a-mayence-1-0-issa-kabore-decisif","status":"publish","type":"post","link":"https:\/\/voxsahel.com\/?p=1322","title":{"rendered":"Bundesliga : Le Werder Br\u00eame s&rsquo;impose face \u00e0 Mayence (1-0), Issa Kabor\u00e9 d\u00e9cisif"},"content":{"rendered":"<p>Le Werder Br\u00eame a renou\u00e9 avec la victoire ce vendredi 31 janvier 2025, en battant Mayence (1-0) lors de la 20\u1d49 journ\u00e9e de Bundesliga, mettant ainsi fin \u00e0 une s\u00e9rie de quatre matchs sans succ\u00e8s.<\/p>\n<p>Titularis\u00e9 pour la premi\u00e8re fois au poste de droit lat\u00e9ral, le Burkinab\u00e8 Issa Kabor\u00e9 s&rsquo;est illustr\u00e9 en d\u00e9livrant une passe d\u00e9cisive apr\u00e8s seulement 14 minutes de jeu. Une performance prometteuse pour l&rsquo;international, qui a \u00e9t\u00e9 remplac\u00e9e \u00e0 la 70\u1d49 minute.<\/p>\n<p>Gr\u00e2ce \u00e0 cette victoire, le Werder Br\u00eame engrange trois points pr\u00e9cieux dans la course au maintien\/classement.<\/p>\n","protected":false},"excerpt":{"rendered":"<p>Le Werder Br\u00eame a renou\u00e9 avec la victoire ce vendredi 31 janvier 2025, en battant<\/p>\n","protected":false},"author":2,"featured_media":1323,"comment_status":"open","ping_status":"open","sticky":false,"template":"","format":"standard","meta":{"_et_pb_use_builder":"","_et_pb_old_content":"","_et_gb_content_width":"","footnotes":""},"categories":[12],"tags":[536,406,18,35,470,587,34,586],"class_list":["post-1322","post","type-post","status-publish","format-standard","has-post-thumbnail","hentry","category-sports","tag-allemagne","tag-bundesliga","tag-burkina-faso","tag-football","tag-issa-kabore","tag-mayence","tag-sport","tag-werder-breme"],"yoast_head":"<!-- This site is optimized with the Yoast SEO plugin v27.5 - https:\/\/yoast.com\/product\/yoast-seo-wordpress\/ -->\n<title>Bundesliga : Le Werder Br\u00eame s&#039;impose face \u00e0 Mayence (1-0), Issa Kabor\u00e9 d\u00e9cisif - Vox Sahel<\/title>\n<meta name=\"robots\" content=\"index, follow, max-snippet:-1, max-image-preview:large, max-video-preview:-1\" \/>\n<link rel=\"canonical\" href=\"https:\/\/voxsahel.com\/?p=1322\" \/>\n<meta property=\"og:locale\" content=\"fr_FR\" \/>\n<meta property=\"og:type\" content=\"article\" \/>\n<meta property=\"og:title\" content=\"Bundesliga : Le Werder Br\u00eame s&#039;impose face \u00e0 Mayence (1-0), Issa Kabor\u00e9 d\u00e9cisif - Vox Sahel\" \/>\n<meta property=\"og:description\" content=\"Le Werder Br\u00eame a renou\u00e9 avec la victoire ce vendredi 31 janvier 2025, en battant\" \/>\n<meta property=\"og:url\" content=\"https:\/\/voxsahel.com\/?p=1322\" \/>\n<meta property=\"og:site_name\" content=\"Vox Sahel\" \/>\n<meta property=\"article:publisher\" content=\"https:\/\/www.facebook.com\/journal.voxsahel\" \/>\n<meta property=\"article:published_time\" content=\"2025-02-01T20:14:39+00:00\" \/>\n<meta property=\"og:image\" content=\"https:\/\/voxsahel.com\/wp-content\/uploads\/2025\/02\/ISSA-KABORE.jpg\" \/>\n\t<meta property=\"og:image:width\" content=\"1536\" \/>\n\t<meta property=\"og:image:height\" content=\"1920\" \/>\n\t<meta property=\"og:image:type\" content=\"image\/jpeg\" \/>\n<meta name=\"author\" content=\"Vox Sahel\" \/>\n<meta name=\"twitter:card\" content=\"summary_large_image\" \/>\n<meta name=\"twitter:label1\" content=\"\u00c9crit par\" \/>\n\t<meta name=\"twitter:data1\" content=\"Vox Sahel\" \/>\n\t<meta name=\"twitter:label2\" content=\"Dur\u00e9e de lecture estim\u00e9e\" \/>\n\t<meta name=\"twitter:data2\" content=\"1 minute\" \/>\n<script type=\"application\/ld+json\" class=\"yoast-schema-graph\">{\"@context\":\"https:\\\/\\\/schema.org\",\"@graph\":[{\"@type\":\"Article\",\"@id\":\"https:\\\/\\\/voxsahel.com\\\/?p=1322#article\",\"isPartOf\":{\"@id\":\"https:\\\/\\\/voxsahel.com\\\/?p=1322\"},\"author\":{\"name\":\"Vox Sahel\",\"@id\":\"https:\\\/\\\/voxsahel.com\\\/#\\\/schema\\\/person\\\/b4043608248f8fa227cd760e7ff1e19e\"},\"headline\":\"Bundesliga : Le Werder Br\u00eame s&rsquo;impose face \u00e0 Mayence (1-0), Issa Kabor\u00e9 d\u00e9cisif\",\"datePublished\":\"2025-02-01T20:14:39+00:00\",\"mainEntityOfPage\":{\"@id\":\"https:\\\/\\\/voxsahel.com\\\/?p=1322\"},\"wordCount\":113,\"commentCount\":0,\"publisher\":{\"@id\":\"https:\\\/\\\/voxsahel.com\\\/#organization\"},\"image\":{\"@id\":\"https:\\\/\\\/voxsahel.com\\\/?p=1322#primaryimage\"},\"thumbnailUrl\":\"https:\\\/\\\/voxsahel.com\\\/wp-content\\\/uploads\\\/2025\\\/02\\\/ISSA-KABORE.jpg\",\"keywords\":[\"Allemagne\",\"Bundesliga\",\"Burkina Faso\",\"Football\",\"Issa Kabor\u00e9\",\"Mayence\",\"Sport\",\"Werder Br\u00eame\"],\"articleSection\":[\"SPORTS\"],\"inLanguage\":\"fr-FR\",\"potentialAction\":[{\"@type\":\"CommentAction\",\"name\":\"Comment\",\"target\":[\"https:\\\/\\\/voxsahel.com\\\/?p=1322#respond\"]}]},{\"@type\":\"WebPage\",\"@id\":\"https:\\\/\\\/voxsahel.com\\\/?p=1322\",\"url\":\"https:\\\/\\\/voxsahel.com\\\/?p=1322\",\"name\":\"Bundesliga : Le Werder Br\u00eame s'impose face \u00e0 Mayence (1-0), Issa Kabor\u00e9 d\u00e9cisif - Vox Sahel\",\"isPartOf\":{\"@id\":\"https:\\\/\\\/voxsahel.com\\\/#website\"},\"primaryImageOfPage\":{\"@id\":\"https:\\\/\\\/voxsahel.com\\\/?p=1322#primaryimage\"},\"image\":{\"@id\":\"https:\\\/\\\/voxsahel.com\\\/?p=1322#primaryimage\"},\"thumbnailUrl\":\"https:\\\/\\\/voxsahel.com\\\/wp-content\\\/uploads\\\/2025\\\/02\\\/ISSA-KABORE.jpg\",\"datePublished\":\"2025-02-01T20:14:39+00:00\",\"breadcrumb\":{\"@id\":\"https:\\\/\\\/voxsahel.com\\\/?p=1322#breadcrumb\"},\"inLanguage\":\"fr-FR\",\"potentialAction\":[{\"@type\":\"ReadAction\",\"target\":[\"https:\\\/\\\/voxsahel.com\\\/?p=1322\"]}]},{\"@type\":\"ImageObject\",\"inLanguage\":\"fr-FR\",\"@id\":\"https:\\\/\\\/voxsahel.com\\\/?p=1322#primaryimage\",\"url\":\"https:\\\/\\\/voxsahel.com\\\/wp-content\\\/uploads\\\/2025\\\/02\\\/ISSA-KABORE.jpg\",\"contentUrl\":\"https:\\\/\\\/voxsahel.com\\\/wp-content\\\/uploads\\\/2025\\\/02\\\/ISSA-KABORE.jpg\",\"width\":1536,\"height\":1920,\"caption\":\"Bundesliga : Le Werder Br\u00eame s'impose face \u00e0 Mayence (1-0), Issa Kabor\u00e9 d\u00e9cisif\"},{\"@type\":\"BreadcrumbList\",\"@id\":\"https:\\\/\\\/voxsahel.com\\\/?p=1322#breadcrumb\",\"itemListElement\":[{\"@type\":\"ListItem\",\"position\":1,\"name\":\"Home\",\"item\":\"https:\\\/\\\/voxsahel.com\\\/\"},{\"@type\":\"ListItem\",\"position\":2,\"name\":\"Bundesliga : Le Werder Br\u00eame s&rsquo;impose face \u00e0 Mayence (1-0), Issa Kabor\u00e9 d\u00e9cisif\"}]},{\"@type\":\"WebSite\",\"@id\":\"https:\\\/\\\/voxsahel.com\\\/#website\",\"url\":\"https:\\\/\\\/voxsahel.com\\\/\",\"name\":\"Vox Sahel\",\"description\":\"Informez-vous sur le Sahel en un clic\",\"publisher\":{\"@id\":\"https:\\\/\\\/voxsahel.com\\\/#organization\"},\"potentialAction\":[{\"@type\":\"SearchAction\",\"target\":{\"@type\":\"EntryPoint\",\"urlTemplate\":\"https:\\\/\\\/voxsahel.com\\\/?s={search_term_string}\"},\"query-input\":{\"@type\":\"PropertyValueSpecification\",\"valueRequired\":true,\"valueName\":\"search_term_string\"}}],\"inLanguage\":\"fr-FR\"},{\"@type\":\"Organization\",\"@id\":\"https:\\\/\\\/voxsahel.com\\\/#organization\",\"name\":\"Vox Sahel\",\"url\":\"https:\\\/\\\/voxsahel.com\\\/\",\"logo\":{\"@type\":\"ImageObject\",\"inLanguage\":\"fr-FR\",\"@id\":\"https:\\\/\\\/voxsahel.com\\\/#\\\/schema\\\/logo\\\/image\\\/\",\"url\":\"https:\\\/\\\/voxsahel.com\\\/wp-content\\\/uploads\\\/2024\\\/09\\\/Logo-Vox-Sahel.jpg\",\"contentUrl\":\"https:\\\/\\\/voxsahel.com\\\/wp-content\\\/uploads\\\/2024\\\/09\\\/Logo-Vox-Sahel.jpg\",\"width\":1181,\"height\":848,\"caption\":\"Vox Sahel\"},\"image\":{\"@id\":\"https:\\\/\\\/voxsahel.com\\\/#\\\/schema\\\/logo\\\/image\\\/\"},\"sameAs\":[\"https:\\\/\\\/www.facebook.com\\\/journal.voxsahel\"]},{\"@type\":\"Person\",\"@id\":\"https:\\\/\\\/voxsahel.com\\\/#\\\/schema\\\/person\\\/b4043608248f8fa227cd760e7ff1e19e\",\"name\":\"Vox Sahel\",\"image\":{\"@type\":\"ImageObject\",\"inLanguage\":\"fr-FR\",\"@id\":\"https:\\\/\\\/secure.gravatar.com\\\/avatar\\\/f70e7fa0cb9b29d4a7c5788d6eb2e9ab4d3135cbae1c9161810fdf77a8964699?s=96&d=mm&r=g\",\"url\":\"https:\\\/\\\/secure.gravatar.com\\\/avatar\\\/f70e7fa0cb9b29d4a7c5788d6eb2e9ab4d3135cbae1c9161810fdf77a8964699?s=96&d=mm&r=g\",\"contentUrl\":\"https:\\\/\\\/secure.gravatar.com\\\/avatar\\\/f70e7fa0cb9b29d4a7c5788d6eb2e9ab4d3135cbae1c9161810fdf77a8964699?s=96&d=mm&r=g\",\"caption\":\"Vox Sahel\"},\"sameAs\":[\"http:\\\/\\\/www.voxsahel.com\"],\"url\":\"https:\\\/\\\/voxsahel.com\\\/?author=2\"}]}<\/script>\n<!-- \/ Yoast SEO plugin. -->","yoast_head_json":{"title":"Bundesliga : Le Werder Br\u00eame s'impose face \u00e0 Mayence (1-0), Issa Kabor\u00e9 d\u00e9cisif - Vox Sahel","robots":{"index":"index","follow":"follow","max-snippet":"max-snippet:-1","max-image-preview":"max-image-preview:large","max-video-preview":"max-video-preview:-1"},"canonical":"https:\/\/voxsahel.com\/?p=1322","og_locale":"fr_FR","og_type":"article","og_title":"Bundesliga : Le Werder Br\u00eame s'impose face \u00e0 Mayence (1-0), Issa Kabor\u00e9 d\u00e9cisif - Vox Sahel","og_description":"Le Werder Br\u00eame a renou\u00e9 avec la victoire ce vendredi 31 janvier 2025, en battant","og_url":"https:\/\/voxsahel.com\/?p=1322","og_site_name":"Vox Sahel","article_publisher":"https:\/\/www.facebook.com\/journal.voxsahel","article_published_time":"2025-02-01T20:14:39+00:00","og_image":[{"width":1536,"height":1920,"url":"https:\/\/voxsahel.com\/wp-content\/uploads\/2025\/02\/ISSA-KABORE.jpg","type":"image\/jpeg"}],"author":"Vox Sahel","twitter_card":"summary_large_image","twitter_misc":{"\u00c9crit par":"Vox Sahel","Dur\u00e9e de lecture estim\u00e9e":"1 minute"},"schema":{"@context":"https:\/\/schema.org","@graph":[{"@type":"Article","@id":"https:\/\/voxsahel.com\/?p=1322#article","isPartOf":{"@id":"https:\/\/voxsahel.com\/?p=1322"},"author":{"name":"Vox Sahel","@id":"https:\/\/voxsahel.com\/#\/schema\/person\/b4043608248f8fa227cd760e7ff1e19e"},"headline":"Bundesliga : Le Werder Br\u00eame s&rsquo;impose face \u00e0 Mayence (1-0), Issa Kabor\u00e9 d\u00e9cisif","datePublished":"2025-02-01T20:14:39+00:00","mainEntityOfPage":{"@id":"https:\/\/voxsahel.com\/?p=1322"},"wordCount":113,"commentCount":0,"publisher":{"@id":"https:\/\/voxsahel.com\/#organization"},"image":{"@id":"https:\/\/voxsahel.com\/?p=1322#primaryimage"},"thumbnailUrl":"https:\/\/voxsahel.com\/wp-content\/uploads\/2025\/02\/ISSA-KABORE.jpg","keywords":["Allemagne","Bundesliga","Burkina Faso","Football","Issa Kabor\u00e9","Mayence","Sport","Werder Br\u00eame"],"articleSection":["SPORTS"],"inLanguage":"fr-FR","potentialAction":[{"@type":"CommentAction","name":"Comment","target":["https:\/\/voxsahel.com\/?p=1322#respond"]}]},{"@type":"WebPage","@id":"https:\/\/voxsahel.com\/?p=1322","url":"https:\/\/voxsahel.com\/?p=1322","name":"Bundesliga : Le Werder Br\u00eame s'impose face \u00e0 Mayence (1-0), Issa Kabor\u00e9 d\u00e9cisif - Vox Sahel","isPartOf":{"@id":"https:\/\/voxsahel.com\/#website"},"primaryImageOfPage":{"@id":"https:\/\/voxsahel.com\/?p=1322#primaryimage"},"image":{"@id":"https:\/\/voxsahel.com\/?p=1322#primaryimage"},"thumbnailUrl":"https:\/\/voxsahel.com\/wp-content\/uploads\/2025\/02\/ISSA-KABORE.jpg","datePublished":"2025-02-01T20:14:39+00:00","breadcrumb":{"@id":"https:\/\/voxsahel.com\/?p=1322#breadcrumb"},"inLanguage":"fr-FR","potentialAction":[{"@type":"ReadAction","target":["https:\/\/voxsahel.com\/?p=1322"]}]},{"@type":"ImageObject","inLanguage":"fr-FR","@id":"https:\/\/voxsahel.com\/?p=1322#primaryimage","url":"https:\/\/voxsahel.com\/wp-content\/uploads\/2025\/02\/ISSA-KABORE.jpg","contentUrl":"https:\/\/voxsahel.com\/wp-content\/uploads\/2025\/02\/ISSA-KABORE.jpg","width":1536,"height":1920,"caption":"Bundesliga : Le Werder Br\u00eame s'impose face \u00e0 Mayence (1-0), Issa Kabor\u00e9 d\u00e9cisif"},{"@type":"BreadcrumbList","@id":"https:\/\/voxsahel.com\/?p=1322#breadcrumb","itemListElement":[{"@type":"ListItem","position":1,"name":"Home","item":"https:\/\/voxsahel.com\/"},{"@type":"ListItem","position":2,"name":"Bundesliga : Le Werder Br\u00eame s&rsquo;impose face \u00e0 Mayence (1-0), Issa Kabor\u00e9 d\u00e9cisif"}]},{"@type":"WebSite","@id":"https:\/\/voxsahel.com\/#website","url":"https:\/\/voxsahel.com\/","name":"Vox Sahel","description":"Informez-vous sur le Sahel en un clic","publisher":{"@id":"https:\/\/voxsahel.com\/#organization"},"potentialAction":[{"@type":"SearchAction","target":{"@type":"EntryPoint","urlTemplate":"https:\/\/voxsahel.com\/?s={search_term_string}"},"query-input":{"@type":"PropertyValueSpecification","valueRequired":true,"valueName":"search_term_string"}}],"inLanguage":"fr-FR"},{"@type":"Organization","@id":"https:\/\/voxsahel.com\/#organization","name":"Vox Sahel","url":"https:\/\/voxsahel.com\/","logo":{"@type":"ImageObject","inLanguage":"fr-FR","@id":"https:\/\/voxsahel.com\/#\/schema\/logo\/image\/","url":"https:\/\/voxsahel.com\/wp-content\/uploads\/2024\/09\/Logo-Vox-Sahel.jpg","contentUrl":"https:\/\/voxsahel.com\/wp-content\/uploads\/2024\/09\/Logo-Vox-Sahel.jpg","width":1181,"height":848,"caption":"Vox Sahel"},"image":{"@id":"https:\/\/voxsahel.com\/#\/schema\/logo\/image\/"},"sameAs":["https:\/\/www.facebook.com\/journal.voxsahel"]},{"@type":"Person","@id":"https:\/\/voxsahel.com\/#\/schema\/person\/b4043608248f8fa227cd760e7ff1e19e","name":"Vox Sahel","image":{"@type":"ImageObject","inLanguage":"fr-FR","@id":"https:\/\/secure.gravatar.com\/avatar\/f70e7fa0cb9b29d4a7c5788d6eb2e9ab4d3135cbae1c9161810fdf77a8964699?s=96&d=mm&r=g","url":"https:\/\/secure.gravatar.com\/avatar\/f70e7fa0cb9b29d4a7c5788d6eb2e9ab4d3135cbae1c9161810fdf77a8964699?s=96&d=mm&r=g","contentUrl":"https:\/\/secure.gravatar.com\/avatar\/f70e7fa0cb9b29d4a7c5788d6eb2e9ab4d3135cbae1c9161810fdf77a8964699?s=96&d=mm&r=g","caption":"Vox Sahel"},"sameAs":["http:\/\/www.voxsahel.com"],"url":"https:\/\/voxsahel.com\/?author=2"}]}},"_links":{"self":[{"href":"https:\/\/voxsahel.com\/index.php?rest_route=\/wp\/v2\/posts\/1322","targetHints":{"allow":["GET"]}}],"collection":[{"href":"https:\/\/voxsahel.com\/index.php?rest_route=\/wp\/v2\/posts"}],"about":[{"href":"https:\/\/voxsahel.com\/index.php?rest_route=\/wp\/v2\/types\/post"}],"author":[{"embeddable":true,"href":"https:\/\/voxsahel.com\/index.php?rest_route=\/wp\/v2\/users\/2"}],"replies":[{"embeddable":true,"href":"https:\/\/voxsahel.com\/index.php?rest_route=%2Fwp%2Fv2%2Fcomments&post=1322"}],"version-history":[{"count":1,"href":"https:\/\/voxsahel.com\/index.php?rest_route=\/wp\/v2\/posts\/1322\/revisions"}],"predecessor-version":[{"id":1328,"href":"https:\/\/voxsahel.com\/index.php?rest_route=\/wp\/v2\/posts\/1322\/revisions\/1328"}],"wp:featuredmedia":[{"embeddable":true,"href":"https:\/\/voxsahel.com\/index.php?rest_route=\/wp\/v2\/media\/1323"}],"wp:attachment":[{"href":"https:\/\/voxsahel.com\/index.php?rest_route=%2Fwp%2Fv2%2Fmedia&parent=1322"}],"wp:term":[{"taxonomy":"category","embeddable":true,"href":"https:\/\/voxsahel.com\/index.php?rest_route=%2Fwp%2Fv2%2Fcategories&post=1322"},{"taxonomy":"post_tag","embeddable":true,"href":"https:\/\/voxsahel.com\/index.php?rest_route=%2Fwp%2Fv2%2Ftags&post=1322"}],"curies":[{"name":"wp","href":"https:\/\/api.w.org\/{rel}","templated":true}]}}