{"id":1316,"date":"2025-01-31T16:32:44","date_gmt":"2025-01-31T16:32:44","guid":{"rendered":"https:\/\/voxsahel.com\/?p=1316"},"modified":"2025-01-31T16:32:44","modified_gmt":"2025-01-31T16:32:44","slug":"sortie-de-laes-de-la-cedeao-enjeux-et-perspectives-dune-nouvelle-ere-economique","status":"publish","type":"post","link":"https:\/\/voxsahel.com\/?p=1316","title":{"rendered":"Sortie de l\u2019AES de la CEDEAO : Enjeux et perspectives d\u2019une nouvelle \u00e8re \u00e9conomique"},"content":{"rendered":"<p>Ce mardi 28 janvier 2025 marque le premier anniversaire du retrait du Burkina Faso, du Mali et du Niger de la Communaut\u00e9 \u00e9conomique des \u00c9tats de l&rsquo;Afrique de l&rsquo;Ouest (CEDEAO). Cette d\u00e9cision historique a boulevers\u00e9 l\u2019\u00e9quilibre r\u00e9gional et suscite de nombreuses interrogations sur ses r\u00e9percussions \u00e9conomiques et commerciales. Dans une interview accord\u00e9e au journal <strong>Sidwaya<\/strong>, le professeur Oumar Zall\u00e9, agr\u00e9g\u00e9 en sciences \u00e9conomiques et chef du d\u00e9partement du Master en \u00e9conomie appliqu\u00e9e \u00e0 l\u2019universit\u00e9 Norbert-Zongo, analyse les cons\u00e9quences de cette sortie pour les \u00c9tats de l\u2019AES et ceux de la CEDEAO.<\/p>\n<p>D\u2019apr\u00e8s le Pr Zall\u00e9, cette s\u00e9paration remet en cause l\u2019int\u00e9gration r\u00e9gionale initi\u00e9e depuis 1975. \u00ab La CEDEAO est l\u2019une des zones d\u2019int\u00e9gration les plus \u00e9labor\u00e9es en Afrique. La sortie de l\u2019AES fragilise son image et son poids g\u00e9ographique, car ces trois pays repr\u00e9sentaient plus de 50 % de la superficie de l\u2019organisation et environ 20 % de sa population en 2022 \u00bb, explique-t-il.<\/p>\n<p>\u00c0 court terme, cette rupture impacte les \u00e9changes commerciaux et les politiques communautaires. \u00c0 moyen terme, elle risque de g\u00e9n\u00e9rer des tensions g\u00e9opolitiques et de nuire \u00e0 l\u2019attractivit\u00e9 \u00e9conomique de la r\u00e9gion. Toutefois, \u00e0 long terme, la CEDEAO pourrait tirer des le\u00e7ons de cet \u00e9pisode pour am\u00e9liorer sa gouvernance et renforcer l\u2019ind\u00e9pendance de ses institutions, notamment face aux critiques sur l\u2019influence ext\u00e9rieure, en particulier celle de la France.<\/p>\n<p>Du c\u00f4t\u00e9 des pays de l\u2019AES, le retrait entra\u00eene des cons\u00e9quences imm\u00e9diates, notamment une hausse des co\u00fbts de transaction. La fin des avantages li\u00e9s au Tarif Ext\u00e9rieur Commun et \u00e0 la libre circulation des biens et services ralentit les \u00e9changes commerciaux, en particulier avec les sept pays de la CEDEAO non membres de l\u2019UEMOA. \u00ab Il faut s\u2019attendre \u00e0 une r\u00e9duction des recettes fiscales, notamment en mati\u00e8re de commerce ext\u00e9rieur \u00bb, pr\u00e9cise le Pr Zall\u00e9. En 2024, le ministre burkinab\u00e8 de l\u2019\u00c9conomie avait estim\u00e9 une perte annuelle de 40 milliards de F CFA pour la CEDEAO due \u00e0 ce retrait.<\/p>\n<p>Les relations commerciales du Burkina Faso avec le Ghana et celles du Niger avec le Nigeria sont \u00e9galement mises \u00e0 l\u2019\u00e9preuve, ces deux pays n\u2019appartenant pas \u00e0 l\u2019UEMOA. La fin des accords pr\u00e9f\u00e9rentiels pourrait entra\u00eener une hausse des co\u00fbts logistiques et un d\u00e9tournement du commerce vers d\u2019autres march\u00e9s.<\/p>\n<p>\u00c0 long terme, les trois \u00c9tats de l\u2019AES devront renforcer leurs liens \u00e9conomiques et mettre en place des politiques communes pour stabiliser leur nouvelle zone d\u2019int\u00e9gration. \u00ab D\u00e8s qu\u2019ils quittent la CEDEAO, ils doivent travailler \u00e0 d\u00e9velopper des politiques intracommunautaires solides \u00bb, insiste le Pr Zall\u00e9.<\/p>\n<p>L\u2019AES doit donc multiplier les initiatives pour compenser les pertes commerciales et garantir une autonomie \u00e9conomique. La diversification des partenaires \u00e9conomiques et la cr\u00e9ation d\u2019une zone de libre-\u00e9change sp\u00e9cifique aux trois \u00c9tats pourraient \u00eatre des leviers strat\u00e9giques pour b\u00e2tir une \u00e9conomie plus r\u00e9siliente.<\/p>\n<p>La sortie de l\u2019AES de la CEDEAO marque un tournant majeur dans l\u2019histoire de l\u2019int\u00e9gration ouest-africaine. Si les d\u00e9fis sont nombreux, les opportunit\u00e9s d\u2019une red\u00e9finition des alliances \u00e9conomiques existent. Il appartiendra aux dirigeants de l\u2019AES de capitaliser sur cette nouvelle dynamique pour renforcer leur souverainet\u00e9 et b\u00e2tir un cadre \u00e9conomique durable et prosp\u00e8re.<\/p>\n<p style=\"text-align: right;\"><strong>Par Vox Sahel<\/strong><\/p>\n","protected":false},"excerpt":{"rendered":"<p>Ce mardi 28 janvier 2025 marque le premier anniversaire du retrait du Burkina Faso, du<\/p>\n","protected":false},"author":2,"featured_media":1317,"comment_status":"open","ping_status":"open","sticky":false,"template":"","format":"standard","meta":{"_et_pb_use_builder":"","_et_pb_old_content":"","_et_gb_content_width":"","footnotes":""},"categories":[6],"tags":[61,62,18,289,123,31,60],"class_list":["post-1316","post","type-post","status-publish","format-standard","has-post-thumbnail","hentry","category-politique","tag-aes","tag-alliance-des-etats-du-sahel","tag-burkina-faso","tag-cedeao","tag-confederation-de-lalliances-des-etats-du-sahel","tag-mali","tag-niger"],"yoast_head":"<!-- This site is optimized with the Yoast SEO plugin v27.5 - https:\/\/yoast.com\/product\/yoast-seo-wordpress\/ -->\n<title>Sortie de l\u2019AES de la CEDEAO : Enjeux et perspectives d\u2019une nouvelle \u00e8re \u00e9conomique - Vox Sahel<\/title>\n<meta name=\"robots\" content=\"index, follow, max-snippet:-1, max-image-preview:large, max-video-preview:-1\" \/>\n<link rel=\"canonical\" href=\"https:\/\/voxsahel.com\/?p=1316\" \/>\n<meta property=\"og:locale\" content=\"fr_FR\" \/>\n<meta property=\"og:type\" content=\"article\" \/>\n<meta property=\"og:title\" content=\"Sortie de l\u2019AES de la CEDEAO : Enjeux et perspectives d\u2019une nouvelle \u00e8re \u00e9conomique - Vox Sahel\" \/>\n<meta property=\"og:description\" content=\"Ce mardi 28 janvier 2025 marque le premier anniversaire du retrait du Burkina Faso, du\" \/>\n<meta property=\"og:url\" content=\"https:\/\/voxsahel.com\/?p=1316\" \/>\n<meta property=\"og:site_name\" content=\"Vox Sahel\" \/>\n<meta property=\"article:publisher\" content=\"https:\/\/www.facebook.com\/journal.voxsahel\" \/>\n<meta property=\"article:published_time\" content=\"2025-01-31T16:32:44+00:00\" \/>\n<meta property=\"og:image\" content=\"https:\/\/voxsahel.com\/wp-content\/uploads\/2025\/01\/AES-28janv-1.jpg\" \/>\n\t<meta property=\"og:image:width\" content=\"845\" \/>\n\t<meta property=\"og:image:height\" content=\"768\" \/>\n\t<meta property=\"og:image:type\" content=\"image\/jpeg\" \/>\n<meta name=\"author\" content=\"Vox Sahel\" \/>\n<meta name=\"twitter:card\" content=\"summary_large_image\" \/>\n<meta name=\"twitter:label1\" content=\"\u00c9crit par\" \/>\n\t<meta name=\"twitter:data1\" content=\"Vox Sahel\" \/>\n\t<meta name=\"twitter:label2\" content=\"Dur\u00e9e de lecture estim\u00e9e\" \/>\n\t<meta name=\"twitter:data2\" content=\"3 minutes\" \/>\n<script type=\"application\/ld+json\" class=\"yoast-schema-graph\">{\"@context\":\"https:\\\/\\\/schema.org\",\"@graph\":[{\"@type\":\"Article\",\"@id\":\"https:\\\/\\\/voxsahel.com\\\/?p=1316#article\",\"isPartOf\":{\"@id\":\"https:\\\/\\\/voxsahel.com\\\/?p=1316\"},\"author\":{\"name\":\"Vox Sahel\",\"@id\":\"https:\\\/\\\/voxsahel.com\\\/#\\\/schema\\\/person\\\/b4043608248f8fa227cd760e7ff1e19e\"},\"headline\":\"Sortie de l\u2019AES de la CEDEAO : Enjeux et perspectives d\u2019une nouvelle \u00e8re \u00e9conomique\",\"datePublished\":\"2025-01-31T16:32:44+00:00\",\"mainEntityOfPage\":{\"@id\":\"https:\\\/\\\/voxsahel.com\\\/?p=1316\"},\"wordCount\":591,\"commentCount\":0,\"publisher\":{\"@id\":\"https:\\\/\\\/voxsahel.com\\\/#organization\"},\"image\":{\"@id\":\"https:\\\/\\\/voxsahel.com\\\/?p=1316#primaryimage\"},\"thumbnailUrl\":\"https:\\\/\\\/voxsahel.com\\\/wp-content\\\/uploads\\\/2025\\\/01\\\/AES-28janv-1.jpg\",\"keywords\":[\"AES\",\"Alliance des \u00c9tats du Sahel\",\"Burkina Faso\",\"CEDEAO\",\"Conf\u00e9d\u00e9ration de l\u2019Alliances des \u00c9tats du Sahel\",\"Mali\",\"Niger\"],\"articleSection\":[\"POLITIQUE\"],\"inLanguage\":\"fr-FR\",\"potentialAction\":[{\"@type\":\"CommentAction\",\"name\":\"Comment\",\"target\":[\"https:\\\/\\\/voxsahel.com\\\/?p=1316#respond\"]}]},{\"@type\":\"WebPage\",\"@id\":\"https:\\\/\\\/voxsahel.com\\\/?p=1316\",\"url\":\"https:\\\/\\\/voxsahel.com\\\/?p=1316\",\"name\":\"Sortie de l\u2019AES de la CEDEAO : Enjeux et perspectives d\u2019une nouvelle \u00e8re \u00e9conomique - Vox Sahel\",\"isPartOf\":{\"@id\":\"https:\\\/\\\/voxsahel.com\\\/#website\"},\"primaryImageOfPage\":{\"@id\":\"https:\\\/\\\/voxsahel.com\\\/?p=1316#primaryimage\"},\"image\":{\"@id\":\"https:\\\/\\\/voxsahel.com\\\/?p=1316#primaryimage\"},\"thumbnailUrl\":\"https:\\\/\\\/voxsahel.com\\\/wp-content\\\/uploads\\\/2025\\\/01\\\/AES-28janv-1.jpg\",\"datePublished\":\"2025-01-31T16:32:44+00:00\",\"breadcrumb\":{\"@id\":\"https:\\\/\\\/voxsahel.com\\\/?p=1316#breadcrumb\"},\"inLanguage\":\"fr-FR\",\"potentialAction\":[{\"@type\":\"ReadAction\",\"target\":[\"https:\\\/\\\/voxsahel.com\\\/?p=1316\"]}]},{\"@type\":\"ImageObject\",\"inLanguage\":\"fr-FR\",\"@id\":\"https:\\\/\\\/voxsahel.com\\\/?p=1316#primaryimage\",\"url\":\"https:\\\/\\\/voxsahel.com\\\/wp-content\\\/uploads\\\/2025\\\/01\\\/AES-28janv-1.jpg\",\"contentUrl\":\"https:\\\/\\\/voxsahel.com\\\/wp-content\\\/uploads\\\/2025\\\/01\\\/AES-28janv-1.jpg\",\"width\":845,\"height\":768,\"caption\":\"Sortie de l\u2019AES de la CEDEAO : Enjeux et perspectives d\u2019une nouvelle \u00e8re \u00e9conomique\"},{\"@type\":\"BreadcrumbList\",\"@id\":\"https:\\\/\\\/voxsahel.com\\\/?p=1316#breadcrumb\",\"itemListElement\":[{\"@type\":\"ListItem\",\"position\":1,\"name\":\"Home\",\"item\":\"https:\\\/\\\/voxsahel.com\\\/\"},{\"@type\":\"ListItem\",\"position\":2,\"name\":\"Sortie de l\u2019AES de la CEDEAO : Enjeux et perspectives d\u2019une nouvelle \u00e8re \u00e9conomique\"}]},{\"@type\":\"WebSite\",\"@id\":\"https:\\\/\\\/voxsahel.com\\\/#website\",\"url\":\"https:\\\/\\\/voxsahel.com\\\/\",\"name\":\"Vox Sahel\",\"description\":\"Informez-vous sur le Sahel en un clic\",\"publisher\":{\"@id\":\"https:\\\/\\\/voxsahel.com\\\/#organization\"},\"potentialAction\":[{\"@type\":\"SearchAction\",\"target\":{\"@type\":\"EntryPoint\",\"urlTemplate\":\"https:\\\/\\\/voxsahel.com\\\/?s={search_term_string}\"},\"query-input\":{\"@type\":\"PropertyValueSpecification\",\"valueRequired\":true,\"valueName\":\"search_term_string\"}}],\"inLanguage\":\"fr-FR\"},{\"@type\":\"Organization\",\"@id\":\"https:\\\/\\\/voxsahel.com\\\/#organization\",\"name\":\"Vox Sahel\",\"url\":\"https:\\\/\\\/voxsahel.com\\\/\",\"logo\":{\"@type\":\"ImageObject\",\"inLanguage\":\"fr-FR\",\"@id\":\"https:\\\/\\\/voxsahel.com\\\/#\\\/schema\\\/logo\\\/image\\\/\",\"url\":\"https:\\\/\\\/voxsahel.com\\\/wp-content\\\/uploads\\\/2024\\\/09\\\/Logo-Vox-Sahel.jpg\",\"contentUrl\":\"https:\\\/\\\/voxsahel.com\\\/wp-content\\\/uploads\\\/2024\\\/09\\\/Logo-Vox-Sahel.jpg\",\"width\":1181,\"height\":848,\"caption\":\"Vox Sahel\"},\"image\":{\"@id\":\"https:\\\/\\\/voxsahel.com\\\/#\\\/schema\\\/logo\\\/image\\\/\"},\"sameAs\":[\"https:\\\/\\\/www.facebook.com\\\/journal.voxsahel\"]},{\"@type\":\"Person\",\"@id\":\"https:\\\/\\\/voxsahel.com\\\/#\\\/schema\\\/person\\\/b4043608248f8fa227cd760e7ff1e19e\",\"name\":\"Vox Sahel\",\"image\":{\"@type\":\"ImageObject\",\"inLanguage\":\"fr-FR\",\"@id\":\"https:\\\/\\\/secure.gravatar.com\\\/avatar\\\/f70e7fa0cb9b29d4a7c5788d6eb2e9ab4d3135cbae1c9161810fdf77a8964699?s=96&d=mm&r=g\",\"url\":\"https:\\\/\\\/secure.gravatar.com\\\/avatar\\\/f70e7fa0cb9b29d4a7c5788d6eb2e9ab4d3135cbae1c9161810fdf77a8964699?s=96&d=mm&r=g\",\"contentUrl\":\"https:\\\/\\\/secure.gravatar.com\\\/avatar\\\/f70e7fa0cb9b29d4a7c5788d6eb2e9ab4d3135cbae1c9161810fdf77a8964699?s=96&d=mm&r=g\",\"caption\":\"Vox Sahel\"},\"sameAs\":[\"http:\\\/\\\/www.voxsahel.com\"],\"url\":\"https:\\\/\\\/voxsahel.com\\\/?author=2\"}]}<\/script>\n<!-- \/ Yoast SEO plugin. -->","yoast_head_json":{"title":"Sortie de l\u2019AES de la CEDEAO : Enjeux et perspectives d\u2019une nouvelle \u00e8re \u00e9conomique - Vox Sahel","robots":{"index":"index","follow":"follow","max-snippet":"max-snippet:-1","max-image-preview":"max-image-preview:large","max-video-preview":"max-video-preview:-1"},"canonical":"https:\/\/voxsahel.com\/?p=1316","og_locale":"fr_FR","og_type":"article","og_title":"Sortie de l\u2019AES de la CEDEAO : Enjeux et perspectives d\u2019une nouvelle \u00e8re \u00e9conomique - Vox Sahel","og_description":"Ce mardi 28 janvier 2025 marque le premier anniversaire du retrait du Burkina Faso, du","og_url":"https:\/\/voxsahel.com\/?p=1316","og_site_name":"Vox Sahel","article_publisher":"https:\/\/www.facebook.com\/journal.voxsahel","article_published_time":"2025-01-31T16:32:44+00:00","og_image":[{"width":845,"height":768,"url":"https:\/\/voxsahel.com\/wp-content\/uploads\/2025\/01\/AES-28janv-1.jpg","type":"image\/jpeg"}],"author":"Vox Sahel","twitter_card":"summary_large_image","twitter_misc":{"\u00c9crit par":"Vox Sahel","Dur\u00e9e de lecture estim\u00e9e":"3 minutes"},"schema":{"@context":"https:\/\/schema.org","@graph":[{"@type":"Article","@id":"https:\/\/voxsahel.com\/?p=1316#article","isPartOf":{"@id":"https:\/\/voxsahel.com\/?p=1316"},"author":{"name":"Vox Sahel","@id":"https:\/\/voxsahel.com\/#\/schema\/person\/b4043608248f8fa227cd760e7ff1e19e"},"headline":"Sortie de l\u2019AES de la CEDEAO : Enjeux et perspectives d\u2019une nouvelle \u00e8re \u00e9conomique","datePublished":"2025-01-31T16:32:44+00:00","mainEntityOfPage":{"@id":"https:\/\/voxsahel.com\/?p=1316"},"wordCount":591,"commentCount":0,"publisher":{"@id":"https:\/\/voxsahel.com\/#organization"},"image":{"@id":"https:\/\/voxsahel.com\/?p=1316#primaryimage"},"thumbnailUrl":"https:\/\/voxsahel.com\/wp-content\/uploads\/2025\/01\/AES-28janv-1.jpg","keywords":["AES","Alliance des \u00c9tats du Sahel","Burkina Faso","CEDEAO","Conf\u00e9d\u00e9ration de l\u2019Alliances des \u00c9tats du Sahel","Mali","Niger"],"articleSection":["POLITIQUE"],"inLanguage":"fr-FR","potentialAction":[{"@type":"CommentAction","name":"Comment","target":["https:\/\/voxsahel.com\/?p=1316#respond"]}]},{"@type":"WebPage","@id":"https:\/\/voxsahel.com\/?p=1316","url":"https:\/\/voxsahel.com\/?p=1316","name":"Sortie de l\u2019AES de la CEDEAO : Enjeux et perspectives d\u2019une nouvelle \u00e8re \u00e9conomique - Vox Sahel","isPartOf":{"@id":"https:\/\/voxsahel.com\/#website"},"primaryImageOfPage":{"@id":"https:\/\/voxsahel.com\/?p=1316#primaryimage"},"image":{"@id":"https:\/\/voxsahel.com\/?p=1316#primaryimage"},"thumbnailUrl":"https:\/\/voxsahel.com\/wp-content\/uploads\/2025\/01\/AES-28janv-1.jpg","datePublished":"2025-01-31T16:32:44+00:00","breadcrumb":{"@id":"https:\/\/voxsahel.com\/?p=1316#breadcrumb"},"inLanguage":"fr-FR","potentialAction":[{"@type":"ReadAction","target":["https:\/\/voxsahel.com\/?p=1316"]}]},{"@type":"ImageObject","inLanguage":"fr-FR","@id":"https:\/\/voxsahel.com\/?p=1316#primaryimage","url":"https:\/\/voxsahel.com\/wp-content\/uploads\/2025\/01\/AES-28janv-1.jpg","contentUrl":"https:\/\/voxsahel.com\/wp-content\/uploads\/2025\/01\/AES-28janv-1.jpg","width":845,"height":768,"caption":"Sortie de l\u2019AES de la CEDEAO : Enjeux et perspectives d\u2019une nouvelle \u00e8re \u00e9conomique"},{"@type":"BreadcrumbList","@id":"https:\/\/voxsahel.com\/?p=1316#breadcrumb","itemListElement":[{"@type":"ListItem","position":1,"name":"Home","item":"https:\/\/voxsahel.com\/"},{"@type":"ListItem","position":2,"name":"Sortie de l\u2019AES de la CEDEAO : Enjeux et perspectives d\u2019une nouvelle \u00e8re \u00e9conomique"}]},{"@type":"WebSite","@id":"https:\/\/voxsahel.com\/#website","url":"https:\/\/voxsahel.com\/","name":"Vox Sahel","description":"Informez-vous sur le Sahel en un clic","publisher":{"@id":"https:\/\/voxsahel.com\/#organization"},"potentialAction":[{"@type":"SearchAction","target":{"@type":"EntryPoint","urlTemplate":"https:\/\/voxsahel.com\/?s={search_term_string}"},"query-input":{"@type":"PropertyValueSpecification","valueRequired":true,"valueName":"search_term_string"}}],"inLanguage":"fr-FR"},{"@type":"Organization","@id":"https:\/\/voxsahel.com\/#organization","name":"Vox Sahel","url":"https:\/\/voxsahel.com\/","logo":{"@type":"ImageObject","inLanguage":"fr-FR","@id":"https:\/\/voxsahel.com\/#\/schema\/logo\/image\/","url":"https:\/\/voxsahel.com\/wp-content\/uploads\/2024\/09\/Logo-Vox-Sahel.jpg","contentUrl":"https:\/\/voxsahel.com\/wp-content\/uploads\/2024\/09\/Logo-Vox-Sahel.jpg","width":1181,"height":848,"caption":"Vox Sahel"},"image":{"@id":"https:\/\/voxsahel.com\/#\/schema\/logo\/image\/"},"sameAs":["https:\/\/www.facebook.com\/journal.voxsahel"]},{"@type":"Person","@id":"https:\/\/voxsahel.com\/#\/schema\/person\/b4043608248f8fa227cd760e7ff1e19e","name":"Vox Sahel","image":{"@type":"ImageObject","inLanguage":"fr-FR","@id":"https:\/\/secure.gravatar.com\/avatar\/f70e7fa0cb9b29d4a7c5788d6eb2e9ab4d3135cbae1c9161810fdf77a8964699?s=96&d=mm&r=g","url":"https:\/\/secure.gravatar.com\/avatar\/f70e7fa0cb9b29d4a7c5788d6eb2e9ab4d3135cbae1c9161810fdf77a8964699?s=96&d=mm&r=g","contentUrl":"https:\/\/secure.gravatar.com\/avatar\/f70e7fa0cb9b29d4a7c5788d6eb2e9ab4d3135cbae1c9161810fdf77a8964699?s=96&d=mm&r=g","caption":"Vox Sahel"},"sameAs":["http:\/\/www.voxsahel.com"],"url":"https:\/\/voxsahel.com\/?author=2"}]}},"_links":{"self":[{"href":"https:\/\/voxsahel.com\/index.php?rest_route=\/wp\/v2\/posts\/1316","targetHints":{"allow":["GET"]}}],"collection":[{"href":"https:\/\/voxsahel.com\/index.php?rest_route=\/wp\/v2\/posts"}],"about":[{"href":"https:\/\/voxsahel.com\/index.php?rest_route=\/wp\/v2\/types\/post"}],"author":[{"embeddable":true,"href":"https:\/\/voxsahel.com\/index.php?rest_route=\/wp\/v2\/users\/2"}],"replies":[{"embeddable":true,"href":"https:\/\/voxsahel.com\/index.php?rest_route=%2Fwp%2Fv2%2Fcomments&post=1316"}],"version-history":[{"count":1,"href":"https:\/\/voxsahel.com\/index.php?rest_route=\/wp\/v2\/posts\/1316\/revisions"}],"predecessor-version":[{"id":1318,"href":"https:\/\/voxsahel.com\/index.php?rest_route=\/wp\/v2\/posts\/1316\/revisions\/1318"}],"wp:featuredmedia":[{"embeddable":true,"href":"https:\/\/voxsahel.com\/index.php?rest_route=\/wp\/v2\/media\/1317"}],"wp:attachment":[{"href":"https:\/\/voxsahel.com\/index.php?rest_route=%2Fwp%2Fv2%2Fmedia&parent=1316"}],"wp:term":[{"taxonomy":"category","embeddable":true,"href":"https:\/\/voxsahel.com\/index.php?rest_route=%2Fwp%2Fv2%2Fcategories&post=1316"},{"taxonomy":"post_tag","embeddable":true,"href":"https:\/\/voxsahel.com\/index.php?rest_route=%2Fwp%2Fv2%2Ftags&post=1316"}],"curies":[{"name":"wp","href":"https:\/\/api.w.org\/{rel}","templated":true}]}}