{"id":1305,"date":"2025-01-28T15:46:44","date_gmt":"2025-01-28T15:46:44","guid":{"rendered":"https:\/\/voxsahel.com\/?p=1305"},"modified":"2025-01-28T15:46:44","modified_gmt":"2025-01-28T15:46:44","slug":"burkina-faso-la-douane-honoree-pour-leur-engagement-en-faveur-de-la-securite-sanitaire-et-de-la-protection-des-droits-dauteur","status":"publish","type":"post","link":"https:\/\/voxsahel.com\/?p=1305","title":{"rendered":"Burkina Faso : La Douane honor\u00e9e pour leur engagement en faveur de la S\u00e9curit\u00e9 sanitaire et de la Protection des droits d&rsquo;auteur"},"content":{"rendered":"<p class=\"p1\"><span class=\"s2\">L\u2019Agence nationale pour la s\u00e9curit\u00e9 sanitaire de l\u2019environnement, de l\u2019alimentation, du travail et des produits de sant\u00e9 (ANSSEAT) et le Bureau Burkinab\u00e8 du Droit d\u2019Auteur (BBDA) ont r\u00e9cemment d\u00e9cern\u00e9 des attestations de reconnaissance \u00e0 la Direction g\u00e9n\u00e9rale des Douanes (DGD).<\/span><\/p>\n<p class=\"p1\"><span class=\"s2\">Ces distinctions r\u00e9compensent le r\u00f4le majeur jou\u00e9 par les Douanes dans deux domaines strat\u00e9giques : la protection des consommateurs et le soutien au monde artistique et litt\u00e9raire.<\/span><\/p>\n<p class=\"p1\"><span class=\"s2\">\ud835\udc0f\ud835\udc2b\ud835\udc28\ud835\udc2d\ud835\udc1e\ud835\udc1c\ud835\udc2d\ud835\udc22\ud835\udc28\ud835\udc27 \ud835\udc1d\ud835\udc1e\ud835\udc2c \ud835\udc1c\ud835\udc28\ud835\udc27\ud835\udc2c\ud835\udc28\ud835\udc26\ud835\udc26\ud835\udc1a\ud835\udc2d\ud835\udc1e\ud835\udc2e\ud835\udc2b\ud835\udc2c : \ud835\udc2e\ud835\udc27 \ud835\udc1e\ud835\udc27\ud835\udc20\ud835\udc1a\ud835\udc20\ud835\udc1e\ud835\udc26\ud835\udc1e\ud835\udc27\ud835\udc2d \ud835\udc29\ud835\udc28\ud835\udc2e\ud835\udc2b \ud835\udc25\ud835\udc1a \ud835\udc2c\ud835\udc1e\u0301\ud835\udc1c\ud835\udc2e\ud835\udc2b\ud835\udc22\ud835\udc2d\ud835\udc1e\u0301 \ud835\udc2c\ud835\udc1a\ud835\udc27\ud835\udc22\ud835\udc2d\ud835\udc1a\ud835\udc22\ud835\udc2b\ud835\udc1e<\/span><\/p>\n<p class=\"p1\"><span class=\"s2\">Gr\u00e2ce \u00e0 un partenariat renforc\u00e9 avec l\u2019ANSSEAT, la DGD garantit que les marchandises import\u00e9es sur le territoire burkinab\u00e8 r\u00e9pondent aux normes de qualit\u00e9 et de s\u00e9curit\u00e9.<\/span><\/p>\n<p class=\"p1\"><span class=\"s2\">Parmi les actions mises en \u0153uvre :<\/span><\/p>\n<p class=\"p1\"><span class=\"s2\"> \u2022 Contr\u00f4les rigoureux visant \u00e0 \u00e9liminer les produits p\u00e9rim\u00e9s, contrefaits ou non conformes ;<\/span><\/p>\n<p class=\"p1\"><span class=\"s2\"> \u2022 Exigence obligatoire d\u2019un certificat ANSSEAT avant toute proc\u00e9dure de d\u00e9douanement, assurant la s\u00e9curit\u00e9 et la sant\u00e9 des citoyens burkinab\u00e8.<\/span><\/p>\n<p class=\"p1\"><span class=\"s2\">\ud835\udc0f\ud835\udc2b\ud835\udc28\ud835\udc2d\ud835\udc1e\ud835\udc1c\ud835\udc2d\ud835\udc22\ud835\udc28\ud835\udc27 \ud835\udc1d\ud835\udc1e\ud835\udc2c \ud835\udc1d\ud835\udc2b\ud835\udc28\ud835\udc22\ud835\udc2d\ud835\udc2c \ud835\udc1d\u2019\ud835\udc1a\ud835\udc2e\ud835\udc2d\ud835\udc1e\ud835\udc2e\ud835\udc2b : \ud835\udc2e\ud835\udc27 \ud835\udc2c\ud835\udc28\ud835\udc2e\ud835\udc2d\ud835\udc22\ud835\udc1e\ud835\udc27 \ud835\udc1a\u0300 \ud835\udc25\ud835\udc1a \ud835\udc1c\ud835\udc2e\ud835\udc25\ud835\udc2d\ud835\udc2e\ud835\udc2b\ud835\udc1e \ud835\udc1e\ud835\udc2d \ud835\udc1a\u0300 \ud835\udc25\ud835\udc1a \ud835\udc1c\ud835\udc2b\ud835\udc1e\u0301\ud835\udc1a\ud835\udc2d\ud835\udc22\ud835\udc2f\ud835\udc22\ud835\udc2d\ud835\udc1e\u0301<\/span><\/p>\n<p class=\"p1\"><span class=\"s2\">Les Douanes jouent \u00e9galement un r\u00f4le cl\u00e9 dans la valorisation et la protection du patrimoine artistique et litt\u00e9raire national. En collaboration avec le BBDA, elles :<\/span><\/p>\n<p class=\"p1\"><span class=\"s2\"> \u2022 Assurent la collecte efficace des droits d\u2019auteur ;<\/span><\/p>\n<p class=\"p1\"><span class=\"s2\"> \u2022 M\u00e8nent une lutte active contre la contrefa\u00e7on des \u0153uvres artistiques et litt\u00e9raires ;<\/span><\/p>\n<p class=\"p1\"><span class=\"s2\"> \u2022 Soutiennent la r\u00e9mun\u00e9ration pour copie priv\u00e9e et reprographie (RCP-RRO), un m\u00e9canisme instaur\u00e9 en 2012 pour garantir une juste r\u00e9mun\u00e9ration des cr\u00e9ateurs.<\/span><\/p>\n<p class=\"p1\"><span class=\"s2\">\ud835\udc14\ud835\udc27 \ud835\udc29\ud835\udc1a\ud835\udc2b\ud835\udc2d\ud835\udc1e\ud835\udc27\ud835\udc1a\ud835\udc2b\ud835\udc22\ud835\udc1a\ud835\udc2d \ud835\udc1a\ud835\udc2e \ud835\udc2c\ud835\udc1e\ud835\udc2b\ud835\udc2f\ud835\udc22\ud835\udc1c\ud835\udc1e \ud835\udc1d\ud835\udc1e \ud835\udc25\u2019\ud835\udc22\ud835\udc27\ud835\udc2d\ud835\udc1e\u0301\ud835\udc2b\ud835\udc1e\u0302\ud835\udc2d \ud835\udc27\ud835\udc1a\ud835\udc2d\ud835\udc22\ud835\udc28\ud835\udc27\ud835\udc1a\ud835\udc25<\/span><\/p>\n<p class=\"p1\"><span class=\"s2\">Cette double reconnaissance de l\u2019ANSSEAT et du BBDA met en lumi\u00e8re le r\u00f4le strat\u00e9gique des Douanes Burkinab\u00e8 dans la pr\u00e9servation des int\u00e9r\u00eats nationaux. Par leur rigueur et leur collaboration exemplaire avec d\u2019autres institutions, les Douanes :<\/span><\/p>\n<p class=\"p1\"><span class=\"s2\"> \u2022 Contribuent \u00e0 la sant\u00e9 publique en s\u00e9curisant les flux commerciaux ;<\/span><\/p>\n<p class=\"p1\"><span class=\"s2\"> \u2022 Soutiennent l\u2019\u00e9cosyst\u00e8me artistique et litt\u00e9raire, garantissant ainsi le rayonnement de la culture burkinab\u00e8.<\/span><\/p>\n<p class=\"p1\"><span class=\"s2\">Ces distinctions viennent confirmer l\u2019importance de la DGD dans le d\u00e9veloppement \u00e9conomique, social et culturel du Burkina Faso, tout en r\u00e9affirmant son engagement \u00e0 \u0153uvrer pour la s\u00e9curit\u00e9 et la justice sociale.<\/span><\/p>\n<p class=\"p1\"><span class=\"s2\"> \ud835\udc0b\ud835\udc1a \ud835\udc03\ud835\udc28\ud835\udc2e\ud835\udc1a\ud835\udc27\ud835\udc1e : \ud835\udc07\ud835\udc28\ud835\udc27\ud835\udc27\ud835\udc1e\ud835\udc2e\ud835\udc2b-\ud835\udc03\ud835\udc1e\u0301\ud835\udc2f\ud835\udc28\ud835\udc2e\ud835\udc1e\ud835\udc26\ud835\udc1e\ud835\udc27\ud835\udc2d-\ud835\udc15\ud835\udc22\ud835\udc20\ud835\udc22\ud835\udc25\ud835\udc1a\ud835\udc27\ud835\udc1c\ud835\udc1e<\/span><\/p>\n<p class=\"p1\"><span class=\"s2\">\ud835\udc12\ud835\udc02\ud835\udc11\ud835\udc0f-\ud835\udc03\ud835\udc06\ud835\udc03<\/span><\/p>\n","protected":false},"excerpt":{"rendered":"<p>L\u2019Agence nationale pour la s\u00e9curit\u00e9 sanitaire de l\u2019environnement, de l\u2019alimentation, du travail et des produits<\/p>\n","protected":false},"author":2,"featured_media":1306,"comment_status":"open","ping_status":"open","sticky":false,"template":"","format":"standard","meta":{"_et_pb_use_builder":"","_et_pb_old_content":"","_et_gb_content_width":"","footnotes":""},"categories":[8],"tags":[571,574,144,145,18,572,146,573],"class_list":["post-1305","post","type-post","status-publish","format-standard","has-post-thumbnail","hentry","category-developpement","tag-agence-nationale-pour-la-securite-sanitaire-de-lenvironnement","tag-ansseat","tag-bbda","tag-bureau-burkinabe-du-droit-dauteur","tag-burkina-faso","tag-de-lalimentation","tag-douanes-du-burkina-faso","tag-du-travail-et-des-produits-de-sante"],"yoast_head":"<!-- This site is optimized with the Yoast SEO plugin v27.5 - https:\/\/yoast.com\/product\/yoast-seo-wordpress\/ -->\n<title>Burkina Faso : La Douane honor\u00e9e pour leur engagement en faveur de la S\u00e9curit\u00e9 sanitaire et de la Protection des droits d&#039;auteur - Vox Sahel<\/title>\n<meta name=\"robots\" content=\"index, follow, max-snippet:-1, max-image-preview:large, max-video-preview:-1\" \/>\n<link rel=\"canonical\" href=\"https:\/\/voxsahel.com\/?p=1305\" \/>\n<meta property=\"og:locale\" content=\"fr_FR\" \/>\n<meta property=\"og:type\" content=\"article\" \/>\n<meta property=\"og:title\" content=\"Burkina Faso : La Douane honor\u00e9e pour leur engagement en faveur de la S\u00e9curit\u00e9 sanitaire et de la Protection des droits d&#039;auteur - Vox Sahel\" \/>\n<meta property=\"og:description\" content=\"L\u2019Agence nationale pour la s\u00e9curit\u00e9 sanitaire de l\u2019environnement, de l\u2019alimentation, du travail et des produits\" \/>\n<meta property=\"og:url\" content=\"https:\/\/voxsahel.com\/?p=1305\" \/>\n<meta property=\"og:site_name\" content=\"Vox Sahel\" \/>\n<meta property=\"article:publisher\" content=\"https:\/\/www.facebook.com\/journal.voxsahel\" \/>\n<meta property=\"article:published_time\" content=\"2025-01-28T15:46:44+00:00\" \/>\n<meta property=\"og:image\" content=\"https:\/\/voxsahel.com\/wp-content\/uploads\/2025\/01\/IMG_8469.jpeg\" \/>\n\t<meta property=\"og:image:width\" content=\"2048\" \/>\n\t<meta property=\"og:image:height\" content=\"2048\" \/>\n\t<meta property=\"og:image:type\" content=\"image\/jpeg\" \/>\n<meta name=\"author\" content=\"Vox Sahel\" \/>\n<meta name=\"twitter:card\" content=\"summary_large_image\" \/>\n<meta name=\"twitter:label1\" content=\"\u00c9crit par\" \/>\n\t<meta name=\"twitter:data1\" content=\"Vox Sahel\" \/>\n\t<meta name=\"twitter:label2\" content=\"Dur\u00e9e de lecture estim\u00e9e\" \/>\n\t<meta name=\"twitter:data2\" content=\"2 minutes\" \/>\n<script type=\"application\/ld+json\" class=\"yoast-schema-graph\">{\"@context\":\"https:\\\/\\\/schema.org\",\"@graph\":[{\"@type\":\"Article\",\"@id\":\"https:\\\/\\\/voxsahel.com\\\/?p=1305#article\",\"isPartOf\":{\"@id\":\"https:\\\/\\\/voxsahel.com\\\/?p=1305\"},\"author\":{\"name\":\"Vox Sahel\",\"@id\":\"https:\\\/\\\/voxsahel.com\\\/#\\\/schema\\\/person\\\/b4043608248f8fa227cd760e7ff1e19e\"},\"headline\":\"Burkina Faso : La Douane honor\u00e9e pour leur engagement en faveur de la S\u00e9curit\u00e9 sanitaire et de la Protection des droits d&rsquo;auteur\",\"datePublished\":\"2025-01-28T15:46:44+00:00\",\"mainEntityOfPage\":{\"@id\":\"https:\\\/\\\/voxsahel.com\\\/?p=1305\"},\"wordCount\":359,\"commentCount\":0,\"publisher\":{\"@id\":\"https:\\\/\\\/voxsahel.com\\\/#organization\"},\"image\":{\"@id\":\"https:\\\/\\\/voxsahel.com\\\/?p=1305#primaryimage\"},\"thumbnailUrl\":\"https:\\\/\\\/voxsahel.com\\\/wp-content\\\/uploads\\\/2025\\\/01\\\/IMG_8469.jpeg\",\"keywords\":[\"Agence nationale pour la s\u00e9curit\u00e9 sanitaire de l\u2019environnement\",\"ANSSEAT\",\"BBDA\",\"Bureau Burkinab\u00e8 du Droit d'Auteur\",\"Burkina Faso\",\"de l\u2019alimentation\",\"Douanes du Burkina Faso\",\"du travail et des produits de sant\u00e9\"],\"articleSection\":[\"DEVELOPPEMENT\"],\"inLanguage\":\"fr-FR\",\"potentialAction\":[{\"@type\":\"CommentAction\",\"name\":\"Comment\",\"target\":[\"https:\\\/\\\/voxsahel.com\\\/?p=1305#respond\"]}]},{\"@type\":\"WebPage\",\"@id\":\"https:\\\/\\\/voxsahel.com\\\/?p=1305\",\"url\":\"https:\\\/\\\/voxsahel.com\\\/?p=1305\",\"name\":\"Burkina Faso : La Douane honor\u00e9e pour leur engagement en faveur de la S\u00e9curit\u00e9 sanitaire et de la Protection des droits d'auteur - Vox Sahel\",\"isPartOf\":{\"@id\":\"https:\\\/\\\/voxsahel.com\\\/#website\"},\"primaryImageOfPage\":{\"@id\":\"https:\\\/\\\/voxsahel.com\\\/?p=1305#primaryimage\"},\"image\":{\"@id\":\"https:\\\/\\\/voxsahel.com\\\/?p=1305#primaryimage\"},\"thumbnailUrl\":\"https:\\\/\\\/voxsahel.com\\\/wp-content\\\/uploads\\\/2025\\\/01\\\/IMG_8469.jpeg\",\"datePublished\":\"2025-01-28T15:46:44+00:00\",\"breadcrumb\":{\"@id\":\"https:\\\/\\\/voxsahel.com\\\/?p=1305#breadcrumb\"},\"inLanguage\":\"fr-FR\",\"potentialAction\":[{\"@type\":\"ReadAction\",\"target\":[\"https:\\\/\\\/voxsahel.com\\\/?p=1305\"]}]},{\"@type\":\"ImageObject\",\"inLanguage\":\"fr-FR\",\"@id\":\"https:\\\/\\\/voxsahel.com\\\/?p=1305#primaryimage\",\"url\":\"https:\\\/\\\/voxsahel.com\\\/wp-content\\\/uploads\\\/2025\\\/01\\\/IMG_8469.jpeg\",\"contentUrl\":\"https:\\\/\\\/voxsahel.com\\\/wp-content\\\/uploads\\\/2025\\\/01\\\/IMG_8469.jpeg\",\"width\":2048,\"height\":2048},{\"@type\":\"BreadcrumbList\",\"@id\":\"https:\\\/\\\/voxsahel.com\\\/?p=1305#breadcrumb\",\"itemListElement\":[{\"@type\":\"ListItem\",\"position\":1,\"name\":\"Home\",\"item\":\"https:\\\/\\\/voxsahel.com\\\/\"},{\"@type\":\"ListItem\",\"position\":2,\"name\":\"Burkina Faso : La Douane honor\u00e9e pour leur engagement en faveur de la S\u00e9curit\u00e9 sanitaire et de la Protection des droits d&rsquo;auteur\"}]},{\"@type\":\"WebSite\",\"@id\":\"https:\\\/\\\/voxsahel.com\\\/#website\",\"url\":\"https:\\\/\\\/voxsahel.com\\\/\",\"name\":\"Vox Sahel\",\"description\":\"Informez-vous sur le Sahel en un clic\",\"publisher\":{\"@id\":\"https:\\\/\\\/voxsahel.com\\\/#organization\"},\"potentialAction\":[{\"@type\":\"SearchAction\",\"target\":{\"@type\":\"EntryPoint\",\"urlTemplate\":\"https:\\\/\\\/voxsahel.com\\\/?s={search_term_string}\"},\"query-input\":{\"@type\":\"PropertyValueSpecification\",\"valueRequired\":true,\"valueName\":\"search_term_string\"}}],\"inLanguage\":\"fr-FR\"},{\"@type\":\"Organization\",\"@id\":\"https:\\\/\\\/voxsahel.com\\\/#organization\",\"name\":\"Vox Sahel\",\"url\":\"https:\\\/\\\/voxsahel.com\\\/\",\"logo\":{\"@type\":\"ImageObject\",\"inLanguage\":\"fr-FR\",\"@id\":\"https:\\\/\\\/voxsahel.com\\\/#\\\/schema\\\/logo\\\/image\\\/\",\"url\":\"https:\\\/\\\/voxsahel.com\\\/wp-content\\\/uploads\\\/2024\\\/09\\\/Logo-Vox-Sahel.jpg\",\"contentUrl\":\"https:\\\/\\\/voxsahel.com\\\/wp-content\\\/uploads\\\/2024\\\/09\\\/Logo-Vox-Sahel.jpg\",\"width\":1181,\"height\":848,\"caption\":\"Vox Sahel\"},\"image\":{\"@id\":\"https:\\\/\\\/voxsahel.com\\\/#\\\/schema\\\/logo\\\/image\\\/\"},\"sameAs\":[\"https:\\\/\\\/www.facebook.com\\\/journal.voxsahel\"]},{\"@type\":\"Person\",\"@id\":\"https:\\\/\\\/voxsahel.com\\\/#\\\/schema\\\/person\\\/b4043608248f8fa227cd760e7ff1e19e\",\"name\":\"Vox Sahel\",\"image\":{\"@type\":\"ImageObject\",\"inLanguage\":\"fr-FR\",\"@id\":\"https:\\\/\\\/secure.gravatar.com\\\/avatar\\\/f70e7fa0cb9b29d4a7c5788d6eb2e9ab4d3135cbae1c9161810fdf77a8964699?s=96&d=mm&r=g\",\"url\":\"https:\\\/\\\/secure.gravatar.com\\\/avatar\\\/f70e7fa0cb9b29d4a7c5788d6eb2e9ab4d3135cbae1c9161810fdf77a8964699?s=96&d=mm&r=g\",\"contentUrl\":\"https:\\\/\\\/secure.gravatar.com\\\/avatar\\\/f70e7fa0cb9b29d4a7c5788d6eb2e9ab4d3135cbae1c9161810fdf77a8964699?s=96&d=mm&r=g\",\"caption\":\"Vox Sahel\"},\"sameAs\":[\"http:\\\/\\\/www.voxsahel.com\"],\"url\":\"https:\\\/\\\/voxsahel.com\\\/?author=2\"}]}<\/script>\n<!-- \/ Yoast SEO plugin. -->","yoast_head_json":{"title":"Burkina Faso : La Douane honor\u00e9e pour leur engagement en faveur de la S\u00e9curit\u00e9 sanitaire et de la Protection des droits d'auteur - Vox Sahel","robots":{"index":"index","follow":"follow","max-snippet":"max-snippet:-1","max-image-preview":"max-image-preview:large","max-video-preview":"max-video-preview:-1"},"canonical":"https:\/\/voxsahel.com\/?p=1305","og_locale":"fr_FR","og_type":"article","og_title":"Burkina Faso : La Douane honor\u00e9e pour leur engagement en faveur de la S\u00e9curit\u00e9 sanitaire et de la Protection des droits d'auteur - Vox Sahel","og_description":"L\u2019Agence nationale pour la s\u00e9curit\u00e9 sanitaire de l\u2019environnement, de l\u2019alimentation, du travail et des produits","og_url":"https:\/\/voxsahel.com\/?p=1305","og_site_name":"Vox Sahel","article_publisher":"https:\/\/www.facebook.com\/journal.voxsahel","article_published_time":"2025-01-28T15:46:44+00:00","og_image":[{"width":2048,"height":2048,"url":"https:\/\/voxsahel.com\/wp-content\/uploads\/2025\/01\/IMG_8469.jpeg","type":"image\/jpeg"}],"author":"Vox Sahel","twitter_card":"summary_large_image","twitter_misc":{"\u00c9crit par":"Vox Sahel","Dur\u00e9e de lecture estim\u00e9e":"2 minutes"},"schema":{"@context":"https:\/\/schema.org","@graph":[{"@type":"Article","@id":"https:\/\/voxsahel.com\/?p=1305#article","isPartOf":{"@id":"https:\/\/voxsahel.com\/?p=1305"},"author":{"name":"Vox Sahel","@id":"https:\/\/voxsahel.com\/#\/schema\/person\/b4043608248f8fa227cd760e7ff1e19e"},"headline":"Burkina Faso : La Douane honor\u00e9e pour leur engagement en faveur de la S\u00e9curit\u00e9 sanitaire et de la Protection des droits d&rsquo;auteur","datePublished":"2025-01-28T15:46:44+00:00","mainEntityOfPage":{"@id":"https:\/\/voxsahel.com\/?p=1305"},"wordCount":359,"commentCount":0,"publisher":{"@id":"https:\/\/voxsahel.com\/#organization"},"image":{"@id":"https:\/\/voxsahel.com\/?p=1305#primaryimage"},"thumbnailUrl":"https:\/\/voxsahel.com\/wp-content\/uploads\/2025\/01\/IMG_8469.jpeg","keywords":["Agence nationale pour la s\u00e9curit\u00e9 sanitaire de l\u2019environnement","ANSSEAT","BBDA","Bureau Burkinab\u00e8 du Droit d'Auteur","Burkina Faso","de l\u2019alimentation","Douanes du Burkina Faso","du travail et des produits de sant\u00e9"],"articleSection":["DEVELOPPEMENT"],"inLanguage":"fr-FR","potentialAction":[{"@type":"CommentAction","name":"Comment","target":["https:\/\/voxsahel.com\/?p=1305#respond"]}]},{"@type":"WebPage","@id":"https:\/\/voxsahel.com\/?p=1305","url":"https:\/\/voxsahel.com\/?p=1305","name":"Burkina Faso : La Douane honor\u00e9e pour leur engagement en faveur de la S\u00e9curit\u00e9 sanitaire et de la Protection des droits d'auteur - Vox Sahel","isPartOf":{"@id":"https:\/\/voxsahel.com\/#website"},"primaryImageOfPage":{"@id":"https:\/\/voxsahel.com\/?p=1305#primaryimage"},"image":{"@id":"https:\/\/voxsahel.com\/?p=1305#primaryimage"},"thumbnailUrl":"https:\/\/voxsahel.com\/wp-content\/uploads\/2025\/01\/IMG_8469.jpeg","datePublished":"2025-01-28T15:46:44+00:00","breadcrumb":{"@id":"https:\/\/voxsahel.com\/?p=1305#breadcrumb"},"inLanguage":"fr-FR","potentialAction":[{"@type":"ReadAction","target":["https:\/\/voxsahel.com\/?p=1305"]}]},{"@type":"ImageObject","inLanguage":"fr-FR","@id":"https:\/\/voxsahel.com\/?p=1305#primaryimage","url":"https:\/\/voxsahel.com\/wp-content\/uploads\/2025\/01\/IMG_8469.jpeg","contentUrl":"https:\/\/voxsahel.com\/wp-content\/uploads\/2025\/01\/IMG_8469.jpeg","width":2048,"height":2048},{"@type":"BreadcrumbList","@id":"https:\/\/voxsahel.com\/?p=1305#breadcrumb","itemListElement":[{"@type":"ListItem","position":1,"name":"Home","item":"https:\/\/voxsahel.com\/"},{"@type":"ListItem","position":2,"name":"Burkina Faso : La Douane honor\u00e9e pour leur engagement en faveur de la S\u00e9curit\u00e9 sanitaire et de la Protection des droits d&rsquo;auteur"}]},{"@type":"WebSite","@id":"https:\/\/voxsahel.com\/#website","url":"https:\/\/voxsahel.com\/","name":"Vox Sahel","description":"Informez-vous sur le Sahel en un clic","publisher":{"@id":"https:\/\/voxsahel.com\/#organization"},"potentialAction":[{"@type":"SearchAction","target":{"@type":"EntryPoint","urlTemplate":"https:\/\/voxsahel.com\/?s={search_term_string}"},"query-input":{"@type":"PropertyValueSpecification","valueRequired":true,"valueName":"search_term_string"}}],"inLanguage":"fr-FR"},{"@type":"Organization","@id":"https:\/\/voxsahel.com\/#organization","name":"Vox Sahel","url":"https:\/\/voxsahel.com\/","logo":{"@type":"ImageObject","inLanguage":"fr-FR","@id":"https:\/\/voxsahel.com\/#\/schema\/logo\/image\/","url":"https:\/\/voxsahel.com\/wp-content\/uploads\/2024\/09\/Logo-Vox-Sahel.jpg","contentUrl":"https:\/\/voxsahel.com\/wp-content\/uploads\/2024\/09\/Logo-Vox-Sahel.jpg","width":1181,"height":848,"caption":"Vox Sahel"},"image":{"@id":"https:\/\/voxsahel.com\/#\/schema\/logo\/image\/"},"sameAs":["https:\/\/www.facebook.com\/journal.voxsahel"]},{"@type":"Person","@id":"https:\/\/voxsahel.com\/#\/schema\/person\/b4043608248f8fa227cd760e7ff1e19e","name":"Vox Sahel","image":{"@type":"ImageObject","inLanguage":"fr-FR","@id":"https:\/\/secure.gravatar.com\/avatar\/f70e7fa0cb9b29d4a7c5788d6eb2e9ab4d3135cbae1c9161810fdf77a8964699?s=96&d=mm&r=g","url":"https:\/\/secure.gravatar.com\/avatar\/f70e7fa0cb9b29d4a7c5788d6eb2e9ab4d3135cbae1c9161810fdf77a8964699?s=96&d=mm&r=g","contentUrl":"https:\/\/secure.gravatar.com\/avatar\/f70e7fa0cb9b29d4a7c5788d6eb2e9ab4d3135cbae1c9161810fdf77a8964699?s=96&d=mm&r=g","caption":"Vox Sahel"},"sameAs":["http:\/\/www.voxsahel.com"],"url":"https:\/\/voxsahel.com\/?author=2"}]}},"_links":{"self":[{"href":"https:\/\/voxsahel.com\/index.php?rest_route=\/wp\/v2\/posts\/1305","targetHints":{"allow":["GET"]}}],"collection":[{"href":"https:\/\/voxsahel.com\/index.php?rest_route=\/wp\/v2\/posts"}],"about":[{"href":"https:\/\/voxsahel.com\/index.php?rest_route=\/wp\/v2\/types\/post"}],"author":[{"embeddable":true,"href":"https:\/\/voxsahel.com\/index.php?rest_route=\/wp\/v2\/users\/2"}],"replies":[{"embeddable":true,"href":"https:\/\/voxsahel.com\/index.php?rest_route=%2Fwp%2Fv2%2Fcomments&post=1305"}],"version-history":[{"count":1,"href":"https:\/\/voxsahel.com\/index.php?rest_route=\/wp\/v2\/posts\/1305\/revisions"}],"predecessor-version":[{"id":1307,"href":"https:\/\/voxsahel.com\/index.php?rest_route=\/wp\/v2\/posts\/1305\/revisions\/1307"}],"wp:featuredmedia":[{"embeddable":true,"href":"https:\/\/voxsahel.com\/index.php?rest_route=\/wp\/v2\/media\/1306"}],"wp:attachment":[{"href":"https:\/\/voxsahel.com\/index.php?rest_route=%2Fwp%2Fv2%2Fmedia&parent=1305"}],"wp:term":[{"taxonomy":"category","embeddable":true,"href":"https:\/\/voxsahel.com\/index.php?rest_route=%2Fwp%2Fv2%2Fcategories&post=1305"},{"taxonomy":"post_tag","embeddable":true,"href":"https:\/\/voxsahel.com\/index.php?rest_route=%2Fwp%2Fv2%2Ftags&post=1305"}],"curies":[{"name":"wp","href":"https:\/\/api.w.org\/{rel}","templated":true}]}}