{"id":129,"date":"2024-09-12T16:41:54","date_gmt":"2024-09-12T16:41:54","guid":{"rendered":"https:\/\/voxsahel.com\/?p=129"},"modified":"2024-09-12T16:42:55","modified_gmt":"2024-09-12T16:42:55","slug":"burkina-faso-inauguration-dun-centre-de-formation-multidisciplinaire-a-ouagadougou-par-la-fondation-go-paga","status":"publish","type":"post","link":"https:\/\/voxsahel.com\/?p=129","title":{"rendered":"Burkina Faso\u00a0: Inauguration d&rsquo;un Centre de Formation Multidisciplinaire \u00e0 Ouagadougou par la Fondation GO-PAGA"},"content":{"rendered":"<p><strong>La <a href=\"https:\/\/www.gopaga.org\/\">Fondation GO-PAGA<\/a> continue de faire preuve de r\u00e9silience et de soutien ind\u00e9fectible envers les veuves et orphelins des Forces de D\u00e9fense et de S\u00e9curit\u00e9 (FDS) ainsi que les Volontaires pour la D\u00e9fense de la Patrie (VDP). Malgr\u00e9 les nombreux d\u00e9fis rencontr\u00e9s, la Fondation a r\u00e9cemment inaugur\u00e9, le 12 septembre 2024 , \u00e0 Ouagadougou, un nouveau centre de formation multidisciplinaire \u00e0 Ouagadougou, d\u00e9di\u00e9 \u00e0 l&rsquo;autonomisation financi\u00e8re de ces femmes \u00e0 travers des formations professionnelles.<\/strong><\/p>\n<p>Le centre propose des formations en saponification, couture, coiffure et p\u00e2tisserie. Les programmes en couture et coiffure dureront neuf mois et seront sanctionn\u00e9s par un Certificat de qualification professionnelle, tandis que la saponification et la p\u00e2tisserie se d\u00e9rouleront respectivement sur un mois et trois mois. Lors de la c\u00e9r\u00e9monie d&rsquo;inauguration, 100 kits de formation ont \u00e9t\u00e9 distribu\u00e9s aux b\u00e9n\u00e9ficiaires, avec l&rsquo;objectif ambitieux d&rsquo;anciennes 250 femmes \u00e0 Ouagadougou, Kaya, Koudougou, et Fada N&rsquo;Gourma.<\/p>\n<p>Fadima Kambou, pr\u00e9sidente de la Fondation GO-PAGA, a exprim\u00e9 son engagement en faveur de l&rsquo;autonomisation des veuves et des femmes en difficult\u00e9, en d\u00e9montrant l&rsquo;importance de les doter de comp\u00e9tences leur de subvenir \u00e0 leurs besoins. \u00ab L&rsquo;objectif est de permettre \u00e0 toutes les veuves et femmes civiles dans le besoin de b\u00e9n\u00e9ficier de ces formations. Elles fabriqueront du savon, proposeront des services de couture, de coiffure, etc. Nous vous invitons \u00e0 acheter leurs produits afin de les soutenir \u00bb, a-t-elle d\u00e9clar\u00e9.<\/p>\n<p>La c\u00e9r\u00e9monie a \u00e9t\u00e9 marqu\u00e9e par l&rsquo;intervention du Dr Palamanga Ouoba, repr\u00e9sentant la ministre de l&rsquo;Action humanitaire, qui a r\u00e9affirm\u00e9 le soutien du gouvernement burkinab\u00e8 \u00e0 l&rsquo;initiative de la Fondation. Il a soulign\u00e9 l&rsquo;importance de cette action pour l&rsquo;autonomisation des femmes et le soutien des familles victimes du terrorisme.<\/p>\n<p>Depuis sa cr\u00e9ation en 2021, la Fondation GO-PAGA a mis en place plusieurs infrastructures et programmes pour soutenir les militaires et leurs familles. Avec plus de 15 sites construits, dont des centres de formation et des cr\u00e8ches, et l&rsquo;\u00e9ducation de plus de 1 000 enfants, la Fondation joue un r\u00f4le crucial dans le soutien aux familles des militaires tomb\u00e9s au front.<\/p>\n<p>La c\u00e9r\u00e9monie s&rsquo;est conclue par des remerciements chaleureux \u00e0 l&rsquo;\u00e9gard de la Fondation, la remise de cadeaux \u00e0 Fadima Kambou, et un moment convivial partag\u00e9 autour d&rsquo;un rafra\u00eechissement. Cette initiative incarne un pas important vers l&rsquo;autonomisation des veuves et repr\u00e9sente un soutien inestimable pour les victimes du terrorisme au Burkina Faso.<\/p>\n<p style=\"text-align: right;\"><strong>Par Vox Sahel<\/strong><\/p>\n","protected":false},"excerpt":{"rendered":"<p>La Fondation GO-PAGA continue de faire preuve de r\u00e9silience et de soutien ind\u00e9fectible envers les<\/p>\n","protected":false},"author":2,"featured_media":131,"comment_status":"open","ping_status":"open","sticky":false,"template":"","format":"standard","meta":{"_et_pb_use_builder":"","_et_pb_old_content":"","_et_gb_content_width":"","footnotes":""},"categories":[8,5],"tags":[43,18,48,42,46,47,44,45,20],"class_list":["post-129","post","type-post","status-publish","format-standard","has-post-thumbnail","hentry","category-developpement","category-societe","tag-association","tag-burkina-faso","tag-fondation-go-paga","tag-humanitaire","tag-ong","tag-organisation-non-gouvernementale","tag-osc","tag-societe-civile","tag-terrorisme"],"yoast_head":"<!-- This site is optimized with the Yoast SEO plugin v27.5 - https:\/\/yoast.com\/product\/yoast-seo-wordpress\/ -->\n<title>Burkina Faso\u00a0: Inauguration d&#039;un Centre de Formation Multidisciplinaire \u00e0 Ouagadougou par la Fondation GO-PAGA - Vox Sahel<\/title>\n<meta name=\"robots\" content=\"index, follow, max-snippet:-1, max-image-preview:large, max-video-preview:-1\" \/>\n<link rel=\"canonical\" href=\"https:\/\/voxsahel.com\/?p=129\" \/>\n<meta property=\"og:locale\" content=\"fr_FR\" \/>\n<meta property=\"og:type\" content=\"article\" \/>\n<meta property=\"og:title\" content=\"Burkina Faso\u00a0: Inauguration d&#039;un Centre de Formation Multidisciplinaire \u00e0 Ouagadougou par la Fondation GO-PAGA - Vox Sahel\" \/>\n<meta property=\"og:description\" content=\"La Fondation GO-PAGA continue de faire preuve de r\u00e9silience et de soutien ind\u00e9fectible envers les\" \/>\n<meta property=\"og:url\" content=\"https:\/\/voxsahel.com\/?p=129\" \/>\n<meta property=\"og:site_name\" content=\"Vox Sahel\" \/>\n<meta property=\"article:publisher\" content=\"https:\/\/www.facebook.com\/journal.voxsahel\" \/>\n<meta property=\"article:published_time\" content=\"2024-09-12T16:41:54+00:00\" \/>\n<meta property=\"article:modified_time\" content=\"2024-09-12T16:42:55+00:00\" \/>\n<meta property=\"og:image\" content=\"https:\/\/voxsahel.com\/wp-content\/uploads\/2024\/09\/bon.jpg\" \/>\n\t<meta property=\"og:image:width\" content=\"1080\" \/>\n\t<meta property=\"og:image:height\" content=\"810\" \/>\n\t<meta property=\"og:image:type\" content=\"image\/jpeg\" \/>\n<meta name=\"author\" content=\"Vox Sahel\" \/>\n<meta name=\"twitter:card\" content=\"summary_large_image\" \/>\n<meta name=\"twitter:label1\" content=\"\u00c9crit par\" \/>\n\t<meta name=\"twitter:data1\" content=\"Vox Sahel\" \/>\n\t<meta name=\"twitter:label2\" content=\"Dur\u00e9e de lecture estim\u00e9e\" \/>\n\t<meta name=\"twitter:data2\" content=\"3 minutes\" \/>\n<script type=\"application\/ld+json\" class=\"yoast-schema-graph\">{\"@context\":\"https:\\\/\\\/schema.org\",\"@graph\":[{\"@type\":\"Article\",\"@id\":\"https:\\\/\\\/voxsahel.com\\\/?p=129#article\",\"isPartOf\":{\"@id\":\"https:\\\/\\\/voxsahel.com\\\/?p=129\"},\"author\":{\"name\":\"Vox Sahel\",\"@id\":\"https:\\\/\\\/voxsahel.com\\\/#\\\/schema\\\/person\\\/b4043608248f8fa227cd760e7ff1e19e\"},\"headline\":\"Burkina Faso\u00a0: Inauguration d&rsquo;un Centre de Formation Multidisciplinaire \u00e0 Ouagadougou par la Fondation GO-PAGA\",\"datePublished\":\"2024-09-12T16:41:54+00:00\",\"dateModified\":\"2024-09-12T16:42:55+00:00\",\"mainEntityOfPage\":{\"@id\":\"https:\\\/\\\/voxsahel.com\\\/?p=129\"},\"wordCount\":440,\"commentCount\":0,\"publisher\":{\"@id\":\"https:\\\/\\\/voxsahel.com\\\/#organization\"},\"image\":{\"@id\":\"https:\\\/\\\/voxsahel.com\\\/?p=129#primaryimage\"},\"thumbnailUrl\":\"https:\\\/\\\/voxsahel.com\\\/wp-content\\\/uploads\\\/2024\\\/09\\\/bon.jpg\",\"keywords\":[\"Association\",\"Burkina Faso\",\"Fondation GO-PAGA\",\"Humanitaire\",\"ONG\",\"Organisation Non Gouvernementale\",\"OSC\",\"Soci\u00e9t\u00e9 Civile\",\"Terrorisme\"],\"articleSection\":[\"DEVELOPPEMENT\",\"SOCIETE\"],\"inLanguage\":\"fr-FR\",\"potentialAction\":[{\"@type\":\"CommentAction\",\"name\":\"Comment\",\"target\":[\"https:\\\/\\\/voxsahel.com\\\/?p=129#respond\"]}]},{\"@type\":\"WebPage\",\"@id\":\"https:\\\/\\\/voxsahel.com\\\/?p=129\",\"url\":\"https:\\\/\\\/voxsahel.com\\\/?p=129\",\"name\":\"Burkina Faso\u00a0: Inauguration d'un Centre de Formation Multidisciplinaire \u00e0 Ouagadougou par la Fondation GO-PAGA - Vox Sahel\",\"isPartOf\":{\"@id\":\"https:\\\/\\\/voxsahel.com\\\/#website\"},\"primaryImageOfPage\":{\"@id\":\"https:\\\/\\\/voxsahel.com\\\/?p=129#primaryimage\"},\"image\":{\"@id\":\"https:\\\/\\\/voxsahel.com\\\/?p=129#primaryimage\"},\"thumbnailUrl\":\"https:\\\/\\\/voxsahel.com\\\/wp-content\\\/uploads\\\/2024\\\/09\\\/bon.jpg\",\"datePublished\":\"2024-09-12T16:41:54+00:00\",\"dateModified\":\"2024-09-12T16:42:55+00:00\",\"breadcrumb\":{\"@id\":\"https:\\\/\\\/voxsahel.com\\\/?p=129#breadcrumb\"},\"inLanguage\":\"fr-FR\",\"potentialAction\":[{\"@type\":\"ReadAction\",\"target\":[\"https:\\\/\\\/voxsahel.com\\\/?p=129\"]}]},{\"@type\":\"ImageObject\",\"inLanguage\":\"fr-FR\",\"@id\":\"https:\\\/\\\/voxsahel.com\\\/?p=129#primaryimage\",\"url\":\"https:\\\/\\\/voxsahel.com\\\/wp-content\\\/uploads\\\/2024\\\/09\\\/bon.jpg\",\"contentUrl\":\"https:\\\/\\\/voxsahel.com\\\/wp-content\\\/uploads\\\/2024\\\/09\\\/bon.jpg\",\"width\":1080,\"height\":810},{\"@type\":\"BreadcrumbList\",\"@id\":\"https:\\\/\\\/voxsahel.com\\\/?p=129#breadcrumb\",\"itemListElement\":[{\"@type\":\"ListItem\",\"position\":1,\"name\":\"Home\",\"item\":\"https:\\\/\\\/voxsahel.com\\\/\"},{\"@type\":\"ListItem\",\"position\":2,\"name\":\"Burkina Faso\u00a0: Inauguration d&rsquo;un Centre de Formation Multidisciplinaire \u00e0 Ouagadougou par la Fondation GO-PAGA\"}]},{\"@type\":\"WebSite\",\"@id\":\"https:\\\/\\\/voxsahel.com\\\/#website\",\"url\":\"https:\\\/\\\/voxsahel.com\\\/\",\"name\":\"Vox Sahel\",\"description\":\"Informez-vous sur le Sahel en un clic\",\"publisher\":{\"@id\":\"https:\\\/\\\/voxsahel.com\\\/#organization\"},\"potentialAction\":[{\"@type\":\"SearchAction\",\"target\":{\"@type\":\"EntryPoint\",\"urlTemplate\":\"https:\\\/\\\/voxsahel.com\\\/?s={search_term_string}\"},\"query-input\":{\"@type\":\"PropertyValueSpecification\",\"valueRequired\":true,\"valueName\":\"search_term_string\"}}],\"inLanguage\":\"fr-FR\"},{\"@type\":\"Organization\",\"@id\":\"https:\\\/\\\/voxsahel.com\\\/#organization\",\"name\":\"Vox Sahel\",\"url\":\"https:\\\/\\\/voxsahel.com\\\/\",\"logo\":{\"@type\":\"ImageObject\",\"inLanguage\":\"fr-FR\",\"@id\":\"https:\\\/\\\/voxsahel.com\\\/#\\\/schema\\\/logo\\\/image\\\/\",\"url\":\"https:\\\/\\\/voxsahel.com\\\/wp-content\\\/uploads\\\/2024\\\/09\\\/Logo-Vox-Sahel.jpg\",\"contentUrl\":\"https:\\\/\\\/voxsahel.com\\\/wp-content\\\/uploads\\\/2024\\\/09\\\/Logo-Vox-Sahel.jpg\",\"width\":1181,\"height\":848,\"caption\":\"Vox Sahel\"},\"image\":{\"@id\":\"https:\\\/\\\/voxsahel.com\\\/#\\\/schema\\\/logo\\\/image\\\/\"},\"sameAs\":[\"https:\\\/\\\/www.facebook.com\\\/journal.voxsahel\"]},{\"@type\":\"Person\",\"@id\":\"https:\\\/\\\/voxsahel.com\\\/#\\\/schema\\\/person\\\/b4043608248f8fa227cd760e7ff1e19e\",\"name\":\"Vox Sahel\",\"image\":{\"@type\":\"ImageObject\",\"inLanguage\":\"fr-FR\",\"@id\":\"https:\\\/\\\/secure.gravatar.com\\\/avatar\\\/f70e7fa0cb9b29d4a7c5788d6eb2e9ab4d3135cbae1c9161810fdf77a8964699?s=96&d=mm&r=g\",\"url\":\"https:\\\/\\\/secure.gravatar.com\\\/avatar\\\/f70e7fa0cb9b29d4a7c5788d6eb2e9ab4d3135cbae1c9161810fdf77a8964699?s=96&d=mm&r=g\",\"contentUrl\":\"https:\\\/\\\/secure.gravatar.com\\\/avatar\\\/f70e7fa0cb9b29d4a7c5788d6eb2e9ab4d3135cbae1c9161810fdf77a8964699?s=96&d=mm&r=g\",\"caption\":\"Vox Sahel\"},\"sameAs\":[\"http:\\\/\\\/www.voxsahel.com\"],\"url\":\"https:\\\/\\\/voxsahel.com\\\/?author=2\"}]}<\/script>\n<!-- \/ Yoast SEO plugin. -->","yoast_head_json":{"title":"Burkina Faso\u00a0: Inauguration d'un Centre de Formation Multidisciplinaire \u00e0 Ouagadougou par la Fondation GO-PAGA - Vox Sahel","robots":{"index":"index","follow":"follow","max-snippet":"max-snippet:-1","max-image-preview":"max-image-preview:large","max-video-preview":"max-video-preview:-1"},"canonical":"https:\/\/voxsahel.com\/?p=129","og_locale":"fr_FR","og_type":"article","og_title":"Burkina Faso\u00a0: Inauguration d'un Centre de Formation Multidisciplinaire \u00e0 Ouagadougou par la Fondation GO-PAGA - Vox Sahel","og_description":"La Fondation GO-PAGA continue de faire preuve de r\u00e9silience et de soutien ind\u00e9fectible envers les","og_url":"https:\/\/voxsahel.com\/?p=129","og_site_name":"Vox Sahel","article_publisher":"https:\/\/www.facebook.com\/journal.voxsahel","article_published_time":"2024-09-12T16:41:54+00:00","article_modified_time":"2024-09-12T16:42:55+00:00","og_image":[{"width":1080,"height":810,"url":"https:\/\/voxsahel.com\/wp-content\/uploads\/2024\/09\/bon.jpg","type":"image\/jpeg"}],"author":"Vox Sahel","twitter_card":"summary_large_image","twitter_misc":{"\u00c9crit par":"Vox Sahel","Dur\u00e9e de lecture estim\u00e9e":"3 minutes"},"schema":{"@context":"https:\/\/schema.org","@graph":[{"@type":"Article","@id":"https:\/\/voxsahel.com\/?p=129#article","isPartOf":{"@id":"https:\/\/voxsahel.com\/?p=129"},"author":{"name":"Vox Sahel","@id":"https:\/\/voxsahel.com\/#\/schema\/person\/b4043608248f8fa227cd760e7ff1e19e"},"headline":"Burkina Faso\u00a0: Inauguration d&rsquo;un Centre de Formation Multidisciplinaire \u00e0 Ouagadougou par la Fondation GO-PAGA","datePublished":"2024-09-12T16:41:54+00:00","dateModified":"2024-09-12T16:42:55+00:00","mainEntityOfPage":{"@id":"https:\/\/voxsahel.com\/?p=129"},"wordCount":440,"commentCount":0,"publisher":{"@id":"https:\/\/voxsahel.com\/#organization"},"image":{"@id":"https:\/\/voxsahel.com\/?p=129#primaryimage"},"thumbnailUrl":"https:\/\/voxsahel.com\/wp-content\/uploads\/2024\/09\/bon.jpg","keywords":["Association","Burkina Faso","Fondation GO-PAGA","Humanitaire","ONG","Organisation Non Gouvernementale","OSC","Soci\u00e9t\u00e9 Civile","Terrorisme"],"articleSection":["DEVELOPPEMENT","SOCIETE"],"inLanguage":"fr-FR","potentialAction":[{"@type":"CommentAction","name":"Comment","target":["https:\/\/voxsahel.com\/?p=129#respond"]}]},{"@type":"WebPage","@id":"https:\/\/voxsahel.com\/?p=129","url":"https:\/\/voxsahel.com\/?p=129","name":"Burkina Faso\u00a0: Inauguration d'un Centre de Formation Multidisciplinaire \u00e0 Ouagadougou par la Fondation GO-PAGA - Vox Sahel","isPartOf":{"@id":"https:\/\/voxsahel.com\/#website"},"primaryImageOfPage":{"@id":"https:\/\/voxsahel.com\/?p=129#primaryimage"},"image":{"@id":"https:\/\/voxsahel.com\/?p=129#primaryimage"},"thumbnailUrl":"https:\/\/voxsahel.com\/wp-content\/uploads\/2024\/09\/bon.jpg","datePublished":"2024-09-12T16:41:54+00:00","dateModified":"2024-09-12T16:42:55+00:00","breadcrumb":{"@id":"https:\/\/voxsahel.com\/?p=129#breadcrumb"},"inLanguage":"fr-FR","potentialAction":[{"@type":"ReadAction","target":["https:\/\/voxsahel.com\/?p=129"]}]},{"@type":"ImageObject","inLanguage":"fr-FR","@id":"https:\/\/voxsahel.com\/?p=129#primaryimage","url":"https:\/\/voxsahel.com\/wp-content\/uploads\/2024\/09\/bon.jpg","contentUrl":"https:\/\/voxsahel.com\/wp-content\/uploads\/2024\/09\/bon.jpg","width":1080,"height":810},{"@type":"BreadcrumbList","@id":"https:\/\/voxsahel.com\/?p=129#breadcrumb","itemListElement":[{"@type":"ListItem","position":1,"name":"Home","item":"https:\/\/voxsahel.com\/"},{"@type":"ListItem","position":2,"name":"Burkina Faso\u00a0: Inauguration d&rsquo;un Centre de Formation Multidisciplinaire \u00e0 Ouagadougou par la Fondation GO-PAGA"}]},{"@type":"WebSite","@id":"https:\/\/voxsahel.com\/#website","url":"https:\/\/voxsahel.com\/","name":"Vox Sahel","description":"Informez-vous sur le Sahel en un clic","publisher":{"@id":"https:\/\/voxsahel.com\/#organization"},"potentialAction":[{"@type":"SearchAction","target":{"@type":"EntryPoint","urlTemplate":"https:\/\/voxsahel.com\/?s={search_term_string}"},"query-input":{"@type":"PropertyValueSpecification","valueRequired":true,"valueName":"search_term_string"}}],"inLanguage":"fr-FR"},{"@type":"Organization","@id":"https:\/\/voxsahel.com\/#organization","name":"Vox Sahel","url":"https:\/\/voxsahel.com\/","logo":{"@type":"ImageObject","inLanguage":"fr-FR","@id":"https:\/\/voxsahel.com\/#\/schema\/logo\/image\/","url":"https:\/\/voxsahel.com\/wp-content\/uploads\/2024\/09\/Logo-Vox-Sahel.jpg","contentUrl":"https:\/\/voxsahel.com\/wp-content\/uploads\/2024\/09\/Logo-Vox-Sahel.jpg","width":1181,"height":848,"caption":"Vox Sahel"},"image":{"@id":"https:\/\/voxsahel.com\/#\/schema\/logo\/image\/"},"sameAs":["https:\/\/www.facebook.com\/journal.voxsahel"]},{"@type":"Person","@id":"https:\/\/voxsahel.com\/#\/schema\/person\/b4043608248f8fa227cd760e7ff1e19e","name":"Vox Sahel","image":{"@type":"ImageObject","inLanguage":"fr-FR","@id":"https:\/\/secure.gravatar.com\/avatar\/f70e7fa0cb9b29d4a7c5788d6eb2e9ab4d3135cbae1c9161810fdf77a8964699?s=96&d=mm&r=g","url":"https:\/\/secure.gravatar.com\/avatar\/f70e7fa0cb9b29d4a7c5788d6eb2e9ab4d3135cbae1c9161810fdf77a8964699?s=96&d=mm&r=g","contentUrl":"https:\/\/secure.gravatar.com\/avatar\/f70e7fa0cb9b29d4a7c5788d6eb2e9ab4d3135cbae1c9161810fdf77a8964699?s=96&d=mm&r=g","caption":"Vox Sahel"},"sameAs":["http:\/\/www.voxsahel.com"],"url":"https:\/\/voxsahel.com\/?author=2"}]}},"_links":{"self":[{"href":"https:\/\/voxsahel.com\/index.php?rest_route=\/wp\/v2\/posts\/129","targetHints":{"allow":["GET"]}}],"collection":[{"href":"https:\/\/voxsahel.com\/index.php?rest_route=\/wp\/v2\/posts"}],"about":[{"href":"https:\/\/voxsahel.com\/index.php?rest_route=\/wp\/v2\/types\/post"}],"author":[{"embeddable":true,"href":"https:\/\/voxsahel.com\/index.php?rest_route=\/wp\/v2\/users\/2"}],"replies":[{"embeddable":true,"href":"https:\/\/voxsahel.com\/index.php?rest_route=%2Fwp%2Fv2%2Fcomments&post=129"}],"version-history":[{"count":1,"href":"https:\/\/voxsahel.com\/index.php?rest_route=\/wp\/v2\/posts\/129\/revisions"}],"predecessor-version":[{"id":132,"href":"https:\/\/voxsahel.com\/index.php?rest_route=\/wp\/v2\/posts\/129\/revisions\/132"}],"wp:featuredmedia":[{"embeddable":true,"href":"https:\/\/voxsahel.com\/index.php?rest_route=\/wp\/v2\/media\/131"}],"wp:attachment":[{"href":"https:\/\/voxsahel.com\/index.php?rest_route=%2Fwp%2Fv2%2Fmedia&parent=129"}],"wp:term":[{"taxonomy":"category","embeddable":true,"href":"https:\/\/voxsahel.com\/index.php?rest_route=%2Fwp%2Fv2%2Fcategories&post=129"},{"taxonomy":"post_tag","embeddable":true,"href":"https:\/\/voxsahel.com\/index.php?rest_route=%2Fwp%2Fv2%2Ftags&post=129"}],"curies":[{"name":"wp","href":"https:\/\/api.w.org\/{rel}","templated":true}]}}