{"id":1286,"date":"2025-01-25T12:10:42","date_gmt":"2025-01-25T12:10:42","guid":{"rendered":"https:\/\/voxsahel.com\/?p=1286"},"modified":"2025-01-25T12:10:42","modified_gmt":"2025-01-25T12:10:42","slug":"cooperation-sino-burkinabe-une-aide-denviron-17-milliards-francs-cfa-accordee-par-la-republique-populaire-de-chine-pour-la-realisation-de-projets-structurants","status":"publish","type":"post","link":"https:\/\/voxsahel.com\/?p=1286","title":{"rendered":"Coop\u00e9ration sino-burkinab\u00e8 : une aide d\u2019environ 17 milliards francs CFA accord\u00e9e par la R\u00e9publique Populaire de Chine pour la r\u00e9alisation de projets structurants"},"content":{"rendered":"<p>Ce vendredi 24 janvier 2025, le ministre des Affaires \u00e9trang\u00e8res de la Coop\u00e9ration r\u00e9gionale et des Burkinab\u00e8 de l\u2019Ext\u00e9rieur SEM Karamoko Jean Marie TRAORE et l\u2019Ambassadeur de la R\u00e9publique Populaire de Chine SEM Lu SHAN ont proc\u00e9d\u00e9 \u00e0 la signature d\u2019une convention de don d\u2019environ 17 milliards de francs CFA.<\/p>\n<p>La R\u00e9publique Populaire de Chine accorde ainsi au Burkina Faso une aide sans contrepartie pour la r\u00e9alisation de projets dans des secteurs strat\u00e9giques au profit des populations.<\/p>\n<p>Cette signature de convention vient concr\u00e9tiser la promesse faite par le Pr\u00e9sident de la R\u00e9publique Populaire de Chine, Xi JINPING, lors du forum sur la coop\u00e9ration sino africaine FOCAC, tenu en septembre 2024 \u00e0 P\u00e9kin.<\/p>\n<p>L\u2019Ambassadeur de la Chine SEM Lu SHAN a indiqu\u00e9 que cet appui du gouvernement de son pays au peuple du Burkina Faso, traduit une volont\u00e9 et un engagement de propulser la coop\u00e9ration sino-burkinab\u00e8 au plus haut niveau.<br \/>\n\u00ab Ce projet refl\u00e8te le niveau de collaboration et la bonne amiti\u00e9 entre les deux pays \u00bb, a -t-il rench\u00e9rit.<\/p>\n<p>La R\u00e9publique Populaire de Chine entend \u0153uvrer davantage \u00e0 construire un partenariat strat\u00e9gique avec le Burkina Faso, et soutenir le pays dans sa dynamique de d\u00e9veloppement et d\u2019affirmation de de sa souverainet\u00e9.<\/p>\n<p>SEM Karamoko Jean Marie TRAORE a salu\u00e9 cet important geste fait par la R\u00e9publique Populaire de Chine \u00e0 l\u2019endroit du peuple burkinab\u00e8.<br \/>\nIl a t\u00e9moign\u00e9 toute la gratitude des plus hautes autorit\u00e9s burkinab\u00e8 aux autorit\u00e9s chinoises, pour cette marque de solidarit\u00e9 et cette grande g\u00e9n\u00e9rosit\u00e9.<\/p>\n<p>\u00ab Cette aide de 17 milliards de FCFA permettra de financer des projets d\u2019int\u00e9r\u00eat majeur pour notre pays, des projets identifi\u00e9s sur la base de nos propres priorit\u00e9s, et de nos propres aspirations \u00bb, a pr\u00e9cis\u00e9 le ministre en charge des Affaires \u00e9trang\u00e8res.<\/p>\n<blockquote>\n<p style=\"text-align: left;\">\n\u00ab La Chine et le Burkina Faso, ont choisi de hisser leur coop\u00e9ration \u00e0 un niveau strat\u00e9gique, ce qui prouve qu\u2019ils ont la volont\u00e9 et l\u2019engagement d\u2019aller vers un nouveau mod\u00e8le de coop\u00e9ration et le geste d\u2019aujourd\u2019hui vient confirmer cette volont\u00e9 partag\u00e9e \u00bb, soutient SEM Karamoko Jean Marie TRAORE.<\/p>\n<\/blockquote>\n<p>DCRP\/MAECR-BE<\/p>\n<p>&nbsp;<\/p>\n","protected":false},"excerpt":{"rendered":"<p>Ce vendredi 24 janvier 2025, le ministre des Affaires \u00e9trang\u00e8res de la Coop\u00e9ration r\u00e9gionale et<\/p>\n","protected":false},"author":2,"featured_media":1287,"comment_status":"open","ping_status":"open","sticky":false,"template":"","format":"standard","meta":{"_et_pb_use_builder":"","_et_pb_old_content":"","_et_gb_content_width":"","footnotes":""},"categories":[8],"tags":[18,50,87,49,75],"class_list":["post-1286","post","type-post","status-publish","format-standard","has-post-thumbnail","hentry","category-developpement","tag-burkina-faso","tag-chine","tag-diplomatie","tag-geopolitique","tag-politique"],"yoast_head":"<!-- This site is optimized with the Yoast SEO plugin v27.5 - https:\/\/yoast.com\/product\/yoast-seo-wordpress\/ -->\n<title>Coop\u00e9ration sino-burkinab\u00e8 : une aide d\u2019environ 17 milliards francs CFA accord\u00e9e par la R\u00e9publique Populaire de Chine pour la r\u00e9alisation de projets structurants - Vox Sahel<\/title>\n<meta name=\"robots\" content=\"index, follow, max-snippet:-1, max-image-preview:large, max-video-preview:-1\" \/>\n<link rel=\"canonical\" href=\"https:\/\/voxsahel.com\/?p=1286\" \/>\n<meta property=\"og:locale\" content=\"fr_FR\" \/>\n<meta property=\"og:type\" content=\"article\" \/>\n<meta property=\"og:title\" content=\"Coop\u00e9ration sino-burkinab\u00e8 : une aide d\u2019environ 17 milliards francs CFA accord\u00e9e par la R\u00e9publique Populaire de Chine pour la r\u00e9alisation de projets structurants - Vox Sahel\" \/>\n<meta property=\"og:description\" content=\"Ce vendredi 24 janvier 2025, le ministre des Affaires \u00e9trang\u00e8res de la Coop\u00e9ration r\u00e9gionale et\" \/>\n<meta property=\"og:url\" content=\"https:\/\/voxsahel.com\/?p=1286\" \/>\n<meta property=\"og:site_name\" content=\"Vox Sahel\" \/>\n<meta property=\"article:publisher\" content=\"https:\/\/www.facebook.com\/journal.voxsahel\" \/>\n<meta property=\"article:published_time\" content=\"2025-01-25T12:10:42+00:00\" \/>\n<meta property=\"og:image\" content=\"https:\/\/voxsahel.com\/wp-content\/uploads\/2025\/01\/IMG_7073.jpeg\" \/>\n\t<meta property=\"og:image:width\" content=\"2048\" \/>\n\t<meta property=\"og:image:height\" content=\"1416\" \/>\n\t<meta property=\"og:image:type\" content=\"image\/jpeg\" \/>\n<meta name=\"author\" content=\"Vox Sahel\" \/>\n<meta name=\"twitter:card\" content=\"summary_large_image\" \/>\n<meta name=\"twitter:label1\" content=\"\u00c9crit par\" \/>\n\t<meta name=\"twitter:data1\" content=\"Vox Sahel\" \/>\n\t<meta name=\"twitter:label2\" content=\"Dur\u00e9e de lecture estim\u00e9e\" \/>\n\t<meta name=\"twitter:data2\" content=\"2 minutes\" \/>\n<script type=\"application\/ld+json\" class=\"yoast-schema-graph\">{\"@context\":\"https:\\\/\\\/schema.org\",\"@graph\":[{\"@type\":\"Article\",\"@id\":\"https:\\\/\\\/voxsahel.com\\\/?p=1286#article\",\"isPartOf\":{\"@id\":\"https:\\\/\\\/voxsahel.com\\\/?p=1286\"},\"author\":{\"name\":\"Vox Sahel\",\"@id\":\"https:\\\/\\\/voxsahel.com\\\/#\\\/schema\\\/person\\\/b4043608248f8fa227cd760e7ff1e19e\"},\"headline\":\"Coop\u00e9ration sino-burkinab\u00e8 : une aide d\u2019environ 17 milliards francs CFA accord\u00e9e par la R\u00e9publique Populaire de Chine pour la r\u00e9alisation de projets structurants\",\"datePublished\":\"2025-01-25T12:10:42+00:00\",\"mainEntityOfPage\":{\"@id\":\"https:\\\/\\\/voxsahel.com\\\/?p=1286\"},\"wordCount\":401,\"commentCount\":0,\"publisher\":{\"@id\":\"https:\\\/\\\/voxsahel.com\\\/#organization\"},\"image\":{\"@id\":\"https:\\\/\\\/voxsahel.com\\\/?p=1286#primaryimage\"},\"thumbnailUrl\":\"https:\\\/\\\/voxsahel.com\\\/wp-content\\\/uploads\\\/2025\\\/01\\\/IMG_7073.jpeg\",\"keywords\":[\"Burkina Faso\",\"Chine\",\"Diplomatie\",\"G\u00e9opolitique\",\"Politique\"],\"articleSection\":[\"DEVELOPPEMENT\"],\"inLanguage\":\"fr-FR\",\"potentialAction\":[{\"@type\":\"CommentAction\",\"name\":\"Comment\",\"target\":[\"https:\\\/\\\/voxsahel.com\\\/?p=1286#respond\"]}]},{\"@type\":\"WebPage\",\"@id\":\"https:\\\/\\\/voxsahel.com\\\/?p=1286\",\"url\":\"https:\\\/\\\/voxsahel.com\\\/?p=1286\",\"name\":\"Coop\u00e9ration sino-burkinab\u00e8 : une aide d\u2019environ 17 milliards francs CFA accord\u00e9e par la R\u00e9publique Populaire de Chine pour la r\u00e9alisation de projets structurants - Vox Sahel\",\"isPartOf\":{\"@id\":\"https:\\\/\\\/voxsahel.com\\\/#website\"},\"primaryImageOfPage\":{\"@id\":\"https:\\\/\\\/voxsahel.com\\\/?p=1286#primaryimage\"},\"image\":{\"@id\":\"https:\\\/\\\/voxsahel.com\\\/?p=1286#primaryimage\"},\"thumbnailUrl\":\"https:\\\/\\\/voxsahel.com\\\/wp-content\\\/uploads\\\/2025\\\/01\\\/IMG_7073.jpeg\",\"datePublished\":\"2025-01-25T12:10:42+00:00\",\"breadcrumb\":{\"@id\":\"https:\\\/\\\/voxsahel.com\\\/?p=1286#breadcrumb\"},\"inLanguage\":\"fr-FR\",\"potentialAction\":[{\"@type\":\"ReadAction\",\"target\":[\"https:\\\/\\\/voxsahel.com\\\/?p=1286\"]}]},{\"@type\":\"ImageObject\",\"inLanguage\":\"fr-FR\",\"@id\":\"https:\\\/\\\/voxsahel.com\\\/?p=1286#primaryimage\",\"url\":\"https:\\\/\\\/voxsahel.com\\\/wp-content\\\/uploads\\\/2025\\\/01\\\/IMG_7073.jpeg\",\"contentUrl\":\"https:\\\/\\\/voxsahel.com\\\/wp-content\\\/uploads\\\/2025\\\/01\\\/IMG_7073.jpeg\",\"width\":2048,\"height\":1416},{\"@type\":\"BreadcrumbList\",\"@id\":\"https:\\\/\\\/voxsahel.com\\\/?p=1286#breadcrumb\",\"itemListElement\":[{\"@type\":\"ListItem\",\"position\":1,\"name\":\"Home\",\"item\":\"https:\\\/\\\/voxsahel.com\\\/\"},{\"@type\":\"ListItem\",\"position\":2,\"name\":\"Coop\u00e9ration sino-burkinab\u00e8 : une aide d\u2019environ 17 milliards francs CFA accord\u00e9e par la R\u00e9publique Populaire de Chine pour la r\u00e9alisation de projets structurants\"}]},{\"@type\":\"WebSite\",\"@id\":\"https:\\\/\\\/voxsahel.com\\\/#website\",\"url\":\"https:\\\/\\\/voxsahel.com\\\/\",\"name\":\"Vox Sahel\",\"description\":\"Informez-vous sur le Sahel en un clic\",\"publisher\":{\"@id\":\"https:\\\/\\\/voxsahel.com\\\/#organization\"},\"potentialAction\":[{\"@type\":\"SearchAction\",\"target\":{\"@type\":\"EntryPoint\",\"urlTemplate\":\"https:\\\/\\\/voxsahel.com\\\/?s={search_term_string}\"},\"query-input\":{\"@type\":\"PropertyValueSpecification\",\"valueRequired\":true,\"valueName\":\"search_term_string\"}}],\"inLanguage\":\"fr-FR\"},{\"@type\":\"Organization\",\"@id\":\"https:\\\/\\\/voxsahel.com\\\/#organization\",\"name\":\"Vox Sahel\",\"url\":\"https:\\\/\\\/voxsahel.com\\\/\",\"logo\":{\"@type\":\"ImageObject\",\"inLanguage\":\"fr-FR\",\"@id\":\"https:\\\/\\\/voxsahel.com\\\/#\\\/schema\\\/logo\\\/image\\\/\",\"url\":\"https:\\\/\\\/voxsahel.com\\\/wp-content\\\/uploads\\\/2024\\\/09\\\/Logo-Vox-Sahel.jpg\",\"contentUrl\":\"https:\\\/\\\/voxsahel.com\\\/wp-content\\\/uploads\\\/2024\\\/09\\\/Logo-Vox-Sahel.jpg\",\"width\":1181,\"height\":848,\"caption\":\"Vox Sahel\"},\"image\":{\"@id\":\"https:\\\/\\\/voxsahel.com\\\/#\\\/schema\\\/logo\\\/image\\\/\"},\"sameAs\":[\"https:\\\/\\\/www.facebook.com\\\/journal.voxsahel\"]},{\"@type\":\"Person\",\"@id\":\"https:\\\/\\\/voxsahel.com\\\/#\\\/schema\\\/person\\\/b4043608248f8fa227cd760e7ff1e19e\",\"name\":\"Vox Sahel\",\"image\":{\"@type\":\"ImageObject\",\"inLanguage\":\"fr-FR\",\"@id\":\"https:\\\/\\\/secure.gravatar.com\\\/avatar\\\/f70e7fa0cb9b29d4a7c5788d6eb2e9ab4d3135cbae1c9161810fdf77a8964699?s=96&d=mm&r=g\",\"url\":\"https:\\\/\\\/secure.gravatar.com\\\/avatar\\\/f70e7fa0cb9b29d4a7c5788d6eb2e9ab4d3135cbae1c9161810fdf77a8964699?s=96&d=mm&r=g\",\"contentUrl\":\"https:\\\/\\\/secure.gravatar.com\\\/avatar\\\/f70e7fa0cb9b29d4a7c5788d6eb2e9ab4d3135cbae1c9161810fdf77a8964699?s=96&d=mm&r=g\",\"caption\":\"Vox Sahel\"},\"sameAs\":[\"http:\\\/\\\/www.voxsahel.com\"],\"url\":\"https:\\\/\\\/voxsahel.com\\\/?author=2\"}]}<\/script>\n<!-- \/ Yoast SEO plugin. -->","yoast_head_json":{"title":"Coop\u00e9ration sino-burkinab\u00e8 : une aide d\u2019environ 17 milliards francs CFA accord\u00e9e par la R\u00e9publique Populaire de Chine pour la r\u00e9alisation de projets structurants - Vox Sahel","robots":{"index":"index","follow":"follow","max-snippet":"max-snippet:-1","max-image-preview":"max-image-preview:large","max-video-preview":"max-video-preview:-1"},"canonical":"https:\/\/voxsahel.com\/?p=1286","og_locale":"fr_FR","og_type":"article","og_title":"Coop\u00e9ration sino-burkinab\u00e8 : une aide d\u2019environ 17 milliards francs CFA accord\u00e9e par la R\u00e9publique Populaire de Chine pour la r\u00e9alisation de projets structurants - Vox Sahel","og_description":"Ce vendredi 24 janvier 2025, le ministre des Affaires \u00e9trang\u00e8res de la Coop\u00e9ration r\u00e9gionale et","og_url":"https:\/\/voxsahel.com\/?p=1286","og_site_name":"Vox Sahel","article_publisher":"https:\/\/www.facebook.com\/journal.voxsahel","article_published_time":"2025-01-25T12:10:42+00:00","og_image":[{"width":2048,"height":1416,"url":"https:\/\/voxsahel.com\/wp-content\/uploads\/2025\/01\/IMG_7073.jpeg","type":"image\/jpeg"}],"author":"Vox Sahel","twitter_card":"summary_large_image","twitter_misc":{"\u00c9crit par":"Vox Sahel","Dur\u00e9e de lecture estim\u00e9e":"2 minutes"},"schema":{"@context":"https:\/\/schema.org","@graph":[{"@type":"Article","@id":"https:\/\/voxsahel.com\/?p=1286#article","isPartOf":{"@id":"https:\/\/voxsahel.com\/?p=1286"},"author":{"name":"Vox Sahel","@id":"https:\/\/voxsahel.com\/#\/schema\/person\/b4043608248f8fa227cd760e7ff1e19e"},"headline":"Coop\u00e9ration sino-burkinab\u00e8 : une aide d\u2019environ 17 milliards francs CFA accord\u00e9e par la R\u00e9publique Populaire de Chine pour la r\u00e9alisation de projets structurants","datePublished":"2025-01-25T12:10:42+00:00","mainEntityOfPage":{"@id":"https:\/\/voxsahel.com\/?p=1286"},"wordCount":401,"commentCount":0,"publisher":{"@id":"https:\/\/voxsahel.com\/#organization"},"image":{"@id":"https:\/\/voxsahel.com\/?p=1286#primaryimage"},"thumbnailUrl":"https:\/\/voxsahel.com\/wp-content\/uploads\/2025\/01\/IMG_7073.jpeg","keywords":["Burkina Faso","Chine","Diplomatie","G\u00e9opolitique","Politique"],"articleSection":["DEVELOPPEMENT"],"inLanguage":"fr-FR","potentialAction":[{"@type":"CommentAction","name":"Comment","target":["https:\/\/voxsahel.com\/?p=1286#respond"]}]},{"@type":"WebPage","@id":"https:\/\/voxsahel.com\/?p=1286","url":"https:\/\/voxsahel.com\/?p=1286","name":"Coop\u00e9ration sino-burkinab\u00e8 : une aide d\u2019environ 17 milliards francs CFA accord\u00e9e par la R\u00e9publique Populaire de Chine pour la r\u00e9alisation de projets structurants - Vox Sahel","isPartOf":{"@id":"https:\/\/voxsahel.com\/#website"},"primaryImageOfPage":{"@id":"https:\/\/voxsahel.com\/?p=1286#primaryimage"},"image":{"@id":"https:\/\/voxsahel.com\/?p=1286#primaryimage"},"thumbnailUrl":"https:\/\/voxsahel.com\/wp-content\/uploads\/2025\/01\/IMG_7073.jpeg","datePublished":"2025-01-25T12:10:42+00:00","breadcrumb":{"@id":"https:\/\/voxsahel.com\/?p=1286#breadcrumb"},"inLanguage":"fr-FR","potentialAction":[{"@type":"ReadAction","target":["https:\/\/voxsahel.com\/?p=1286"]}]},{"@type":"ImageObject","inLanguage":"fr-FR","@id":"https:\/\/voxsahel.com\/?p=1286#primaryimage","url":"https:\/\/voxsahel.com\/wp-content\/uploads\/2025\/01\/IMG_7073.jpeg","contentUrl":"https:\/\/voxsahel.com\/wp-content\/uploads\/2025\/01\/IMG_7073.jpeg","width":2048,"height":1416},{"@type":"BreadcrumbList","@id":"https:\/\/voxsahel.com\/?p=1286#breadcrumb","itemListElement":[{"@type":"ListItem","position":1,"name":"Home","item":"https:\/\/voxsahel.com\/"},{"@type":"ListItem","position":2,"name":"Coop\u00e9ration sino-burkinab\u00e8 : une aide d\u2019environ 17 milliards francs CFA accord\u00e9e par la R\u00e9publique Populaire de Chine pour la r\u00e9alisation de projets structurants"}]},{"@type":"WebSite","@id":"https:\/\/voxsahel.com\/#website","url":"https:\/\/voxsahel.com\/","name":"Vox Sahel","description":"Informez-vous sur le Sahel en un clic","publisher":{"@id":"https:\/\/voxsahel.com\/#organization"},"potentialAction":[{"@type":"SearchAction","target":{"@type":"EntryPoint","urlTemplate":"https:\/\/voxsahel.com\/?s={search_term_string}"},"query-input":{"@type":"PropertyValueSpecification","valueRequired":true,"valueName":"search_term_string"}}],"inLanguage":"fr-FR"},{"@type":"Organization","@id":"https:\/\/voxsahel.com\/#organization","name":"Vox Sahel","url":"https:\/\/voxsahel.com\/","logo":{"@type":"ImageObject","inLanguage":"fr-FR","@id":"https:\/\/voxsahel.com\/#\/schema\/logo\/image\/","url":"https:\/\/voxsahel.com\/wp-content\/uploads\/2024\/09\/Logo-Vox-Sahel.jpg","contentUrl":"https:\/\/voxsahel.com\/wp-content\/uploads\/2024\/09\/Logo-Vox-Sahel.jpg","width":1181,"height":848,"caption":"Vox Sahel"},"image":{"@id":"https:\/\/voxsahel.com\/#\/schema\/logo\/image\/"},"sameAs":["https:\/\/www.facebook.com\/journal.voxsahel"]},{"@type":"Person","@id":"https:\/\/voxsahel.com\/#\/schema\/person\/b4043608248f8fa227cd760e7ff1e19e","name":"Vox Sahel","image":{"@type":"ImageObject","inLanguage":"fr-FR","@id":"https:\/\/secure.gravatar.com\/avatar\/f70e7fa0cb9b29d4a7c5788d6eb2e9ab4d3135cbae1c9161810fdf77a8964699?s=96&d=mm&r=g","url":"https:\/\/secure.gravatar.com\/avatar\/f70e7fa0cb9b29d4a7c5788d6eb2e9ab4d3135cbae1c9161810fdf77a8964699?s=96&d=mm&r=g","contentUrl":"https:\/\/secure.gravatar.com\/avatar\/f70e7fa0cb9b29d4a7c5788d6eb2e9ab4d3135cbae1c9161810fdf77a8964699?s=96&d=mm&r=g","caption":"Vox Sahel"},"sameAs":["http:\/\/www.voxsahel.com"],"url":"https:\/\/voxsahel.com\/?author=2"}]}},"_links":{"self":[{"href":"https:\/\/voxsahel.com\/index.php?rest_route=\/wp\/v2\/posts\/1286","targetHints":{"allow":["GET"]}}],"collection":[{"href":"https:\/\/voxsahel.com\/index.php?rest_route=\/wp\/v2\/posts"}],"about":[{"href":"https:\/\/voxsahel.com\/index.php?rest_route=\/wp\/v2\/types\/post"}],"author":[{"embeddable":true,"href":"https:\/\/voxsahel.com\/index.php?rest_route=\/wp\/v2\/users\/2"}],"replies":[{"embeddable":true,"href":"https:\/\/voxsahel.com\/index.php?rest_route=%2Fwp%2Fv2%2Fcomments&post=1286"}],"version-history":[{"count":1,"href":"https:\/\/voxsahel.com\/index.php?rest_route=\/wp\/v2\/posts\/1286\/revisions"}],"predecessor-version":[{"id":1288,"href":"https:\/\/voxsahel.com\/index.php?rest_route=\/wp\/v2\/posts\/1286\/revisions\/1288"}],"wp:featuredmedia":[{"embeddable":true,"href":"https:\/\/voxsahel.com\/index.php?rest_route=\/wp\/v2\/media\/1287"}],"wp:attachment":[{"href":"https:\/\/voxsahel.com\/index.php?rest_route=%2Fwp%2Fv2%2Fmedia&parent=1286"}],"wp:term":[{"taxonomy":"category","embeddable":true,"href":"https:\/\/voxsahel.com\/index.php?rest_route=%2Fwp%2Fv2%2Fcategories&post=1286"},{"taxonomy":"post_tag","embeddable":true,"href":"https:\/\/voxsahel.com\/index.php?rest_route=%2Fwp%2Fv2%2Ftags&post=1286"}],"curies":[{"name":"wp","href":"https:\/\/api.w.org\/{rel}","templated":true}]}}