{"id":1283,"date":"2025-01-24T23:26:30","date_gmt":"2025-01-24T23:26:30","guid":{"rendered":"https:\/\/voxsahel.com\/?p=1283"},"modified":"2025-01-24T23:26:30","modified_gmt":"2025-01-24T23:26:30","slug":"lancement-de-lassociation-fradessa-un-nouveau-souffle-pour-le-developpement-durable-de-saaba","status":"publish","type":"post","link":"https:\/\/voxsahel.com\/?p=1283","title":{"rendered":"Lancement de l&rsquo;Association FRADESSA : Un nouveau souffle pour le d\u00e9veloppement durable de Saaba"},"content":{"rendered":"<p class=\"p1\"><strong><span class=\"s1\">Le 24 janvier 2025, la commune de Saaba, a vu la naissance de l&rsquo;Association Fraternit\u00e9 pour le D\u00e9veloppement \u00c9conomique et Social de Saaba (FRADESSA). Uune initiative port\u00e9e par l&rsquo;ensemble des habitants d\u00e9sireux de voir leur commune devenir un mod\u00e8le de d\u00e9veloppement durable. Lors de l&rsquo;\u00e9v\u00e9nement, des autorit\u00e9s politiques, coutumi\u00e8res et religieuses, ainsi que des leaders communautaires se sont r\u00e9unis pour marquer le d\u00e9but de ce projet ambitieux.<\/span><\/strong><\/p>\n<p class=\"p1\"><span class=\"s1\">\u00a0<\/span><\/p>\n<p class=\"p1\"><span class=\"s1\">Les habitants de Saaba veulent aussi voir un d\u00e9veloppement harmonieux de leur commune . Pour ce faire ils ont d\u00e9cid\u00e9 une association pour f\u00e9d\u00e9rer leurs actions. C&rsquo;est ainsi qu&rsquo;est n\u00e9e l&rsquo;Association Fraternit\u00e9 pour le D\u00e9veloppement Economique et Socialde Saaba (FRADESSA).<\/span><\/p>\n<p class=\"p1\"><span class=\"s1\">Josiane Kabr\u00e9\/Zoungrana, pr\u00e9sidente de l&rsquo;Association, a ouvert la c\u00e9r\u00e9monie avec des propos de gratitude et d\u2019optimisme. \u00ab C\u2019est un immense honneur pour moi de m\u2019adresser \u00e0 vous aujourd\u2019hui. Cette rencontre symbolise l\u2019unit\u00e9 et la volont\u00e9 collective de notre commune \u00bb, a-t-elle affirm\u00e9. Elle a ensuite soulign\u00e9 les objectifs de FRADESSA, qui incluent la promotion de la coh\u00e9sion sociale, la lutte contre le ch\u00f4mage des jeunes et des femmes, et le soutien \u00e0 l\u2019entrepreneuriat local. <\/span><\/p>\n<p class=\"p1\"><span class=\"s1\">La pr\u00e9sidente a \u00e9galement insist\u00e9 sur l\u2019importance d\u2019un environnement pacifique pour garantir le d\u00e9veloppement, appelant \u00e0 la paix pour Saaba et pour le Burkina Faso en g\u00e9n\u00e9ral. La vision de l&rsquo;association est claire : cr\u00e9er un cadre propice au d\u00e9veloppement durable, en mettant particuli\u00e8rement l&rsquo;accent sur la jeunesse, les femmes, la pr\u00e9servation du patrimoine culturel et la protection de l&rsquo;environnement. <\/span><\/p>\n<p class=\"p1\"><span class=\"s1\">FRADESSA ambitionne de jouer un r\u00f4le cl\u00e9 dans la cr\u00e9ation d\u2019emplois, l\u2019am\u00e9lioration des infrastructures \u00e9ducatives et sanitaires, ainsi que la conservation des ressources naturelles. La pr\u00e9sidente a aussi exprim\u00e9 son soutien aux victimes de la guerre, en adressant une pens\u00e9e particuli\u00e8re aux veuves, orphelins et bless\u00e9s. Le lancement a \u00e9galement \u00e9t\u00e9 marqu\u00e9 par le soutien d\u2019acteurs locaux influents, dont Sa\u00efdou Tiendr\u00e9b\u00e9ogo, PDG de CGE Immobilier et fils de Saaba, qui a accept\u00e9 de parrainer l&rsquo;\u00e9v\u00e9nement. <\/span><\/p>\n<p class=\"p1\"><span class=\"s1\">Il a soulign\u00e9 l&rsquo;importance du projet pour l\u2019avenir \u00e9conomique et social de la commune, en insistant sur le potentiel de Saaba \u00e0 devenir l\u2019une des cinq premi\u00e8res villes du pays. Cyprien Ou\u00e9draogo, conseiller technique du gouverneur du Centre, repr\u00e9sentant le gouverneur, a salu\u00e9 l\u2019initiative et l\u2019effort de rassemblement de la population.<\/span><\/p>\n<blockquote>\n<p class=\"p1\"><span class=\"s1\"> \u00ab Ce projet incarne l\u2019unit\u00e9 et la d\u00e9termination de tous les habitants de Saaba \u00e0 contribuer \u00e0 la prosp\u00e9rit\u00e9 de leur commune \u00bb, a-t-il d\u00e9clar\u00e9.<\/span><\/p>\n<\/blockquote>\n<p class=\"p1\"><span class=\"s1\">Pour marquer ce lancement historique, un don de 2 500 000 FCFA a \u00e9t\u00e9 remis au fonds de soutien patriotique pour l\u2019effort de paix, symbolisant l\u2019engagement financier en faveur du d\u00e9veloppement et de la stabilit\u00e9. L\u2019Association FRADESSA, avec son bureau ex\u00e9cutif compos\u00e9 de 14 membres, aspire \u00e0 transformer Saaba en un mod\u00e8le de d\u00e9veloppement inclusif et durable, fort de l&rsquo;unit\u00e9 de ses habitants.<\/span><\/p>\n<p class=\"p1\" style=\"text-align: right;\"><span class=\"s1\"><b>Par Amir BAKO<\/b><\/span><\/p>\n","protected":false},"excerpt":{"rendered":"<p>Le 24 janvier 2025, la commune de Saaba, a vu la naissance de l&rsquo;Association Fraternit\u00e9<\/p>\n","protected":false},"author":2,"featured_media":1284,"comment_status":"open","ping_status":"open","sticky":false,"template":"","format":"standard","meta":{"_et_pb_use_builder":"","_et_pb_old_content":"","_et_gb_content_width":"","footnotes":""},"categories":[5],"tags":[43,18,568,64],"class_list":["post-1283","post","type-post","status-publish","format-standard","has-post-thumbnail","hentry","category-societe","tag-association","tag-burkina-faso","tag-commune-rurale-de-saaba","tag-organisation-de-la-societe-civile"],"yoast_head":"<!-- This site is optimized with the Yoast SEO plugin v27.5 - https:\/\/yoast.com\/product\/yoast-seo-wordpress\/ -->\n<title>Lancement de l&#039;Association FRADESSA : Un nouveau souffle pour le d\u00e9veloppement durable de Saaba - Vox Sahel<\/title>\n<meta name=\"robots\" content=\"index, follow, max-snippet:-1, max-image-preview:large, max-video-preview:-1\" \/>\n<link rel=\"canonical\" href=\"https:\/\/voxsahel.com\/?p=1283\" \/>\n<meta property=\"og:locale\" content=\"fr_FR\" \/>\n<meta property=\"og:type\" content=\"article\" \/>\n<meta property=\"og:title\" content=\"Lancement de l&#039;Association FRADESSA : Un nouveau souffle pour le d\u00e9veloppement durable de Saaba - Vox Sahel\" \/>\n<meta property=\"og:description\" content=\"Le 24 janvier 2025, la commune de Saaba, a vu la naissance de l&rsquo;Association Fraternit\u00e9\" \/>\n<meta property=\"og:url\" content=\"https:\/\/voxsahel.com\/?p=1283\" \/>\n<meta property=\"og:site_name\" content=\"Vox Sahel\" \/>\n<meta property=\"article:publisher\" content=\"https:\/\/www.facebook.com\/journal.voxsahel\" \/>\n<meta property=\"article:published_time\" content=\"2025-01-24T23:26:30+00:00\" \/>\n<meta property=\"og:image\" content=\"https:\/\/voxsahel.com\/wp-content\/uploads\/2025\/01\/83bb9cdb-ef2e-4a5c-a7b6-f9864e327162.jpeg\" \/>\n\t<meta property=\"og:image:width\" content=\"1080\" \/>\n\t<meta property=\"og:image:height\" content=\"717\" \/>\n\t<meta property=\"og:image:type\" content=\"image\/jpeg\" \/>\n<meta name=\"author\" content=\"Vox Sahel\" \/>\n<meta name=\"twitter:card\" content=\"summary_large_image\" \/>\n<meta name=\"twitter:label1\" content=\"\u00c9crit par\" \/>\n\t<meta name=\"twitter:data1\" content=\"Vox Sahel\" \/>\n\t<meta name=\"twitter:label2\" content=\"Dur\u00e9e de lecture estim\u00e9e\" \/>\n\t<meta name=\"twitter:data2\" content=\"3 minutes\" \/>\n<script type=\"application\/ld+json\" class=\"yoast-schema-graph\">{\"@context\":\"https:\\\/\\\/schema.org\",\"@graph\":[{\"@type\":\"Article\",\"@id\":\"https:\\\/\\\/voxsahel.com\\\/?p=1283#article\",\"isPartOf\":{\"@id\":\"https:\\\/\\\/voxsahel.com\\\/?p=1283\"},\"author\":{\"name\":\"Vox Sahel\",\"@id\":\"https:\\\/\\\/voxsahel.com\\\/#\\\/schema\\\/person\\\/b4043608248f8fa227cd760e7ff1e19e\"},\"headline\":\"Lancement de l&rsquo;Association FRADESSA : Un nouveau souffle pour le d\u00e9veloppement durable de Saaba\",\"datePublished\":\"2025-01-24T23:26:30+00:00\",\"mainEntityOfPage\":{\"@id\":\"https:\\\/\\\/voxsahel.com\\\/?p=1283\"},\"wordCount\":537,\"commentCount\":0,\"publisher\":{\"@id\":\"https:\\\/\\\/voxsahel.com\\\/#organization\"},\"image\":{\"@id\":\"https:\\\/\\\/voxsahel.com\\\/?p=1283#primaryimage\"},\"thumbnailUrl\":\"https:\\\/\\\/voxsahel.com\\\/wp-content\\\/uploads\\\/2025\\\/01\\\/83bb9cdb-ef2e-4a5c-a7b6-f9864e327162.jpeg\",\"keywords\":[\"Association\",\"Burkina Faso\",\"Commune rurale de Saaba\",\"Organisation de la Soci\u00e9t\u00e9 Civile\"],\"articleSection\":[\"SOCIETE\"],\"inLanguage\":\"fr-FR\",\"potentialAction\":[{\"@type\":\"CommentAction\",\"name\":\"Comment\",\"target\":[\"https:\\\/\\\/voxsahel.com\\\/?p=1283#respond\"]}]},{\"@type\":\"WebPage\",\"@id\":\"https:\\\/\\\/voxsahel.com\\\/?p=1283\",\"url\":\"https:\\\/\\\/voxsahel.com\\\/?p=1283\",\"name\":\"Lancement de l'Association FRADESSA : Un nouveau souffle pour le d\u00e9veloppement durable de Saaba - Vox Sahel\",\"isPartOf\":{\"@id\":\"https:\\\/\\\/voxsahel.com\\\/#website\"},\"primaryImageOfPage\":{\"@id\":\"https:\\\/\\\/voxsahel.com\\\/?p=1283#primaryimage\"},\"image\":{\"@id\":\"https:\\\/\\\/voxsahel.com\\\/?p=1283#primaryimage\"},\"thumbnailUrl\":\"https:\\\/\\\/voxsahel.com\\\/wp-content\\\/uploads\\\/2025\\\/01\\\/83bb9cdb-ef2e-4a5c-a7b6-f9864e327162.jpeg\",\"datePublished\":\"2025-01-24T23:26:30+00:00\",\"breadcrumb\":{\"@id\":\"https:\\\/\\\/voxsahel.com\\\/?p=1283#breadcrumb\"},\"inLanguage\":\"fr-FR\",\"potentialAction\":[{\"@type\":\"ReadAction\",\"target\":[\"https:\\\/\\\/voxsahel.com\\\/?p=1283\"]}]},{\"@type\":\"ImageObject\",\"inLanguage\":\"fr-FR\",\"@id\":\"https:\\\/\\\/voxsahel.com\\\/?p=1283#primaryimage\",\"url\":\"https:\\\/\\\/voxsahel.com\\\/wp-content\\\/uploads\\\/2025\\\/01\\\/83bb9cdb-ef2e-4a5c-a7b6-f9864e327162.jpeg\",\"contentUrl\":\"https:\\\/\\\/voxsahel.com\\\/wp-content\\\/uploads\\\/2025\\\/01\\\/83bb9cdb-ef2e-4a5c-a7b6-f9864e327162.jpeg\",\"width\":1080,\"height\":717},{\"@type\":\"BreadcrumbList\",\"@id\":\"https:\\\/\\\/voxsahel.com\\\/?p=1283#breadcrumb\",\"itemListElement\":[{\"@type\":\"ListItem\",\"position\":1,\"name\":\"Home\",\"item\":\"https:\\\/\\\/voxsahel.com\\\/\"},{\"@type\":\"ListItem\",\"position\":2,\"name\":\"Lancement de l&rsquo;Association FRADESSA : Un nouveau souffle pour le d\u00e9veloppement durable de Saaba\"}]},{\"@type\":\"WebSite\",\"@id\":\"https:\\\/\\\/voxsahel.com\\\/#website\",\"url\":\"https:\\\/\\\/voxsahel.com\\\/\",\"name\":\"Vox Sahel\",\"description\":\"Informez-vous sur le Sahel en un clic\",\"publisher\":{\"@id\":\"https:\\\/\\\/voxsahel.com\\\/#organization\"},\"potentialAction\":[{\"@type\":\"SearchAction\",\"target\":{\"@type\":\"EntryPoint\",\"urlTemplate\":\"https:\\\/\\\/voxsahel.com\\\/?s={search_term_string}\"},\"query-input\":{\"@type\":\"PropertyValueSpecification\",\"valueRequired\":true,\"valueName\":\"search_term_string\"}}],\"inLanguage\":\"fr-FR\"},{\"@type\":\"Organization\",\"@id\":\"https:\\\/\\\/voxsahel.com\\\/#organization\",\"name\":\"Vox Sahel\",\"url\":\"https:\\\/\\\/voxsahel.com\\\/\",\"logo\":{\"@type\":\"ImageObject\",\"inLanguage\":\"fr-FR\",\"@id\":\"https:\\\/\\\/voxsahel.com\\\/#\\\/schema\\\/logo\\\/image\\\/\",\"url\":\"https:\\\/\\\/voxsahel.com\\\/wp-content\\\/uploads\\\/2024\\\/09\\\/Logo-Vox-Sahel.jpg\",\"contentUrl\":\"https:\\\/\\\/voxsahel.com\\\/wp-content\\\/uploads\\\/2024\\\/09\\\/Logo-Vox-Sahel.jpg\",\"width\":1181,\"height\":848,\"caption\":\"Vox Sahel\"},\"image\":{\"@id\":\"https:\\\/\\\/voxsahel.com\\\/#\\\/schema\\\/logo\\\/image\\\/\"},\"sameAs\":[\"https:\\\/\\\/www.facebook.com\\\/journal.voxsahel\"]},{\"@type\":\"Person\",\"@id\":\"https:\\\/\\\/voxsahel.com\\\/#\\\/schema\\\/person\\\/b4043608248f8fa227cd760e7ff1e19e\",\"name\":\"Vox Sahel\",\"image\":{\"@type\":\"ImageObject\",\"inLanguage\":\"fr-FR\",\"@id\":\"https:\\\/\\\/secure.gravatar.com\\\/avatar\\\/f70e7fa0cb9b29d4a7c5788d6eb2e9ab4d3135cbae1c9161810fdf77a8964699?s=96&d=mm&r=g\",\"url\":\"https:\\\/\\\/secure.gravatar.com\\\/avatar\\\/f70e7fa0cb9b29d4a7c5788d6eb2e9ab4d3135cbae1c9161810fdf77a8964699?s=96&d=mm&r=g\",\"contentUrl\":\"https:\\\/\\\/secure.gravatar.com\\\/avatar\\\/f70e7fa0cb9b29d4a7c5788d6eb2e9ab4d3135cbae1c9161810fdf77a8964699?s=96&d=mm&r=g\",\"caption\":\"Vox Sahel\"},\"sameAs\":[\"http:\\\/\\\/www.voxsahel.com\"],\"url\":\"https:\\\/\\\/voxsahel.com\\\/?author=2\"}]}<\/script>\n<!-- \/ Yoast SEO plugin. -->","yoast_head_json":{"title":"Lancement de l'Association FRADESSA : Un nouveau souffle pour le d\u00e9veloppement durable de Saaba - Vox Sahel","robots":{"index":"index","follow":"follow","max-snippet":"max-snippet:-1","max-image-preview":"max-image-preview:large","max-video-preview":"max-video-preview:-1"},"canonical":"https:\/\/voxsahel.com\/?p=1283","og_locale":"fr_FR","og_type":"article","og_title":"Lancement de l'Association FRADESSA : Un nouveau souffle pour le d\u00e9veloppement durable de Saaba - Vox Sahel","og_description":"Le 24 janvier 2025, la commune de Saaba, a vu la naissance de l&rsquo;Association Fraternit\u00e9","og_url":"https:\/\/voxsahel.com\/?p=1283","og_site_name":"Vox Sahel","article_publisher":"https:\/\/www.facebook.com\/journal.voxsahel","article_published_time":"2025-01-24T23:26:30+00:00","og_image":[{"width":1080,"height":717,"url":"https:\/\/voxsahel.com\/wp-content\/uploads\/2025\/01\/83bb9cdb-ef2e-4a5c-a7b6-f9864e327162.jpeg","type":"image\/jpeg"}],"author":"Vox Sahel","twitter_card":"summary_large_image","twitter_misc":{"\u00c9crit par":"Vox Sahel","Dur\u00e9e de lecture estim\u00e9e":"3 minutes"},"schema":{"@context":"https:\/\/schema.org","@graph":[{"@type":"Article","@id":"https:\/\/voxsahel.com\/?p=1283#article","isPartOf":{"@id":"https:\/\/voxsahel.com\/?p=1283"},"author":{"name":"Vox Sahel","@id":"https:\/\/voxsahel.com\/#\/schema\/person\/b4043608248f8fa227cd760e7ff1e19e"},"headline":"Lancement de l&rsquo;Association FRADESSA : Un nouveau souffle pour le d\u00e9veloppement durable de Saaba","datePublished":"2025-01-24T23:26:30+00:00","mainEntityOfPage":{"@id":"https:\/\/voxsahel.com\/?p=1283"},"wordCount":537,"commentCount":0,"publisher":{"@id":"https:\/\/voxsahel.com\/#organization"},"image":{"@id":"https:\/\/voxsahel.com\/?p=1283#primaryimage"},"thumbnailUrl":"https:\/\/voxsahel.com\/wp-content\/uploads\/2025\/01\/83bb9cdb-ef2e-4a5c-a7b6-f9864e327162.jpeg","keywords":["Association","Burkina Faso","Commune rurale de Saaba","Organisation de la Soci\u00e9t\u00e9 Civile"],"articleSection":["SOCIETE"],"inLanguage":"fr-FR","potentialAction":[{"@type":"CommentAction","name":"Comment","target":["https:\/\/voxsahel.com\/?p=1283#respond"]}]},{"@type":"WebPage","@id":"https:\/\/voxsahel.com\/?p=1283","url":"https:\/\/voxsahel.com\/?p=1283","name":"Lancement de l'Association FRADESSA : Un nouveau souffle pour le d\u00e9veloppement durable de Saaba - Vox Sahel","isPartOf":{"@id":"https:\/\/voxsahel.com\/#website"},"primaryImageOfPage":{"@id":"https:\/\/voxsahel.com\/?p=1283#primaryimage"},"image":{"@id":"https:\/\/voxsahel.com\/?p=1283#primaryimage"},"thumbnailUrl":"https:\/\/voxsahel.com\/wp-content\/uploads\/2025\/01\/83bb9cdb-ef2e-4a5c-a7b6-f9864e327162.jpeg","datePublished":"2025-01-24T23:26:30+00:00","breadcrumb":{"@id":"https:\/\/voxsahel.com\/?p=1283#breadcrumb"},"inLanguage":"fr-FR","potentialAction":[{"@type":"ReadAction","target":["https:\/\/voxsahel.com\/?p=1283"]}]},{"@type":"ImageObject","inLanguage":"fr-FR","@id":"https:\/\/voxsahel.com\/?p=1283#primaryimage","url":"https:\/\/voxsahel.com\/wp-content\/uploads\/2025\/01\/83bb9cdb-ef2e-4a5c-a7b6-f9864e327162.jpeg","contentUrl":"https:\/\/voxsahel.com\/wp-content\/uploads\/2025\/01\/83bb9cdb-ef2e-4a5c-a7b6-f9864e327162.jpeg","width":1080,"height":717},{"@type":"BreadcrumbList","@id":"https:\/\/voxsahel.com\/?p=1283#breadcrumb","itemListElement":[{"@type":"ListItem","position":1,"name":"Home","item":"https:\/\/voxsahel.com\/"},{"@type":"ListItem","position":2,"name":"Lancement de l&rsquo;Association FRADESSA : Un nouveau souffle pour le d\u00e9veloppement durable de Saaba"}]},{"@type":"WebSite","@id":"https:\/\/voxsahel.com\/#website","url":"https:\/\/voxsahel.com\/","name":"Vox Sahel","description":"Informez-vous sur le Sahel en un clic","publisher":{"@id":"https:\/\/voxsahel.com\/#organization"},"potentialAction":[{"@type":"SearchAction","target":{"@type":"EntryPoint","urlTemplate":"https:\/\/voxsahel.com\/?s={search_term_string}"},"query-input":{"@type":"PropertyValueSpecification","valueRequired":true,"valueName":"search_term_string"}}],"inLanguage":"fr-FR"},{"@type":"Organization","@id":"https:\/\/voxsahel.com\/#organization","name":"Vox Sahel","url":"https:\/\/voxsahel.com\/","logo":{"@type":"ImageObject","inLanguage":"fr-FR","@id":"https:\/\/voxsahel.com\/#\/schema\/logo\/image\/","url":"https:\/\/voxsahel.com\/wp-content\/uploads\/2024\/09\/Logo-Vox-Sahel.jpg","contentUrl":"https:\/\/voxsahel.com\/wp-content\/uploads\/2024\/09\/Logo-Vox-Sahel.jpg","width":1181,"height":848,"caption":"Vox Sahel"},"image":{"@id":"https:\/\/voxsahel.com\/#\/schema\/logo\/image\/"},"sameAs":["https:\/\/www.facebook.com\/journal.voxsahel"]},{"@type":"Person","@id":"https:\/\/voxsahel.com\/#\/schema\/person\/b4043608248f8fa227cd760e7ff1e19e","name":"Vox Sahel","image":{"@type":"ImageObject","inLanguage":"fr-FR","@id":"https:\/\/secure.gravatar.com\/avatar\/f70e7fa0cb9b29d4a7c5788d6eb2e9ab4d3135cbae1c9161810fdf77a8964699?s=96&d=mm&r=g","url":"https:\/\/secure.gravatar.com\/avatar\/f70e7fa0cb9b29d4a7c5788d6eb2e9ab4d3135cbae1c9161810fdf77a8964699?s=96&d=mm&r=g","contentUrl":"https:\/\/secure.gravatar.com\/avatar\/f70e7fa0cb9b29d4a7c5788d6eb2e9ab4d3135cbae1c9161810fdf77a8964699?s=96&d=mm&r=g","caption":"Vox Sahel"},"sameAs":["http:\/\/www.voxsahel.com"],"url":"https:\/\/voxsahel.com\/?author=2"}]}},"_links":{"self":[{"href":"https:\/\/voxsahel.com\/index.php?rest_route=\/wp\/v2\/posts\/1283","targetHints":{"allow":["GET"]}}],"collection":[{"href":"https:\/\/voxsahel.com\/index.php?rest_route=\/wp\/v2\/posts"}],"about":[{"href":"https:\/\/voxsahel.com\/index.php?rest_route=\/wp\/v2\/types\/post"}],"author":[{"embeddable":true,"href":"https:\/\/voxsahel.com\/index.php?rest_route=\/wp\/v2\/users\/2"}],"replies":[{"embeddable":true,"href":"https:\/\/voxsahel.com\/index.php?rest_route=%2Fwp%2Fv2%2Fcomments&post=1283"}],"version-history":[{"count":1,"href":"https:\/\/voxsahel.com\/index.php?rest_route=\/wp\/v2\/posts\/1283\/revisions"}],"predecessor-version":[{"id":1285,"href":"https:\/\/voxsahel.com\/index.php?rest_route=\/wp\/v2\/posts\/1283\/revisions\/1285"}],"wp:featuredmedia":[{"embeddable":true,"href":"https:\/\/voxsahel.com\/index.php?rest_route=\/wp\/v2\/media\/1284"}],"wp:attachment":[{"href":"https:\/\/voxsahel.com\/index.php?rest_route=%2Fwp%2Fv2%2Fmedia&parent=1283"}],"wp:term":[{"taxonomy":"category","embeddable":true,"href":"https:\/\/voxsahel.com\/index.php?rest_route=%2Fwp%2Fv2%2Fcategories&post=1283"},{"taxonomy":"post_tag","embeddable":true,"href":"https:\/\/voxsahel.com\/index.php?rest_route=%2Fwp%2Fv2%2Ftags&post=1283"}],"curies":[{"name":"wp","href":"https:\/\/api.w.org\/{rel}","templated":true}]}}