{"id":1280,"date":"2025-01-24T19:17:20","date_gmt":"2025-01-24T19:17:20","guid":{"rendered":"https:\/\/voxsahel.com\/?p=1280"},"modified":"2025-01-24T19:17:20","modified_gmt":"2025-01-24T19:17:20","slug":"vaccination-contre-la-fievre-typhoide-au-burkina-faso-injustifiee-inappropriee-et-dangereuse-pour-le-futur-des-enfants","status":"publish","type":"post","link":"https:\/\/voxsahel.com\/?p=1280","title":{"rendered":"Vaccination contre la fi\u00e8vre typho\u00efde au Burkina Faso : Injustifi\u00e9e, inappropri\u00e9e et dangereuse pour le futur des enfants"},"content":{"rendered":"<p><strong>Mahamoudou Ouedraogo<\/strong><\/p>\n<p><strong>Ing\u00e9nieur\/Sant\u00e9, socio-anthropologue de la sant\u00e9 (Ouaga)<\/strong><\/p>\n<p>Du 23 au 29 Janvier 2025 se d\u00e9roule au Burkina Faso, une campagne de vaccination des enfants de 09 mois \u00e0 14 ans, contre la fi\u00e8vre typho\u00efde. La fi\u00e8vre typho\u00efde n&rsquo;est pas une maladie \u00e9pid\u00e9mique, ni end\u00e9mique au Burkina Faso. Pourquoi? Parce qu&rsquo;elle ne tue pas sauf en cas de complications s\u00e9v\u00e8res. L&rsquo;opinion publique est sceptique. Elle a peur. Elle s&rsquo;interroge. \u00c9l\u00e9ments de r\u00e9ponse.<\/p>\n<p>La fi\u00e8vre typho\u00efde ne tue pas lorsqu&rsquo;on prend les dispositions n\u00e9cessaires pour l&rsquo;\u00e9viter. L&rsquo;affaire est s\u00e9rieuse. Pourquoi? Elle n&rsquo;est pas une maladie ingu\u00e9rissable. Elle n&rsquo;est pas \u00e9pid\u00e9mique pour susciter une vaccination \u00e0 grande \u00e9chelle. Elle se soigne. Bien plus, elle se pr\u00e9vient, avec l&rsquo;hygi\u00e8ne des aliments, le lavage des mains au savon avant les repas et l&rsquo;hygi\u00e8ne environnementale. Pr\u00e9venir par l\u2019hygi\u00e8ne vaut mieux que gu\u00e9rir. Ce qui est troublant au Burkina Faso est que le vaccin administr\u00e9 n\u2019est pas adapt\u00e9. Le nom du vaccin administr\u00e9 selon une source anonyme s\u2019appelle \u00ab Typhim \u00bb. Selon le Minist\u00e8re de la Sant\u00e9 et des Services sociaux du Qu\u00e9bec (Canada), \u00ab chez l\u2019enfant de moins de 2 ans, ce vaccin n\u2019est pas indiqu\u00e9 en raison d\u2019un risque de r\u00e9ponse insuffisante en anticorps. \u00bb L&rsquo;OMS, une Organisation devenue l&rsquo;ombre d&rsquo;elle-m\u00eame, a dit sur son site web que la fi\u00e8vre typho\u00efde est gu\u00e9rissable. Personne n&rsquo;y a fait attention. Secundo, depuis la nuit des temps, l&rsquo;OMS a toujours demand\u00e9 de faire vacciner contre la fi\u00e8vre typho\u00efde, uniquement \u00ab dans les pays o\u00f9 la fi\u00e8vre typho\u00efde est end\u00e9mique \u00bb. Cela n\u2019est pas le cas au Burkina Faso. Encore moins en Afrique. D&rsquo;o\u00f9 le recul pour mieux comprendre. Surtout quand on voit que les enfants burkinab\u00e8 de 0 \u00e0 23 mois re\u00e7oivent d\u00e9j\u00e0 13 vaccins avec 26 injections pour pr\u00e9venir 14 maladies.<\/p>\n<p>Savoir, pour d\u00e9cider<\/p>\n<p>Le projet des vaccins (tous les vaccins sans exception) est port\u00e9 par le capitalo-philantrope Bill Gates \u00e0 travers GAVI (L&rsquo;alliance internationale pour la promotion du Vaccin). Elle est actionnaire dans l&rsquo;OMS. C&rsquo;est elle qui jugule \u00ab\u00a0l&rsquo;agenda des recherches dans le monde\u00a0\u00bb avec la complicit\u00e9 des firmes pharmaceutiques fabricant les vaccins. En premier lieu des fabricants, GSK, une firme bas\u00e9e en Inde. Elle a \u00e9t\u00e9 \u00e0 plusieurs reprises, condamn\u00e9e en justice pour \u00ab\u00a0pratiques non conformes\u00a0\u00bb avec la loi. Le Pr Halidou Tinto dit toujours:\u00a0\u00bb Ayons nos propres agendas pour les nations africaines\u00a0\u00bb. Aujourd&rsquo;hui, l&rsquo;Afrique est face \u00e0 son destin par rapport aux vaccins. Elle doit s&rsquo;assumer. Aucun chercheur Burkinab\u00e9, n\u2019est suffisamment \u00e9quip\u00e9 pour nous donner le vrai contenu de ces vaccins. Or, la vraie composition du vaccin doit \u00eatre connue avant d\u2019engager une vaccination de masse. Sachant que les vaccins sont tous faits \u00e0 base de nouvelles technologies de fabrication dont on ne conna\u00eet pas les cons\u00e9quences \u00e0 court, moyen ou long terme. La m\u00e9fiance est donc de mise.<\/p>\n<p>Que dire du silence de certains de nos scientifiques?<\/p>\n<p>Certains \u00e9rudits de la science de la sant\u00e9 humaine sont silencieux et se font discrets pour plusieurs raisons. J\u2019en retiendrai deux.<\/p>\n<p>1-Soit on les a \u00e9cart\u00e9s tout simplement pour qu\u2019ils ne puissent pas apporter la contradiction scientifique \u00e0 une farce d\u2019une pseudo-science, qui en r\u00e9alit\u00e9, n\u2019est que ruine certaine de l\u2019Homme dans un futur pas tr\u00e8s lointain.<\/p>\n<p>Ou<\/p>\n<p>2-Ils sont eux m\u00eames complices ou du moins, certains parmi eux, de cette m\u00e9ga manigance de big pharma, pour inoculer des substances chimiques, dont l\u2019objectif final, dans le temps est de r\u00e9duire au maximum la population de la terre, surtout noire africaine, parce que nous repr\u00e9sentons une menace d\u00e9mographique.<\/p>\n<p>Nos propositions :<\/p>\n<p>1- Stopper les vaccinations et mettre l&rsquo;accent sur l&rsquo;hygi\u00e8ne et les actions endog\u00e8nes pour nous prot\u00e9ger<\/p>\n<p>2- Mettre l&rsquo;accent sur la culture de la responsabilit\u00e9. Celui qui fait, assume ses actes.<\/p>\n<p>3- Innover dans la sant\u00e9 afin que \u00ab\u00a0dehors\u00a0\u00bb n&rsquo;impose pas ses priorit\u00e9s \u00e0 nos populations.<\/p>\n<p>4 -Ne pas avoir peur de s&rsquo;assumer, m\u00eame au p\u00e9ril de sa vie.<\/p>\n<p>5 &#8211; Communiquez en disant la v\u00e9rit\u00e9 au peuple.<\/p>\n<p>En d\u00e9finitive, les vaccins ne sont pas faits pour l&rsquo;Afrique. Des exemples existent. Le plus important est de faire en sorte que les jeunes de 09 mois \u00e0 14 ans ne prennent pas le vaccin contre la fi\u00e8vre typho\u00efde. Le capitaine IB est interpell\u00e9 pour ce qui concerne le Burkina Faso.<\/p>\n<p style=\"text-align: right;\"><b>Par Daouda Emile Ouedraogo<\/b><\/p>\n<p style=\"text-align: right;\"><b>ouedraogodavid597@gmail.com<\/b><\/p>\n<p>&nbsp;<\/p>\n","protected":false},"excerpt":{"rendered":"<p>Mahamoudou Ouedraogo Ing\u00e9nieur\/Sant\u00e9, socio-anthropologue de la sant\u00e9 (Ouaga) Du 23 au 29 Janvier 2025 se<\/p>\n","protected":false},"author":2,"featured_media":1281,"comment_status":"open","ping_status":"open","sticky":false,"template":"","format":"standard","meta":{"_et_pb_use_builder":"","_et_pb_old_content":"","_et_gb_content_width":"","footnotes":""},"categories":[5],"tags":[],"class_list":["post-1280","post","type-post","status-publish","format-standard","has-post-thumbnail","hentry","category-societe"],"yoast_head":"<!-- This site is optimized with the Yoast SEO plugin v27.5 - https:\/\/yoast.com\/product\/yoast-seo-wordpress\/ -->\n<title>Vaccination contre la fi\u00e8vre typho\u00efde au Burkina Faso : Injustifi\u00e9e, inappropri\u00e9e et dangereuse pour le futur des enfants - Vox Sahel<\/title>\n<meta name=\"robots\" content=\"index, follow, max-snippet:-1, max-image-preview:large, max-video-preview:-1\" \/>\n<link rel=\"canonical\" href=\"https:\/\/voxsahel.com\/?p=1280\" \/>\n<meta property=\"og:locale\" content=\"fr_FR\" \/>\n<meta property=\"og:type\" content=\"article\" \/>\n<meta property=\"og:title\" content=\"Vaccination contre la fi\u00e8vre typho\u00efde au Burkina Faso : Injustifi\u00e9e, inappropri\u00e9e et dangereuse pour le futur des enfants - Vox Sahel\" \/>\n<meta property=\"og:description\" content=\"Mahamoudou Ouedraogo Ing\u00e9nieur\/Sant\u00e9, socio-anthropologue de la sant\u00e9 (Ouaga) Du 23 au 29 Janvier 2025 se\" \/>\n<meta property=\"og:url\" content=\"https:\/\/voxsahel.com\/?p=1280\" \/>\n<meta property=\"og:site_name\" content=\"Vox Sahel\" \/>\n<meta property=\"article:publisher\" content=\"https:\/\/www.facebook.com\/journal.voxsahel\" \/>\n<meta property=\"article:published_time\" content=\"2025-01-24T19:17:20+00:00\" \/>\n<meta property=\"og:image\" content=\"https:\/\/voxsahel.com\/wp-content\/uploads\/2025\/01\/fb4e797b-4570-48b1-ad36-4a7a65e1411d.jpeg\" \/>\n\t<meta property=\"og:image:width\" content=\"1079\" \/>\n\t<meta property=\"og:image:height\" content=\"995\" \/>\n\t<meta property=\"og:image:type\" content=\"image\/jpeg\" \/>\n<meta name=\"author\" content=\"Vox Sahel\" \/>\n<meta name=\"twitter:card\" content=\"summary_large_image\" \/>\n<meta name=\"twitter:label1\" content=\"\u00c9crit par\" \/>\n\t<meta name=\"twitter:data1\" content=\"Vox Sahel\" \/>\n\t<meta name=\"twitter:label2\" content=\"Dur\u00e9e de lecture estim\u00e9e\" \/>\n\t<meta name=\"twitter:data2\" content=\"4 minutes\" \/>\n<script type=\"application\/ld+json\" class=\"yoast-schema-graph\">{\"@context\":\"https:\\\/\\\/schema.org\",\"@graph\":[{\"@type\":\"Article\",\"@id\":\"https:\\\/\\\/voxsahel.com\\\/?p=1280#article\",\"isPartOf\":{\"@id\":\"https:\\\/\\\/voxsahel.com\\\/?p=1280\"},\"author\":{\"name\":\"Vox Sahel\",\"@id\":\"https:\\\/\\\/voxsahel.com\\\/#\\\/schema\\\/person\\\/b4043608248f8fa227cd760e7ff1e19e\"},\"headline\":\"Vaccination contre la fi\u00e8vre typho\u00efde au Burkina Faso : Injustifi\u00e9e, inappropri\u00e9e et dangereuse pour le futur des enfants\",\"datePublished\":\"2025-01-24T19:17:20+00:00\",\"mainEntityOfPage\":{\"@id\":\"https:\\\/\\\/voxsahel.com\\\/?p=1280\"},\"wordCount\":809,\"commentCount\":0,\"publisher\":{\"@id\":\"https:\\\/\\\/voxsahel.com\\\/#organization\"},\"image\":{\"@id\":\"https:\\\/\\\/voxsahel.com\\\/?p=1280#primaryimage\"},\"thumbnailUrl\":\"https:\\\/\\\/voxsahel.com\\\/wp-content\\\/uploads\\\/2025\\\/01\\\/fb4e797b-4570-48b1-ad36-4a7a65e1411d.jpeg\",\"articleSection\":[\"SOCIETE\"],\"inLanguage\":\"fr-FR\",\"potentialAction\":[{\"@type\":\"CommentAction\",\"name\":\"Comment\",\"target\":[\"https:\\\/\\\/voxsahel.com\\\/?p=1280#respond\"]}]},{\"@type\":\"WebPage\",\"@id\":\"https:\\\/\\\/voxsahel.com\\\/?p=1280\",\"url\":\"https:\\\/\\\/voxsahel.com\\\/?p=1280\",\"name\":\"Vaccination contre la fi\u00e8vre typho\u00efde au Burkina Faso : Injustifi\u00e9e, inappropri\u00e9e et dangereuse pour le futur des enfants - Vox Sahel\",\"isPartOf\":{\"@id\":\"https:\\\/\\\/voxsahel.com\\\/#website\"},\"primaryImageOfPage\":{\"@id\":\"https:\\\/\\\/voxsahel.com\\\/?p=1280#primaryimage\"},\"image\":{\"@id\":\"https:\\\/\\\/voxsahel.com\\\/?p=1280#primaryimage\"},\"thumbnailUrl\":\"https:\\\/\\\/voxsahel.com\\\/wp-content\\\/uploads\\\/2025\\\/01\\\/fb4e797b-4570-48b1-ad36-4a7a65e1411d.jpeg\",\"datePublished\":\"2025-01-24T19:17:20+00:00\",\"breadcrumb\":{\"@id\":\"https:\\\/\\\/voxsahel.com\\\/?p=1280#breadcrumb\"},\"inLanguage\":\"fr-FR\",\"potentialAction\":[{\"@type\":\"ReadAction\",\"target\":[\"https:\\\/\\\/voxsahel.com\\\/?p=1280\"]}]},{\"@type\":\"ImageObject\",\"inLanguage\":\"fr-FR\",\"@id\":\"https:\\\/\\\/voxsahel.com\\\/?p=1280#primaryimage\",\"url\":\"https:\\\/\\\/voxsahel.com\\\/wp-content\\\/uploads\\\/2025\\\/01\\\/fb4e797b-4570-48b1-ad36-4a7a65e1411d.jpeg\",\"contentUrl\":\"https:\\\/\\\/voxsahel.com\\\/wp-content\\\/uploads\\\/2025\\\/01\\\/fb4e797b-4570-48b1-ad36-4a7a65e1411d.jpeg\",\"width\":1079,\"height\":995},{\"@type\":\"BreadcrumbList\",\"@id\":\"https:\\\/\\\/voxsahel.com\\\/?p=1280#breadcrumb\",\"itemListElement\":[{\"@type\":\"ListItem\",\"position\":1,\"name\":\"Home\",\"item\":\"https:\\\/\\\/voxsahel.com\\\/\"},{\"@type\":\"ListItem\",\"position\":2,\"name\":\"Vaccination contre la fi\u00e8vre typho\u00efde au Burkina Faso : Injustifi\u00e9e, inappropri\u00e9e et dangereuse pour le futur des enfants\"}]},{\"@type\":\"WebSite\",\"@id\":\"https:\\\/\\\/voxsahel.com\\\/#website\",\"url\":\"https:\\\/\\\/voxsahel.com\\\/\",\"name\":\"Vox Sahel\",\"description\":\"Informez-vous sur le Sahel en un clic\",\"publisher\":{\"@id\":\"https:\\\/\\\/voxsahel.com\\\/#organization\"},\"potentialAction\":[{\"@type\":\"SearchAction\",\"target\":{\"@type\":\"EntryPoint\",\"urlTemplate\":\"https:\\\/\\\/voxsahel.com\\\/?s={search_term_string}\"},\"query-input\":{\"@type\":\"PropertyValueSpecification\",\"valueRequired\":true,\"valueName\":\"search_term_string\"}}],\"inLanguage\":\"fr-FR\"},{\"@type\":\"Organization\",\"@id\":\"https:\\\/\\\/voxsahel.com\\\/#organization\",\"name\":\"Vox Sahel\",\"url\":\"https:\\\/\\\/voxsahel.com\\\/\",\"logo\":{\"@type\":\"ImageObject\",\"inLanguage\":\"fr-FR\",\"@id\":\"https:\\\/\\\/voxsahel.com\\\/#\\\/schema\\\/logo\\\/image\\\/\",\"url\":\"https:\\\/\\\/voxsahel.com\\\/wp-content\\\/uploads\\\/2024\\\/09\\\/Logo-Vox-Sahel.jpg\",\"contentUrl\":\"https:\\\/\\\/voxsahel.com\\\/wp-content\\\/uploads\\\/2024\\\/09\\\/Logo-Vox-Sahel.jpg\",\"width\":1181,\"height\":848,\"caption\":\"Vox Sahel\"},\"image\":{\"@id\":\"https:\\\/\\\/voxsahel.com\\\/#\\\/schema\\\/logo\\\/image\\\/\"},\"sameAs\":[\"https:\\\/\\\/www.facebook.com\\\/journal.voxsahel\"]},{\"@type\":\"Person\",\"@id\":\"https:\\\/\\\/voxsahel.com\\\/#\\\/schema\\\/person\\\/b4043608248f8fa227cd760e7ff1e19e\",\"name\":\"Vox Sahel\",\"image\":{\"@type\":\"ImageObject\",\"inLanguage\":\"fr-FR\",\"@id\":\"https:\\\/\\\/secure.gravatar.com\\\/avatar\\\/f70e7fa0cb9b29d4a7c5788d6eb2e9ab4d3135cbae1c9161810fdf77a8964699?s=96&d=mm&r=g\",\"url\":\"https:\\\/\\\/secure.gravatar.com\\\/avatar\\\/f70e7fa0cb9b29d4a7c5788d6eb2e9ab4d3135cbae1c9161810fdf77a8964699?s=96&d=mm&r=g\",\"contentUrl\":\"https:\\\/\\\/secure.gravatar.com\\\/avatar\\\/f70e7fa0cb9b29d4a7c5788d6eb2e9ab4d3135cbae1c9161810fdf77a8964699?s=96&d=mm&r=g\",\"caption\":\"Vox Sahel\"},\"sameAs\":[\"http:\\\/\\\/www.voxsahel.com\"],\"url\":\"https:\\\/\\\/voxsahel.com\\\/?author=2\"}]}<\/script>\n<!-- \/ Yoast SEO plugin. -->","yoast_head_json":{"title":"Vaccination contre la fi\u00e8vre typho\u00efde au Burkina Faso : Injustifi\u00e9e, inappropri\u00e9e et dangereuse pour le futur des enfants - Vox Sahel","robots":{"index":"index","follow":"follow","max-snippet":"max-snippet:-1","max-image-preview":"max-image-preview:large","max-video-preview":"max-video-preview:-1"},"canonical":"https:\/\/voxsahel.com\/?p=1280","og_locale":"fr_FR","og_type":"article","og_title":"Vaccination contre la fi\u00e8vre typho\u00efde au Burkina Faso : Injustifi\u00e9e, inappropri\u00e9e et dangereuse pour le futur des enfants - Vox Sahel","og_description":"Mahamoudou Ouedraogo Ing\u00e9nieur\/Sant\u00e9, socio-anthropologue de la sant\u00e9 (Ouaga) Du 23 au 29 Janvier 2025 se","og_url":"https:\/\/voxsahel.com\/?p=1280","og_site_name":"Vox Sahel","article_publisher":"https:\/\/www.facebook.com\/journal.voxsahel","article_published_time":"2025-01-24T19:17:20+00:00","og_image":[{"width":1079,"height":995,"url":"https:\/\/voxsahel.com\/wp-content\/uploads\/2025\/01\/fb4e797b-4570-48b1-ad36-4a7a65e1411d.jpeg","type":"image\/jpeg"}],"author":"Vox Sahel","twitter_card":"summary_large_image","twitter_misc":{"\u00c9crit par":"Vox Sahel","Dur\u00e9e de lecture estim\u00e9e":"4 minutes"},"schema":{"@context":"https:\/\/schema.org","@graph":[{"@type":"Article","@id":"https:\/\/voxsahel.com\/?p=1280#article","isPartOf":{"@id":"https:\/\/voxsahel.com\/?p=1280"},"author":{"name":"Vox Sahel","@id":"https:\/\/voxsahel.com\/#\/schema\/person\/b4043608248f8fa227cd760e7ff1e19e"},"headline":"Vaccination contre la fi\u00e8vre typho\u00efde au Burkina Faso : Injustifi\u00e9e, inappropri\u00e9e et dangereuse pour le futur des enfants","datePublished":"2025-01-24T19:17:20+00:00","mainEntityOfPage":{"@id":"https:\/\/voxsahel.com\/?p=1280"},"wordCount":809,"commentCount":0,"publisher":{"@id":"https:\/\/voxsahel.com\/#organization"},"image":{"@id":"https:\/\/voxsahel.com\/?p=1280#primaryimage"},"thumbnailUrl":"https:\/\/voxsahel.com\/wp-content\/uploads\/2025\/01\/fb4e797b-4570-48b1-ad36-4a7a65e1411d.jpeg","articleSection":["SOCIETE"],"inLanguage":"fr-FR","potentialAction":[{"@type":"CommentAction","name":"Comment","target":["https:\/\/voxsahel.com\/?p=1280#respond"]}]},{"@type":"WebPage","@id":"https:\/\/voxsahel.com\/?p=1280","url":"https:\/\/voxsahel.com\/?p=1280","name":"Vaccination contre la fi\u00e8vre typho\u00efde au Burkina Faso : Injustifi\u00e9e, inappropri\u00e9e et dangereuse pour le futur des enfants - Vox Sahel","isPartOf":{"@id":"https:\/\/voxsahel.com\/#website"},"primaryImageOfPage":{"@id":"https:\/\/voxsahel.com\/?p=1280#primaryimage"},"image":{"@id":"https:\/\/voxsahel.com\/?p=1280#primaryimage"},"thumbnailUrl":"https:\/\/voxsahel.com\/wp-content\/uploads\/2025\/01\/fb4e797b-4570-48b1-ad36-4a7a65e1411d.jpeg","datePublished":"2025-01-24T19:17:20+00:00","breadcrumb":{"@id":"https:\/\/voxsahel.com\/?p=1280#breadcrumb"},"inLanguage":"fr-FR","potentialAction":[{"@type":"ReadAction","target":["https:\/\/voxsahel.com\/?p=1280"]}]},{"@type":"ImageObject","inLanguage":"fr-FR","@id":"https:\/\/voxsahel.com\/?p=1280#primaryimage","url":"https:\/\/voxsahel.com\/wp-content\/uploads\/2025\/01\/fb4e797b-4570-48b1-ad36-4a7a65e1411d.jpeg","contentUrl":"https:\/\/voxsahel.com\/wp-content\/uploads\/2025\/01\/fb4e797b-4570-48b1-ad36-4a7a65e1411d.jpeg","width":1079,"height":995},{"@type":"BreadcrumbList","@id":"https:\/\/voxsahel.com\/?p=1280#breadcrumb","itemListElement":[{"@type":"ListItem","position":1,"name":"Home","item":"https:\/\/voxsahel.com\/"},{"@type":"ListItem","position":2,"name":"Vaccination contre la fi\u00e8vre typho\u00efde au Burkina Faso : Injustifi\u00e9e, inappropri\u00e9e et dangereuse pour le futur des enfants"}]},{"@type":"WebSite","@id":"https:\/\/voxsahel.com\/#website","url":"https:\/\/voxsahel.com\/","name":"Vox Sahel","description":"Informez-vous sur le Sahel en un clic","publisher":{"@id":"https:\/\/voxsahel.com\/#organization"},"potentialAction":[{"@type":"SearchAction","target":{"@type":"EntryPoint","urlTemplate":"https:\/\/voxsahel.com\/?s={search_term_string}"},"query-input":{"@type":"PropertyValueSpecification","valueRequired":true,"valueName":"search_term_string"}}],"inLanguage":"fr-FR"},{"@type":"Organization","@id":"https:\/\/voxsahel.com\/#organization","name":"Vox Sahel","url":"https:\/\/voxsahel.com\/","logo":{"@type":"ImageObject","inLanguage":"fr-FR","@id":"https:\/\/voxsahel.com\/#\/schema\/logo\/image\/","url":"https:\/\/voxsahel.com\/wp-content\/uploads\/2024\/09\/Logo-Vox-Sahel.jpg","contentUrl":"https:\/\/voxsahel.com\/wp-content\/uploads\/2024\/09\/Logo-Vox-Sahel.jpg","width":1181,"height":848,"caption":"Vox Sahel"},"image":{"@id":"https:\/\/voxsahel.com\/#\/schema\/logo\/image\/"},"sameAs":["https:\/\/www.facebook.com\/journal.voxsahel"]},{"@type":"Person","@id":"https:\/\/voxsahel.com\/#\/schema\/person\/b4043608248f8fa227cd760e7ff1e19e","name":"Vox Sahel","image":{"@type":"ImageObject","inLanguage":"fr-FR","@id":"https:\/\/secure.gravatar.com\/avatar\/f70e7fa0cb9b29d4a7c5788d6eb2e9ab4d3135cbae1c9161810fdf77a8964699?s=96&d=mm&r=g","url":"https:\/\/secure.gravatar.com\/avatar\/f70e7fa0cb9b29d4a7c5788d6eb2e9ab4d3135cbae1c9161810fdf77a8964699?s=96&d=mm&r=g","contentUrl":"https:\/\/secure.gravatar.com\/avatar\/f70e7fa0cb9b29d4a7c5788d6eb2e9ab4d3135cbae1c9161810fdf77a8964699?s=96&d=mm&r=g","caption":"Vox Sahel"},"sameAs":["http:\/\/www.voxsahel.com"],"url":"https:\/\/voxsahel.com\/?author=2"}]}},"_links":{"self":[{"href":"https:\/\/voxsahel.com\/index.php?rest_route=\/wp\/v2\/posts\/1280","targetHints":{"allow":["GET"]}}],"collection":[{"href":"https:\/\/voxsahel.com\/index.php?rest_route=\/wp\/v2\/posts"}],"about":[{"href":"https:\/\/voxsahel.com\/index.php?rest_route=\/wp\/v2\/types\/post"}],"author":[{"embeddable":true,"href":"https:\/\/voxsahel.com\/index.php?rest_route=\/wp\/v2\/users\/2"}],"replies":[{"embeddable":true,"href":"https:\/\/voxsahel.com\/index.php?rest_route=%2Fwp%2Fv2%2Fcomments&post=1280"}],"version-history":[{"count":1,"href":"https:\/\/voxsahel.com\/index.php?rest_route=\/wp\/v2\/posts\/1280\/revisions"}],"predecessor-version":[{"id":1282,"href":"https:\/\/voxsahel.com\/index.php?rest_route=\/wp\/v2\/posts\/1280\/revisions\/1282"}],"wp:featuredmedia":[{"embeddable":true,"href":"https:\/\/voxsahel.com\/index.php?rest_route=\/wp\/v2\/media\/1281"}],"wp:attachment":[{"href":"https:\/\/voxsahel.com\/index.php?rest_route=%2Fwp%2Fv2%2Fmedia&parent=1280"}],"wp:term":[{"taxonomy":"category","embeddable":true,"href":"https:\/\/voxsahel.com\/index.php?rest_route=%2Fwp%2Fv2%2Fcategories&post=1280"},{"taxonomy":"post_tag","embeddable":true,"href":"https:\/\/voxsahel.com\/index.php?rest_route=%2Fwp%2Fv2%2Ftags&post=1280"}],"curies":[{"name":"wp","href":"https:\/\/api.w.org\/{rel}","templated":true}]}}