{"id":1272,"date":"2025-01-24T18:13:51","date_gmt":"2025-01-24T18:13:51","guid":{"rendered":"https:\/\/voxsahel.com\/?p=1272"},"modified":"2025-01-24T18:41:41","modified_gmt":"2025-01-24T18:41:41","slug":"decrypt-lancement-du-passeport-de-la-confederation-des-etats-du-sahelun-pas-vers-lintegration-regionale-et-la-libre-circulation","status":"publish","type":"post","link":"https:\/\/voxsahel.com\/?p=1272","title":{"rendered":"Decrypt\/Lancement du passeport de la Conf\u00e9d\u00e9ration de l\u2019Alliance des Etats du Sahel:Un pas vers l&rsquo;int\u00e9gration r\u00e9gionale et la libre circulation"},"content":{"rendered":"<p class=\"p2\">Le 23 janvier 2025, un communiqu\u00e9 du pr\u00e9sident en exercice de la Conf\u00e9d\u00e9ration de l\u2019Alliance des \u00c9tats du Sahel (AES), le g\u00e9n\u00e9ral d&rsquo;arm\u00e9es Assimi Go\u00efta, a annonc\u00e9 l\u2019introduction d\u2019un nouveau passeport destin\u00e9 \u00e0 faciliter la libre circulation des citoyens au sein de l&rsquo;organisation r\u00e9gionale. Ce passeport, qui sera mis en circulation \u00e0 partir du 29 janvier 2025, marque une avanc\u00e9e importante vers l\u2019int\u00e9gration r\u00e9gionale et l\u2019application des engagements des pays membres de l\u2019AES.<\/p>\n<p class=\"p2\" style=\"text-align: left;\"><span class=\"s1\">L\u2019AES regroupe 3 pays du Sahel, r\u00e9gion caract\u00e9ris\u00e9e par des d\u00e9fis s\u00e9curitaires, \u00e9conomiques et sociaux importants. L\u2019initiative de ce passeport conf\u00e9d\u00e9ral vise \u00e0 renforcer les \u00e9changes entre ces nations, en favorisant la mobilit\u00e9 des personnes, des biens et des services. <\/span><\/p>\n<p class=\"p2\" style=\"text-align: left;\"><span class=\"s1\">L\u2019objectif est de faciliter les d\u00e9placements \u00e0 l\u2019int\u00e9rieur de la zone sah\u00e9lienne, tout en cr\u00e9ant un environnement plus propice \u00e0 la coop\u00e9ration \u00e9conomique, culturelle et commerciale. Ce projet s\u2019inscrit dans une dynamique r\u00e9gionale plus large, similaire \u00e0 des initiatives comme celle de la CEDEAO (Communaut\u00e9 \u00e9conomique des \u00c9tats de l\u2019Afrique de l\u2019Ouest), qui a d\u00e9j\u00e0 mis en place un passeport r\u00e9gional pour ses membres.Le pr\u00e9sident Go\u00efta a pr\u00e9cis\u00e9 que les anciens passeports des \u00c9tats membres de l\u2019AES, y compris ceux portant le logo de la CEDEAO, resteront valides jusqu&rsquo;\u00e0 leur date d\u2019expiration. <\/span><\/p>\n<p class=\"p2\" style=\"text-align: left;\"><span class=\"s1\">Cela permet aux citoyens de continuer \u00e0 utiliser leurs documents en cours tout en ayant la possibilit\u00e9 de se procurer le nouveau passeport lors du renouvellement. Les d\u00e9tenteurs de passeports de la CEDEAO, toujours valides, sont encourag\u00e9s \u00e0 \u00e9changer leur document contre celui de l\u2019AES via des d\u00e9marches administratives simplifi\u00e9es.Cette initiative vise \u00e0 renforcer la confiance entre les citoyens des pays membres et \u00e0 am\u00e9liorer la fluidit\u00e9 des \u00e9changes dans la r\u00e9gion.<br \/>\n<\/span><\/p>\n<p class=\"p2\" style=\"text-align: left;\"><span class=\"s1\">Le pr\u00e9sident Go\u00efta a soulign\u00e9 que des mesures seront mises en place pour garantir la libre circulation des personnes et des biens, un principe fondamental pour promouvoir le d\u00e9veloppement \u00e9conomique et les liens sociaux dans la zone sah\u00e9lienne. Ce processus est per\u00e7u comme une r\u00e9ponse aux d\u00e9fis r\u00e9gionaux tels que la lutte contre le terrorisme, les migrations forc\u00e9es et la gestion de l\u2019\u00e9conomie informelle.<\/span><\/p>\n<p class=\"p2\" style=\"text-align: left;\"><span class=\"s1\">Le passeport de l\u2019AES est une avanc\u00e9e vers l\u2019int\u00e9gration r\u00e9gionale et pourrait ouvrir la voie \u00e0 une future zone de libre-\u00e9change ou un march\u00e9 commun dans le Sahel, en fonction de l\u2019\u00e9volution de la coop\u00e9ration politique et \u00e9conomique au sein de la Conf\u00e9d\u00e9ration. N\u00e9anmoins, la mise en \u0153uvre de cette initiative requiert une coop\u00e9ration \u00e9troite entre les \u00c9tats membres et une adaptation continue des syst\u00e8mes administratifs pour assurer une transition fluide et un r\u00e9el b\u00e9n\u00e9fice pour les citoyens.<\/span><\/p>\n<p>&nbsp;<\/p>\n<p class=\"p2\" style=\"text-align: right;\"><strong><span class=\"s2\">Par Amir BAKO <\/span><\/strong><\/p>\n<p class=\"p2\"><span class=\"s1\">\u00a0<\/span><\/p>\n","protected":false},"excerpt":{"rendered":"<p>Le 23 janvier 2025, un communiqu\u00e9 du pr\u00e9sident en exercice de la Conf\u00e9d\u00e9ration de l\u2019Alliance<\/p>\n","protected":false},"author":2,"featured_media":1274,"comment_status":"open","ping_status":"open","sticky":false,"template":"","format":"standard","meta":{"_et_pb_use_builder":"","_et_pb_old_content":"","_et_gb_content_width":"","footnotes":""},"categories":[6],"tags":[356,61,62,124,18,174,289,123,87,49,31,60,75,172],"class_list":["post-1272","post","type-post","status-publish","format-standard","has-post-thumbnail","hentry","category-politique","tag-abdourahamane-tiani","tag-aes","tag-alliance-des-etats-du-sahel","tag-assimi-goita","tag-burkina-faso","tag-capitaine-ibrahim-traore","tag-cedeao","tag-confederation-de-lalliances-des-etats-du-sahel","tag-diplomatie","tag-geopolitique","tag-mali","tag-niger","tag-politique","tag-sahel"],"yoast_head":"<!-- This site is optimized with the Yoast SEO plugin v27.5 - https:\/\/yoast.com\/product\/yoast-seo-wordpress\/ -->\n<title>Decrypt\/Lancement du passeport de la Conf\u00e9d\u00e9ration de l\u2019Alliance des Etats du Sahel:Un pas vers l&#039;int\u00e9gration r\u00e9gionale et la libre circulation - Vox Sahel<\/title>\n<meta name=\"robots\" content=\"index, follow, max-snippet:-1, max-image-preview:large, max-video-preview:-1\" \/>\n<link rel=\"canonical\" href=\"https:\/\/voxsahel.com\/?p=1272\" \/>\n<meta property=\"og:locale\" content=\"fr_FR\" \/>\n<meta property=\"og:type\" content=\"article\" \/>\n<meta property=\"og:title\" content=\"Decrypt\/Lancement du passeport de la Conf\u00e9d\u00e9ration de l\u2019Alliance des Etats du Sahel:Un pas vers l&#039;int\u00e9gration r\u00e9gionale et la libre circulation - Vox Sahel\" \/>\n<meta property=\"og:description\" content=\"Le 23 janvier 2025, un communiqu\u00e9 du pr\u00e9sident en exercice de la Conf\u00e9d\u00e9ration de l\u2019Alliance\" \/>\n<meta property=\"og:url\" content=\"https:\/\/voxsahel.com\/?p=1272\" \/>\n<meta property=\"og:site_name\" content=\"Vox Sahel\" \/>\n<meta property=\"article:publisher\" content=\"https:\/\/www.facebook.com\/journal.voxsahel\" \/>\n<meta property=\"article:published_time\" content=\"2025-01-24T18:13:51+00:00\" \/>\n<meta property=\"article:modified_time\" content=\"2025-01-24T18:41:41+00:00\" \/>\n<meta property=\"og:image\" content=\"https:\/\/voxsahel.com\/wp-content\/uploads\/2025\/01\/b63bffa7-edc1-4577-ac1a-767103920cc0.jpeg\" \/>\n\t<meta property=\"og:image:width\" content=\"719\" \/>\n\t<meta property=\"og:image:height\" content=\"605\" \/>\n\t<meta property=\"og:image:type\" content=\"image\/jpeg\" \/>\n<meta name=\"author\" content=\"Vox Sahel\" \/>\n<meta name=\"twitter:card\" content=\"summary_large_image\" \/>\n<meta name=\"twitter:label1\" content=\"\u00c9crit par\" \/>\n\t<meta name=\"twitter:data1\" content=\"Vox Sahel\" \/>\n\t<meta name=\"twitter:label2\" content=\"Dur\u00e9e de lecture estim\u00e9e\" \/>\n\t<meta name=\"twitter:data2\" content=\"3 minutes\" \/>\n<script type=\"application\/ld+json\" class=\"yoast-schema-graph\">{\"@context\":\"https:\\\/\\\/schema.org\",\"@graph\":[{\"@type\":\"Article\",\"@id\":\"https:\\\/\\\/voxsahel.com\\\/?p=1272#article\",\"isPartOf\":{\"@id\":\"https:\\\/\\\/voxsahel.com\\\/?p=1272\"},\"author\":{\"name\":\"Vox Sahel\",\"@id\":\"https:\\\/\\\/voxsahel.com\\\/#\\\/schema\\\/person\\\/b4043608248f8fa227cd760e7ff1e19e\"},\"headline\":\"Decrypt\\\/Lancement du passeport de la Conf\u00e9d\u00e9ration de l\u2019Alliance des Etats du Sahel:Un pas vers l&rsquo;int\u00e9gration r\u00e9gionale et la libre circulation\",\"datePublished\":\"2025-01-24T18:13:51+00:00\",\"dateModified\":\"2025-01-24T18:41:41+00:00\",\"mainEntityOfPage\":{\"@id\":\"https:\\\/\\\/voxsahel.com\\\/?p=1272\"},\"wordCount\":516,\"commentCount\":0,\"publisher\":{\"@id\":\"https:\\\/\\\/voxsahel.com\\\/#organization\"},\"image\":{\"@id\":\"https:\\\/\\\/voxsahel.com\\\/?p=1272#primaryimage\"},\"thumbnailUrl\":\"https:\\\/\\\/voxsahel.com\\\/wp-content\\\/uploads\\\/2025\\\/01\\\/b63bffa7-edc1-4577-ac1a-767103920cc0.jpeg\",\"keywords\":[\"Abdourahamane Tiani\",\"AES\",\"Alliance des \u00c9tats du Sahel\",\"Assimi GO\u00cfTA\",\"Burkina Faso\",\"Capitaine Ibrahim Traor\u00e9\",\"CEDEAO\",\"Conf\u00e9d\u00e9ration de l\u2019Alliances des \u00c9tats du Sahel\",\"Diplomatie\",\"G\u00e9opolitique\",\"Mali\",\"Niger\",\"Politique\",\"Sahel\"],\"articleSection\":[\"POLITIQUE\"],\"inLanguage\":\"fr-FR\",\"potentialAction\":[{\"@type\":\"CommentAction\",\"name\":\"Comment\",\"target\":[\"https:\\\/\\\/voxsahel.com\\\/?p=1272#respond\"]}]},{\"@type\":\"WebPage\",\"@id\":\"https:\\\/\\\/voxsahel.com\\\/?p=1272\",\"url\":\"https:\\\/\\\/voxsahel.com\\\/?p=1272\",\"name\":\"Decrypt\\\/Lancement du passeport de la Conf\u00e9d\u00e9ration de l\u2019Alliance des Etats du Sahel:Un pas vers l'int\u00e9gration r\u00e9gionale et la libre circulation - Vox Sahel\",\"isPartOf\":{\"@id\":\"https:\\\/\\\/voxsahel.com\\\/#website\"},\"primaryImageOfPage\":{\"@id\":\"https:\\\/\\\/voxsahel.com\\\/?p=1272#primaryimage\"},\"image\":{\"@id\":\"https:\\\/\\\/voxsahel.com\\\/?p=1272#primaryimage\"},\"thumbnailUrl\":\"https:\\\/\\\/voxsahel.com\\\/wp-content\\\/uploads\\\/2025\\\/01\\\/b63bffa7-edc1-4577-ac1a-767103920cc0.jpeg\",\"datePublished\":\"2025-01-24T18:13:51+00:00\",\"dateModified\":\"2025-01-24T18:41:41+00:00\",\"breadcrumb\":{\"@id\":\"https:\\\/\\\/voxsahel.com\\\/?p=1272#breadcrumb\"},\"inLanguage\":\"fr-FR\",\"potentialAction\":[{\"@type\":\"ReadAction\",\"target\":[\"https:\\\/\\\/voxsahel.com\\\/?p=1272\"]}]},{\"@type\":\"ImageObject\",\"inLanguage\":\"fr-FR\",\"@id\":\"https:\\\/\\\/voxsahel.com\\\/?p=1272#primaryimage\",\"url\":\"https:\\\/\\\/voxsahel.com\\\/wp-content\\\/uploads\\\/2025\\\/01\\\/b63bffa7-edc1-4577-ac1a-767103920cc0.jpeg\",\"contentUrl\":\"https:\\\/\\\/voxsahel.com\\\/wp-content\\\/uploads\\\/2025\\\/01\\\/b63bffa7-edc1-4577-ac1a-767103920cc0.jpeg\",\"width\":719,\"height\":605},{\"@type\":\"BreadcrumbList\",\"@id\":\"https:\\\/\\\/voxsahel.com\\\/?p=1272#breadcrumb\",\"itemListElement\":[{\"@type\":\"ListItem\",\"position\":1,\"name\":\"Home\",\"item\":\"https:\\\/\\\/voxsahel.com\\\/\"},{\"@type\":\"ListItem\",\"position\":2,\"name\":\"Decrypt\\\/Lancement du passeport de la Conf\u00e9d\u00e9ration de l\u2019Alliance des Etats du Sahel:Un pas vers l&rsquo;int\u00e9gration r\u00e9gionale et la libre circulation\"}]},{\"@type\":\"WebSite\",\"@id\":\"https:\\\/\\\/voxsahel.com\\\/#website\",\"url\":\"https:\\\/\\\/voxsahel.com\\\/\",\"name\":\"Vox Sahel\",\"description\":\"Informez-vous sur le Sahel en un clic\",\"publisher\":{\"@id\":\"https:\\\/\\\/voxsahel.com\\\/#organization\"},\"potentialAction\":[{\"@type\":\"SearchAction\",\"target\":{\"@type\":\"EntryPoint\",\"urlTemplate\":\"https:\\\/\\\/voxsahel.com\\\/?s={search_term_string}\"},\"query-input\":{\"@type\":\"PropertyValueSpecification\",\"valueRequired\":true,\"valueName\":\"search_term_string\"}}],\"inLanguage\":\"fr-FR\"},{\"@type\":\"Organization\",\"@id\":\"https:\\\/\\\/voxsahel.com\\\/#organization\",\"name\":\"Vox Sahel\",\"url\":\"https:\\\/\\\/voxsahel.com\\\/\",\"logo\":{\"@type\":\"ImageObject\",\"inLanguage\":\"fr-FR\",\"@id\":\"https:\\\/\\\/voxsahel.com\\\/#\\\/schema\\\/logo\\\/image\\\/\",\"url\":\"https:\\\/\\\/voxsahel.com\\\/wp-content\\\/uploads\\\/2024\\\/09\\\/Logo-Vox-Sahel.jpg\",\"contentUrl\":\"https:\\\/\\\/voxsahel.com\\\/wp-content\\\/uploads\\\/2024\\\/09\\\/Logo-Vox-Sahel.jpg\",\"width\":1181,\"height\":848,\"caption\":\"Vox Sahel\"},\"image\":{\"@id\":\"https:\\\/\\\/voxsahel.com\\\/#\\\/schema\\\/logo\\\/image\\\/\"},\"sameAs\":[\"https:\\\/\\\/www.facebook.com\\\/journal.voxsahel\"]},{\"@type\":\"Person\",\"@id\":\"https:\\\/\\\/voxsahel.com\\\/#\\\/schema\\\/person\\\/b4043608248f8fa227cd760e7ff1e19e\",\"name\":\"Vox Sahel\",\"image\":{\"@type\":\"ImageObject\",\"inLanguage\":\"fr-FR\",\"@id\":\"https:\\\/\\\/secure.gravatar.com\\\/avatar\\\/f70e7fa0cb9b29d4a7c5788d6eb2e9ab4d3135cbae1c9161810fdf77a8964699?s=96&d=mm&r=g\",\"url\":\"https:\\\/\\\/secure.gravatar.com\\\/avatar\\\/f70e7fa0cb9b29d4a7c5788d6eb2e9ab4d3135cbae1c9161810fdf77a8964699?s=96&d=mm&r=g\",\"contentUrl\":\"https:\\\/\\\/secure.gravatar.com\\\/avatar\\\/f70e7fa0cb9b29d4a7c5788d6eb2e9ab4d3135cbae1c9161810fdf77a8964699?s=96&d=mm&r=g\",\"caption\":\"Vox Sahel\"},\"sameAs\":[\"http:\\\/\\\/www.voxsahel.com\"],\"url\":\"https:\\\/\\\/voxsahel.com\\\/?author=2\"}]}<\/script>\n<!-- \/ Yoast SEO plugin. -->","yoast_head_json":{"title":"Decrypt\/Lancement du passeport de la Conf\u00e9d\u00e9ration de l\u2019Alliance des Etats du Sahel:Un pas vers l'int\u00e9gration r\u00e9gionale et la libre circulation - Vox Sahel","robots":{"index":"index","follow":"follow","max-snippet":"max-snippet:-1","max-image-preview":"max-image-preview:large","max-video-preview":"max-video-preview:-1"},"canonical":"https:\/\/voxsahel.com\/?p=1272","og_locale":"fr_FR","og_type":"article","og_title":"Decrypt\/Lancement du passeport de la Conf\u00e9d\u00e9ration de l\u2019Alliance des Etats du Sahel:Un pas vers l'int\u00e9gration r\u00e9gionale et la libre circulation - Vox Sahel","og_description":"Le 23 janvier 2025, un communiqu\u00e9 du pr\u00e9sident en exercice de la Conf\u00e9d\u00e9ration de l\u2019Alliance","og_url":"https:\/\/voxsahel.com\/?p=1272","og_site_name":"Vox Sahel","article_publisher":"https:\/\/www.facebook.com\/journal.voxsahel","article_published_time":"2025-01-24T18:13:51+00:00","article_modified_time":"2025-01-24T18:41:41+00:00","og_image":[{"width":719,"height":605,"url":"https:\/\/voxsahel.com\/wp-content\/uploads\/2025\/01\/b63bffa7-edc1-4577-ac1a-767103920cc0.jpeg","type":"image\/jpeg"}],"author":"Vox Sahel","twitter_card":"summary_large_image","twitter_misc":{"\u00c9crit par":"Vox Sahel","Dur\u00e9e de lecture estim\u00e9e":"3 minutes"},"schema":{"@context":"https:\/\/schema.org","@graph":[{"@type":"Article","@id":"https:\/\/voxsahel.com\/?p=1272#article","isPartOf":{"@id":"https:\/\/voxsahel.com\/?p=1272"},"author":{"name":"Vox Sahel","@id":"https:\/\/voxsahel.com\/#\/schema\/person\/b4043608248f8fa227cd760e7ff1e19e"},"headline":"Decrypt\/Lancement du passeport de la Conf\u00e9d\u00e9ration de l\u2019Alliance des Etats du Sahel:Un pas vers l&rsquo;int\u00e9gration r\u00e9gionale et la libre circulation","datePublished":"2025-01-24T18:13:51+00:00","dateModified":"2025-01-24T18:41:41+00:00","mainEntityOfPage":{"@id":"https:\/\/voxsahel.com\/?p=1272"},"wordCount":516,"commentCount":0,"publisher":{"@id":"https:\/\/voxsahel.com\/#organization"},"image":{"@id":"https:\/\/voxsahel.com\/?p=1272#primaryimage"},"thumbnailUrl":"https:\/\/voxsahel.com\/wp-content\/uploads\/2025\/01\/b63bffa7-edc1-4577-ac1a-767103920cc0.jpeg","keywords":["Abdourahamane Tiani","AES","Alliance des \u00c9tats du Sahel","Assimi GO\u00cfTA","Burkina Faso","Capitaine Ibrahim Traor\u00e9","CEDEAO","Conf\u00e9d\u00e9ration de l\u2019Alliances des \u00c9tats du Sahel","Diplomatie","G\u00e9opolitique","Mali","Niger","Politique","Sahel"],"articleSection":["POLITIQUE"],"inLanguage":"fr-FR","potentialAction":[{"@type":"CommentAction","name":"Comment","target":["https:\/\/voxsahel.com\/?p=1272#respond"]}]},{"@type":"WebPage","@id":"https:\/\/voxsahel.com\/?p=1272","url":"https:\/\/voxsahel.com\/?p=1272","name":"Decrypt\/Lancement du passeport de la Conf\u00e9d\u00e9ration de l\u2019Alliance des Etats du Sahel:Un pas vers l'int\u00e9gration r\u00e9gionale et la libre circulation - Vox Sahel","isPartOf":{"@id":"https:\/\/voxsahel.com\/#website"},"primaryImageOfPage":{"@id":"https:\/\/voxsahel.com\/?p=1272#primaryimage"},"image":{"@id":"https:\/\/voxsahel.com\/?p=1272#primaryimage"},"thumbnailUrl":"https:\/\/voxsahel.com\/wp-content\/uploads\/2025\/01\/b63bffa7-edc1-4577-ac1a-767103920cc0.jpeg","datePublished":"2025-01-24T18:13:51+00:00","dateModified":"2025-01-24T18:41:41+00:00","breadcrumb":{"@id":"https:\/\/voxsahel.com\/?p=1272#breadcrumb"},"inLanguage":"fr-FR","potentialAction":[{"@type":"ReadAction","target":["https:\/\/voxsahel.com\/?p=1272"]}]},{"@type":"ImageObject","inLanguage":"fr-FR","@id":"https:\/\/voxsahel.com\/?p=1272#primaryimage","url":"https:\/\/voxsahel.com\/wp-content\/uploads\/2025\/01\/b63bffa7-edc1-4577-ac1a-767103920cc0.jpeg","contentUrl":"https:\/\/voxsahel.com\/wp-content\/uploads\/2025\/01\/b63bffa7-edc1-4577-ac1a-767103920cc0.jpeg","width":719,"height":605},{"@type":"BreadcrumbList","@id":"https:\/\/voxsahel.com\/?p=1272#breadcrumb","itemListElement":[{"@type":"ListItem","position":1,"name":"Home","item":"https:\/\/voxsahel.com\/"},{"@type":"ListItem","position":2,"name":"Decrypt\/Lancement du passeport de la Conf\u00e9d\u00e9ration de l\u2019Alliance des Etats du Sahel:Un pas vers l&rsquo;int\u00e9gration r\u00e9gionale et la libre circulation"}]},{"@type":"WebSite","@id":"https:\/\/voxsahel.com\/#website","url":"https:\/\/voxsahel.com\/","name":"Vox Sahel","description":"Informez-vous sur le Sahel en un clic","publisher":{"@id":"https:\/\/voxsahel.com\/#organization"},"potentialAction":[{"@type":"SearchAction","target":{"@type":"EntryPoint","urlTemplate":"https:\/\/voxsahel.com\/?s={search_term_string}"},"query-input":{"@type":"PropertyValueSpecification","valueRequired":true,"valueName":"search_term_string"}}],"inLanguage":"fr-FR"},{"@type":"Organization","@id":"https:\/\/voxsahel.com\/#organization","name":"Vox Sahel","url":"https:\/\/voxsahel.com\/","logo":{"@type":"ImageObject","inLanguage":"fr-FR","@id":"https:\/\/voxsahel.com\/#\/schema\/logo\/image\/","url":"https:\/\/voxsahel.com\/wp-content\/uploads\/2024\/09\/Logo-Vox-Sahel.jpg","contentUrl":"https:\/\/voxsahel.com\/wp-content\/uploads\/2024\/09\/Logo-Vox-Sahel.jpg","width":1181,"height":848,"caption":"Vox Sahel"},"image":{"@id":"https:\/\/voxsahel.com\/#\/schema\/logo\/image\/"},"sameAs":["https:\/\/www.facebook.com\/journal.voxsahel"]},{"@type":"Person","@id":"https:\/\/voxsahel.com\/#\/schema\/person\/b4043608248f8fa227cd760e7ff1e19e","name":"Vox Sahel","image":{"@type":"ImageObject","inLanguage":"fr-FR","@id":"https:\/\/secure.gravatar.com\/avatar\/f70e7fa0cb9b29d4a7c5788d6eb2e9ab4d3135cbae1c9161810fdf77a8964699?s=96&d=mm&r=g","url":"https:\/\/secure.gravatar.com\/avatar\/f70e7fa0cb9b29d4a7c5788d6eb2e9ab4d3135cbae1c9161810fdf77a8964699?s=96&d=mm&r=g","contentUrl":"https:\/\/secure.gravatar.com\/avatar\/f70e7fa0cb9b29d4a7c5788d6eb2e9ab4d3135cbae1c9161810fdf77a8964699?s=96&d=mm&r=g","caption":"Vox Sahel"},"sameAs":["http:\/\/www.voxsahel.com"],"url":"https:\/\/voxsahel.com\/?author=2"}]}},"_links":{"self":[{"href":"https:\/\/voxsahel.com\/index.php?rest_route=\/wp\/v2\/posts\/1272","targetHints":{"allow":["GET"]}}],"collection":[{"href":"https:\/\/voxsahel.com\/index.php?rest_route=\/wp\/v2\/posts"}],"about":[{"href":"https:\/\/voxsahel.com\/index.php?rest_route=\/wp\/v2\/types\/post"}],"author":[{"embeddable":true,"href":"https:\/\/voxsahel.com\/index.php?rest_route=\/wp\/v2\/users\/2"}],"replies":[{"embeddable":true,"href":"https:\/\/voxsahel.com\/index.php?rest_route=%2Fwp%2Fv2%2Fcomments&post=1272"}],"version-history":[{"count":5,"href":"https:\/\/voxsahel.com\/index.php?rest_route=\/wp\/v2\/posts\/1272\/revisions"}],"predecessor-version":[{"id":1279,"href":"https:\/\/voxsahel.com\/index.php?rest_route=\/wp\/v2\/posts\/1272\/revisions\/1279"}],"wp:featuredmedia":[{"embeddable":true,"href":"https:\/\/voxsahel.com\/index.php?rest_route=\/wp\/v2\/media\/1274"}],"wp:attachment":[{"href":"https:\/\/voxsahel.com\/index.php?rest_route=%2Fwp%2Fv2%2Fmedia&parent=1272"}],"wp:term":[{"taxonomy":"category","embeddable":true,"href":"https:\/\/voxsahel.com\/index.php?rest_route=%2Fwp%2Fv2%2Fcategories&post=1272"},{"taxonomy":"post_tag","embeddable":true,"href":"https:\/\/voxsahel.com\/index.php?rest_route=%2Fwp%2Fv2%2Ftags&post=1272"}],"curies":[{"name":"wp","href":"https:\/\/api.w.org\/{rel}","templated":true}]}}