{"id":1265,"date":"2025-01-23T14:19:16","date_gmt":"2025-01-23T14:19:16","guid":{"rendered":"https:\/\/voxsahel.com\/?p=1265"},"modified":"2025-01-23T14:19:16","modified_gmt":"2025-01-23T14:19:16","slug":"aes-mise-en-circulation-des-passeports-de-la-confederation-a-compter-du-29-janvier-2025","status":"publish","type":"post","link":"https:\/\/voxsahel.com\/?p=1265","title":{"rendered":"AES : Mise en circulation des passeports de la Conf\u00e9d\u00e9ration \u00e0 compter du 29 janvier 2025"},"content":{"rendered":"<p class=\"p2\"><span class=\"s1\">Dans un communiqu\u00e9 officiel rendu public ce jeudi 23 janvier 2025, le Pr\u00e9sident de la Conf\u00e9d\u00e9ration des l\u2019Alliance des \u00c9tats du Sahel (AES), le G\u00e9n\u00e9ral d&rsquo;Arm\u00e9e Assimi Go\u00efta, a annonc\u00e9 la mise en circulation des nouveaux passeports de l&rsquo;AES \u00e0 compter du 29 janvier 2025. Cette initiative marque une \u00e9tape significative dans la mise en \u0153uvre de la feuille de route de la Conf\u00e9d\u00e9ration, en particulier dans le domaine de la libre circulation des citoyens.<\/span><\/p>\n<p class=\"p2\"><span class=\"s1\">Dans ce communiqu\u00e9 officiel, le Pr\u00e9sident de la Conf\u00e9d\u00e9ration a rassur\u00e9 les citoyens de l&rsquo;AES et la communaut\u00e9 internationale quant \u00e0 l&rsquo;efficacit\u00e9 des mesures prises pour garantir la mobilit\u00e9 des personnes et des biens. Les anciens passeports, arborant le logo de la CEDEAO, resteront valables jusqu&rsquo;\u00e0 leur expiration. Cependant, les citoyens qui le souhaitent peuvent demander un remplacement par les nouveaux passeports AES, conform\u00e9ment aux proc\u00e9dures en vigueur.<\/span><\/p>\n<p class=\"p2\"><span class=\"s1\">Cette initiative s&rsquo;inscrit dans une dynamique visant \u00e0 renforcer l&rsquo;int\u00e9gration entre les \u00c9tats membres de l&rsquo;AES et \u00e0 affirmer une identit\u00e9 conf\u00e9d\u00e9rale forte. Le Pr\u00e9sident Assimi Go\u00efta a soulign\u00e9 que des dispositions pratiques et logistiques seront prises pour garantir une transition fluide.<\/span><\/p>\n<p class=\"p2\"><span class=\"s1\">La mise en circulation des passeports AES symbolise une nouvelle \u00e8re pour les citoyens de la Conf\u00e9d\u00e9ration, en consolidant les liens entre les nations membres et en facilitant les \u00e9changes \u00e9conomiques, culturels et sociaux.<\/span><\/p>\n<p class=\"p2\"><span class=\"s1\">Le G\u00e9n\u00e9ral Go\u00efta a conclu son communiqu\u00e9 en invoquant les b\u00e9n\u00e9dictions divines pour l&rsquo;AES et ses citoyens, r\u00e9affirmant ainsi son engagement envers la prosp\u00e9rit\u00e9 et la stabilit\u00e9 de l&rsquo;espace conf\u00e9d\u00e9ral.<\/span><\/p>\n<p class=\"p2\"><span class=\"s1\">La Conf\u00e9d\u00e9ration des \u00c9tats du Sahel, cr\u00e9\u00e9e dans un contexte de transformation r\u00e9gionale, regroupe plusieurs \u00c9tats sah\u00e9liens unis par une vision commune de coop\u00e9ration et de solidarit\u00e9. En adoptant un passeport unique, l&rsquo;AES vise \u00e0 simplifier les d\u00e9marches administratives pour ses citoyens tout en renfor\u00e7ant son positionnement g\u00e9opolitique.<\/span><\/p>\n<p class=\"p2\"><span class=\"s1\">Les populations des pays membres attendent avec impatience la concr\u00e9tisation de cette mesure, consid\u00e9r\u00e9e comme un signal fort pour la promotion de l&rsquo;int\u00e9gration r\u00e9gionale.<\/span><\/p>\n","protected":false},"excerpt":{"rendered":"<p>Dans un communiqu\u00e9 officiel rendu public ce jeudi 23 janvier 2025, le Pr\u00e9sident de la<\/p>\n","protected":false},"author":2,"featured_media":1267,"comment_status":"open","ping_status":"open","sticky":false,"template":"","format":"standard","meta":{"_et_pb_use_builder":"","_et_pb_old_content":"","_et_gb_content_width":"","footnotes":""},"categories":[6],"tags":[61,62,18,123,87,49,31,60,75],"class_list":["post-1265","post","type-post","status-publish","format-standard","has-post-thumbnail","hentry","category-politique","tag-aes","tag-alliance-des-etats-du-sahel","tag-burkina-faso","tag-confederation-de-lalliances-des-etats-du-sahel","tag-diplomatie","tag-geopolitique","tag-mali","tag-niger","tag-politique"],"yoast_head":"<!-- This site is optimized with the Yoast SEO plugin v27.5 - https:\/\/yoast.com\/product\/yoast-seo-wordpress\/ -->\n<title>AES : Mise en circulation des passeports de la Conf\u00e9d\u00e9ration \u00e0 compter du 29 janvier 2025 - Vox Sahel<\/title>\n<meta name=\"robots\" content=\"index, follow, max-snippet:-1, max-image-preview:large, max-video-preview:-1\" \/>\n<link rel=\"canonical\" href=\"https:\/\/voxsahel.com\/?p=1265\" \/>\n<meta property=\"og:locale\" content=\"fr_FR\" \/>\n<meta property=\"og:type\" content=\"article\" \/>\n<meta property=\"og:title\" content=\"AES : Mise en circulation des passeports de la Conf\u00e9d\u00e9ration \u00e0 compter du 29 janvier 2025 - Vox Sahel\" \/>\n<meta property=\"og:description\" content=\"Dans un communiqu\u00e9 officiel rendu public ce jeudi 23 janvier 2025, le Pr\u00e9sident de la\" \/>\n<meta property=\"og:url\" content=\"https:\/\/voxsahel.com\/?p=1265\" \/>\n<meta property=\"og:site_name\" content=\"Vox Sahel\" \/>\n<meta property=\"article:publisher\" content=\"https:\/\/www.facebook.com\/journal.voxsahel\" \/>\n<meta property=\"article:published_time\" content=\"2025-01-23T14:19:16+00:00\" \/>\n<meta property=\"og:image\" content=\"https:\/\/voxsahel.com\/wp-content\/uploads\/2025\/01\/5bf76212-c640-450b-a5e4-b228b439701f.jpeg\" \/>\n\t<meta property=\"og:image:width\" content=\"924\" \/>\n\t<meta property=\"og:image:height\" content=\"1314\" \/>\n\t<meta property=\"og:image:type\" content=\"image\/jpeg\" \/>\n<meta name=\"author\" content=\"Vox Sahel\" \/>\n<meta name=\"twitter:card\" content=\"summary_large_image\" \/>\n<meta name=\"twitter:label1\" content=\"\u00c9crit par\" \/>\n\t<meta name=\"twitter:data1\" content=\"Vox Sahel\" \/>\n\t<meta name=\"twitter:label2\" content=\"Dur\u00e9e de lecture estim\u00e9e\" \/>\n\t<meta name=\"twitter:data2\" content=\"2 minutes\" \/>\n<script type=\"application\/ld+json\" class=\"yoast-schema-graph\">{\"@context\":\"https:\\\/\\\/schema.org\",\"@graph\":[{\"@type\":\"Article\",\"@id\":\"https:\\\/\\\/voxsahel.com\\\/?p=1265#article\",\"isPartOf\":{\"@id\":\"https:\\\/\\\/voxsahel.com\\\/?p=1265\"},\"author\":{\"name\":\"Vox Sahel\",\"@id\":\"https:\\\/\\\/voxsahel.com\\\/#\\\/schema\\\/person\\\/b4043608248f8fa227cd760e7ff1e19e\"},\"headline\":\"AES : Mise en circulation des passeports de la Conf\u00e9d\u00e9ration \u00e0 compter du 29 janvier 2025\",\"datePublished\":\"2025-01-23T14:19:16+00:00\",\"mainEntityOfPage\":{\"@id\":\"https:\\\/\\\/voxsahel.com\\\/?p=1265\"},\"wordCount\":382,\"commentCount\":0,\"publisher\":{\"@id\":\"https:\\\/\\\/voxsahel.com\\\/#organization\"},\"image\":{\"@id\":\"https:\\\/\\\/voxsahel.com\\\/?p=1265#primaryimage\"},\"thumbnailUrl\":\"https:\\\/\\\/voxsahel.com\\\/wp-content\\\/uploads\\\/2025\\\/01\\\/5bf76212-c640-450b-a5e4-b228b439701f.jpeg\",\"keywords\":[\"AES\",\"Alliance des \u00c9tats du Sahel\",\"Burkina Faso\",\"Conf\u00e9d\u00e9ration de l\u2019Alliances des \u00c9tats du Sahel\",\"Diplomatie\",\"G\u00e9opolitique\",\"Mali\",\"Niger\",\"Politique\"],\"articleSection\":[\"POLITIQUE\"],\"inLanguage\":\"fr-FR\",\"potentialAction\":[{\"@type\":\"CommentAction\",\"name\":\"Comment\",\"target\":[\"https:\\\/\\\/voxsahel.com\\\/?p=1265#respond\"]}]},{\"@type\":\"WebPage\",\"@id\":\"https:\\\/\\\/voxsahel.com\\\/?p=1265\",\"url\":\"https:\\\/\\\/voxsahel.com\\\/?p=1265\",\"name\":\"AES : Mise en circulation des passeports de la Conf\u00e9d\u00e9ration \u00e0 compter du 29 janvier 2025 - Vox Sahel\",\"isPartOf\":{\"@id\":\"https:\\\/\\\/voxsahel.com\\\/#website\"},\"primaryImageOfPage\":{\"@id\":\"https:\\\/\\\/voxsahel.com\\\/?p=1265#primaryimage\"},\"image\":{\"@id\":\"https:\\\/\\\/voxsahel.com\\\/?p=1265#primaryimage\"},\"thumbnailUrl\":\"https:\\\/\\\/voxsahel.com\\\/wp-content\\\/uploads\\\/2025\\\/01\\\/5bf76212-c640-450b-a5e4-b228b439701f.jpeg\",\"datePublished\":\"2025-01-23T14:19:16+00:00\",\"breadcrumb\":{\"@id\":\"https:\\\/\\\/voxsahel.com\\\/?p=1265#breadcrumb\"},\"inLanguage\":\"fr-FR\",\"potentialAction\":[{\"@type\":\"ReadAction\",\"target\":[\"https:\\\/\\\/voxsahel.com\\\/?p=1265\"]}]},{\"@type\":\"ImageObject\",\"inLanguage\":\"fr-FR\",\"@id\":\"https:\\\/\\\/voxsahel.com\\\/?p=1265#primaryimage\",\"url\":\"https:\\\/\\\/voxsahel.com\\\/wp-content\\\/uploads\\\/2025\\\/01\\\/5bf76212-c640-450b-a5e4-b228b439701f.jpeg\",\"contentUrl\":\"https:\\\/\\\/voxsahel.com\\\/wp-content\\\/uploads\\\/2025\\\/01\\\/5bf76212-c640-450b-a5e4-b228b439701f.jpeg\",\"width\":924,\"height\":1314},{\"@type\":\"BreadcrumbList\",\"@id\":\"https:\\\/\\\/voxsahel.com\\\/?p=1265#breadcrumb\",\"itemListElement\":[{\"@type\":\"ListItem\",\"position\":1,\"name\":\"Home\",\"item\":\"https:\\\/\\\/voxsahel.com\\\/\"},{\"@type\":\"ListItem\",\"position\":2,\"name\":\"AES : Mise en circulation des passeports de la Conf\u00e9d\u00e9ration \u00e0 compter du 29 janvier 2025\"}]},{\"@type\":\"WebSite\",\"@id\":\"https:\\\/\\\/voxsahel.com\\\/#website\",\"url\":\"https:\\\/\\\/voxsahel.com\\\/\",\"name\":\"Vox Sahel\",\"description\":\"Informez-vous sur le Sahel en un clic\",\"publisher\":{\"@id\":\"https:\\\/\\\/voxsahel.com\\\/#organization\"},\"potentialAction\":[{\"@type\":\"SearchAction\",\"target\":{\"@type\":\"EntryPoint\",\"urlTemplate\":\"https:\\\/\\\/voxsahel.com\\\/?s={search_term_string}\"},\"query-input\":{\"@type\":\"PropertyValueSpecification\",\"valueRequired\":true,\"valueName\":\"search_term_string\"}}],\"inLanguage\":\"fr-FR\"},{\"@type\":\"Organization\",\"@id\":\"https:\\\/\\\/voxsahel.com\\\/#organization\",\"name\":\"Vox Sahel\",\"url\":\"https:\\\/\\\/voxsahel.com\\\/\",\"logo\":{\"@type\":\"ImageObject\",\"inLanguage\":\"fr-FR\",\"@id\":\"https:\\\/\\\/voxsahel.com\\\/#\\\/schema\\\/logo\\\/image\\\/\",\"url\":\"https:\\\/\\\/voxsahel.com\\\/wp-content\\\/uploads\\\/2024\\\/09\\\/Logo-Vox-Sahel.jpg\",\"contentUrl\":\"https:\\\/\\\/voxsahel.com\\\/wp-content\\\/uploads\\\/2024\\\/09\\\/Logo-Vox-Sahel.jpg\",\"width\":1181,\"height\":848,\"caption\":\"Vox Sahel\"},\"image\":{\"@id\":\"https:\\\/\\\/voxsahel.com\\\/#\\\/schema\\\/logo\\\/image\\\/\"},\"sameAs\":[\"https:\\\/\\\/www.facebook.com\\\/journal.voxsahel\"]},{\"@type\":\"Person\",\"@id\":\"https:\\\/\\\/voxsahel.com\\\/#\\\/schema\\\/person\\\/b4043608248f8fa227cd760e7ff1e19e\",\"name\":\"Vox Sahel\",\"image\":{\"@type\":\"ImageObject\",\"inLanguage\":\"fr-FR\",\"@id\":\"https:\\\/\\\/secure.gravatar.com\\\/avatar\\\/f70e7fa0cb9b29d4a7c5788d6eb2e9ab4d3135cbae1c9161810fdf77a8964699?s=96&d=mm&r=g\",\"url\":\"https:\\\/\\\/secure.gravatar.com\\\/avatar\\\/f70e7fa0cb9b29d4a7c5788d6eb2e9ab4d3135cbae1c9161810fdf77a8964699?s=96&d=mm&r=g\",\"contentUrl\":\"https:\\\/\\\/secure.gravatar.com\\\/avatar\\\/f70e7fa0cb9b29d4a7c5788d6eb2e9ab4d3135cbae1c9161810fdf77a8964699?s=96&d=mm&r=g\",\"caption\":\"Vox Sahel\"},\"sameAs\":[\"http:\\\/\\\/www.voxsahel.com\"],\"url\":\"https:\\\/\\\/voxsahel.com\\\/?author=2\"}]}<\/script>\n<!-- \/ Yoast SEO plugin. -->","yoast_head_json":{"title":"AES : Mise en circulation des passeports de la Conf\u00e9d\u00e9ration \u00e0 compter du 29 janvier 2025 - Vox Sahel","robots":{"index":"index","follow":"follow","max-snippet":"max-snippet:-1","max-image-preview":"max-image-preview:large","max-video-preview":"max-video-preview:-1"},"canonical":"https:\/\/voxsahel.com\/?p=1265","og_locale":"fr_FR","og_type":"article","og_title":"AES : Mise en circulation des passeports de la Conf\u00e9d\u00e9ration \u00e0 compter du 29 janvier 2025 - Vox Sahel","og_description":"Dans un communiqu\u00e9 officiel rendu public ce jeudi 23 janvier 2025, le Pr\u00e9sident de la","og_url":"https:\/\/voxsahel.com\/?p=1265","og_site_name":"Vox Sahel","article_publisher":"https:\/\/www.facebook.com\/journal.voxsahel","article_published_time":"2025-01-23T14:19:16+00:00","og_image":[{"width":924,"height":1314,"url":"https:\/\/voxsahel.com\/wp-content\/uploads\/2025\/01\/5bf76212-c640-450b-a5e4-b228b439701f.jpeg","type":"image\/jpeg"}],"author":"Vox Sahel","twitter_card":"summary_large_image","twitter_misc":{"\u00c9crit par":"Vox Sahel","Dur\u00e9e de lecture estim\u00e9e":"2 minutes"},"schema":{"@context":"https:\/\/schema.org","@graph":[{"@type":"Article","@id":"https:\/\/voxsahel.com\/?p=1265#article","isPartOf":{"@id":"https:\/\/voxsahel.com\/?p=1265"},"author":{"name":"Vox Sahel","@id":"https:\/\/voxsahel.com\/#\/schema\/person\/b4043608248f8fa227cd760e7ff1e19e"},"headline":"AES : Mise en circulation des passeports de la Conf\u00e9d\u00e9ration \u00e0 compter du 29 janvier 2025","datePublished":"2025-01-23T14:19:16+00:00","mainEntityOfPage":{"@id":"https:\/\/voxsahel.com\/?p=1265"},"wordCount":382,"commentCount":0,"publisher":{"@id":"https:\/\/voxsahel.com\/#organization"},"image":{"@id":"https:\/\/voxsahel.com\/?p=1265#primaryimage"},"thumbnailUrl":"https:\/\/voxsahel.com\/wp-content\/uploads\/2025\/01\/5bf76212-c640-450b-a5e4-b228b439701f.jpeg","keywords":["AES","Alliance des \u00c9tats du Sahel","Burkina Faso","Conf\u00e9d\u00e9ration de l\u2019Alliances des \u00c9tats du Sahel","Diplomatie","G\u00e9opolitique","Mali","Niger","Politique"],"articleSection":["POLITIQUE"],"inLanguage":"fr-FR","potentialAction":[{"@type":"CommentAction","name":"Comment","target":["https:\/\/voxsahel.com\/?p=1265#respond"]}]},{"@type":"WebPage","@id":"https:\/\/voxsahel.com\/?p=1265","url":"https:\/\/voxsahel.com\/?p=1265","name":"AES : Mise en circulation des passeports de la Conf\u00e9d\u00e9ration \u00e0 compter du 29 janvier 2025 - Vox Sahel","isPartOf":{"@id":"https:\/\/voxsahel.com\/#website"},"primaryImageOfPage":{"@id":"https:\/\/voxsahel.com\/?p=1265#primaryimage"},"image":{"@id":"https:\/\/voxsahel.com\/?p=1265#primaryimage"},"thumbnailUrl":"https:\/\/voxsahel.com\/wp-content\/uploads\/2025\/01\/5bf76212-c640-450b-a5e4-b228b439701f.jpeg","datePublished":"2025-01-23T14:19:16+00:00","breadcrumb":{"@id":"https:\/\/voxsahel.com\/?p=1265#breadcrumb"},"inLanguage":"fr-FR","potentialAction":[{"@type":"ReadAction","target":["https:\/\/voxsahel.com\/?p=1265"]}]},{"@type":"ImageObject","inLanguage":"fr-FR","@id":"https:\/\/voxsahel.com\/?p=1265#primaryimage","url":"https:\/\/voxsahel.com\/wp-content\/uploads\/2025\/01\/5bf76212-c640-450b-a5e4-b228b439701f.jpeg","contentUrl":"https:\/\/voxsahel.com\/wp-content\/uploads\/2025\/01\/5bf76212-c640-450b-a5e4-b228b439701f.jpeg","width":924,"height":1314},{"@type":"BreadcrumbList","@id":"https:\/\/voxsahel.com\/?p=1265#breadcrumb","itemListElement":[{"@type":"ListItem","position":1,"name":"Home","item":"https:\/\/voxsahel.com\/"},{"@type":"ListItem","position":2,"name":"AES : Mise en circulation des passeports de la Conf\u00e9d\u00e9ration \u00e0 compter du 29 janvier 2025"}]},{"@type":"WebSite","@id":"https:\/\/voxsahel.com\/#website","url":"https:\/\/voxsahel.com\/","name":"Vox Sahel","description":"Informez-vous sur le Sahel en un clic","publisher":{"@id":"https:\/\/voxsahel.com\/#organization"},"potentialAction":[{"@type":"SearchAction","target":{"@type":"EntryPoint","urlTemplate":"https:\/\/voxsahel.com\/?s={search_term_string}"},"query-input":{"@type":"PropertyValueSpecification","valueRequired":true,"valueName":"search_term_string"}}],"inLanguage":"fr-FR"},{"@type":"Organization","@id":"https:\/\/voxsahel.com\/#organization","name":"Vox Sahel","url":"https:\/\/voxsahel.com\/","logo":{"@type":"ImageObject","inLanguage":"fr-FR","@id":"https:\/\/voxsahel.com\/#\/schema\/logo\/image\/","url":"https:\/\/voxsahel.com\/wp-content\/uploads\/2024\/09\/Logo-Vox-Sahel.jpg","contentUrl":"https:\/\/voxsahel.com\/wp-content\/uploads\/2024\/09\/Logo-Vox-Sahel.jpg","width":1181,"height":848,"caption":"Vox Sahel"},"image":{"@id":"https:\/\/voxsahel.com\/#\/schema\/logo\/image\/"},"sameAs":["https:\/\/www.facebook.com\/journal.voxsahel"]},{"@type":"Person","@id":"https:\/\/voxsahel.com\/#\/schema\/person\/b4043608248f8fa227cd760e7ff1e19e","name":"Vox Sahel","image":{"@type":"ImageObject","inLanguage":"fr-FR","@id":"https:\/\/secure.gravatar.com\/avatar\/f70e7fa0cb9b29d4a7c5788d6eb2e9ab4d3135cbae1c9161810fdf77a8964699?s=96&d=mm&r=g","url":"https:\/\/secure.gravatar.com\/avatar\/f70e7fa0cb9b29d4a7c5788d6eb2e9ab4d3135cbae1c9161810fdf77a8964699?s=96&d=mm&r=g","contentUrl":"https:\/\/secure.gravatar.com\/avatar\/f70e7fa0cb9b29d4a7c5788d6eb2e9ab4d3135cbae1c9161810fdf77a8964699?s=96&d=mm&r=g","caption":"Vox Sahel"},"sameAs":["http:\/\/www.voxsahel.com"],"url":"https:\/\/voxsahel.com\/?author=2"}]}},"_links":{"self":[{"href":"https:\/\/voxsahel.com\/index.php?rest_route=\/wp\/v2\/posts\/1265","targetHints":{"allow":["GET"]}}],"collection":[{"href":"https:\/\/voxsahel.com\/index.php?rest_route=\/wp\/v2\/posts"}],"about":[{"href":"https:\/\/voxsahel.com\/index.php?rest_route=\/wp\/v2\/types\/post"}],"author":[{"embeddable":true,"href":"https:\/\/voxsahel.com\/index.php?rest_route=\/wp\/v2\/users\/2"}],"replies":[{"embeddable":true,"href":"https:\/\/voxsahel.com\/index.php?rest_route=%2Fwp%2Fv2%2Fcomments&post=1265"}],"version-history":[{"count":1,"href":"https:\/\/voxsahel.com\/index.php?rest_route=\/wp\/v2\/posts\/1265\/revisions"}],"predecessor-version":[{"id":1268,"href":"https:\/\/voxsahel.com\/index.php?rest_route=\/wp\/v2\/posts\/1265\/revisions\/1268"}],"wp:featuredmedia":[{"embeddable":true,"href":"https:\/\/voxsahel.com\/index.php?rest_route=\/wp\/v2\/media\/1267"}],"wp:attachment":[{"href":"https:\/\/voxsahel.com\/index.php?rest_route=%2Fwp%2Fv2%2Fmedia&parent=1265"}],"wp:term":[{"taxonomy":"category","embeddable":true,"href":"https:\/\/voxsahel.com\/index.php?rest_route=%2Fwp%2Fv2%2Fcategories&post=1265"},{"taxonomy":"post_tag","embeddable":true,"href":"https:\/\/voxsahel.com\/index.php?rest_route=%2Fwp%2Fv2%2Ftags&post=1265"}],"curies":[{"name":"wp","href":"https:\/\/api.w.org\/{rel}","templated":true}]}}