{"id":1258,"date":"2025-01-22T21:23:42","date_gmt":"2025-01-22T21:23:42","guid":{"rendered":"https:\/\/voxsahel.com\/?p=1258"},"modified":"2025-01-22T21:23:42","modified_gmt":"2025-01-22T21:23:42","slug":"fonction-publique-burkinabe-11-404-agents-seront-recrutes-en-2025","status":"publish","type":"post","link":"https:\/\/voxsahel.com\/?p=1258","title":{"rendered":"Fonction publique Burkinab\u00e8 : 11 404 agents seront recrut\u00e9s en 2025"},"content":{"rendered":"<p class=\"p1\"><span class=\"s2\">Le gouvernement burkinab\u00e8 a valid\u00e9 <\/span><span class=\"s3\">ce 22 janvier 2025<\/span><span class=\"s2\">, lors du Conseil des ministres pr\u00e9sid\u00e9 par le Pr\u00e9sident de la Transition, le Capitaine Ibrahim Traor\u00e9, un plan de recrutement ambitieux de 11 404 agents pour l\u2019ann\u00e9e 2025. Cette d\u00e9cision vise \u00e0 renforcer les ressources humaines dans les institutions publiques et \u00e0 r\u00e9duire le ch\u00f4mage, selon les explications fournies par le ministre en charge de la Fonction publique, Mathias Traor\u00e9.<\/span><\/p>\n<p class=\"p3\"><span class=\"s2\">Compar\u00e9 \u00e0 2024, qui comptabilisait 11 320 postes, ce chiffre marque une progression de 0,74 %. La r\u00e9partition des postes pr\u00e9voit entre autres, <\/span><span class=\"s3\">4 348 postes pour les concours professionnels<\/span><span class=\"s2\">, soit une baisse de 4,10 % par rapport aux 4 534 postes de 2024 <\/span><span class=\"s3\">et 7 056 postes pour les concours directs<\/span><span class=\"s2\">, enregistrant une hausse de 3,98 % par rapport aux 6 786 postes de 2024.<\/span><\/p>\n<p class=\"p3\" style=\"text-align: center;\"><strong><span class=\"s3\">Des quotas pour les Volontaires pour la d\u00e9fense de la patrie<\/span><\/strong><\/p>\n<p class=\"p3\"><span class=\"s2\">En outre, certains concours r\u00e9serveront des quotas aux <\/span><span class=\"s3\">Volontaires pour la d\u00e9fense de la patrie (VDP)<\/span><span class=\"s2\"> ainsi qu\u2019aux <\/span><span class=\"s3\">agents communautaires<\/span><span class=\"s2\"> qui remplissent les conditions requises. Une mesure qui, selon le ministre Traor\u00e9, valorise leur engagement et r\u00e9pond aux exigences actuelles de la s\u00e9curit\u00e9 nationale.<\/span><\/p>\n<p class=\"p3\"><span class=\"s2\">Ces recrutements, pr\u00e9vus entre f\u00e9vrier et septembre 2025, s\u2019inscrivent dans une dynamique de combler les d\u00e9ficits en personnel au sein des minist\u00e8res et institutions. Ils permettront \u00e9galement de garantir la promotion des agents publics, tout en soutenant les efforts du gouvernement pour moderniser les structures administratives et renforcer la mise en \u0153uvre des initiatives pr\u00e9sidentielles.<\/span><\/p>\n<p class=\"p3\"><span class=\"s2\">Cette d\u00e9cision illustre l&rsquo;engagement des autorit\u00e9s burkinab\u00e8 \u00e0 r\u00e9pondre aux besoins essentiels en ressources humaines dans un contexte de d\u00e9fis sociaux et s\u00e9curitaires croissants. Les minist\u00e8res concern\u00e9s ont \u00e9t\u00e9 instruits pour garantir une organisation efficace des concours, afin d\u2019assurer leur bon d\u00e9roulement dans l\u2019int\u00e9r\u00eat de la nation.<\/span><\/p>\n<p class=\"p3\" style=\"text-align: right;\"><strong><span class=\"s2\">Par Vox Sahel <\/span><\/strong><\/p>\n","protected":false},"excerpt":{"rendered":"<p>Le gouvernement burkinab\u00e8 a valid\u00e9 ce 22 janvier 2025, lors du Conseil des ministres pr\u00e9sid\u00e9<\/p>\n","protected":false},"author":2,"featured_media":1259,"comment_status":"open","ping_status":"open","sticky":false,"template":"","format":"standard","meta":{"_et_pb_use_builder":"","_et_pb_old_content":"","_et_gb_content_width":"","footnotes":""},"categories":[9],"tags":[18,562,54,561,55,560],"class_list":["post-1258","post","type-post","status-publish","format-standard","has-post-thumbnail","hentry","category-education","tag-burkina-faso","tag-concours-direct","tag-education","tag-fonction-publique","tag-formation","tag-travail"],"yoast_head":"<!-- This site is optimized with the Yoast SEO plugin v27.5 - https:\/\/yoast.com\/product\/yoast-seo-wordpress\/ -->\n<title>Fonction publique Burkinab\u00e8 : 11 404 agents seront recrut\u00e9s en 2025 - Vox Sahel<\/title>\n<meta name=\"robots\" content=\"index, follow, max-snippet:-1, max-image-preview:large, max-video-preview:-1\" \/>\n<link rel=\"canonical\" href=\"https:\/\/voxsahel.com\/?p=1258\" \/>\n<meta property=\"og:locale\" content=\"fr_FR\" \/>\n<meta property=\"og:type\" content=\"article\" \/>\n<meta property=\"og:title\" content=\"Fonction publique Burkinab\u00e8 : 11 404 agents seront recrut\u00e9s en 2025 - Vox Sahel\" \/>\n<meta property=\"og:description\" content=\"Le gouvernement burkinab\u00e8 a valid\u00e9 ce 22 janvier 2025, lors du Conseil des ministres pr\u00e9sid\u00e9\" \/>\n<meta property=\"og:url\" content=\"https:\/\/voxsahel.com\/?p=1258\" \/>\n<meta property=\"og:site_name\" content=\"Vox Sahel\" \/>\n<meta property=\"article:publisher\" content=\"https:\/\/www.facebook.com\/journal.voxsahel\" \/>\n<meta property=\"article:published_time\" content=\"2025-01-22T21:23:42+00:00\" \/>\n<meta property=\"og:image\" content=\"https:\/\/voxsahel.com\/wp-content\/uploads\/2025\/01\/IMG_5715.jpeg\" \/>\n\t<meta property=\"og:image:width\" content=\"638\" \/>\n\t<meta property=\"og:image:height\" content=\"416\" \/>\n\t<meta property=\"og:image:type\" content=\"image\/jpeg\" \/>\n<meta name=\"author\" content=\"Vox Sahel\" \/>\n<meta name=\"twitter:card\" content=\"summary_large_image\" \/>\n<meta name=\"twitter:label1\" content=\"\u00c9crit par\" \/>\n\t<meta name=\"twitter:data1\" content=\"Vox Sahel\" \/>\n\t<meta name=\"twitter:label2\" content=\"Dur\u00e9e de lecture estim\u00e9e\" \/>\n\t<meta name=\"twitter:data2\" content=\"2 minutes\" \/>\n<script type=\"application\/ld+json\" class=\"yoast-schema-graph\">{\"@context\":\"https:\\\/\\\/schema.org\",\"@graph\":[{\"@type\":\"Article\",\"@id\":\"https:\\\/\\\/voxsahel.com\\\/?p=1258#article\",\"isPartOf\":{\"@id\":\"https:\\\/\\\/voxsahel.com\\\/?p=1258\"},\"author\":{\"name\":\"Vox Sahel\",\"@id\":\"https:\\\/\\\/voxsahel.com\\\/#\\\/schema\\\/person\\\/b4043608248f8fa227cd760e7ff1e19e\"},\"headline\":\"Fonction publique Burkinab\u00e8 : 11 404 agents seront recrut\u00e9s en 2025\",\"datePublished\":\"2025-01-22T21:23:42+00:00\",\"mainEntityOfPage\":{\"@id\":\"https:\\\/\\\/voxsahel.com\\\/?p=1258\"},\"wordCount\":308,\"commentCount\":0,\"publisher\":{\"@id\":\"https:\\\/\\\/voxsahel.com\\\/#organization\"},\"image\":{\"@id\":\"https:\\\/\\\/voxsahel.com\\\/?p=1258#primaryimage\"},\"thumbnailUrl\":\"https:\\\/\\\/voxsahel.com\\\/wp-content\\\/uploads\\\/2025\\\/01\\\/IMG_5715.jpeg\",\"keywords\":[\"Burkina Faso\",\"Concours direct\",\"Education\",\"Fonction publique\",\"Formation\",\"Travail\"],\"articleSection\":[\"EDUCATION\"],\"inLanguage\":\"fr-FR\",\"potentialAction\":[{\"@type\":\"CommentAction\",\"name\":\"Comment\",\"target\":[\"https:\\\/\\\/voxsahel.com\\\/?p=1258#respond\"]}]},{\"@type\":\"WebPage\",\"@id\":\"https:\\\/\\\/voxsahel.com\\\/?p=1258\",\"url\":\"https:\\\/\\\/voxsahel.com\\\/?p=1258\",\"name\":\"Fonction publique Burkinab\u00e8 : 11 404 agents seront recrut\u00e9s en 2025 - Vox Sahel\",\"isPartOf\":{\"@id\":\"https:\\\/\\\/voxsahel.com\\\/#website\"},\"primaryImageOfPage\":{\"@id\":\"https:\\\/\\\/voxsahel.com\\\/?p=1258#primaryimage\"},\"image\":{\"@id\":\"https:\\\/\\\/voxsahel.com\\\/?p=1258#primaryimage\"},\"thumbnailUrl\":\"https:\\\/\\\/voxsahel.com\\\/wp-content\\\/uploads\\\/2025\\\/01\\\/IMG_5715.jpeg\",\"datePublished\":\"2025-01-22T21:23:42+00:00\",\"breadcrumb\":{\"@id\":\"https:\\\/\\\/voxsahel.com\\\/?p=1258#breadcrumb\"},\"inLanguage\":\"fr-FR\",\"potentialAction\":[{\"@type\":\"ReadAction\",\"target\":[\"https:\\\/\\\/voxsahel.com\\\/?p=1258\"]}]},{\"@type\":\"ImageObject\",\"inLanguage\":\"fr-FR\",\"@id\":\"https:\\\/\\\/voxsahel.com\\\/?p=1258#primaryimage\",\"url\":\"https:\\\/\\\/voxsahel.com\\\/wp-content\\\/uploads\\\/2025\\\/01\\\/IMG_5715.jpeg\",\"contentUrl\":\"https:\\\/\\\/voxsahel.com\\\/wp-content\\\/uploads\\\/2025\\\/01\\\/IMG_5715.jpeg\",\"width\":638,\"height\":416},{\"@type\":\"BreadcrumbList\",\"@id\":\"https:\\\/\\\/voxsahel.com\\\/?p=1258#breadcrumb\",\"itemListElement\":[{\"@type\":\"ListItem\",\"position\":1,\"name\":\"Home\",\"item\":\"https:\\\/\\\/voxsahel.com\\\/\"},{\"@type\":\"ListItem\",\"position\":2,\"name\":\"Fonction publique Burkinab\u00e8 : 11 404 agents seront recrut\u00e9s en 2025\"}]},{\"@type\":\"WebSite\",\"@id\":\"https:\\\/\\\/voxsahel.com\\\/#website\",\"url\":\"https:\\\/\\\/voxsahel.com\\\/\",\"name\":\"Vox Sahel\",\"description\":\"Informez-vous sur le Sahel en un clic\",\"publisher\":{\"@id\":\"https:\\\/\\\/voxsahel.com\\\/#organization\"},\"potentialAction\":[{\"@type\":\"SearchAction\",\"target\":{\"@type\":\"EntryPoint\",\"urlTemplate\":\"https:\\\/\\\/voxsahel.com\\\/?s={search_term_string}\"},\"query-input\":{\"@type\":\"PropertyValueSpecification\",\"valueRequired\":true,\"valueName\":\"search_term_string\"}}],\"inLanguage\":\"fr-FR\"},{\"@type\":\"Organization\",\"@id\":\"https:\\\/\\\/voxsahel.com\\\/#organization\",\"name\":\"Vox Sahel\",\"url\":\"https:\\\/\\\/voxsahel.com\\\/\",\"logo\":{\"@type\":\"ImageObject\",\"inLanguage\":\"fr-FR\",\"@id\":\"https:\\\/\\\/voxsahel.com\\\/#\\\/schema\\\/logo\\\/image\\\/\",\"url\":\"https:\\\/\\\/voxsahel.com\\\/wp-content\\\/uploads\\\/2024\\\/09\\\/Logo-Vox-Sahel.jpg\",\"contentUrl\":\"https:\\\/\\\/voxsahel.com\\\/wp-content\\\/uploads\\\/2024\\\/09\\\/Logo-Vox-Sahel.jpg\",\"width\":1181,\"height\":848,\"caption\":\"Vox Sahel\"},\"image\":{\"@id\":\"https:\\\/\\\/voxsahel.com\\\/#\\\/schema\\\/logo\\\/image\\\/\"},\"sameAs\":[\"https:\\\/\\\/www.facebook.com\\\/journal.voxsahel\"]},{\"@type\":\"Person\",\"@id\":\"https:\\\/\\\/voxsahel.com\\\/#\\\/schema\\\/person\\\/b4043608248f8fa227cd760e7ff1e19e\",\"name\":\"Vox Sahel\",\"image\":{\"@type\":\"ImageObject\",\"inLanguage\":\"fr-FR\",\"@id\":\"https:\\\/\\\/secure.gravatar.com\\\/avatar\\\/f70e7fa0cb9b29d4a7c5788d6eb2e9ab4d3135cbae1c9161810fdf77a8964699?s=96&d=mm&r=g\",\"url\":\"https:\\\/\\\/secure.gravatar.com\\\/avatar\\\/f70e7fa0cb9b29d4a7c5788d6eb2e9ab4d3135cbae1c9161810fdf77a8964699?s=96&d=mm&r=g\",\"contentUrl\":\"https:\\\/\\\/secure.gravatar.com\\\/avatar\\\/f70e7fa0cb9b29d4a7c5788d6eb2e9ab4d3135cbae1c9161810fdf77a8964699?s=96&d=mm&r=g\",\"caption\":\"Vox Sahel\"},\"sameAs\":[\"http:\\\/\\\/www.voxsahel.com\"],\"url\":\"https:\\\/\\\/voxsahel.com\\\/?author=2\"}]}<\/script>\n<!-- \/ Yoast SEO plugin. -->","yoast_head_json":{"title":"Fonction publique Burkinab\u00e8 : 11 404 agents seront recrut\u00e9s en 2025 - Vox Sahel","robots":{"index":"index","follow":"follow","max-snippet":"max-snippet:-1","max-image-preview":"max-image-preview:large","max-video-preview":"max-video-preview:-1"},"canonical":"https:\/\/voxsahel.com\/?p=1258","og_locale":"fr_FR","og_type":"article","og_title":"Fonction publique Burkinab\u00e8 : 11 404 agents seront recrut\u00e9s en 2025 - Vox Sahel","og_description":"Le gouvernement burkinab\u00e8 a valid\u00e9 ce 22 janvier 2025, lors du Conseil des ministres pr\u00e9sid\u00e9","og_url":"https:\/\/voxsahel.com\/?p=1258","og_site_name":"Vox Sahel","article_publisher":"https:\/\/www.facebook.com\/journal.voxsahel","article_published_time":"2025-01-22T21:23:42+00:00","og_image":[{"width":638,"height":416,"url":"https:\/\/voxsahel.com\/wp-content\/uploads\/2025\/01\/IMG_5715.jpeg","type":"image\/jpeg"}],"author":"Vox Sahel","twitter_card":"summary_large_image","twitter_misc":{"\u00c9crit par":"Vox Sahel","Dur\u00e9e de lecture estim\u00e9e":"2 minutes"},"schema":{"@context":"https:\/\/schema.org","@graph":[{"@type":"Article","@id":"https:\/\/voxsahel.com\/?p=1258#article","isPartOf":{"@id":"https:\/\/voxsahel.com\/?p=1258"},"author":{"name":"Vox Sahel","@id":"https:\/\/voxsahel.com\/#\/schema\/person\/b4043608248f8fa227cd760e7ff1e19e"},"headline":"Fonction publique Burkinab\u00e8 : 11 404 agents seront recrut\u00e9s en 2025","datePublished":"2025-01-22T21:23:42+00:00","mainEntityOfPage":{"@id":"https:\/\/voxsahel.com\/?p=1258"},"wordCount":308,"commentCount":0,"publisher":{"@id":"https:\/\/voxsahel.com\/#organization"},"image":{"@id":"https:\/\/voxsahel.com\/?p=1258#primaryimage"},"thumbnailUrl":"https:\/\/voxsahel.com\/wp-content\/uploads\/2025\/01\/IMG_5715.jpeg","keywords":["Burkina Faso","Concours direct","Education","Fonction publique","Formation","Travail"],"articleSection":["EDUCATION"],"inLanguage":"fr-FR","potentialAction":[{"@type":"CommentAction","name":"Comment","target":["https:\/\/voxsahel.com\/?p=1258#respond"]}]},{"@type":"WebPage","@id":"https:\/\/voxsahel.com\/?p=1258","url":"https:\/\/voxsahel.com\/?p=1258","name":"Fonction publique Burkinab\u00e8 : 11 404 agents seront recrut\u00e9s en 2025 - Vox Sahel","isPartOf":{"@id":"https:\/\/voxsahel.com\/#website"},"primaryImageOfPage":{"@id":"https:\/\/voxsahel.com\/?p=1258#primaryimage"},"image":{"@id":"https:\/\/voxsahel.com\/?p=1258#primaryimage"},"thumbnailUrl":"https:\/\/voxsahel.com\/wp-content\/uploads\/2025\/01\/IMG_5715.jpeg","datePublished":"2025-01-22T21:23:42+00:00","breadcrumb":{"@id":"https:\/\/voxsahel.com\/?p=1258#breadcrumb"},"inLanguage":"fr-FR","potentialAction":[{"@type":"ReadAction","target":["https:\/\/voxsahel.com\/?p=1258"]}]},{"@type":"ImageObject","inLanguage":"fr-FR","@id":"https:\/\/voxsahel.com\/?p=1258#primaryimage","url":"https:\/\/voxsahel.com\/wp-content\/uploads\/2025\/01\/IMG_5715.jpeg","contentUrl":"https:\/\/voxsahel.com\/wp-content\/uploads\/2025\/01\/IMG_5715.jpeg","width":638,"height":416},{"@type":"BreadcrumbList","@id":"https:\/\/voxsahel.com\/?p=1258#breadcrumb","itemListElement":[{"@type":"ListItem","position":1,"name":"Home","item":"https:\/\/voxsahel.com\/"},{"@type":"ListItem","position":2,"name":"Fonction publique Burkinab\u00e8 : 11 404 agents seront recrut\u00e9s en 2025"}]},{"@type":"WebSite","@id":"https:\/\/voxsahel.com\/#website","url":"https:\/\/voxsahel.com\/","name":"Vox Sahel","description":"Informez-vous sur le Sahel en un clic","publisher":{"@id":"https:\/\/voxsahel.com\/#organization"},"potentialAction":[{"@type":"SearchAction","target":{"@type":"EntryPoint","urlTemplate":"https:\/\/voxsahel.com\/?s={search_term_string}"},"query-input":{"@type":"PropertyValueSpecification","valueRequired":true,"valueName":"search_term_string"}}],"inLanguage":"fr-FR"},{"@type":"Organization","@id":"https:\/\/voxsahel.com\/#organization","name":"Vox Sahel","url":"https:\/\/voxsahel.com\/","logo":{"@type":"ImageObject","inLanguage":"fr-FR","@id":"https:\/\/voxsahel.com\/#\/schema\/logo\/image\/","url":"https:\/\/voxsahel.com\/wp-content\/uploads\/2024\/09\/Logo-Vox-Sahel.jpg","contentUrl":"https:\/\/voxsahel.com\/wp-content\/uploads\/2024\/09\/Logo-Vox-Sahel.jpg","width":1181,"height":848,"caption":"Vox Sahel"},"image":{"@id":"https:\/\/voxsahel.com\/#\/schema\/logo\/image\/"},"sameAs":["https:\/\/www.facebook.com\/journal.voxsahel"]},{"@type":"Person","@id":"https:\/\/voxsahel.com\/#\/schema\/person\/b4043608248f8fa227cd760e7ff1e19e","name":"Vox Sahel","image":{"@type":"ImageObject","inLanguage":"fr-FR","@id":"https:\/\/secure.gravatar.com\/avatar\/f70e7fa0cb9b29d4a7c5788d6eb2e9ab4d3135cbae1c9161810fdf77a8964699?s=96&d=mm&r=g","url":"https:\/\/secure.gravatar.com\/avatar\/f70e7fa0cb9b29d4a7c5788d6eb2e9ab4d3135cbae1c9161810fdf77a8964699?s=96&d=mm&r=g","contentUrl":"https:\/\/secure.gravatar.com\/avatar\/f70e7fa0cb9b29d4a7c5788d6eb2e9ab4d3135cbae1c9161810fdf77a8964699?s=96&d=mm&r=g","caption":"Vox Sahel"},"sameAs":["http:\/\/www.voxsahel.com"],"url":"https:\/\/voxsahel.com\/?author=2"}]}},"_links":{"self":[{"href":"https:\/\/voxsahel.com\/index.php?rest_route=\/wp\/v2\/posts\/1258","targetHints":{"allow":["GET"]}}],"collection":[{"href":"https:\/\/voxsahel.com\/index.php?rest_route=\/wp\/v2\/posts"}],"about":[{"href":"https:\/\/voxsahel.com\/index.php?rest_route=\/wp\/v2\/types\/post"}],"author":[{"embeddable":true,"href":"https:\/\/voxsahel.com\/index.php?rest_route=\/wp\/v2\/users\/2"}],"replies":[{"embeddable":true,"href":"https:\/\/voxsahel.com\/index.php?rest_route=%2Fwp%2Fv2%2Fcomments&post=1258"}],"version-history":[{"count":1,"href":"https:\/\/voxsahel.com\/index.php?rest_route=\/wp\/v2\/posts\/1258\/revisions"}],"predecessor-version":[{"id":1260,"href":"https:\/\/voxsahel.com\/index.php?rest_route=\/wp\/v2\/posts\/1258\/revisions\/1260"}],"wp:featuredmedia":[{"embeddable":true,"href":"https:\/\/voxsahel.com\/index.php?rest_route=\/wp\/v2\/media\/1259"}],"wp:attachment":[{"href":"https:\/\/voxsahel.com\/index.php?rest_route=%2Fwp%2Fv2%2Fmedia&parent=1258"}],"wp:term":[{"taxonomy":"category","embeddable":true,"href":"https:\/\/voxsahel.com\/index.php?rest_route=%2Fwp%2Fv2%2Fcategories&post=1258"},{"taxonomy":"post_tag","embeddable":true,"href":"https:\/\/voxsahel.com\/index.php?rest_route=%2Fwp%2Fv2%2Ftags&post=1258"}],"curies":[{"name":"wp","href":"https:\/\/api.w.org\/{rel}","templated":true}]}}