{"id":1252,"date":"2025-01-21T11:58:57","date_gmt":"2025-01-21T11:58:57","guid":{"rendered":"https:\/\/voxsahel.com\/?p=1252"},"modified":"2025-01-21T11:58:57","modified_gmt":"2025-01-21T11:58:57","slug":"ghana-larry-gbevlo-lartey-nomme-envoye-special-aupres-de-lalliance-des-etats-du-sahel-aes","status":"publish","type":"post","link":"https:\/\/voxsahel.com\/?p=1252","title":{"rendered":"Ghana : Larry Gbevlo-Lartey nomm\u00e9 \u00ab Envoy\u00e9 sp\u00e9cial \u00bb aupr\u00e8s de l\u2019Alliance des \u00c9tats du Sahel (AES)"},"content":{"rendered":"<p class=\"p1\"><span class=\"s2\">Le pr\u00e9sident du Ghana, John Dramani Mahama, a nomm\u00e9 ce mardi Larry Gbevlo-Lartey au poste d&rsquo;\u00ab Envoy\u00e9 sp\u00e9cial \u00bb aupr\u00e8s de l&rsquo;Alliance des \u00c9tats du Sahel (AES), a-t-on appris de sources diplomatiques.<\/span><\/p>\n<p class=\"p1\"><span class=\"s2\">Militaire \u00e0 la retraite et juriste priv\u00e9 de formation, Larry Gbevlo-Lartey dispose d\u2019une riche exp\u00e9rience en mati\u00e8re de s\u00e9curit\u00e9 nationale et de coop\u00e9ration internationale. Avant cette nomination, il occupait le poste de repr\u00e9sentant sp\u00e9cial du pr\u00e9sident de l&rsquo;Union africaine charg\u00e9 de la coop\u00e9ration antiterroriste.<\/span><\/p>\n<p class=\"p1\"><span class=\"s2\">Au cours de sa carri\u00e8re militaire, M. Gbevlo-Lartey a suivi des formations professionnelles en infanterie au sein de l\u2019arm\u00e9e ghan\u00e9enne, en plus de stages sp\u00e9cialis\u00e9s dans plusieurs pays, notamment en Inde, au Royaume-Uni, aux \u00c9tats-Unis et \u00e0 Cuba.<\/span><\/p>\n<p class=\"p1\"><span class=\"s2\">Cette nomination s\u2019inscrit dans le cadre des efforts accrus du Ghana pour renforcer ses partenariats r\u00e9gionaux et internationaux en mati\u00e8re de s\u00e9curit\u00e9 et de d\u00e9veloppement dans la r\u00e9gion du Sahel.<\/span><\/p>\n<p class=\"p1\"><span class=\"s2\">L\u2019Alliance des \u00c9tats du Sahel, cr\u00e9\u00e9e r\u00e9cemment, vise \u00e0 promouvoir la coop\u00e9ration \u00e9conomique, politique et s\u00e9curitaire entre les pays membres face aux d\u00e9fis croissants dans la r\u00e9gion.<\/span><\/p>\n<p class=\"p1\"><span class=\"s2\">Avec cette d\u00e9signation, Larry Gbevlo-Lartey jouera un r\u00f4le cl\u00e9 dans le renforcement des relations entre le Ghana et les membres de l\u2019AES, tout en apportant son expertise pour relever les d\u00e9fis complexes qui touchent le Sahel.<\/span><\/p>\n","protected":false},"excerpt":{"rendered":"<p>Le pr\u00e9sident du Ghana, John Dramani Mahama, a nomm\u00e9 ce mardi Larry Gbevlo-Lartey au poste<\/p>\n","protected":false},"author":2,"featured_media":1253,"comment_status":"open","ping_status":"open","sticky":false,"template":"","format":"standard","meta":{"_et_pb_use_builder":"","_et_pb_old_content":"","_et_gb_content_width":"","footnotes":""},"categories":[15],"tags":[61,18,215,433],"class_list":["post-1252","post","type-post","status-publish","format-standard","has-post-thumbnail","hentry","category-international","tag-aes","tag-burkina-faso","tag-ghana","tag-john-mahama"],"yoast_head":"<!-- This site is optimized with the Yoast SEO plugin v27.5 - https:\/\/yoast.com\/product\/yoast-seo-wordpress\/ -->\n<title>Ghana : Larry Gbevlo-Lartey nomm\u00e9 \u00ab Envoy\u00e9 sp\u00e9cial \u00bb aupr\u00e8s de l\u2019Alliance des \u00c9tats du Sahel (AES) - Vox Sahel<\/title>\n<meta name=\"robots\" content=\"index, follow, max-snippet:-1, max-image-preview:large, max-video-preview:-1\" \/>\n<link rel=\"canonical\" href=\"https:\/\/voxsahel.com\/?p=1252\" \/>\n<meta property=\"og:locale\" content=\"fr_FR\" \/>\n<meta property=\"og:type\" content=\"article\" \/>\n<meta property=\"og:title\" content=\"Ghana : Larry Gbevlo-Lartey nomm\u00e9 \u00ab Envoy\u00e9 sp\u00e9cial \u00bb aupr\u00e8s de l\u2019Alliance des \u00c9tats du Sahel (AES) - Vox Sahel\" \/>\n<meta property=\"og:description\" content=\"Le pr\u00e9sident du Ghana, John Dramani Mahama, a nomm\u00e9 ce mardi Larry Gbevlo-Lartey au poste\" \/>\n<meta property=\"og:url\" content=\"https:\/\/voxsahel.com\/?p=1252\" \/>\n<meta property=\"og:site_name\" content=\"Vox Sahel\" \/>\n<meta property=\"article:publisher\" content=\"https:\/\/www.facebook.com\/journal.voxsahel\" \/>\n<meta property=\"article:published_time\" content=\"2025-01-21T11:58:57+00:00\" \/>\n<meta property=\"og:image\" content=\"https:\/\/voxsahel.com\/wp-content\/uploads\/2025\/01\/IMG_4959.jpeg\" \/>\n\t<meta property=\"og:image:width\" content=\"300\" \/>\n\t<meta property=\"og:image:height\" content=\"271\" \/>\n\t<meta property=\"og:image:type\" content=\"image\/jpeg\" \/>\n<meta name=\"author\" content=\"Vox Sahel\" \/>\n<meta name=\"twitter:card\" content=\"summary_large_image\" \/>\n<meta name=\"twitter:label1\" content=\"\u00c9crit par\" \/>\n\t<meta name=\"twitter:data1\" content=\"Vox Sahel\" \/>\n\t<meta name=\"twitter:label2\" content=\"Dur\u00e9e de lecture estim\u00e9e\" \/>\n\t<meta name=\"twitter:data2\" content=\"2 minutes\" \/>\n<script type=\"application\/ld+json\" class=\"yoast-schema-graph\">{\"@context\":\"https:\\\/\\\/schema.org\",\"@graph\":[{\"@type\":\"Article\",\"@id\":\"https:\\\/\\\/voxsahel.com\\\/?p=1252#article\",\"isPartOf\":{\"@id\":\"https:\\\/\\\/voxsahel.com\\\/?p=1252\"},\"author\":{\"name\":\"Vox Sahel\",\"@id\":\"https:\\\/\\\/voxsahel.com\\\/#\\\/schema\\\/person\\\/b4043608248f8fa227cd760e7ff1e19e\"},\"headline\":\"Ghana : Larry Gbevlo-Lartey nomm\u00e9 \u00ab Envoy\u00e9 sp\u00e9cial \u00bb aupr\u00e8s de l\u2019Alliance des \u00c9tats du Sahel (AES)\",\"datePublished\":\"2025-01-21T11:58:57+00:00\",\"mainEntityOfPage\":{\"@id\":\"https:\\\/\\\/voxsahel.com\\\/?p=1252\"},\"wordCount\":257,\"commentCount\":0,\"publisher\":{\"@id\":\"https:\\\/\\\/voxsahel.com\\\/#organization\"},\"image\":{\"@id\":\"https:\\\/\\\/voxsahel.com\\\/?p=1252#primaryimage\"},\"thumbnailUrl\":\"https:\\\/\\\/voxsahel.com\\\/wp-content\\\/uploads\\\/2025\\\/01\\\/IMG_4959.jpeg\",\"keywords\":[\"AES\",\"Burkina Faso\",\"Ghana\",\"John Mahama\"],\"articleSection\":[\"INTERNATIONAL\"],\"inLanguage\":\"fr-FR\",\"potentialAction\":[{\"@type\":\"CommentAction\",\"name\":\"Comment\",\"target\":[\"https:\\\/\\\/voxsahel.com\\\/?p=1252#respond\"]}]},{\"@type\":\"WebPage\",\"@id\":\"https:\\\/\\\/voxsahel.com\\\/?p=1252\",\"url\":\"https:\\\/\\\/voxsahel.com\\\/?p=1252\",\"name\":\"Ghana : Larry Gbevlo-Lartey nomm\u00e9 \u00ab Envoy\u00e9 sp\u00e9cial \u00bb aupr\u00e8s de l\u2019Alliance des \u00c9tats du Sahel (AES) - Vox Sahel\",\"isPartOf\":{\"@id\":\"https:\\\/\\\/voxsahel.com\\\/#website\"},\"primaryImageOfPage\":{\"@id\":\"https:\\\/\\\/voxsahel.com\\\/?p=1252#primaryimage\"},\"image\":{\"@id\":\"https:\\\/\\\/voxsahel.com\\\/?p=1252#primaryimage\"},\"thumbnailUrl\":\"https:\\\/\\\/voxsahel.com\\\/wp-content\\\/uploads\\\/2025\\\/01\\\/IMG_4959.jpeg\",\"datePublished\":\"2025-01-21T11:58:57+00:00\",\"breadcrumb\":{\"@id\":\"https:\\\/\\\/voxsahel.com\\\/?p=1252#breadcrumb\"},\"inLanguage\":\"fr-FR\",\"potentialAction\":[{\"@type\":\"ReadAction\",\"target\":[\"https:\\\/\\\/voxsahel.com\\\/?p=1252\"]}]},{\"@type\":\"ImageObject\",\"inLanguage\":\"fr-FR\",\"@id\":\"https:\\\/\\\/voxsahel.com\\\/?p=1252#primaryimage\",\"url\":\"https:\\\/\\\/voxsahel.com\\\/wp-content\\\/uploads\\\/2025\\\/01\\\/IMG_4959.jpeg\",\"contentUrl\":\"https:\\\/\\\/voxsahel.com\\\/wp-content\\\/uploads\\\/2025\\\/01\\\/IMG_4959.jpeg\",\"width\":300,\"height\":271},{\"@type\":\"BreadcrumbList\",\"@id\":\"https:\\\/\\\/voxsahel.com\\\/?p=1252#breadcrumb\",\"itemListElement\":[{\"@type\":\"ListItem\",\"position\":1,\"name\":\"Home\",\"item\":\"https:\\\/\\\/voxsahel.com\\\/\"},{\"@type\":\"ListItem\",\"position\":2,\"name\":\"Ghana : Larry Gbevlo-Lartey nomm\u00e9 \u00ab Envoy\u00e9 sp\u00e9cial \u00bb aupr\u00e8s de l\u2019Alliance des \u00c9tats du Sahel (AES)\"}]},{\"@type\":\"WebSite\",\"@id\":\"https:\\\/\\\/voxsahel.com\\\/#website\",\"url\":\"https:\\\/\\\/voxsahel.com\\\/\",\"name\":\"Vox Sahel\",\"description\":\"Informez-vous sur le Sahel en un clic\",\"publisher\":{\"@id\":\"https:\\\/\\\/voxsahel.com\\\/#organization\"},\"potentialAction\":[{\"@type\":\"SearchAction\",\"target\":{\"@type\":\"EntryPoint\",\"urlTemplate\":\"https:\\\/\\\/voxsahel.com\\\/?s={search_term_string}\"},\"query-input\":{\"@type\":\"PropertyValueSpecification\",\"valueRequired\":true,\"valueName\":\"search_term_string\"}}],\"inLanguage\":\"fr-FR\"},{\"@type\":\"Organization\",\"@id\":\"https:\\\/\\\/voxsahel.com\\\/#organization\",\"name\":\"Vox Sahel\",\"url\":\"https:\\\/\\\/voxsahel.com\\\/\",\"logo\":{\"@type\":\"ImageObject\",\"inLanguage\":\"fr-FR\",\"@id\":\"https:\\\/\\\/voxsahel.com\\\/#\\\/schema\\\/logo\\\/image\\\/\",\"url\":\"https:\\\/\\\/voxsahel.com\\\/wp-content\\\/uploads\\\/2024\\\/09\\\/Logo-Vox-Sahel.jpg\",\"contentUrl\":\"https:\\\/\\\/voxsahel.com\\\/wp-content\\\/uploads\\\/2024\\\/09\\\/Logo-Vox-Sahel.jpg\",\"width\":1181,\"height\":848,\"caption\":\"Vox Sahel\"},\"image\":{\"@id\":\"https:\\\/\\\/voxsahel.com\\\/#\\\/schema\\\/logo\\\/image\\\/\"},\"sameAs\":[\"https:\\\/\\\/www.facebook.com\\\/journal.voxsahel\"]},{\"@type\":\"Person\",\"@id\":\"https:\\\/\\\/voxsahel.com\\\/#\\\/schema\\\/person\\\/b4043608248f8fa227cd760e7ff1e19e\",\"name\":\"Vox Sahel\",\"image\":{\"@type\":\"ImageObject\",\"inLanguage\":\"fr-FR\",\"@id\":\"https:\\\/\\\/secure.gravatar.com\\\/avatar\\\/f70e7fa0cb9b29d4a7c5788d6eb2e9ab4d3135cbae1c9161810fdf77a8964699?s=96&d=mm&r=g\",\"url\":\"https:\\\/\\\/secure.gravatar.com\\\/avatar\\\/f70e7fa0cb9b29d4a7c5788d6eb2e9ab4d3135cbae1c9161810fdf77a8964699?s=96&d=mm&r=g\",\"contentUrl\":\"https:\\\/\\\/secure.gravatar.com\\\/avatar\\\/f70e7fa0cb9b29d4a7c5788d6eb2e9ab4d3135cbae1c9161810fdf77a8964699?s=96&d=mm&r=g\",\"caption\":\"Vox Sahel\"},\"sameAs\":[\"http:\\\/\\\/www.voxsahel.com\"],\"url\":\"https:\\\/\\\/voxsahel.com\\\/?author=2\"}]}<\/script>\n<!-- \/ Yoast SEO plugin. -->","yoast_head_json":{"title":"Ghana : Larry Gbevlo-Lartey nomm\u00e9 \u00ab Envoy\u00e9 sp\u00e9cial \u00bb aupr\u00e8s de l\u2019Alliance des \u00c9tats du Sahel (AES) - Vox Sahel","robots":{"index":"index","follow":"follow","max-snippet":"max-snippet:-1","max-image-preview":"max-image-preview:large","max-video-preview":"max-video-preview:-1"},"canonical":"https:\/\/voxsahel.com\/?p=1252","og_locale":"fr_FR","og_type":"article","og_title":"Ghana : Larry Gbevlo-Lartey nomm\u00e9 \u00ab Envoy\u00e9 sp\u00e9cial \u00bb aupr\u00e8s de l\u2019Alliance des \u00c9tats du Sahel (AES) - Vox Sahel","og_description":"Le pr\u00e9sident du Ghana, John Dramani Mahama, a nomm\u00e9 ce mardi Larry Gbevlo-Lartey au poste","og_url":"https:\/\/voxsahel.com\/?p=1252","og_site_name":"Vox Sahel","article_publisher":"https:\/\/www.facebook.com\/journal.voxsahel","article_published_time":"2025-01-21T11:58:57+00:00","og_image":[{"width":300,"height":271,"url":"https:\/\/voxsahel.com\/wp-content\/uploads\/2025\/01\/IMG_4959.jpeg","type":"image\/jpeg"}],"author":"Vox Sahel","twitter_card":"summary_large_image","twitter_misc":{"\u00c9crit par":"Vox Sahel","Dur\u00e9e de lecture estim\u00e9e":"2 minutes"},"schema":{"@context":"https:\/\/schema.org","@graph":[{"@type":"Article","@id":"https:\/\/voxsahel.com\/?p=1252#article","isPartOf":{"@id":"https:\/\/voxsahel.com\/?p=1252"},"author":{"name":"Vox Sahel","@id":"https:\/\/voxsahel.com\/#\/schema\/person\/b4043608248f8fa227cd760e7ff1e19e"},"headline":"Ghana : Larry Gbevlo-Lartey nomm\u00e9 \u00ab Envoy\u00e9 sp\u00e9cial \u00bb aupr\u00e8s de l\u2019Alliance des \u00c9tats du Sahel (AES)","datePublished":"2025-01-21T11:58:57+00:00","mainEntityOfPage":{"@id":"https:\/\/voxsahel.com\/?p=1252"},"wordCount":257,"commentCount":0,"publisher":{"@id":"https:\/\/voxsahel.com\/#organization"},"image":{"@id":"https:\/\/voxsahel.com\/?p=1252#primaryimage"},"thumbnailUrl":"https:\/\/voxsahel.com\/wp-content\/uploads\/2025\/01\/IMG_4959.jpeg","keywords":["AES","Burkina Faso","Ghana","John Mahama"],"articleSection":["INTERNATIONAL"],"inLanguage":"fr-FR","potentialAction":[{"@type":"CommentAction","name":"Comment","target":["https:\/\/voxsahel.com\/?p=1252#respond"]}]},{"@type":"WebPage","@id":"https:\/\/voxsahel.com\/?p=1252","url":"https:\/\/voxsahel.com\/?p=1252","name":"Ghana : Larry Gbevlo-Lartey nomm\u00e9 \u00ab Envoy\u00e9 sp\u00e9cial \u00bb aupr\u00e8s de l\u2019Alliance des \u00c9tats du Sahel (AES) - Vox Sahel","isPartOf":{"@id":"https:\/\/voxsahel.com\/#website"},"primaryImageOfPage":{"@id":"https:\/\/voxsahel.com\/?p=1252#primaryimage"},"image":{"@id":"https:\/\/voxsahel.com\/?p=1252#primaryimage"},"thumbnailUrl":"https:\/\/voxsahel.com\/wp-content\/uploads\/2025\/01\/IMG_4959.jpeg","datePublished":"2025-01-21T11:58:57+00:00","breadcrumb":{"@id":"https:\/\/voxsahel.com\/?p=1252#breadcrumb"},"inLanguage":"fr-FR","potentialAction":[{"@type":"ReadAction","target":["https:\/\/voxsahel.com\/?p=1252"]}]},{"@type":"ImageObject","inLanguage":"fr-FR","@id":"https:\/\/voxsahel.com\/?p=1252#primaryimage","url":"https:\/\/voxsahel.com\/wp-content\/uploads\/2025\/01\/IMG_4959.jpeg","contentUrl":"https:\/\/voxsahel.com\/wp-content\/uploads\/2025\/01\/IMG_4959.jpeg","width":300,"height":271},{"@type":"BreadcrumbList","@id":"https:\/\/voxsahel.com\/?p=1252#breadcrumb","itemListElement":[{"@type":"ListItem","position":1,"name":"Home","item":"https:\/\/voxsahel.com\/"},{"@type":"ListItem","position":2,"name":"Ghana : Larry Gbevlo-Lartey nomm\u00e9 \u00ab Envoy\u00e9 sp\u00e9cial \u00bb aupr\u00e8s de l\u2019Alliance des \u00c9tats du Sahel (AES)"}]},{"@type":"WebSite","@id":"https:\/\/voxsahel.com\/#website","url":"https:\/\/voxsahel.com\/","name":"Vox Sahel","description":"Informez-vous sur le Sahel en un clic","publisher":{"@id":"https:\/\/voxsahel.com\/#organization"},"potentialAction":[{"@type":"SearchAction","target":{"@type":"EntryPoint","urlTemplate":"https:\/\/voxsahel.com\/?s={search_term_string}"},"query-input":{"@type":"PropertyValueSpecification","valueRequired":true,"valueName":"search_term_string"}}],"inLanguage":"fr-FR"},{"@type":"Organization","@id":"https:\/\/voxsahel.com\/#organization","name":"Vox Sahel","url":"https:\/\/voxsahel.com\/","logo":{"@type":"ImageObject","inLanguage":"fr-FR","@id":"https:\/\/voxsahel.com\/#\/schema\/logo\/image\/","url":"https:\/\/voxsahel.com\/wp-content\/uploads\/2024\/09\/Logo-Vox-Sahel.jpg","contentUrl":"https:\/\/voxsahel.com\/wp-content\/uploads\/2024\/09\/Logo-Vox-Sahel.jpg","width":1181,"height":848,"caption":"Vox Sahel"},"image":{"@id":"https:\/\/voxsahel.com\/#\/schema\/logo\/image\/"},"sameAs":["https:\/\/www.facebook.com\/journal.voxsahel"]},{"@type":"Person","@id":"https:\/\/voxsahel.com\/#\/schema\/person\/b4043608248f8fa227cd760e7ff1e19e","name":"Vox Sahel","image":{"@type":"ImageObject","inLanguage":"fr-FR","@id":"https:\/\/secure.gravatar.com\/avatar\/f70e7fa0cb9b29d4a7c5788d6eb2e9ab4d3135cbae1c9161810fdf77a8964699?s=96&d=mm&r=g","url":"https:\/\/secure.gravatar.com\/avatar\/f70e7fa0cb9b29d4a7c5788d6eb2e9ab4d3135cbae1c9161810fdf77a8964699?s=96&d=mm&r=g","contentUrl":"https:\/\/secure.gravatar.com\/avatar\/f70e7fa0cb9b29d4a7c5788d6eb2e9ab4d3135cbae1c9161810fdf77a8964699?s=96&d=mm&r=g","caption":"Vox Sahel"},"sameAs":["http:\/\/www.voxsahel.com"],"url":"https:\/\/voxsahel.com\/?author=2"}]}},"_links":{"self":[{"href":"https:\/\/voxsahel.com\/index.php?rest_route=\/wp\/v2\/posts\/1252","targetHints":{"allow":["GET"]}}],"collection":[{"href":"https:\/\/voxsahel.com\/index.php?rest_route=\/wp\/v2\/posts"}],"about":[{"href":"https:\/\/voxsahel.com\/index.php?rest_route=\/wp\/v2\/types\/post"}],"author":[{"embeddable":true,"href":"https:\/\/voxsahel.com\/index.php?rest_route=\/wp\/v2\/users\/2"}],"replies":[{"embeddable":true,"href":"https:\/\/voxsahel.com\/index.php?rest_route=%2Fwp%2Fv2%2Fcomments&post=1252"}],"version-history":[{"count":1,"href":"https:\/\/voxsahel.com\/index.php?rest_route=\/wp\/v2\/posts\/1252\/revisions"}],"predecessor-version":[{"id":1254,"href":"https:\/\/voxsahel.com\/index.php?rest_route=\/wp\/v2\/posts\/1252\/revisions\/1254"}],"wp:featuredmedia":[{"embeddable":true,"href":"https:\/\/voxsahel.com\/index.php?rest_route=\/wp\/v2\/media\/1253"}],"wp:attachment":[{"href":"https:\/\/voxsahel.com\/index.php?rest_route=%2Fwp%2Fv2%2Fmedia&parent=1252"}],"wp:term":[{"taxonomy":"category","embeddable":true,"href":"https:\/\/voxsahel.com\/index.php?rest_route=%2Fwp%2Fv2%2Fcategories&post=1252"},{"taxonomy":"post_tag","embeddable":true,"href":"https:\/\/voxsahel.com\/index.php?rest_route=%2Fwp%2Fv2%2Ftags&post=1252"}],"curies":[{"name":"wp","href":"https:\/\/api.w.org\/{rel}","templated":true}]}}