{"id":1249,"date":"2025-01-20T22:15:27","date_gmt":"2025-01-20T22:15:27","guid":{"rendered":"https:\/\/voxsahel.com\/?p=1249"},"modified":"2025-01-20T22:15:27","modified_gmt":"2025-01-20T22:15:27","slug":"promotion-de-lintegrite-ladministration-douaniere-lance-sa-3e-sondage-relatif-a-la-perception-de-lintegrite-des-douanes","status":"publish","type":"post","link":"https:\/\/voxsahel.com\/?p=1249","title":{"rendered":"Promotion de l\u2019int\u00e9grit\u00e9 : l\u2019Administration douani\u00e8re lance sa 3e sondage relatif \u00e0 la perception de l\u2019int\u00e9grit\u00e9 des douanes"},"content":{"rendered":"<p class=\"p1\"><span class=\"s1\">\ud835\udc0f\ud835\udc2b\ud835\udc28\ud835\udc26\ud835\udc28\ud835\udc2d\ud835\udc22\ud835\udc28\ud835\udc27 \ud835\udc1d\ud835\udc1e \ud835\udc25\u2019\ud835\udc22\ud835\udc27\ud835\udc2d\ud835\udc1e\u0301\ud835\udc20\ud835\udc2b\ud835\udc22\ud835\udc2d\ud835\udc1e\u0301 : \ud835\udc25\u2019\ud835\udc00\ud835\udc1d\ud835\udc26\ud835\udc22\ud835\udc27\ud835\udc22\ud835\udc2c\ud835\udc2d\ud835\udc2b\ud835\udc1a\ud835\udc2d\ud835\udc22\ud835\udc28\ud835\udc27 \ud835\udc1d\ud835\udc28\ud835\udc2e\ud835\udc1a\ud835\udc27\ud835\udc22\ud835\udc1e\u0300\ud835\udc2b\ud835\udc1e \ud835\udc25\ud835\udc1a\ud835\udc27\ud835\udc1c\ud835\udc1e \ud835\udc2c\ud835\udc28\ud835\udc27 \ud835\udc2d\ud835\udc2b\ud835\udc28\ud835\udc22\ud835\udc2c\ud835\udc22\ud835\udc1e\u0300\ud835\udc26\ud835\udc1e \ud835\udc2c\ud835\udc28\ud835\udc27\ud835\udc1d\ud835\udc1a\ud835\udc20\ud835\udc1e \ud835\udc2b\ud835\udc1e\ud835\udc25\ud835\udc1a\ud835\udc2d\ud835\udc22\ud835\udc1f \ud835\udc1a\u0300 \ud835\udc25\ud835\udc1a \ud835\udc29\ud835\udc1e\ud835\udc2b\ud835\udc1c\ud835\udc1e\ud835\udc29\ud835\udc2d\ud835\udc22\ud835\udc28\ud835\udc27 \ud835\udc1d\ud835\udc1e \ud835\udc25\u2019\ud835\udc22\ud835\udc27\ud835\udc2d\ud835\udc1e\u0301\ud835\udc20\ud835\udc2b\ud835\udc22\ud835\udc2d\ud835\udc1e\u0301 \ud835\udc1d\ud835\udc1e\ud835\udc2c \ud835\udc1d\ud835\udc28\ud835\udc2e\ud835\udc1a\ud835\udc27\ud835\udc1e\ud835\udc2c<\/span><\/p>\n<p class=\"p2\">Le Secr\u00e9taire g\u00e9n\u00e9ral du Minist\u00e8re de l\u2019\u00c9conomie et des Finances, Vieux Abdoul Rachid SOULAMA, a proc\u00e9d\u00e9, le lundi 20 janvier 2025, \u00e0 Ouagadougou, dans la salle de conf\u00e9rence de la Direction g\u00e9n\u00e9rale des douanes, au lancement officiel du troisi\u00e8me sondage relatif \u00e0 la perception de l\u2019int\u00e9grit\u00e9 des douanes, en pr\u00e9sence du personnel douanier, des structures publiques et du secteur priv\u00e9.<\/p>\n<p class=\"p1\"><span class=\"s1\">Ce sondage est une approche innovante qui permet de disposer des moyens quantitatifs et qualitatifs pour mesurer le niveau d\u2019int\u00e9grit\u00e9 au sein de la chaine douanes. Il est effectu\u00e9 \u00e0 l\u2019aide de stations de sondage mobiles par le cabinet de conseil Price Waterhouse Cooper afin de garantir l\u2019anonymat des r\u00e9ponses et la confidentialit\u00e9 des donn\u00e9es.<\/span><\/p>\n<p class=\"p1\"><span class=\"s1\"> Il est important de souligner que ce sondage fait suite au deuxi\u00e8me, effectu\u00e9 en 2023 et qui avait r\u00e9v\u00e9l\u00e9 des efforts \u00e0 fournir dans deux domaines particuli\u00e8rement. Il s\u2019agit de la fonction audit et contr\u00f4le et l\u2019esprit du corps.<\/span><\/p>\n<p class=\"p1\"><span class=\"s1\">\ud835\udc0b\ud835\udc1e \ud835\udc2c\ud835\udc28\ud835\udc27\ud835\udc1d\ud835\udc1a\ud835\udc20\ud835\udc1e \ud835\udc2c\ud835\udc1e \ud835\udc2d\ud835\udc22\ud835\udc1e\ud835\udc27\ud835\udc1d\ud835\udc2b\ud835\udc1a \ud835\udc1d\ud835\udc2e \ud835\udfd0\ud835\udfce \ud835\udc23\ud835\udc1a\ud835\udc27\ud835\udc2f\ud835\udc22\ud835\udc1e\ud835\udc2b \ud835\udc1a\ud835\udc2e \ud835\udfcf\ud835\udfd2 \ud835\udc1f\ud835\udc1e\u0301\ud835\udc2f\ud835\udc2b\ud835\udc22\ud835\udc1e\ud835\udc2b \ud835\udfd0\ud835\udfce\ud835\udfd0\ud835\udfd3, aupr\u00e8s des agents des douanes eux-m\u00eames et aupr\u00e8s du secteur priv\u00e9, sous la conduite du Comit\u00e9 en charge du programme Anti-Corruption et de Promotion de l&rsquo;Int\u00e9grit\u00e9 (A-CPI) en collaboration avec l\u2019Organisation mondiale des douanes (OMD) et avec le soutien financier de l\u2019Agence Norv\u00e9gienne de Coop\u00e9ration pour le D\u00e9veloppement (NORAD).<\/span><\/p>\n<p class=\"p1\"><span class=\"s1\">Le ministre de l\u2019\u00c9conomie et des Finances, Dr Aboubakar NACANABO, repr\u00e9sent\u00e9 par son Secr\u00e9taire g\u00e9n\u00e9ral, a f\u00e9licit\u00e9 l\u2019Administration des douanes qui se pr\u00eate pour la troisi\u00e8me fois \u00e0 un exercice dont l\u2019objectif est de prendre le pouls de la corruption dans ses rangs, afin de recadrer les actions pour un encrage de l\u2019int\u00e9grit\u00e9 au sein de ses services.<\/span><\/p>\n<p class=\"p1\"><span class=\"s1\">\ud835\udc0b\ud835\udc1e\ud835\udc2c \ud835\udc2c\ud835\udc22\ud835\udc2d\ud835\udc1e\ud835\udc2c \ud835\udc1d\ud835\udc1e\u0301\ud835\udc2c\ud835\udc22\ud835\udc20\ud835\udc27\ud835\udc1e\u0301\ud835\udc2c \ud835\udc29\ud835\udc28\ud835\udc2e\ud835\udc2b \ud835\udc25\ud835\udc1e \ud835\udc2c\ud835\udc28\ud835\udc27\ud835\udc1d\ud835\udc1a\ud835\udc20\ud835\udc1e :<\/span><\/p>\n<p class=\"p1\"><span class=\"s1\">&#8211; Si\u00e8ge<span class=\"Apple-converted-space\">\u00a0 <\/span>de la Direction g\u00e9n\u00e9rale des douanes : 20 janvier au 23 janvier 2025<\/span><\/p>\n<p class=\"p1\"><span class=\"s1\">&#8211;<span class=\"Apple-converted-space\">\u00a0 <\/span>Si\u00e8ge de la Chambre de commerce et d&rsquo;industrie du BF( Ouagadougou) :<span class=\"Apple-converted-space\">\u00a0 <\/span>24 janvier au 28 janvier 2025<\/span><\/p>\n<p class=\"p1\"><span class=\"s1\">&#8211; Ecole nationale des douanes : 29 janvier au 30 janvier 2025<\/span><\/p>\n<p class=\"p1\"><span class=\"s1\">&#8211; Bureau des douanes de Ouaga Gare : 31 janvier au 04 f\u00e9vrier 2025<\/span><\/p>\n<p class=\"p1\"><span class=\"s1\">&#8211; Bureau des douanes de Ouaga A\u00e9roport : 05 f\u00e9vrier au 07 f\u00e9vrier 2025<\/span><\/p>\n<p class=\"p1\"><span class=\"s1\">&#8211; Bureau des douanes de Ouaga Route : 10 f\u00e9vrier au 12 au f\u00e9vrier 2025<\/span><\/p>\n<p class=\"p1\"><span class=\"s1\">&#8211; Bureau de d\u00e9douanement des v\u00e9hicules automobiles : 13 f\u00e9vrier au 14 f\u00e9vrier 2025.<\/span><\/p>\n<p class=\"p1\"><span class=\"s1\">\ud835\udc0b\ud835\udc1a \ud835\udc03\ud835\udc28\ud835\udc2e\ud835\udc1a\ud835\udc27\ud835\udc1e : \ud835\udc07\ud835\udc28\ud835\udc27\ud835\udc27\ud835\udc1e\ud835\udc2e\ud835\udc2b -\ud835\udc03\ud835\udc1e\u0301\ud835\udc2f\ud835\udc28\ud835\udc2e\ud835\udc1e\ud835\udc26\ud835\udc1e\ud835\udc27\ud835\udc2d &#8211; \ud835\udc15\ud835\udc22\ud835\udc20\ud835\udc22\ud835\udc25\ud835\udc1a\ud835\udc27\ud835\udc1c\ud835\udc1e<\/span><\/p>\n<p class=\"p1\"><span class=\"s1\">\ud835\udc12\ud835\udc02\ud835\udc11\ud835\udc0f-\ud835\udc03\ud835\udc06\ud835\udc03<\/span><\/p>\n","protected":false},"excerpt":{"rendered":"<p>\ud835\udc0f\ud835\udc2b\ud835\udc28\ud835\udc26\ud835\udc28\ud835\udc2d\ud835\udc22\ud835\udc28\ud835\udc27 \ud835\udc1d\ud835\udc1e \ud835\udc25\u2019\ud835\udc22\ud835\udc27\ud835\udc2d\ud835\udc1e\u0301\ud835\udc20\ud835\udc2b\ud835\udc22\ud835\udc2d\ud835\udc1e\u0301 : \ud835\udc25\u2019\ud835\udc00\ud835\udc1d\ud835\udc26\ud835\udc22\ud835\udc27\ud835\udc22\ud835\udc2c\ud835\udc2d\ud835\udc2b\ud835\udc1a\ud835\udc2d\ud835\udc22\ud835\udc28\ud835\udc27 \ud835\udc1d\ud835\udc28\ud835\udc2e\ud835\udc1a\ud835\udc27\ud835\udc22\ud835\udc1e\u0300\ud835\udc2b\ud835\udc1e \ud835\udc25\ud835\udc1a\ud835\udc27\ud835\udc1c\ud835\udc1e \ud835\udc2c\ud835\udc28\ud835\udc27 \ud835\udc2d\ud835\udc2b\ud835\udc28\ud835\udc22\ud835\udc2c\ud835\udc22\ud835\udc1e\u0300\ud835\udc26\ud835\udc1e \ud835\udc2c\ud835\udc28\ud835\udc27\ud835\udc1d\ud835\udc1a\ud835\udc20\ud835\udc1e \ud835\udc2b\ud835\udc1e\ud835\udc25\ud835\udc1a\ud835\udc2d\ud835\udc22\ud835\udc1f \ud835\udc1a\u0300 \ud835\udc25\ud835\udc1a \ud835\udc29\ud835\udc1e\ud835\udc2b\ud835\udc1c\ud835\udc1e\ud835\udc29\ud835\udc2d\ud835\udc22\ud835\udc28\ud835\udc27 \ud835\udc1d\ud835\udc1e<\/p>\n","protected":false},"author":2,"featured_media":1250,"comment_status":"open","ping_status":"open","sticky":false,"template":"","format":"standard","meta":{"_et_pb_use_builder":"","_et_pb_old_content":"","_et_gb_content_width":"","footnotes":""},"categories":[5],"tags":[18,306,142,146,557,370,310,556],"class_list":["post-1249","post","type-post","status-publish","format-standard","has-post-thumbnail","hentry","category-societe","tag-burkina-faso","tag-corruption","tag-douane","tag-douanes-du-burkina-faso","tag-integrite","tag-observatoire-pour-la-celerite-des-operations-douanieres-au-burkina-faso","tag-organisation-mondiale-des-douanes","tag-sondage"],"yoast_head":"<!-- This site is optimized with the Yoast SEO plugin v27.5 - https:\/\/yoast.com\/product\/yoast-seo-wordpress\/ -->\n<title>Promotion de l\u2019int\u00e9grit\u00e9 : l\u2019Administration douani\u00e8re lance sa 3e sondage relatif \u00e0 la perception de l\u2019int\u00e9grit\u00e9 des douanes - Vox Sahel<\/title>\n<meta name=\"robots\" content=\"index, follow, max-snippet:-1, max-image-preview:large, max-video-preview:-1\" \/>\n<link rel=\"canonical\" href=\"https:\/\/voxsahel.com\/?p=1249\" \/>\n<meta property=\"og:locale\" content=\"fr_FR\" \/>\n<meta property=\"og:type\" content=\"article\" \/>\n<meta property=\"og:title\" content=\"Promotion de l\u2019int\u00e9grit\u00e9 : l\u2019Administration douani\u00e8re lance sa 3e sondage relatif \u00e0 la perception de l\u2019int\u00e9grit\u00e9 des douanes - Vox Sahel\" \/>\n<meta property=\"og:description\" content=\"\ud835\udc0f\ud835\udc2b\ud835\udc28\ud835\udc26\ud835\udc28\ud835\udc2d\ud835\udc22\ud835\udc28\ud835\udc27 \ud835\udc1d\ud835\udc1e \ud835\udc25\u2019\ud835\udc22\ud835\udc27\ud835\udc2d\ud835\udc1e\u0301\ud835\udc20\ud835\udc2b\ud835\udc22\ud835\udc2d\ud835\udc1e\u0301 : \ud835\udc25\u2019\ud835\udc00\ud835\udc1d\ud835\udc26\ud835\udc22\ud835\udc27\ud835\udc22\ud835\udc2c\ud835\udc2d\ud835\udc2b\ud835\udc1a\ud835\udc2d\ud835\udc22\ud835\udc28\ud835\udc27 \ud835\udc1d\ud835\udc28\ud835\udc2e\ud835\udc1a\ud835\udc27\ud835\udc22\ud835\udc1e\u0300\ud835\udc2b\ud835\udc1e \ud835\udc25\ud835\udc1a\ud835\udc27\ud835\udc1c\ud835\udc1e \ud835\udc2c\ud835\udc28\ud835\udc27 \ud835\udc2d\ud835\udc2b\ud835\udc28\ud835\udc22\ud835\udc2c\ud835\udc22\ud835\udc1e\u0300\ud835\udc26\ud835\udc1e \ud835\udc2c\ud835\udc28\ud835\udc27\ud835\udc1d\ud835\udc1a\ud835\udc20\ud835\udc1e \ud835\udc2b\ud835\udc1e\ud835\udc25\ud835\udc1a\ud835\udc2d\ud835\udc22\ud835\udc1f \ud835\udc1a\u0300 \ud835\udc25\ud835\udc1a \ud835\udc29\ud835\udc1e\ud835\udc2b\ud835\udc1c\ud835\udc1e\ud835\udc29\ud835\udc2d\ud835\udc22\ud835\udc28\ud835\udc27 \ud835\udc1d\ud835\udc1e\" \/>\n<meta property=\"og:url\" content=\"https:\/\/voxsahel.com\/?p=1249\" \/>\n<meta property=\"og:site_name\" content=\"Vox Sahel\" \/>\n<meta property=\"article:publisher\" content=\"https:\/\/www.facebook.com\/journal.voxsahel\" \/>\n<meta property=\"article:published_time\" content=\"2025-01-20T22:15:27+00:00\" \/>\n<meta property=\"og:image\" content=\"https:\/\/voxsahel.com\/wp-content\/uploads\/2025\/01\/IMG_4635.jpeg\" \/>\n\t<meta property=\"og:image:width\" content=\"1280\" \/>\n\t<meta property=\"og:image:height\" content=\"1050\" \/>\n\t<meta property=\"og:image:type\" content=\"image\/jpeg\" \/>\n<meta name=\"author\" content=\"Vox Sahel\" \/>\n<meta name=\"twitter:card\" content=\"summary_large_image\" \/>\n<meta name=\"twitter:label1\" content=\"\u00c9crit par\" \/>\n\t<meta name=\"twitter:data1\" content=\"Vox Sahel\" \/>\n\t<meta name=\"twitter:label2\" content=\"Dur\u00e9e de lecture estim\u00e9e\" \/>\n\t<meta name=\"twitter:data2\" content=\"3 minutes\" \/>\n<script type=\"application\/ld+json\" class=\"yoast-schema-graph\">{\"@context\":\"https:\\\/\\\/schema.org\",\"@graph\":[{\"@type\":\"Article\",\"@id\":\"https:\\\/\\\/voxsahel.com\\\/?p=1249#article\",\"isPartOf\":{\"@id\":\"https:\\\/\\\/voxsahel.com\\\/?p=1249\"},\"author\":{\"name\":\"Vox Sahel\",\"@id\":\"https:\\\/\\\/voxsahel.com\\\/#\\\/schema\\\/person\\\/b4043608248f8fa227cd760e7ff1e19e\"},\"headline\":\"Promotion de l\u2019int\u00e9grit\u00e9 : l\u2019Administration douani\u00e8re lance sa 3e sondage relatif \u00e0 la perception de l\u2019int\u00e9grit\u00e9 des douanes\",\"datePublished\":\"2025-01-20T22:15:27+00:00\",\"mainEntityOfPage\":{\"@id\":\"https:\\\/\\\/voxsahel.com\\\/?p=1249\"},\"wordCount\":416,\"commentCount\":0,\"publisher\":{\"@id\":\"https:\\\/\\\/voxsahel.com\\\/#organization\"},\"image\":{\"@id\":\"https:\\\/\\\/voxsahel.com\\\/?p=1249#primaryimage\"},\"thumbnailUrl\":\"https:\\\/\\\/voxsahel.com\\\/wp-content\\\/uploads\\\/2025\\\/01\\\/IMG_4635.jpeg\",\"keywords\":[\"Burkina Faso\",\"Corruption\",\"Douane\",\"Douanes du Burkina Faso\",\"Int\u00e9grit\u00e9\",\"Observatoire pour la c\u00e9l\u00e9rit\u00e9 des op\u00e9rations douani\u00e8res au Burkina Faso\",\"Organisation mondiale des Douanes\",\"Sondage\"],\"articleSection\":[\"SOCIETE\"],\"inLanguage\":\"fr-FR\",\"potentialAction\":[{\"@type\":\"CommentAction\",\"name\":\"Comment\",\"target\":[\"https:\\\/\\\/voxsahel.com\\\/?p=1249#respond\"]}]},{\"@type\":\"WebPage\",\"@id\":\"https:\\\/\\\/voxsahel.com\\\/?p=1249\",\"url\":\"https:\\\/\\\/voxsahel.com\\\/?p=1249\",\"name\":\"Promotion de l\u2019int\u00e9grit\u00e9 : l\u2019Administration douani\u00e8re lance sa 3e sondage relatif \u00e0 la perception de l\u2019int\u00e9grit\u00e9 des douanes - Vox Sahel\",\"isPartOf\":{\"@id\":\"https:\\\/\\\/voxsahel.com\\\/#website\"},\"primaryImageOfPage\":{\"@id\":\"https:\\\/\\\/voxsahel.com\\\/?p=1249#primaryimage\"},\"image\":{\"@id\":\"https:\\\/\\\/voxsahel.com\\\/?p=1249#primaryimage\"},\"thumbnailUrl\":\"https:\\\/\\\/voxsahel.com\\\/wp-content\\\/uploads\\\/2025\\\/01\\\/IMG_4635.jpeg\",\"datePublished\":\"2025-01-20T22:15:27+00:00\",\"breadcrumb\":{\"@id\":\"https:\\\/\\\/voxsahel.com\\\/?p=1249#breadcrumb\"},\"inLanguage\":\"fr-FR\",\"potentialAction\":[{\"@type\":\"ReadAction\",\"target\":[\"https:\\\/\\\/voxsahel.com\\\/?p=1249\"]}]},{\"@type\":\"ImageObject\",\"inLanguage\":\"fr-FR\",\"@id\":\"https:\\\/\\\/voxsahel.com\\\/?p=1249#primaryimage\",\"url\":\"https:\\\/\\\/voxsahel.com\\\/wp-content\\\/uploads\\\/2025\\\/01\\\/IMG_4635.jpeg\",\"contentUrl\":\"https:\\\/\\\/voxsahel.com\\\/wp-content\\\/uploads\\\/2025\\\/01\\\/IMG_4635.jpeg\",\"width\":1280,\"height\":1050},{\"@type\":\"BreadcrumbList\",\"@id\":\"https:\\\/\\\/voxsahel.com\\\/?p=1249#breadcrumb\",\"itemListElement\":[{\"@type\":\"ListItem\",\"position\":1,\"name\":\"Home\",\"item\":\"https:\\\/\\\/voxsahel.com\\\/\"},{\"@type\":\"ListItem\",\"position\":2,\"name\":\"Promotion de l\u2019int\u00e9grit\u00e9 : l\u2019Administration douani\u00e8re lance sa 3e sondage relatif \u00e0 la perception de l\u2019int\u00e9grit\u00e9 des douanes\"}]},{\"@type\":\"WebSite\",\"@id\":\"https:\\\/\\\/voxsahel.com\\\/#website\",\"url\":\"https:\\\/\\\/voxsahel.com\\\/\",\"name\":\"Vox Sahel\",\"description\":\"Informez-vous sur le Sahel en un clic\",\"publisher\":{\"@id\":\"https:\\\/\\\/voxsahel.com\\\/#organization\"},\"potentialAction\":[{\"@type\":\"SearchAction\",\"target\":{\"@type\":\"EntryPoint\",\"urlTemplate\":\"https:\\\/\\\/voxsahel.com\\\/?s={search_term_string}\"},\"query-input\":{\"@type\":\"PropertyValueSpecification\",\"valueRequired\":true,\"valueName\":\"search_term_string\"}}],\"inLanguage\":\"fr-FR\"},{\"@type\":\"Organization\",\"@id\":\"https:\\\/\\\/voxsahel.com\\\/#organization\",\"name\":\"Vox Sahel\",\"url\":\"https:\\\/\\\/voxsahel.com\\\/\",\"logo\":{\"@type\":\"ImageObject\",\"inLanguage\":\"fr-FR\",\"@id\":\"https:\\\/\\\/voxsahel.com\\\/#\\\/schema\\\/logo\\\/image\\\/\",\"url\":\"https:\\\/\\\/voxsahel.com\\\/wp-content\\\/uploads\\\/2024\\\/09\\\/Logo-Vox-Sahel.jpg\",\"contentUrl\":\"https:\\\/\\\/voxsahel.com\\\/wp-content\\\/uploads\\\/2024\\\/09\\\/Logo-Vox-Sahel.jpg\",\"width\":1181,\"height\":848,\"caption\":\"Vox Sahel\"},\"image\":{\"@id\":\"https:\\\/\\\/voxsahel.com\\\/#\\\/schema\\\/logo\\\/image\\\/\"},\"sameAs\":[\"https:\\\/\\\/www.facebook.com\\\/journal.voxsahel\"]},{\"@type\":\"Person\",\"@id\":\"https:\\\/\\\/voxsahel.com\\\/#\\\/schema\\\/person\\\/b4043608248f8fa227cd760e7ff1e19e\",\"name\":\"Vox Sahel\",\"image\":{\"@type\":\"ImageObject\",\"inLanguage\":\"fr-FR\",\"@id\":\"https:\\\/\\\/secure.gravatar.com\\\/avatar\\\/f70e7fa0cb9b29d4a7c5788d6eb2e9ab4d3135cbae1c9161810fdf77a8964699?s=96&d=mm&r=g\",\"url\":\"https:\\\/\\\/secure.gravatar.com\\\/avatar\\\/f70e7fa0cb9b29d4a7c5788d6eb2e9ab4d3135cbae1c9161810fdf77a8964699?s=96&d=mm&r=g\",\"contentUrl\":\"https:\\\/\\\/secure.gravatar.com\\\/avatar\\\/f70e7fa0cb9b29d4a7c5788d6eb2e9ab4d3135cbae1c9161810fdf77a8964699?s=96&d=mm&r=g\",\"caption\":\"Vox Sahel\"},\"sameAs\":[\"http:\\\/\\\/www.voxsahel.com\"],\"url\":\"https:\\\/\\\/voxsahel.com\\\/?author=2\"}]}<\/script>\n<!-- \/ Yoast SEO plugin. -->","yoast_head_json":{"title":"Promotion de l\u2019int\u00e9grit\u00e9 : l\u2019Administration douani\u00e8re lance sa 3e sondage relatif \u00e0 la perception de l\u2019int\u00e9grit\u00e9 des douanes - Vox Sahel","robots":{"index":"index","follow":"follow","max-snippet":"max-snippet:-1","max-image-preview":"max-image-preview:large","max-video-preview":"max-video-preview:-1"},"canonical":"https:\/\/voxsahel.com\/?p=1249","og_locale":"fr_FR","og_type":"article","og_title":"Promotion de l\u2019int\u00e9grit\u00e9 : l\u2019Administration douani\u00e8re lance sa 3e sondage relatif \u00e0 la perception de l\u2019int\u00e9grit\u00e9 des douanes - Vox Sahel","og_description":"\ud835\udc0f\ud835\udc2b\ud835\udc28\ud835\udc26\ud835\udc28\ud835\udc2d\ud835\udc22\ud835\udc28\ud835\udc27 \ud835\udc1d\ud835\udc1e \ud835\udc25\u2019\ud835\udc22\ud835\udc27\ud835\udc2d\ud835\udc1e\u0301\ud835\udc20\ud835\udc2b\ud835\udc22\ud835\udc2d\ud835\udc1e\u0301 : \ud835\udc25\u2019\ud835\udc00\ud835\udc1d\ud835\udc26\ud835\udc22\ud835\udc27\ud835\udc22\ud835\udc2c\ud835\udc2d\ud835\udc2b\ud835\udc1a\ud835\udc2d\ud835\udc22\ud835\udc28\ud835\udc27 \ud835\udc1d\ud835\udc28\ud835\udc2e\ud835\udc1a\ud835\udc27\ud835\udc22\ud835\udc1e\u0300\ud835\udc2b\ud835\udc1e \ud835\udc25\ud835\udc1a\ud835\udc27\ud835\udc1c\ud835\udc1e \ud835\udc2c\ud835\udc28\ud835\udc27 \ud835\udc2d\ud835\udc2b\ud835\udc28\ud835\udc22\ud835\udc2c\ud835\udc22\ud835\udc1e\u0300\ud835\udc26\ud835\udc1e \ud835\udc2c\ud835\udc28\ud835\udc27\ud835\udc1d\ud835\udc1a\ud835\udc20\ud835\udc1e \ud835\udc2b\ud835\udc1e\ud835\udc25\ud835\udc1a\ud835\udc2d\ud835\udc22\ud835\udc1f \ud835\udc1a\u0300 \ud835\udc25\ud835\udc1a \ud835\udc29\ud835\udc1e\ud835\udc2b\ud835\udc1c\ud835\udc1e\ud835\udc29\ud835\udc2d\ud835\udc22\ud835\udc28\ud835\udc27 \ud835\udc1d\ud835\udc1e","og_url":"https:\/\/voxsahel.com\/?p=1249","og_site_name":"Vox Sahel","article_publisher":"https:\/\/www.facebook.com\/journal.voxsahel","article_published_time":"2025-01-20T22:15:27+00:00","og_image":[{"width":1280,"height":1050,"url":"https:\/\/voxsahel.com\/wp-content\/uploads\/2025\/01\/IMG_4635.jpeg","type":"image\/jpeg"}],"author":"Vox Sahel","twitter_card":"summary_large_image","twitter_misc":{"\u00c9crit par":"Vox Sahel","Dur\u00e9e de lecture estim\u00e9e":"3 minutes"},"schema":{"@context":"https:\/\/schema.org","@graph":[{"@type":"Article","@id":"https:\/\/voxsahel.com\/?p=1249#article","isPartOf":{"@id":"https:\/\/voxsahel.com\/?p=1249"},"author":{"name":"Vox Sahel","@id":"https:\/\/voxsahel.com\/#\/schema\/person\/b4043608248f8fa227cd760e7ff1e19e"},"headline":"Promotion de l\u2019int\u00e9grit\u00e9 : l\u2019Administration douani\u00e8re lance sa 3e sondage relatif \u00e0 la perception de l\u2019int\u00e9grit\u00e9 des douanes","datePublished":"2025-01-20T22:15:27+00:00","mainEntityOfPage":{"@id":"https:\/\/voxsahel.com\/?p=1249"},"wordCount":416,"commentCount":0,"publisher":{"@id":"https:\/\/voxsahel.com\/#organization"},"image":{"@id":"https:\/\/voxsahel.com\/?p=1249#primaryimage"},"thumbnailUrl":"https:\/\/voxsahel.com\/wp-content\/uploads\/2025\/01\/IMG_4635.jpeg","keywords":["Burkina Faso","Corruption","Douane","Douanes du Burkina Faso","Int\u00e9grit\u00e9","Observatoire pour la c\u00e9l\u00e9rit\u00e9 des op\u00e9rations douani\u00e8res au Burkina Faso","Organisation mondiale des Douanes","Sondage"],"articleSection":["SOCIETE"],"inLanguage":"fr-FR","potentialAction":[{"@type":"CommentAction","name":"Comment","target":["https:\/\/voxsahel.com\/?p=1249#respond"]}]},{"@type":"WebPage","@id":"https:\/\/voxsahel.com\/?p=1249","url":"https:\/\/voxsahel.com\/?p=1249","name":"Promotion de l\u2019int\u00e9grit\u00e9 : l\u2019Administration douani\u00e8re lance sa 3e sondage relatif \u00e0 la perception de l\u2019int\u00e9grit\u00e9 des douanes - Vox Sahel","isPartOf":{"@id":"https:\/\/voxsahel.com\/#website"},"primaryImageOfPage":{"@id":"https:\/\/voxsahel.com\/?p=1249#primaryimage"},"image":{"@id":"https:\/\/voxsahel.com\/?p=1249#primaryimage"},"thumbnailUrl":"https:\/\/voxsahel.com\/wp-content\/uploads\/2025\/01\/IMG_4635.jpeg","datePublished":"2025-01-20T22:15:27+00:00","breadcrumb":{"@id":"https:\/\/voxsahel.com\/?p=1249#breadcrumb"},"inLanguage":"fr-FR","potentialAction":[{"@type":"ReadAction","target":["https:\/\/voxsahel.com\/?p=1249"]}]},{"@type":"ImageObject","inLanguage":"fr-FR","@id":"https:\/\/voxsahel.com\/?p=1249#primaryimage","url":"https:\/\/voxsahel.com\/wp-content\/uploads\/2025\/01\/IMG_4635.jpeg","contentUrl":"https:\/\/voxsahel.com\/wp-content\/uploads\/2025\/01\/IMG_4635.jpeg","width":1280,"height":1050},{"@type":"BreadcrumbList","@id":"https:\/\/voxsahel.com\/?p=1249#breadcrumb","itemListElement":[{"@type":"ListItem","position":1,"name":"Home","item":"https:\/\/voxsahel.com\/"},{"@type":"ListItem","position":2,"name":"Promotion de l\u2019int\u00e9grit\u00e9 : l\u2019Administration douani\u00e8re lance sa 3e sondage relatif \u00e0 la perception de l\u2019int\u00e9grit\u00e9 des douanes"}]},{"@type":"WebSite","@id":"https:\/\/voxsahel.com\/#website","url":"https:\/\/voxsahel.com\/","name":"Vox Sahel","description":"Informez-vous sur le Sahel en un clic","publisher":{"@id":"https:\/\/voxsahel.com\/#organization"},"potentialAction":[{"@type":"SearchAction","target":{"@type":"EntryPoint","urlTemplate":"https:\/\/voxsahel.com\/?s={search_term_string}"},"query-input":{"@type":"PropertyValueSpecification","valueRequired":true,"valueName":"search_term_string"}}],"inLanguage":"fr-FR"},{"@type":"Organization","@id":"https:\/\/voxsahel.com\/#organization","name":"Vox Sahel","url":"https:\/\/voxsahel.com\/","logo":{"@type":"ImageObject","inLanguage":"fr-FR","@id":"https:\/\/voxsahel.com\/#\/schema\/logo\/image\/","url":"https:\/\/voxsahel.com\/wp-content\/uploads\/2024\/09\/Logo-Vox-Sahel.jpg","contentUrl":"https:\/\/voxsahel.com\/wp-content\/uploads\/2024\/09\/Logo-Vox-Sahel.jpg","width":1181,"height":848,"caption":"Vox Sahel"},"image":{"@id":"https:\/\/voxsahel.com\/#\/schema\/logo\/image\/"},"sameAs":["https:\/\/www.facebook.com\/journal.voxsahel"]},{"@type":"Person","@id":"https:\/\/voxsahel.com\/#\/schema\/person\/b4043608248f8fa227cd760e7ff1e19e","name":"Vox Sahel","image":{"@type":"ImageObject","inLanguage":"fr-FR","@id":"https:\/\/secure.gravatar.com\/avatar\/f70e7fa0cb9b29d4a7c5788d6eb2e9ab4d3135cbae1c9161810fdf77a8964699?s=96&d=mm&r=g","url":"https:\/\/secure.gravatar.com\/avatar\/f70e7fa0cb9b29d4a7c5788d6eb2e9ab4d3135cbae1c9161810fdf77a8964699?s=96&d=mm&r=g","contentUrl":"https:\/\/secure.gravatar.com\/avatar\/f70e7fa0cb9b29d4a7c5788d6eb2e9ab4d3135cbae1c9161810fdf77a8964699?s=96&d=mm&r=g","caption":"Vox Sahel"},"sameAs":["http:\/\/www.voxsahel.com"],"url":"https:\/\/voxsahel.com\/?author=2"}]}},"_links":{"self":[{"href":"https:\/\/voxsahel.com\/index.php?rest_route=\/wp\/v2\/posts\/1249","targetHints":{"allow":["GET"]}}],"collection":[{"href":"https:\/\/voxsahel.com\/index.php?rest_route=\/wp\/v2\/posts"}],"about":[{"href":"https:\/\/voxsahel.com\/index.php?rest_route=\/wp\/v2\/types\/post"}],"author":[{"embeddable":true,"href":"https:\/\/voxsahel.com\/index.php?rest_route=\/wp\/v2\/users\/2"}],"replies":[{"embeddable":true,"href":"https:\/\/voxsahel.com\/index.php?rest_route=%2Fwp%2Fv2%2Fcomments&post=1249"}],"version-history":[{"count":1,"href":"https:\/\/voxsahel.com\/index.php?rest_route=\/wp\/v2\/posts\/1249\/revisions"}],"predecessor-version":[{"id":1251,"href":"https:\/\/voxsahel.com\/index.php?rest_route=\/wp\/v2\/posts\/1249\/revisions\/1251"}],"wp:featuredmedia":[{"embeddable":true,"href":"https:\/\/voxsahel.com\/index.php?rest_route=\/wp\/v2\/media\/1250"}],"wp:attachment":[{"href":"https:\/\/voxsahel.com\/index.php?rest_route=%2Fwp%2Fv2%2Fmedia&parent=1249"}],"wp:term":[{"taxonomy":"category","embeddable":true,"href":"https:\/\/voxsahel.com\/index.php?rest_route=%2Fwp%2Fv2%2Fcategories&post=1249"},{"taxonomy":"post_tag","embeddable":true,"href":"https:\/\/voxsahel.com\/index.php?rest_route=%2Fwp%2Fv2%2Ftags&post=1249"}],"curies":[{"name":"wp","href":"https:\/\/api.w.org\/{rel}","templated":true}]}}