{"id":1245,"date":"2025-01-20T21:40:49","date_gmt":"2025-01-20T21:40:49","guid":{"rendered":"https:\/\/voxsahel.com\/?p=1245"},"modified":"2025-01-20T21:40:49","modified_gmt":"2025-01-20T21:40:49","slug":"protestation-des-residents-de-kuinima-cura-une-contestation-fonciere-au-coeur-de-larrondissement-n5-de-bobo-dioulasso","status":"publish","type":"post","link":"https:\/\/voxsahel.com\/?p=1245","title":{"rendered":"Protestation des r\u00e9sidents de Kuinima Cura : une contestation fonci\u00e8re au c\u0153ur de l&rsquo;arrondissement n\u00b05 de Bobo-Dioulasso"},"content":{"rendered":"<p class=\"p1\"><span class=\"s3\">Les habitants de la zone non lotie de \u00ab Kuinima Cura \u00bb dans l&rsquo;arrondissement n\u00b05 se sont mobilis\u00e9s ce jeudi<\/span><span class=\"s2\"> 16 janvier 2025<\/span><span class=\"s3\">\u00a0 sous la banni\u00e8re de leur Comit\u00e9 d&rsquo;\u00e9veil et de suivi pour d\u00e9noncer ce qu&rsquo;ils estiment d\u2019expropriation de leur territoire par l&rsquo;Universit\u00e9 Catholique de l&rsquo;Afrique de l&rsquo;Ouest (UCAO).<\/span><\/p>\n<p class=\"p1\"><span class=\"s3\">Face \u00e0 un projet d&rsquo;expulsion qu&rsquo;ils jugent injustifi\u00e9, les r\u00e9sidents, compos\u00e9s d&rsquo;hommes, de femmes, de jeunes et de vieux, ont exprim\u00e9 leur d\u00e9sarroi, rappelant leur pr\u00e9sence historique sur ces terres depuis 1958. Selon Aziz Kad\u00e9ba, membre du comit\u00e9, le litige d\u00e9coule d&rsquo;un titre foncier attribu\u00e9 \u00e0 l&rsquo;UCAO en 2007 pour une superficie de 122,7 hectares, alors que seulement 22 hectares avaient \u00e9t\u00e9 initialement accord\u00e9s par les propri\u00e9taires terriens \u00e0 l&rsquo;\u00e9glise catholique en contrepartie symbolique d&rsquo;un franc.<\/span><\/p>\n<p class=\"p1\"><span class=\"s3\">Les membres du comit\u00e9 d&rsquo;\u00e9veil s&rsquo;\u00e9tonnent de la pr\u00e9tention de l&rsquo;UCAO, qu&rsquo;ils accusent d&rsquo;avoir outrepass\u00e9 les accords initiaux. \u00ab Nous avons d\u00e9couvert avec surprise que l&rsquo;UCAO revendique 122,7 hectares, alors qu&rsquo;il ya des titres fonciers plus anciens appartenant \u00e0 certains r\u00e9sidents \u00bb, a affirm\u00e9 Aziz Kad\u00e9ba, pr\u00e9cisant qu&rsquo;un des habitants a r\u00e9cemment r\u00e9ussi un proc\u00e8s en premi\u00e8re. instance contre l&rsquo;universit\u00e9.<\/span><\/p>\n<p class=\"p1\"><span class=\"s3\">La situation est d&rsquo;autant plus tendue que des recensements organis\u00e9s par l&rsquo;UCAO sur le site suscitent des interrogatoires. \u00ab Nous nous exigeons si l&rsquo;UCAO est habilit\u00e9e \u00e0 recenser les r\u00e9sidents \u00bb, a ajout\u00e9 M. Kad\u00e9ba.<\/span><\/p>\n<p class=\"p1\"><span class=\"s3\">Les r\u00e9sidents rappellent que cette zone non lotie a fait l&rsquo;objet de recensements en 2003 et 2006, rest\u00e9s sans suite. Le Comit\u00e9 d&rsquo;\u00e9veil indique que ces donn\u00e9es ont disparu des archives de la mairie de l&rsquo;arrondissement n\u00b05, alimentant davantage les doutes et les frustrations.<\/span><\/p>\n<p class=\"p1\"><span class=\"s3\">Un doyen de la zone, Boban Tuina, a exprim\u00e9 le sentiment d&rsquo;abandon des habitants : \u00ab Depuis que ce probl\u00e8me existe, l&rsquo;UCAO n&rsquo;a jamais cherch\u00e9 \u00e0 dialoguer avec nous. Nous ne cherchons pas \u00e0 savoir qui a raison ou tort, mais \u00e0 ce que le probl\u00e8me soit compris de tous. \u00bb<\/span><\/p>\n<p class=\"p1\"><span class=\"s3\">Pour apaiser les tensions, les habitants proposent une restructuration de la zone, avec la cr\u00e9ation de routes et l&rsquo;acc\u00e8s \u00e0 l&rsquo;eau et \u00e0 l&rsquo;\u00e9lectricit\u00e9, sans pour autant les \u00e9loger. \u00ab Nous exigeons simplement que l&rsquo;universit\u00e9 revoie \u00e0 la baisse ses pr\u00e9tentions fonci\u00e8res \u00bb, a insist\u00e9 M. Kad\u00e9ba.<\/span><\/p>\n<p class=\"p1\"><span class=\"s3\">Face \u00e0 une \u00e9ventuelle expulsion, les r\u00e9sidents appellent les autorit\u00e9s locales et nationales \u00e0 intervenir pour trouver une solution \u00e9quitable, garantissant \u00e0 la fois la s\u00e9curit\u00e9 des habitants et le respect des accords initiaux.<\/span><\/p>\n<p class=\"p1\"><span class=\"s3\">Le conflit foncier de Kuinima Cura met en lumi\u00e8re les enjeux de gestion des terres dans les zones non loties de Bobo-Dioulasso. Entre les revendications l\u00e9gitimes des r\u00e9sidents et les ambitions d&rsquo;une institution universitaire, une m\u00e9diation semble indispensable pour \u00e9viter une escalade de la situation.<\/span><\/p>\n<p class=\"p1\" style=\"text-align: right;\"><span class=\"s3\"><b>Par Vox Sahel <\/b><\/span><\/p>\n<p class=\"p1\" style=\"text-align: right;\"><span class=\"s3\"><b>Source : AIB <\/b><\/span><\/p>\n","protected":false},"excerpt":{"rendered":"<p>Les habitants de la zone non lotie de \u00ab Kuinima Cura \u00bb dans l&rsquo;arrondissement n\u00b05<\/p>\n","protected":false},"author":2,"featured_media":1247,"comment_status":"open","ping_status":"open","sticky":false,"template":"","format":"standard","meta":{"_et_pb_use_builder":"","_et_pb_old_content":"","_et_gb_content_width":"","footnotes":""},"categories":[5],"tags":[208,18,105,106,210,528,555,464,148],"class_list":["post-1245","post","type-post","status-publish","format-standard","has-post-thumbnail","hentry","category-societe","tag-bobo-dioulasso","tag-burkina-faso","tag-foncier","tag-habitat","tag-hauts-bassins","tag-houet","tag-lotissement","tag-urbanisation","tag-urbanisme"],"yoast_head":"<!-- This site is optimized with the Yoast SEO plugin v27.5 - https:\/\/yoast.com\/product\/yoast-seo-wordpress\/ -->\n<title>Protestation des r\u00e9sidents de Kuinima Cura : une contestation fonci\u00e8re au c\u0153ur de l&#039;arrondissement n\u00b05 de Bobo-Dioulasso - Vox Sahel<\/title>\n<meta name=\"robots\" content=\"index, follow, max-snippet:-1, max-image-preview:large, max-video-preview:-1\" \/>\n<link rel=\"canonical\" href=\"https:\/\/voxsahel.com\/?p=1245\" \/>\n<meta property=\"og:locale\" content=\"fr_FR\" \/>\n<meta property=\"og:type\" content=\"article\" \/>\n<meta property=\"og:title\" content=\"Protestation des r\u00e9sidents de Kuinima Cura : une contestation fonci\u00e8re au c\u0153ur de l&#039;arrondissement n\u00b05 de Bobo-Dioulasso - Vox Sahel\" \/>\n<meta property=\"og:description\" content=\"Les habitants de la zone non lotie de \u00ab Kuinima Cura \u00bb dans l&rsquo;arrondissement n\u00b05\" \/>\n<meta property=\"og:url\" content=\"https:\/\/voxsahel.com\/?p=1245\" \/>\n<meta property=\"og:site_name\" content=\"Vox Sahel\" \/>\n<meta property=\"article:publisher\" content=\"https:\/\/www.facebook.com\/journal.voxsahel\" \/>\n<meta property=\"article:published_time\" content=\"2025-01-20T21:40:49+00:00\" \/>\n<meta property=\"og:image\" content=\"https:\/\/voxsahel.com\/wp-content\/uploads\/2025\/01\/IMG_4633.jpeg\" \/>\n\t<meta property=\"og:image:width\" content=\"1040\" \/>\n\t<meta property=\"og:image:height\" content=\"468\" \/>\n\t<meta property=\"og:image:type\" content=\"image\/jpeg\" \/>\n<meta name=\"author\" content=\"Vox Sahel\" \/>\n<meta name=\"twitter:card\" content=\"summary_large_image\" \/>\n<meta name=\"twitter:label1\" content=\"\u00c9crit par\" \/>\n\t<meta name=\"twitter:data1\" content=\"Vox Sahel\" \/>\n\t<meta name=\"twitter:label2\" content=\"Dur\u00e9e de lecture estim\u00e9e\" \/>\n\t<meta name=\"twitter:data2\" content=\"3 minutes\" \/>\n<script type=\"application\/ld+json\" class=\"yoast-schema-graph\">{\"@context\":\"https:\\\/\\\/schema.org\",\"@graph\":[{\"@type\":\"Article\",\"@id\":\"https:\\\/\\\/voxsahel.com\\\/?p=1245#article\",\"isPartOf\":{\"@id\":\"https:\\\/\\\/voxsahel.com\\\/?p=1245\"},\"author\":{\"name\":\"Vox Sahel\",\"@id\":\"https:\\\/\\\/voxsahel.com\\\/#\\\/schema\\\/person\\\/b4043608248f8fa227cd760e7ff1e19e\"},\"headline\":\"Protestation des r\u00e9sidents de Kuinima Cura : une contestation fonci\u00e8re au c\u0153ur de l&rsquo;arrondissement n\u00b05 de Bobo-Dioulasso\",\"datePublished\":\"2025-01-20T21:40:49+00:00\",\"mainEntityOfPage\":{\"@id\":\"https:\\\/\\\/voxsahel.com\\\/?p=1245\"},\"wordCount\":511,\"commentCount\":0,\"publisher\":{\"@id\":\"https:\\\/\\\/voxsahel.com\\\/#organization\"},\"image\":{\"@id\":\"https:\\\/\\\/voxsahel.com\\\/?p=1245#primaryimage\"},\"thumbnailUrl\":\"https:\\\/\\\/voxsahel.com\\\/wp-content\\\/uploads\\\/2025\\\/01\\\/IMG_4633.jpeg\",\"keywords\":[\"Bobo-Dioulasso\",\"Burkina Faso\",\"Foncier\",\"Habitat\",\"Hauts-Bassins\",\"Houet\",\"Lotissement\",\"Urbanisation\",\"Urbanisme\"],\"articleSection\":[\"SOCIETE\"],\"inLanguage\":\"fr-FR\",\"potentialAction\":[{\"@type\":\"CommentAction\",\"name\":\"Comment\",\"target\":[\"https:\\\/\\\/voxsahel.com\\\/?p=1245#respond\"]}]},{\"@type\":\"WebPage\",\"@id\":\"https:\\\/\\\/voxsahel.com\\\/?p=1245\",\"url\":\"https:\\\/\\\/voxsahel.com\\\/?p=1245\",\"name\":\"Protestation des r\u00e9sidents de Kuinima Cura : une contestation fonci\u00e8re au c\u0153ur de l'arrondissement n\u00b05 de Bobo-Dioulasso - Vox Sahel\",\"isPartOf\":{\"@id\":\"https:\\\/\\\/voxsahel.com\\\/#website\"},\"primaryImageOfPage\":{\"@id\":\"https:\\\/\\\/voxsahel.com\\\/?p=1245#primaryimage\"},\"image\":{\"@id\":\"https:\\\/\\\/voxsahel.com\\\/?p=1245#primaryimage\"},\"thumbnailUrl\":\"https:\\\/\\\/voxsahel.com\\\/wp-content\\\/uploads\\\/2025\\\/01\\\/IMG_4633.jpeg\",\"datePublished\":\"2025-01-20T21:40:49+00:00\",\"breadcrumb\":{\"@id\":\"https:\\\/\\\/voxsahel.com\\\/?p=1245#breadcrumb\"},\"inLanguage\":\"fr-FR\",\"potentialAction\":[{\"@type\":\"ReadAction\",\"target\":[\"https:\\\/\\\/voxsahel.com\\\/?p=1245\"]}]},{\"@type\":\"ImageObject\",\"inLanguage\":\"fr-FR\",\"@id\":\"https:\\\/\\\/voxsahel.com\\\/?p=1245#primaryimage\",\"url\":\"https:\\\/\\\/voxsahel.com\\\/wp-content\\\/uploads\\\/2025\\\/01\\\/IMG_4633.jpeg\",\"contentUrl\":\"https:\\\/\\\/voxsahel.com\\\/wp-content\\\/uploads\\\/2025\\\/01\\\/IMG_4633.jpeg\",\"width\":1040,\"height\":468},{\"@type\":\"BreadcrumbList\",\"@id\":\"https:\\\/\\\/voxsahel.com\\\/?p=1245#breadcrumb\",\"itemListElement\":[{\"@type\":\"ListItem\",\"position\":1,\"name\":\"Home\",\"item\":\"https:\\\/\\\/voxsahel.com\\\/\"},{\"@type\":\"ListItem\",\"position\":2,\"name\":\"Protestation des r\u00e9sidents de Kuinima Cura : une contestation fonci\u00e8re au c\u0153ur de l&rsquo;arrondissement n\u00b05 de Bobo-Dioulasso\"}]},{\"@type\":\"WebSite\",\"@id\":\"https:\\\/\\\/voxsahel.com\\\/#website\",\"url\":\"https:\\\/\\\/voxsahel.com\\\/\",\"name\":\"Vox Sahel\",\"description\":\"Informez-vous sur le Sahel en un clic\",\"publisher\":{\"@id\":\"https:\\\/\\\/voxsahel.com\\\/#organization\"},\"potentialAction\":[{\"@type\":\"SearchAction\",\"target\":{\"@type\":\"EntryPoint\",\"urlTemplate\":\"https:\\\/\\\/voxsahel.com\\\/?s={search_term_string}\"},\"query-input\":{\"@type\":\"PropertyValueSpecification\",\"valueRequired\":true,\"valueName\":\"search_term_string\"}}],\"inLanguage\":\"fr-FR\"},{\"@type\":\"Organization\",\"@id\":\"https:\\\/\\\/voxsahel.com\\\/#organization\",\"name\":\"Vox Sahel\",\"url\":\"https:\\\/\\\/voxsahel.com\\\/\",\"logo\":{\"@type\":\"ImageObject\",\"inLanguage\":\"fr-FR\",\"@id\":\"https:\\\/\\\/voxsahel.com\\\/#\\\/schema\\\/logo\\\/image\\\/\",\"url\":\"https:\\\/\\\/voxsahel.com\\\/wp-content\\\/uploads\\\/2024\\\/09\\\/Logo-Vox-Sahel.jpg\",\"contentUrl\":\"https:\\\/\\\/voxsahel.com\\\/wp-content\\\/uploads\\\/2024\\\/09\\\/Logo-Vox-Sahel.jpg\",\"width\":1181,\"height\":848,\"caption\":\"Vox Sahel\"},\"image\":{\"@id\":\"https:\\\/\\\/voxsahel.com\\\/#\\\/schema\\\/logo\\\/image\\\/\"},\"sameAs\":[\"https:\\\/\\\/www.facebook.com\\\/journal.voxsahel\"]},{\"@type\":\"Person\",\"@id\":\"https:\\\/\\\/voxsahel.com\\\/#\\\/schema\\\/person\\\/b4043608248f8fa227cd760e7ff1e19e\",\"name\":\"Vox Sahel\",\"image\":{\"@type\":\"ImageObject\",\"inLanguage\":\"fr-FR\",\"@id\":\"https:\\\/\\\/secure.gravatar.com\\\/avatar\\\/f70e7fa0cb9b29d4a7c5788d6eb2e9ab4d3135cbae1c9161810fdf77a8964699?s=96&d=mm&r=g\",\"url\":\"https:\\\/\\\/secure.gravatar.com\\\/avatar\\\/f70e7fa0cb9b29d4a7c5788d6eb2e9ab4d3135cbae1c9161810fdf77a8964699?s=96&d=mm&r=g\",\"contentUrl\":\"https:\\\/\\\/secure.gravatar.com\\\/avatar\\\/f70e7fa0cb9b29d4a7c5788d6eb2e9ab4d3135cbae1c9161810fdf77a8964699?s=96&d=mm&r=g\",\"caption\":\"Vox Sahel\"},\"sameAs\":[\"http:\\\/\\\/www.voxsahel.com\"],\"url\":\"https:\\\/\\\/voxsahel.com\\\/?author=2\"}]}<\/script>\n<!-- \/ Yoast SEO plugin. -->","yoast_head_json":{"title":"Protestation des r\u00e9sidents de Kuinima Cura : une contestation fonci\u00e8re au c\u0153ur de l'arrondissement n\u00b05 de Bobo-Dioulasso - Vox Sahel","robots":{"index":"index","follow":"follow","max-snippet":"max-snippet:-1","max-image-preview":"max-image-preview:large","max-video-preview":"max-video-preview:-1"},"canonical":"https:\/\/voxsahel.com\/?p=1245","og_locale":"fr_FR","og_type":"article","og_title":"Protestation des r\u00e9sidents de Kuinima Cura : une contestation fonci\u00e8re au c\u0153ur de l'arrondissement n\u00b05 de Bobo-Dioulasso - Vox Sahel","og_description":"Les habitants de la zone non lotie de \u00ab Kuinima Cura \u00bb dans l&rsquo;arrondissement n\u00b05","og_url":"https:\/\/voxsahel.com\/?p=1245","og_site_name":"Vox Sahel","article_publisher":"https:\/\/www.facebook.com\/journal.voxsahel","article_published_time":"2025-01-20T21:40:49+00:00","og_image":[{"width":1040,"height":468,"url":"https:\/\/voxsahel.com\/wp-content\/uploads\/2025\/01\/IMG_4633.jpeg","type":"image\/jpeg"}],"author":"Vox Sahel","twitter_card":"summary_large_image","twitter_misc":{"\u00c9crit par":"Vox Sahel","Dur\u00e9e de lecture estim\u00e9e":"3 minutes"},"schema":{"@context":"https:\/\/schema.org","@graph":[{"@type":"Article","@id":"https:\/\/voxsahel.com\/?p=1245#article","isPartOf":{"@id":"https:\/\/voxsahel.com\/?p=1245"},"author":{"name":"Vox Sahel","@id":"https:\/\/voxsahel.com\/#\/schema\/person\/b4043608248f8fa227cd760e7ff1e19e"},"headline":"Protestation des r\u00e9sidents de Kuinima Cura : une contestation fonci\u00e8re au c\u0153ur de l&rsquo;arrondissement n\u00b05 de Bobo-Dioulasso","datePublished":"2025-01-20T21:40:49+00:00","mainEntityOfPage":{"@id":"https:\/\/voxsahel.com\/?p=1245"},"wordCount":511,"commentCount":0,"publisher":{"@id":"https:\/\/voxsahel.com\/#organization"},"image":{"@id":"https:\/\/voxsahel.com\/?p=1245#primaryimage"},"thumbnailUrl":"https:\/\/voxsahel.com\/wp-content\/uploads\/2025\/01\/IMG_4633.jpeg","keywords":["Bobo-Dioulasso","Burkina Faso","Foncier","Habitat","Hauts-Bassins","Houet","Lotissement","Urbanisation","Urbanisme"],"articleSection":["SOCIETE"],"inLanguage":"fr-FR","potentialAction":[{"@type":"CommentAction","name":"Comment","target":["https:\/\/voxsahel.com\/?p=1245#respond"]}]},{"@type":"WebPage","@id":"https:\/\/voxsahel.com\/?p=1245","url":"https:\/\/voxsahel.com\/?p=1245","name":"Protestation des r\u00e9sidents de Kuinima Cura : une contestation fonci\u00e8re au c\u0153ur de l'arrondissement n\u00b05 de Bobo-Dioulasso - Vox Sahel","isPartOf":{"@id":"https:\/\/voxsahel.com\/#website"},"primaryImageOfPage":{"@id":"https:\/\/voxsahel.com\/?p=1245#primaryimage"},"image":{"@id":"https:\/\/voxsahel.com\/?p=1245#primaryimage"},"thumbnailUrl":"https:\/\/voxsahel.com\/wp-content\/uploads\/2025\/01\/IMG_4633.jpeg","datePublished":"2025-01-20T21:40:49+00:00","breadcrumb":{"@id":"https:\/\/voxsahel.com\/?p=1245#breadcrumb"},"inLanguage":"fr-FR","potentialAction":[{"@type":"ReadAction","target":["https:\/\/voxsahel.com\/?p=1245"]}]},{"@type":"ImageObject","inLanguage":"fr-FR","@id":"https:\/\/voxsahel.com\/?p=1245#primaryimage","url":"https:\/\/voxsahel.com\/wp-content\/uploads\/2025\/01\/IMG_4633.jpeg","contentUrl":"https:\/\/voxsahel.com\/wp-content\/uploads\/2025\/01\/IMG_4633.jpeg","width":1040,"height":468},{"@type":"BreadcrumbList","@id":"https:\/\/voxsahel.com\/?p=1245#breadcrumb","itemListElement":[{"@type":"ListItem","position":1,"name":"Home","item":"https:\/\/voxsahel.com\/"},{"@type":"ListItem","position":2,"name":"Protestation des r\u00e9sidents de Kuinima Cura : une contestation fonci\u00e8re au c\u0153ur de l&rsquo;arrondissement n\u00b05 de Bobo-Dioulasso"}]},{"@type":"WebSite","@id":"https:\/\/voxsahel.com\/#website","url":"https:\/\/voxsahel.com\/","name":"Vox Sahel","description":"Informez-vous sur le Sahel en un clic","publisher":{"@id":"https:\/\/voxsahel.com\/#organization"},"potentialAction":[{"@type":"SearchAction","target":{"@type":"EntryPoint","urlTemplate":"https:\/\/voxsahel.com\/?s={search_term_string}"},"query-input":{"@type":"PropertyValueSpecification","valueRequired":true,"valueName":"search_term_string"}}],"inLanguage":"fr-FR"},{"@type":"Organization","@id":"https:\/\/voxsahel.com\/#organization","name":"Vox Sahel","url":"https:\/\/voxsahel.com\/","logo":{"@type":"ImageObject","inLanguage":"fr-FR","@id":"https:\/\/voxsahel.com\/#\/schema\/logo\/image\/","url":"https:\/\/voxsahel.com\/wp-content\/uploads\/2024\/09\/Logo-Vox-Sahel.jpg","contentUrl":"https:\/\/voxsahel.com\/wp-content\/uploads\/2024\/09\/Logo-Vox-Sahel.jpg","width":1181,"height":848,"caption":"Vox Sahel"},"image":{"@id":"https:\/\/voxsahel.com\/#\/schema\/logo\/image\/"},"sameAs":["https:\/\/www.facebook.com\/journal.voxsahel"]},{"@type":"Person","@id":"https:\/\/voxsahel.com\/#\/schema\/person\/b4043608248f8fa227cd760e7ff1e19e","name":"Vox Sahel","image":{"@type":"ImageObject","inLanguage":"fr-FR","@id":"https:\/\/secure.gravatar.com\/avatar\/f70e7fa0cb9b29d4a7c5788d6eb2e9ab4d3135cbae1c9161810fdf77a8964699?s=96&d=mm&r=g","url":"https:\/\/secure.gravatar.com\/avatar\/f70e7fa0cb9b29d4a7c5788d6eb2e9ab4d3135cbae1c9161810fdf77a8964699?s=96&d=mm&r=g","contentUrl":"https:\/\/secure.gravatar.com\/avatar\/f70e7fa0cb9b29d4a7c5788d6eb2e9ab4d3135cbae1c9161810fdf77a8964699?s=96&d=mm&r=g","caption":"Vox Sahel"},"sameAs":["http:\/\/www.voxsahel.com"],"url":"https:\/\/voxsahel.com\/?author=2"}]}},"_links":{"self":[{"href":"https:\/\/voxsahel.com\/index.php?rest_route=\/wp\/v2\/posts\/1245","targetHints":{"allow":["GET"]}}],"collection":[{"href":"https:\/\/voxsahel.com\/index.php?rest_route=\/wp\/v2\/posts"}],"about":[{"href":"https:\/\/voxsahel.com\/index.php?rest_route=\/wp\/v2\/types\/post"}],"author":[{"embeddable":true,"href":"https:\/\/voxsahel.com\/index.php?rest_route=\/wp\/v2\/users\/2"}],"replies":[{"embeddable":true,"href":"https:\/\/voxsahel.com\/index.php?rest_route=%2Fwp%2Fv2%2Fcomments&post=1245"}],"version-history":[{"count":1,"href":"https:\/\/voxsahel.com\/index.php?rest_route=\/wp\/v2\/posts\/1245\/revisions"}],"predecessor-version":[{"id":1248,"href":"https:\/\/voxsahel.com\/index.php?rest_route=\/wp\/v2\/posts\/1245\/revisions\/1248"}],"wp:featuredmedia":[{"embeddable":true,"href":"https:\/\/voxsahel.com\/index.php?rest_route=\/wp\/v2\/media\/1247"}],"wp:attachment":[{"href":"https:\/\/voxsahel.com\/index.php?rest_route=%2Fwp%2Fv2%2Fmedia&parent=1245"}],"wp:term":[{"taxonomy":"category","embeddable":true,"href":"https:\/\/voxsahel.com\/index.php?rest_route=%2Fwp%2Fv2%2Fcategories&post=1245"},{"taxonomy":"post_tag","embeddable":true,"href":"https:\/\/voxsahel.com\/index.php?rest_route=%2Fwp%2Fv2%2Ftags&post=1245"}],"curies":[{"name":"wp","href":"https:\/\/api.w.org\/{rel}","templated":true}]}}