{"id":1242,"date":"2025-01-20T16:46:07","date_gmt":"2025-01-20T16:46:07","guid":{"rendered":"https:\/\/voxsahel.com\/?p=1242"},"modified":"2025-01-20T16:46:07","modified_gmt":"2025-01-20T16:46:07","slug":"edito-operation-casiers-vides-une-reforme-essentielle-pour-la-justice-et-nos-prisons","status":"publish","type":"post","link":"https:\/\/voxsahel.com\/?p=1242","title":{"rendered":"Edito\/Op\u00e9ration casiers vides: Une r\u00e9forme essentielle pour la justice et nos prisons"},"content":{"rendered":"<p>Le Tribunal de grande instance Ouaga I vient de prendre une d\u00e9cision capitale pour d\u00e9sengorger nos prisons et restaurer la confiance des citoyens dans notre syst\u00e8me judiciaire. Du 20 au 30 janvier 2025, se tiendra l&rsquo;\u00ab op\u00e9ration sp\u00e9ciale casiers vides \u00bb, une initiative qui vise \u00e0 vider les dossiers en instance et \u00e0 acc\u00e9l\u00e9rer le traitement des affaires pendantes.<\/p>\n<p>Cette initiative est plus que bienvenue dans un contexte o\u00f9 nos prisons sont satur\u00e9es, d\u00e9bordant de personnes en d\u00e9tention pr\u00e9ventive depuis des ann\u00e9es, souvent dans l&rsquo;attente d\u2019un jugement. Il est particuli\u00e8rement important de souligner que, pendant trop de temps, les prisons burkinab\u00e8 ont \u00e9t\u00e9 des lieux de surpopulation, o\u00f9 des d\u00e9tenus se retrouvaient enferm\u00e9s pour des p\u00e9riodes interminables, souvent sans proc\u00e8s. Nombreux sont ceux qui, par manque de moyens ou de ressources, se voyaient priv\u00e9s de leur droit \u00e0 une justice rapide et \u00e9quitable.<\/p>\n<p>Ce ph\u00e9nom\u00e8ne avait des cons\u00e9quences d\u00e9sastreuses, non seulement pour les d\u00e9tenus, mais aussi pour l\u2019ensemble de la soci\u00e9t\u00e9. Et si certains pr\u00e9venus, comme les voleurs de poules, \u00e9taient contraints de croupir en prison, d\u2019autres, fort de leur statut social ou \u00e9conomique, b\u00e9n\u00e9ficiaient de proc\u00e9dures exp\u00e9ditives et parfois de traitements de faveur. Cette in\u00e9galit\u00e9 devant la loi a, h\u00e9las, entach\u00e9 la r\u00e9putation de notre syst\u00e8me judiciaire. Il est donc ind\u00e9niable que cette d\u00e9cision du Tribunal de grande instance Ouaga I, sous l\u2019impulsion du procureur Bakouli Blaise Bazi\u00e9, arrive \u00e0 un moment o\u00f9 elle est plus que n\u00e9cessaire.<\/p>\n<p>En rendant justice de mani\u00e8re rapide et transparente, en traitant les affaires avec impartialit\u00e9 et en permettant une plus grande accessibilit\u00e9 aux pr\u00e9venus, l\u2019op\u00e9ration sp\u00e9ciale casiers vides redonne espoir aux citoyens. Elle symbolise un retour \u00e0 une justice juste, o\u00f9 tous les justiciables, quelle que soit leur condition sociale, auront les m\u00eames droits \u00e0 un proc\u00e8s rapide. En organisant ces audiences extraordinaires dans des salles d\u2019audience aussi bien \u00e0 l\u2019int\u00e9rieur qu\u2019\u00e0 l\u2019ext\u00e9rieur du palais de justice, le tribunal marque une volont\u00e9 de d\u00e9centraliser les proc\u00e9dures, de faciliter l\u2019acc\u00e8s \u00e0 la justice pour tous et d&rsquo;\u00e9viter la surcharge de ses propres infrastructures.<\/p>\n<p>Ce faisant, le Tribunal de grande instance Ouaga I montre qu\u2019il est possible de conjuguer efficacit\u00e9 et transparence, tout en respectant le principe fondamental de l\u2019\u00e9quit\u00e9. Il est donc imp\u00e9ratif que tous, tant les justiciables que le public, se montrent responsables et ponctuels afin de garantir le bon d\u00e9roulement de ces audiences exceptionnelles. Cela sera une contribution pr\u00e9cieuse \u00e0 la r\u00e9habilitation de la confiance envers nos institutions judiciaires et, au-del\u00e0, \u00e0 l\u2019am\u00e9lioration du fonctionnement de notre syst\u00e8me p\u00e9nitentiaire. Il est temps de faire table rase du pass\u00e9 et de remettre la justice sur ses rails, pour qu&rsquo;elle inspire \u00e0 nouveau la confiance et le respect.<\/p>\n<p style=\"text-align: right;\"><strong>Par La R\u00e9daction<\/strong><\/p>\n","protected":false},"excerpt":{"rendered":"<p>Le Tribunal de grande instance Ouaga I vient de prendre une d\u00e9cision capitale pour d\u00e9sengorger<\/p>\n","protected":false},"author":2,"featured_media":1243,"comment_status":"open","ping_status":"open","sticky":false,"template":"","format":"standard","meta":{"_et_pb_use_builder":"","_et_pb_old_content":"","_et_gb_content_width":"","footnotes":""},"categories":[5],"tags":[18,445,381,554],"class_list":["post-1242","post","type-post","status-publish","format-standard","has-post-thumbnail","hentry","category-societe","tag-burkina-faso","tag-edito","tag-justice","tag-tribunal-de-grande-instance-ouaga-i"],"yoast_head":"<!-- This site is optimized with the Yoast SEO plugin v27.5 - https:\/\/yoast.com\/product\/yoast-seo-wordpress\/ -->\n<title>Edito\/Op\u00e9ration casiers vides: Une r\u00e9forme essentielle pour la justice et nos prisons - Vox Sahel<\/title>\n<meta name=\"robots\" content=\"index, follow, max-snippet:-1, max-image-preview:large, max-video-preview:-1\" \/>\n<link rel=\"canonical\" href=\"https:\/\/voxsahel.com\/?p=1242\" \/>\n<meta property=\"og:locale\" content=\"fr_FR\" \/>\n<meta property=\"og:type\" content=\"article\" \/>\n<meta property=\"og:title\" content=\"Edito\/Op\u00e9ration casiers vides: Une r\u00e9forme essentielle pour la justice et nos prisons - Vox Sahel\" \/>\n<meta property=\"og:description\" content=\"Le Tribunal de grande instance Ouaga I vient de prendre une d\u00e9cision capitale pour d\u00e9sengorger\" \/>\n<meta property=\"og:url\" content=\"https:\/\/voxsahel.com\/?p=1242\" \/>\n<meta property=\"og:site_name\" content=\"Vox Sahel\" \/>\n<meta property=\"article:publisher\" content=\"https:\/\/www.facebook.com\/journal.voxsahel\" \/>\n<meta property=\"article:published_time\" content=\"2025-01-20T16:46:07+00:00\" \/>\n<meta property=\"og:image\" content=\"https:\/\/voxsahel.com\/wp-content\/uploads\/2025\/01\/EDITO-1.jpeg\" \/>\n\t<meta property=\"og:image:width\" content=\"2500\" \/>\n\t<meta property=\"og:image:height\" content=\"2000\" \/>\n\t<meta property=\"og:image:type\" content=\"image\/jpeg\" \/>\n<meta name=\"author\" content=\"Vox Sahel\" \/>\n<meta name=\"twitter:card\" content=\"summary_large_image\" \/>\n<meta name=\"twitter:label1\" content=\"\u00c9crit par\" \/>\n\t<meta name=\"twitter:data1\" content=\"Vox Sahel\" \/>\n\t<meta name=\"twitter:label2\" content=\"Dur\u00e9e de lecture estim\u00e9e\" \/>\n\t<meta name=\"twitter:data2\" content=\"3 minutes\" \/>\n<script type=\"application\/ld+json\" class=\"yoast-schema-graph\">{\"@context\":\"https:\\\/\\\/schema.org\",\"@graph\":[{\"@type\":\"Article\",\"@id\":\"https:\\\/\\\/voxsahel.com\\\/?p=1242#article\",\"isPartOf\":{\"@id\":\"https:\\\/\\\/voxsahel.com\\\/?p=1242\"},\"author\":{\"name\":\"Vox Sahel\",\"@id\":\"https:\\\/\\\/voxsahel.com\\\/#\\\/schema\\\/person\\\/b4043608248f8fa227cd760e7ff1e19e\"},\"headline\":\"Edito\\\/Op\u00e9ration casiers vides: Une r\u00e9forme essentielle pour la justice et nos prisons\",\"datePublished\":\"2025-01-20T16:46:07+00:00\",\"mainEntityOfPage\":{\"@id\":\"https:\\\/\\\/voxsahel.com\\\/?p=1242\"},\"wordCount\":518,\"commentCount\":0,\"publisher\":{\"@id\":\"https:\\\/\\\/voxsahel.com\\\/#organization\"},\"image\":{\"@id\":\"https:\\\/\\\/voxsahel.com\\\/?p=1242#primaryimage\"},\"thumbnailUrl\":\"https:\\\/\\\/voxsahel.com\\\/wp-content\\\/uploads\\\/2025\\\/01\\\/EDITO-1.jpeg\",\"keywords\":[\"Burkina Faso\",\"\u00c9dito\",\"Justice\",\"Tribunal de grande instance Ouaga I\"],\"articleSection\":[\"SOCIETE\"],\"inLanguage\":\"fr-FR\",\"potentialAction\":[{\"@type\":\"CommentAction\",\"name\":\"Comment\",\"target\":[\"https:\\\/\\\/voxsahel.com\\\/?p=1242#respond\"]}]},{\"@type\":\"WebPage\",\"@id\":\"https:\\\/\\\/voxsahel.com\\\/?p=1242\",\"url\":\"https:\\\/\\\/voxsahel.com\\\/?p=1242\",\"name\":\"Edito\\\/Op\u00e9ration casiers vides: Une r\u00e9forme essentielle pour la justice et nos prisons - Vox Sahel\",\"isPartOf\":{\"@id\":\"https:\\\/\\\/voxsahel.com\\\/#website\"},\"primaryImageOfPage\":{\"@id\":\"https:\\\/\\\/voxsahel.com\\\/?p=1242#primaryimage\"},\"image\":{\"@id\":\"https:\\\/\\\/voxsahel.com\\\/?p=1242#primaryimage\"},\"thumbnailUrl\":\"https:\\\/\\\/voxsahel.com\\\/wp-content\\\/uploads\\\/2025\\\/01\\\/EDITO-1.jpeg\",\"datePublished\":\"2025-01-20T16:46:07+00:00\",\"breadcrumb\":{\"@id\":\"https:\\\/\\\/voxsahel.com\\\/?p=1242#breadcrumb\"},\"inLanguage\":\"fr-FR\",\"potentialAction\":[{\"@type\":\"ReadAction\",\"target\":[\"https:\\\/\\\/voxsahel.com\\\/?p=1242\"]}]},{\"@type\":\"ImageObject\",\"inLanguage\":\"fr-FR\",\"@id\":\"https:\\\/\\\/voxsahel.com\\\/?p=1242#primaryimage\",\"url\":\"https:\\\/\\\/voxsahel.com\\\/wp-content\\\/uploads\\\/2025\\\/01\\\/EDITO-1.jpeg\",\"contentUrl\":\"https:\\\/\\\/voxsahel.com\\\/wp-content\\\/uploads\\\/2025\\\/01\\\/EDITO-1.jpeg\",\"width\":2500,\"height\":2000},{\"@type\":\"BreadcrumbList\",\"@id\":\"https:\\\/\\\/voxsahel.com\\\/?p=1242#breadcrumb\",\"itemListElement\":[{\"@type\":\"ListItem\",\"position\":1,\"name\":\"Home\",\"item\":\"https:\\\/\\\/voxsahel.com\\\/\"},{\"@type\":\"ListItem\",\"position\":2,\"name\":\"Edito\\\/Op\u00e9ration casiers vides: Une r\u00e9forme essentielle pour la justice et nos prisons\"}]},{\"@type\":\"WebSite\",\"@id\":\"https:\\\/\\\/voxsahel.com\\\/#website\",\"url\":\"https:\\\/\\\/voxsahel.com\\\/\",\"name\":\"Vox Sahel\",\"description\":\"Informez-vous sur le Sahel en un clic\",\"publisher\":{\"@id\":\"https:\\\/\\\/voxsahel.com\\\/#organization\"},\"potentialAction\":[{\"@type\":\"SearchAction\",\"target\":{\"@type\":\"EntryPoint\",\"urlTemplate\":\"https:\\\/\\\/voxsahel.com\\\/?s={search_term_string}\"},\"query-input\":{\"@type\":\"PropertyValueSpecification\",\"valueRequired\":true,\"valueName\":\"search_term_string\"}}],\"inLanguage\":\"fr-FR\"},{\"@type\":\"Organization\",\"@id\":\"https:\\\/\\\/voxsahel.com\\\/#organization\",\"name\":\"Vox Sahel\",\"url\":\"https:\\\/\\\/voxsahel.com\\\/\",\"logo\":{\"@type\":\"ImageObject\",\"inLanguage\":\"fr-FR\",\"@id\":\"https:\\\/\\\/voxsahel.com\\\/#\\\/schema\\\/logo\\\/image\\\/\",\"url\":\"https:\\\/\\\/voxsahel.com\\\/wp-content\\\/uploads\\\/2024\\\/09\\\/Logo-Vox-Sahel.jpg\",\"contentUrl\":\"https:\\\/\\\/voxsahel.com\\\/wp-content\\\/uploads\\\/2024\\\/09\\\/Logo-Vox-Sahel.jpg\",\"width\":1181,\"height\":848,\"caption\":\"Vox Sahel\"},\"image\":{\"@id\":\"https:\\\/\\\/voxsahel.com\\\/#\\\/schema\\\/logo\\\/image\\\/\"},\"sameAs\":[\"https:\\\/\\\/www.facebook.com\\\/journal.voxsahel\"]},{\"@type\":\"Person\",\"@id\":\"https:\\\/\\\/voxsahel.com\\\/#\\\/schema\\\/person\\\/b4043608248f8fa227cd760e7ff1e19e\",\"name\":\"Vox Sahel\",\"image\":{\"@type\":\"ImageObject\",\"inLanguage\":\"fr-FR\",\"@id\":\"https:\\\/\\\/secure.gravatar.com\\\/avatar\\\/f70e7fa0cb9b29d4a7c5788d6eb2e9ab4d3135cbae1c9161810fdf77a8964699?s=96&d=mm&r=g\",\"url\":\"https:\\\/\\\/secure.gravatar.com\\\/avatar\\\/f70e7fa0cb9b29d4a7c5788d6eb2e9ab4d3135cbae1c9161810fdf77a8964699?s=96&d=mm&r=g\",\"contentUrl\":\"https:\\\/\\\/secure.gravatar.com\\\/avatar\\\/f70e7fa0cb9b29d4a7c5788d6eb2e9ab4d3135cbae1c9161810fdf77a8964699?s=96&d=mm&r=g\",\"caption\":\"Vox Sahel\"},\"sameAs\":[\"http:\\\/\\\/www.voxsahel.com\"],\"url\":\"https:\\\/\\\/voxsahel.com\\\/?author=2\"}]}<\/script>\n<!-- \/ Yoast SEO plugin. -->","yoast_head_json":{"title":"Edito\/Op\u00e9ration casiers vides: Une r\u00e9forme essentielle pour la justice et nos prisons - Vox Sahel","robots":{"index":"index","follow":"follow","max-snippet":"max-snippet:-1","max-image-preview":"max-image-preview:large","max-video-preview":"max-video-preview:-1"},"canonical":"https:\/\/voxsahel.com\/?p=1242","og_locale":"fr_FR","og_type":"article","og_title":"Edito\/Op\u00e9ration casiers vides: Une r\u00e9forme essentielle pour la justice et nos prisons - Vox Sahel","og_description":"Le Tribunal de grande instance Ouaga I vient de prendre une d\u00e9cision capitale pour d\u00e9sengorger","og_url":"https:\/\/voxsahel.com\/?p=1242","og_site_name":"Vox Sahel","article_publisher":"https:\/\/www.facebook.com\/journal.voxsahel","article_published_time":"2025-01-20T16:46:07+00:00","og_image":[{"width":2500,"height":2000,"url":"https:\/\/voxsahel.com\/wp-content\/uploads\/2025\/01\/EDITO-1.jpeg","type":"image\/jpeg"}],"author":"Vox Sahel","twitter_card":"summary_large_image","twitter_misc":{"\u00c9crit par":"Vox Sahel","Dur\u00e9e de lecture estim\u00e9e":"3 minutes"},"schema":{"@context":"https:\/\/schema.org","@graph":[{"@type":"Article","@id":"https:\/\/voxsahel.com\/?p=1242#article","isPartOf":{"@id":"https:\/\/voxsahel.com\/?p=1242"},"author":{"name":"Vox Sahel","@id":"https:\/\/voxsahel.com\/#\/schema\/person\/b4043608248f8fa227cd760e7ff1e19e"},"headline":"Edito\/Op\u00e9ration casiers vides: Une r\u00e9forme essentielle pour la justice et nos prisons","datePublished":"2025-01-20T16:46:07+00:00","mainEntityOfPage":{"@id":"https:\/\/voxsahel.com\/?p=1242"},"wordCount":518,"commentCount":0,"publisher":{"@id":"https:\/\/voxsahel.com\/#organization"},"image":{"@id":"https:\/\/voxsahel.com\/?p=1242#primaryimage"},"thumbnailUrl":"https:\/\/voxsahel.com\/wp-content\/uploads\/2025\/01\/EDITO-1.jpeg","keywords":["Burkina Faso","\u00c9dito","Justice","Tribunal de grande instance Ouaga I"],"articleSection":["SOCIETE"],"inLanguage":"fr-FR","potentialAction":[{"@type":"CommentAction","name":"Comment","target":["https:\/\/voxsahel.com\/?p=1242#respond"]}]},{"@type":"WebPage","@id":"https:\/\/voxsahel.com\/?p=1242","url":"https:\/\/voxsahel.com\/?p=1242","name":"Edito\/Op\u00e9ration casiers vides: Une r\u00e9forme essentielle pour la justice et nos prisons - Vox Sahel","isPartOf":{"@id":"https:\/\/voxsahel.com\/#website"},"primaryImageOfPage":{"@id":"https:\/\/voxsahel.com\/?p=1242#primaryimage"},"image":{"@id":"https:\/\/voxsahel.com\/?p=1242#primaryimage"},"thumbnailUrl":"https:\/\/voxsahel.com\/wp-content\/uploads\/2025\/01\/EDITO-1.jpeg","datePublished":"2025-01-20T16:46:07+00:00","breadcrumb":{"@id":"https:\/\/voxsahel.com\/?p=1242#breadcrumb"},"inLanguage":"fr-FR","potentialAction":[{"@type":"ReadAction","target":["https:\/\/voxsahel.com\/?p=1242"]}]},{"@type":"ImageObject","inLanguage":"fr-FR","@id":"https:\/\/voxsahel.com\/?p=1242#primaryimage","url":"https:\/\/voxsahel.com\/wp-content\/uploads\/2025\/01\/EDITO-1.jpeg","contentUrl":"https:\/\/voxsahel.com\/wp-content\/uploads\/2025\/01\/EDITO-1.jpeg","width":2500,"height":2000},{"@type":"BreadcrumbList","@id":"https:\/\/voxsahel.com\/?p=1242#breadcrumb","itemListElement":[{"@type":"ListItem","position":1,"name":"Home","item":"https:\/\/voxsahel.com\/"},{"@type":"ListItem","position":2,"name":"Edito\/Op\u00e9ration casiers vides: Une r\u00e9forme essentielle pour la justice et nos prisons"}]},{"@type":"WebSite","@id":"https:\/\/voxsahel.com\/#website","url":"https:\/\/voxsahel.com\/","name":"Vox Sahel","description":"Informez-vous sur le Sahel en un clic","publisher":{"@id":"https:\/\/voxsahel.com\/#organization"},"potentialAction":[{"@type":"SearchAction","target":{"@type":"EntryPoint","urlTemplate":"https:\/\/voxsahel.com\/?s={search_term_string}"},"query-input":{"@type":"PropertyValueSpecification","valueRequired":true,"valueName":"search_term_string"}}],"inLanguage":"fr-FR"},{"@type":"Organization","@id":"https:\/\/voxsahel.com\/#organization","name":"Vox Sahel","url":"https:\/\/voxsahel.com\/","logo":{"@type":"ImageObject","inLanguage":"fr-FR","@id":"https:\/\/voxsahel.com\/#\/schema\/logo\/image\/","url":"https:\/\/voxsahel.com\/wp-content\/uploads\/2024\/09\/Logo-Vox-Sahel.jpg","contentUrl":"https:\/\/voxsahel.com\/wp-content\/uploads\/2024\/09\/Logo-Vox-Sahel.jpg","width":1181,"height":848,"caption":"Vox Sahel"},"image":{"@id":"https:\/\/voxsahel.com\/#\/schema\/logo\/image\/"},"sameAs":["https:\/\/www.facebook.com\/journal.voxsahel"]},{"@type":"Person","@id":"https:\/\/voxsahel.com\/#\/schema\/person\/b4043608248f8fa227cd760e7ff1e19e","name":"Vox Sahel","image":{"@type":"ImageObject","inLanguage":"fr-FR","@id":"https:\/\/secure.gravatar.com\/avatar\/f70e7fa0cb9b29d4a7c5788d6eb2e9ab4d3135cbae1c9161810fdf77a8964699?s=96&d=mm&r=g","url":"https:\/\/secure.gravatar.com\/avatar\/f70e7fa0cb9b29d4a7c5788d6eb2e9ab4d3135cbae1c9161810fdf77a8964699?s=96&d=mm&r=g","contentUrl":"https:\/\/secure.gravatar.com\/avatar\/f70e7fa0cb9b29d4a7c5788d6eb2e9ab4d3135cbae1c9161810fdf77a8964699?s=96&d=mm&r=g","caption":"Vox Sahel"},"sameAs":["http:\/\/www.voxsahel.com"],"url":"https:\/\/voxsahel.com\/?author=2"}]}},"_links":{"self":[{"href":"https:\/\/voxsahel.com\/index.php?rest_route=\/wp\/v2\/posts\/1242","targetHints":{"allow":["GET"]}}],"collection":[{"href":"https:\/\/voxsahel.com\/index.php?rest_route=\/wp\/v2\/posts"}],"about":[{"href":"https:\/\/voxsahel.com\/index.php?rest_route=\/wp\/v2\/types\/post"}],"author":[{"embeddable":true,"href":"https:\/\/voxsahel.com\/index.php?rest_route=\/wp\/v2\/users\/2"}],"replies":[{"embeddable":true,"href":"https:\/\/voxsahel.com\/index.php?rest_route=%2Fwp%2Fv2%2Fcomments&post=1242"}],"version-history":[{"count":1,"href":"https:\/\/voxsahel.com\/index.php?rest_route=\/wp\/v2\/posts\/1242\/revisions"}],"predecessor-version":[{"id":1244,"href":"https:\/\/voxsahel.com\/index.php?rest_route=\/wp\/v2\/posts\/1242\/revisions\/1244"}],"wp:featuredmedia":[{"embeddable":true,"href":"https:\/\/voxsahel.com\/index.php?rest_route=\/wp\/v2\/media\/1243"}],"wp:attachment":[{"href":"https:\/\/voxsahel.com\/index.php?rest_route=%2Fwp%2Fv2%2Fmedia&parent=1242"}],"wp:term":[{"taxonomy":"category","embeddable":true,"href":"https:\/\/voxsahel.com\/index.php?rest_route=%2Fwp%2Fv2%2Fcategories&post=1242"},{"taxonomy":"post_tag","embeddable":true,"href":"https:\/\/voxsahel.com\/index.php?rest_route=%2Fwp%2Fv2%2Ftags&post=1242"}],"curies":[{"name":"wp","href":"https:\/\/api.w.org\/{rel}","templated":true}]}}