{"id":1237,"date":"2025-01-19T19:59:13","date_gmt":"2025-01-19T19:59:13","guid":{"rendered":"https:\/\/voxsahel.com\/?p=1237"},"modified":"2025-01-19T19:59:13","modified_gmt":"2025-01-19T19:59:13","slug":"promotion-de-la-paix-au-burkina-83-personnes-honorees","status":"publish","type":"post","link":"https:\/\/voxsahel.com\/?p=1237","title":{"rendered":"Promotion de la paix au Burkina: 83 personnes honor\u00e9es"},"content":{"rendered":"<p class=\"p1\">Le Collectif des associations pour le d\u00e9veloppement durable (CADD) a c\u00e9l\u00e9br\u00e9, le 18 janvier 2025 \u00e0 Ouagadougou, la 9e \u00e9dition de sa journ\u00e9e de reconnaissance. Cette c\u00e9r\u00e9monie a permis de remettre des attestations de reconnaissance \u00e0 des acteurs qui \u0153uvrent pour la promotion de la paix et de la coh\u00e9sion sociale, des valeurs cruciales en cette p\u00e9riode o\u00f9 elles sont plus que jamais n\u00e9cessaires.<\/p>\n<p class=\"p1\"><span class=\"s1\">\u00a0<\/span>Depuis sa cr\u00e9ation en 2017, le CADD organise chaque ann\u00e9e cet \u00e9v\u00e9nement pour honorer ceux qui contribuent \u00e0 l\u2019unit\u00e9 du pays. \u00ab\u00a0Notre objectif est de promouvoir la paix et la coh\u00e9sion sociale \u00e0 travers des actions concr\u00e8tes\u00a0\u00bb, a d\u00e9clar\u00e9 Salif Compaor\u00e9, le coordonnateur du Collectif, lors de son discours.<\/p>\n<p class=\"p1\"><span class=\"s1\">Cette ann\u00e9e, 83 personnes, issues de divers secteurs, ont \u00e9t\u00e9 distingu\u00e9es pour leur engagement en faveur de la paix. Ces r\u00e9cipiendaires ont \u00e9t\u00e9 propos\u00e9s par les 40 associations membres du Collectif et s\u00e9lectionn\u00e9s \u00e0 l\u2019issue d\u2019un processus rigoureux. \u00ab\u00a0Ce n\u2019est pas seulement un certificat qu\u2019ils re\u00e7oivent, mais une mission. Cela les oblige \u00e0 redoubler d\u2019efforts dans la qu\u00eate de la paix et de la coh\u00e9sion sociale\u00a0\u00bb, a ajout\u00e9 Salif Compaor\u00e9. <\/span><\/p>\n<p class=\"p1\"><span class=\"s1\">L\u2019objectif de cette journ\u00e9e n\u2019est pas uniquement de saluer leurs efforts, mais aussi de les encourager \u00e0 poursuivre leur travail.L\u2019un des moments marquants de cette \u00e9dition a \u00e9t\u00e9 la collecte de fonds destin\u00e9e \u00e0 soutenir l\u2019effort de paix au Burkina Faso. Comme chaque ann\u00e9e, le CADD met en place cette initiative pour accompagner les autorit\u00e9s et les Forces de d\u00e9fense et de s\u00e9curit\u00e9 dans leur mission de garantir la paix et la s\u00e9curit\u00e9.<\/span><\/p>\n<p class=\"p1\"><span class=\"s1\">Parmi les r\u00e9cipiendaires, Alassane Bonkoungou, journaliste \u00e0 Horizon FM, a \u00e9t\u00e9 particuli\u00e8rement honor\u00e9. Visiblement \u00e9mu, il a exprim\u00e9 sa gratitude envers le Collectif, en d\u00e9diant sa distinction \u00e0 la direction et \u00e0 ses coll\u00e8gues de Horizon FM. \u00ab\u00a0C\u2019est gr\u00e2ce \u00e0 leur soutien que je suis ici aujourd\u2019hui\u00a0\u00bb, a-t-il confi\u00e9.<\/span><\/p>\n<p class=\"p1\"><span class=\"s1\">L&rsquo;\u00e9v\u00e9nement a \u00e9t\u00e9 l&rsquo;occasion de rappeler l\u2019importance des valeurs de paix et de coh\u00e9sion sociale dans un contexte fragile, o\u00f9 chaque acte de solidarit\u00e9 est essentiel pour renforcer le tissu social du pays. Ces t\u00e9moignages d\u2019engagement offrent un nouvel espoir, celui d\u2019un avenir guid\u00e9 par ces valeurs essentielles.<\/span><\/p>\n<p class=\"p1\" style=\"text-align: right;\"><span class=\"s1\"><b>Par Amir BAKO<\/b><\/span><\/p>\n","protected":false},"excerpt":{"rendered":"<p>Le Collectif des associations pour le d\u00e9veloppement durable (CADD) a c\u00e9l\u00e9br\u00e9, le 18 janvier 2025<\/p>\n","protected":false},"author":2,"featured_media":1240,"comment_status":"open","ping_status":"open","sticky":false,"template":"","format":"standard","meta":{"_et_pb_use_builder":"","_et_pb_old_content":"","_et_gb_content_width":"","footnotes":""},"categories":[5],"tags":[18,64,44],"class_list":["post-1237","post","type-post","status-publish","format-standard","has-post-thumbnail","hentry","category-societe","tag-burkina-faso","tag-organisation-de-la-societe-civile","tag-osc"],"yoast_head":"<!-- This site is optimized with the Yoast SEO plugin v27.5 - https:\/\/yoast.com\/product\/yoast-seo-wordpress\/ -->\n<title>Promotion de la paix au Burkina: 83 personnes honor\u00e9es - Vox Sahel<\/title>\n<meta name=\"robots\" content=\"index, follow, max-snippet:-1, max-image-preview:large, max-video-preview:-1\" \/>\n<link rel=\"canonical\" href=\"https:\/\/voxsahel.com\/?p=1237\" \/>\n<meta property=\"og:locale\" content=\"fr_FR\" \/>\n<meta property=\"og:type\" content=\"article\" \/>\n<meta property=\"og:title\" content=\"Promotion de la paix au Burkina: 83 personnes honor\u00e9es - Vox Sahel\" \/>\n<meta property=\"og:description\" content=\"Le Collectif des associations pour le d\u00e9veloppement durable (CADD) a c\u00e9l\u00e9br\u00e9, le 18 janvier 2025\" \/>\n<meta property=\"og:url\" content=\"https:\/\/voxsahel.com\/?p=1237\" \/>\n<meta property=\"og:site_name\" content=\"Vox Sahel\" \/>\n<meta property=\"article:publisher\" content=\"https:\/\/www.facebook.com\/journal.voxsahel\" \/>\n<meta property=\"article:published_time\" content=\"2025-01-19T19:59:13+00:00\" \/>\n<meta property=\"og:image\" content=\"https:\/\/voxsahel.com\/wp-content\/uploads\/2025\/01\/aa128129-490e-4d90-a1f7-2082470f9021.jpeg\" \/>\n\t<meta property=\"og:image:width\" content=\"2560\" \/>\n\t<meta property=\"og:image:height\" content=\"1706\" \/>\n\t<meta property=\"og:image:type\" content=\"image\/jpeg\" \/>\n<meta name=\"author\" content=\"Vox Sahel\" \/>\n<meta name=\"twitter:card\" content=\"summary_large_image\" \/>\n<meta name=\"twitter:label1\" content=\"\u00c9crit par\" \/>\n\t<meta name=\"twitter:data1\" content=\"Vox Sahel\" \/>\n\t<meta name=\"twitter:label2\" content=\"Dur\u00e9e de lecture estim\u00e9e\" \/>\n\t<meta name=\"twitter:data2\" content=\"3 minutes\" \/>\n<script type=\"application\/ld+json\" class=\"yoast-schema-graph\">{\"@context\":\"https:\\\/\\\/schema.org\",\"@graph\":[{\"@type\":\"Article\",\"@id\":\"https:\\\/\\\/voxsahel.com\\\/?p=1237#article\",\"isPartOf\":{\"@id\":\"https:\\\/\\\/voxsahel.com\\\/?p=1237\"},\"author\":{\"name\":\"Vox Sahel\",\"@id\":\"https:\\\/\\\/voxsahel.com\\\/#\\\/schema\\\/person\\\/b4043608248f8fa227cd760e7ff1e19e\"},\"headline\":\"Promotion de la paix au Burkina: 83 personnes honor\u00e9es\",\"datePublished\":\"2025-01-19T19:59:13+00:00\",\"mainEntityOfPage\":{\"@id\":\"https:\\\/\\\/voxsahel.com\\\/?p=1237\"},\"wordCount\":405,\"commentCount\":0,\"publisher\":{\"@id\":\"https:\\\/\\\/voxsahel.com\\\/#organization\"},\"image\":{\"@id\":\"https:\\\/\\\/voxsahel.com\\\/?p=1237#primaryimage\"},\"thumbnailUrl\":\"https:\\\/\\\/voxsahel.com\\\/wp-content\\\/uploads\\\/2025\\\/01\\\/aa128129-490e-4d90-a1f7-2082470f9021.jpeg\",\"keywords\":[\"Burkina Faso\",\"Organisation de la Soci\u00e9t\u00e9 Civile\",\"OSC\"],\"articleSection\":[\"SOCIETE\"],\"inLanguage\":\"fr-FR\",\"potentialAction\":[{\"@type\":\"CommentAction\",\"name\":\"Comment\",\"target\":[\"https:\\\/\\\/voxsahel.com\\\/?p=1237#respond\"]}]},{\"@type\":\"WebPage\",\"@id\":\"https:\\\/\\\/voxsahel.com\\\/?p=1237\",\"url\":\"https:\\\/\\\/voxsahel.com\\\/?p=1237\",\"name\":\"Promotion de la paix au Burkina: 83 personnes honor\u00e9es - Vox Sahel\",\"isPartOf\":{\"@id\":\"https:\\\/\\\/voxsahel.com\\\/#website\"},\"primaryImageOfPage\":{\"@id\":\"https:\\\/\\\/voxsahel.com\\\/?p=1237#primaryimage\"},\"image\":{\"@id\":\"https:\\\/\\\/voxsahel.com\\\/?p=1237#primaryimage\"},\"thumbnailUrl\":\"https:\\\/\\\/voxsahel.com\\\/wp-content\\\/uploads\\\/2025\\\/01\\\/aa128129-490e-4d90-a1f7-2082470f9021.jpeg\",\"datePublished\":\"2025-01-19T19:59:13+00:00\",\"breadcrumb\":{\"@id\":\"https:\\\/\\\/voxsahel.com\\\/?p=1237#breadcrumb\"},\"inLanguage\":\"fr-FR\",\"potentialAction\":[{\"@type\":\"ReadAction\",\"target\":[\"https:\\\/\\\/voxsahel.com\\\/?p=1237\"]}]},{\"@type\":\"ImageObject\",\"inLanguage\":\"fr-FR\",\"@id\":\"https:\\\/\\\/voxsahel.com\\\/?p=1237#primaryimage\",\"url\":\"https:\\\/\\\/voxsahel.com\\\/wp-content\\\/uploads\\\/2025\\\/01\\\/aa128129-490e-4d90-a1f7-2082470f9021.jpeg\",\"contentUrl\":\"https:\\\/\\\/voxsahel.com\\\/wp-content\\\/uploads\\\/2025\\\/01\\\/aa128129-490e-4d90-a1f7-2082470f9021.jpeg\",\"width\":2560,\"height\":1706},{\"@type\":\"BreadcrumbList\",\"@id\":\"https:\\\/\\\/voxsahel.com\\\/?p=1237#breadcrumb\",\"itemListElement\":[{\"@type\":\"ListItem\",\"position\":1,\"name\":\"Home\",\"item\":\"https:\\\/\\\/voxsahel.com\\\/\"},{\"@type\":\"ListItem\",\"position\":2,\"name\":\"Promotion de la paix au Burkina: 83 personnes honor\u00e9es\"}]},{\"@type\":\"WebSite\",\"@id\":\"https:\\\/\\\/voxsahel.com\\\/#website\",\"url\":\"https:\\\/\\\/voxsahel.com\\\/\",\"name\":\"Vox Sahel\",\"description\":\"Informez-vous sur le Sahel en un clic\",\"publisher\":{\"@id\":\"https:\\\/\\\/voxsahel.com\\\/#organization\"},\"potentialAction\":[{\"@type\":\"SearchAction\",\"target\":{\"@type\":\"EntryPoint\",\"urlTemplate\":\"https:\\\/\\\/voxsahel.com\\\/?s={search_term_string}\"},\"query-input\":{\"@type\":\"PropertyValueSpecification\",\"valueRequired\":true,\"valueName\":\"search_term_string\"}}],\"inLanguage\":\"fr-FR\"},{\"@type\":\"Organization\",\"@id\":\"https:\\\/\\\/voxsahel.com\\\/#organization\",\"name\":\"Vox Sahel\",\"url\":\"https:\\\/\\\/voxsahel.com\\\/\",\"logo\":{\"@type\":\"ImageObject\",\"inLanguage\":\"fr-FR\",\"@id\":\"https:\\\/\\\/voxsahel.com\\\/#\\\/schema\\\/logo\\\/image\\\/\",\"url\":\"https:\\\/\\\/voxsahel.com\\\/wp-content\\\/uploads\\\/2024\\\/09\\\/Logo-Vox-Sahel.jpg\",\"contentUrl\":\"https:\\\/\\\/voxsahel.com\\\/wp-content\\\/uploads\\\/2024\\\/09\\\/Logo-Vox-Sahel.jpg\",\"width\":1181,\"height\":848,\"caption\":\"Vox Sahel\"},\"image\":{\"@id\":\"https:\\\/\\\/voxsahel.com\\\/#\\\/schema\\\/logo\\\/image\\\/\"},\"sameAs\":[\"https:\\\/\\\/www.facebook.com\\\/journal.voxsahel\"]},{\"@type\":\"Person\",\"@id\":\"https:\\\/\\\/voxsahel.com\\\/#\\\/schema\\\/person\\\/b4043608248f8fa227cd760e7ff1e19e\",\"name\":\"Vox Sahel\",\"image\":{\"@type\":\"ImageObject\",\"inLanguage\":\"fr-FR\",\"@id\":\"https:\\\/\\\/secure.gravatar.com\\\/avatar\\\/f70e7fa0cb9b29d4a7c5788d6eb2e9ab4d3135cbae1c9161810fdf77a8964699?s=96&d=mm&r=g\",\"url\":\"https:\\\/\\\/secure.gravatar.com\\\/avatar\\\/f70e7fa0cb9b29d4a7c5788d6eb2e9ab4d3135cbae1c9161810fdf77a8964699?s=96&d=mm&r=g\",\"contentUrl\":\"https:\\\/\\\/secure.gravatar.com\\\/avatar\\\/f70e7fa0cb9b29d4a7c5788d6eb2e9ab4d3135cbae1c9161810fdf77a8964699?s=96&d=mm&r=g\",\"caption\":\"Vox Sahel\"},\"sameAs\":[\"http:\\\/\\\/www.voxsahel.com\"],\"url\":\"https:\\\/\\\/voxsahel.com\\\/?author=2\"}]}<\/script>\n<!-- \/ Yoast SEO plugin. -->","yoast_head_json":{"title":"Promotion de la paix au Burkina: 83 personnes honor\u00e9es - Vox Sahel","robots":{"index":"index","follow":"follow","max-snippet":"max-snippet:-1","max-image-preview":"max-image-preview:large","max-video-preview":"max-video-preview:-1"},"canonical":"https:\/\/voxsahel.com\/?p=1237","og_locale":"fr_FR","og_type":"article","og_title":"Promotion de la paix au Burkina: 83 personnes honor\u00e9es - Vox Sahel","og_description":"Le Collectif des associations pour le d\u00e9veloppement durable (CADD) a c\u00e9l\u00e9br\u00e9, le 18 janvier 2025","og_url":"https:\/\/voxsahel.com\/?p=1237","og_site_name":"Vox Sahel","article_publisher":"https:\/\/www.facebook.com\/journal.voxsahel","article_published_time":"2025-01-19T19:59:13+00:00","og_image":[{"width":2560,"height":1706,"url":"https:\/\/voxsahel.com\/wp-content\/uploads\/2025\/01\/aa128129-490e-4d90-a1f7-2082470f9021.jpeg","type":"image\/jpeg"}],"author":"Vox Sahel","twitter_card":"summary_large_image","twitter_misc":{"\u00c9crit par":"Vox Sahel","Dur\u00e9e de lecture estim\u00e9e":"3 minutes"},"schema":{"@context":"https:\/\/schema.org","@graph":[{"@type":"Article","@id":"https:\/\/voxsahel.com\/?p=1237#article","isPartOf":{"@id":"https:\/\/voxsahel.com\/?p=1237"},"author":{"name":"Vox Sahel","@id":"https:\/\/voxsahel.com\/#\/schema\/person\/b4043608248f8fa227cd760e7ff1e19e"},"headline":"Promotion de la paix au Burkina: 83 personnes honor\u00e9es","datePublished":"2025-01-19T19:59:13+00:00","mainEntityOfPage":{"@id":"https:\/\/voxsahel.com\/?p=1237"},"wordCount":405,"commentCount":0,"publisher":{"@id":"https:\/\/voxsahel.com\/#organization"},"image":{"@id":"https:\/\/voxsahel.com\/?p=1237#primaryimage"},"thumbnailUrl":"https:\/\/voxsahel.com\/wp-content\/uploads\/2025\/01\/aa128129-490e-4d90-a1f7-2082470f9021.jpeg","keywords":["Burkina Faso","Organisation de la Soci\u00e9t\u00e9 Civile","OSC"],"articleSection":["SOCIETE"],"inLanguage":"fr-FR","potentialAction":[{"@type":"CommentAction","name":"Comment","target":["https:\/\/voxsahel.com\/?p=1237#respond"]}]},{"@type":"WebPage","@id":"https:\/\/voxsahel.com\/?p=1237","url":"https:\/\/voxsahel.com\/?p=1237","name":"Promotion de la paix au Burkina: 83 personnes honor\u00e9es - Vox Sahel","isPartOf":{"@id":"https:\/\/voxsahel.com\/#website"},"primaryImageOfPage":{"@id":"https:\/\/voxsahel.com\/?p=1237#primaryimage"},"image":{"@id":"https:\/\/voxsahel.com\/?p=1237#primaryimage"},"thumbnailUrl":"https:\/\/voxsahel.com\/wp-content\/uploads\/2025\/01\/aa128129-490e-4d90-a1f7-2082470f9021.jpeg","datePublished":"2025-01-19T19:59:13+00:00","breadcrumb":{"@id":"https:\/\/voxsahel.com\/?p=1237#breadcrumb"},"inLanguage":"fr-FR","potentialAction":[{"@type":"ReadAction","target":["https:\/\/voxsahel.com\/?p=1237"]}]},{"@type":"ImageObject","inLanguage":"fr-FR","@id":"https:\/\/voxsahel.com\/?p=1237#primaryimage","url":"https:\/\/voxsahel.com\/wp-content\/uploads\/2025\/01\/aa128129-490e-4d90-a1f7-2082470f9021.jpeg","contentUrl":"https:\/\/voxsahel.com\/wp-content\/uploads\/2025\/01\/aa128129-490e-4d90-a1f7-2082470f9021.jpeg","width":2560,"height":1706},{"@type":"BreadcrumbList","@id":"https:\/\/voxsahel.com\/?p=1237#breadcrumb","itemListElement":[{"@type":"ListItem","position":1,"name":"Home","item":"https:\/\/voxsahel.com\/"},{"@type":"ListItem","position":2,"name":"Promotion de la paix au Burkina: 83 personnes honor\u00e9es"}]},{"@type":"WebSite","@id":"https:\/\/voxsahel.com\/#website","url":"https:\/\/voxsahel.com\/","name":"Vox Sahel","description":"Informez-vous sur le Sahel en un clic","publisher":{"@id":"https:\/\/voxsahel.com\/#organization"},"potentialAction":[{"@type":"SearchAction","target":{"@type":"EntryPoint","urlTemplate":"https:\/\/voxsahel.com\/?s={search_term_string}"},"query-input":{"@type":"PropertyValueSpecification","valueRequired":true,"valueName":"search_term_string"}}],"inLanguage":"fr-FR"},{"@type":"Organization","@id":"https:\/\/voxsahel.com\/#organization","name":"Vox Sahel","url":"https:\/\/voxsahel.com\/","logo":{"@type":"ImageObject","inLanguage":"fr-FR","@id":"https:\/\/voxsahel.com\/#\/schema\/logo\/image\/","url":"https:\/\/voxsahel.com\/wp-content\/uploads\/2024\/09\/Logo-Vox-Sahel.jpg","contentUrl":"https:\/\/voxsahel.com\/wp-content\/uploads\/2024\/09\/Logo-Vox-Sahel.jpg","width":1181,"height":848,"caption":"Vox Sahel"},"image":{"@id":"https:\/\/voxsahel.com\/#\/schema\/logo\/image\/"},"sameAs":["https:\/\/www.facebook.com\/journal.voxsahel"]},{"@type":"Person","@id":"https:\/\/voxsahel.com\/#\/schema\/person\/b4043608248f8fa227cd760e7ff1e19e","name":"Vox Sahel","image":{"@type":"ImageObject","inLanguage":"fr-FR","@id":"https:\/\/secure.gravatar.com\/avatar\/f70e7fa0cb9b29d4a7c5788d6eb2e9ab4d3135cbae1c9161810fdf77a8964699?s=96&d=mm&r=g","url":"https:\/\/secure.gravatar.com\/avatar\/f70e7fa0cb9b29d4a7c5788d6eb2e9ab4d3135cbae1c9161810fdf77a8964699?s=96&d=mm&r=g","contentUrl":"https:\/\/secure.gravatar.com\/avatar\/f70e7fa0cb9b29d4a7c5788d6eb2e9ab4d3135cbae1c9161810fdf77a8964699?s=96&d=mm&r=g","caption":"Vox Sahel"},"sameAs":["http:\/\/www.voxsahel.com"],"url":"https:\/\/voxsahel.com\/?author=2"}]}},"_links":{"self":[{"href":"https:\/\/voxsahel.com\/index.php?rest_route=\/wp\/v2\/posts\/1237","targetHints":{"allow":["GET"]}}],"collection":[{"href":"https:\/\/voxsahel.com\/index.php?rest_route=\/wp\/v2\/posts"}],"about":[{"href":"https:\/\/voxsahel.com\/index.php?rest_route=\/wp\/v2\/types\/post"}],"author":[{"embeddable":true,"href":"https:\/\/voxsahel.com\/index.php?rest_route=\/wp\/v2\/users\/2"}],"replies":[{"embeddable":true,"href":"https:\/\/voxsahel.com\/index.php?rest_route=%2Fwp%2Fv2%2Fcomments&post=1237"}],"version-history":[{"count":1,"href":"https:\/\/voxsahel.com\/index.php?rest_route=\/wp\/v2\/posts\/1237\/revisions"}],"predecessor-version":[{"id":1241,"href":"https:\/\/voxsahel.com\/index.php?rest_route=\/wp\/v2\/posts\/1237\/revisions\/1241"}],"wp:featuredmedia":[{"embeddable":true,"href":"https:\/\/voxsahel.com\/index.php?rest_route=\/wp\/v2\/media\/1240"}],"wp:attachment":[{"href":"https:\/\/voxsahel.com\/index.php?rest_route=%2Fwp%2Fv2%2Fmedia&parent=1237"}],"wp:term":[{"taxonomy":"category","embeddable":true,"href":"https:\/\/voxsahel.com\/index.php?rest_route=%2Fwp%2Fv2%2Fcategories&post=1237"},{"taxonomy":"post_tag","embeddable":true,"href":"https:\/\/voxsahel.com\/index.php?rest_route=%2Fwp%2Fv2%2Ftags&post=1237"}],"curies":[{"name":"wp","href":"https:\/\/api.w.org\/{rel}","templated":true}]}}