{"id":1231,"date":"2025-01-18T20:29:13","date_gmt":"2025-01-18T20:29:13","guid":{"rendered":"https:\/\/voxsahel.com\/?p=1231"},"modified":"2025-01-18T20:29:13","modified_gmt":"2025-01-18T20:29:13","slug":"portrait-ibrahim-diarra-le-mur-imprenable-qui-a-forge-lhistoire-du-football-burkinabe","status":"publish","type":"post","link":"https:\/\/voxsahel.com\/?p=1231","title":{"rendered":"Portrait\/Ibrahim Diarra : Le \u00ab mur imprenable \u00bb qui a forg\u00e9 l\u2019histoire du football burkinab\u00e8"},"content":{"rendered":"<p class=\"p1\"><span class=\"s1\">\u00a0N\u00e9 le <\/span><span class=\"s2\">16 f\u00e9vrier 1971 \u00e0 Bobo-Dioulasso<\/span><span class=\"s1\">, Ibrahim Diarra est unanimement reconnu comme l\u2019un des meilleurs gardiens de but de l\u2019histoire du Burkina Faso. Surnomm\u00e9 le \u00ab\u00a0mur imprenable\u00a0\u00bb, il a marqu\u00e9 de son empreinte les plus grandes pages du football burkinab\u00e8.<\/p>\n<p>Ibrahim Diarra fait partie des figures embl\u00e9matiques du football burkinab\u00e8. Reconnu pour ses r\u00e9flexes incroyables, son courage et son leadership, il reste l\u2019un des plus grands gardiens de but de l\u2019histoire des \u00c9talons. Capitaine charismatique, il a marqu\u00e9 les m\u00e9moires en dirigeant la d\u00e9fense burkinab\u00e8 \u00e0 la CAN 1998, organis\u00e9e sur les terres du Burkina Faso. Sa performance tout au long de cette comp\u00e9tition a contribu\u00e9 \u00e0 propulser les \u00c9talons en demi-finale, un moment historique pour le football burkinab\u00e8.<\/span><\/p>\n<p class=\"p1\"><span class=\"s1\">Form\u00e9 au Jeunesse Club de Bobo (JCB), Diarra a gravi les \u00e9chelons pour rejoindre les deux plus grands clubs burkinab\u00e8 : <\/span><span class=\"s2\">ASFA-Yennenga<\/span><span class=\"s1\">, sous la direction du l\u00e9gendaire entra\u00eeneur Malick Djabir, et <\/span><span class=\"s2\">l\u2019\u00c9toile Filante de Ouagadougou (EFO)<\/span><span class=\"s1\">, o\u00f9 il a laiss\u00e9 une empreinte ind\u00e9l\u00e9bile. Parmi ses exploits m\u00e9morables figure une victoire embl\u00e9matique (2-0) face \u00e0 l\u2019ASEC Mimosas de Philippe Troussier en 1992, lors d\u2019un match amical historique.<\/span><\/p>\n<p class=\"p1\"><span class=\"s1\">Sa carri\u00e8re l\u2019a ensuite men\u00e9 au-del\u00e0 des fronti\u00e8res, notamment \u00e0 Oman, aux \u00c9mirats Arabes Unis, et au Maroc, o\u00f9 il a port\u00e9 les couleurs du FUS Rabat.<\/span><\/p>\n<p class=\"p1\"><span class=\"s1\">En \u00e9quipe nationale, Ibrahim Diarra a \u00e9t\u00e9 un titulaire incontestable entre 1992 et 2001, prenant part \u00e0 toutes les comp\u00e9titions officielles. Un \u00e9pisode marquant de sa carri\u00e8re est survenu en 1997, lors des \u00e9liminatoires de la Coupe du monde 1998. Suspendu pour un match crucial contre le Kenya, il a d\u00fb c\u00e9der sa place, laissant l\u2019opportunit\u00e9 au jeune Abdoulaye Soulama de se r\u00e9v\u00e9ler. Mais c\u2019est surtout son \u00e9clatante performance contre les Black Stars du Ghana \u00e0 Accra en 1990 qui a grav\u00e9 son nom dans les annales du football africain.<\/span><\/p>\n<p class=\"p1\"><span class=\"s1\">Apr\u00e8s avoir raccroch\u00e9 les crampons, Ibrahim Diarra s\u2019est tourn\u00e9 vers l\u2019entra\u00eenement, poursuivant ainsi son amour pour le football. Il a entam\u00e9 sa carri\u00e8re d\u2019entra\u00eeneur en 2003 au JCB, son club formateur, qu\u2019il a guid\u00e9 jusqu\u2019\u00e0 la premi\u00e8re division du Fasofoot en 2004-2005. Il a ensuite offici\u00e9 \u00e0 l\u2019EFO jusqu\u2019en 2009 avant de prendre les r\u00eanes du <\/span><span class=\"s2\">Royal FC<\/span><span class=\"s1\">, qu\u2019il a entra\u00een\u00e9 en 2020 en premi\u00e8re division burkinab\u00e8. Actuellement, il est de retour \u00e0 la t\u00eate de son club de c\u0153ur, le JCB.<\/span><\/p>\n<p class=\"p1\"><span class=\"s2\"><b>Un h\u00e9ritage vivant<\/b><\/span><span class=\"s1\"><br \/>\nAujourd\u2019hui encore, Ibrahim Diarra continue d\u2019inspirer par son engagement et sa r\u00e9silience. Toujours actif dans le football burkinab\u00e8, il demeure un mod\u00e8le pour les g\u00e9n\u00e9rations actuelles et futures. \u00c0 54 ans, ce monument du sport burkinab\u00e8 incarne la passion, le travail et le d\u00e9vouement. Nous lui souhaitons sant\u00e9 et succ\u00e8s dans tous ses projets.<\/span><\/p>\n<p class=\"p1\"><span class=\"s2\">\u00ab\u00a0L\u2019histoire du football burkinab\u00e8 ne s\u2019\u00e9crit pas sans Ibrahim Diarra.\u00a0\u00bb\u00a0<\/span><\/p>\n<p class=\"p1\" style=\"text-align: right;\"><strong><span class=\"s2\">Par Vox Sahel <\/span><\/strong><\/p>\n","protected":false},"excerpt":{"rendered":"<p>\u00a0N\u00e9 le 16 f\u00e9vrier 1971 \u00e0 Bobo-Dioulasso, Ibrahim Diarra est unanimement reconnu comme l\u2019un des<\/p>\n","protected":false},"author":2,"featured_media":1232,"comment_status":"open","ping_status":"open","sticky":false,"template":"","format":"standard","meta":{"_et_pb_use_builder":"","_et_pb_old_content":"","_et_gb_content_width":"","footnotes":""},"categories":[12],"tags":[18,38,348,274,40,35,552,453],"class_list":["post-1231","post","type-post","status-publish","format-standard","has-post-thumbnail","hentry","category-sports","tag-burkina-faso","tag-can","tag-coupe-dafrique-des-nations","tag-etalons","tag-federation-burkinabe-de-football","tag-football","tag-ibrahim-diarra","tag-organisation-du-sport-militaire-en-afrique"],"yoast_head":"<!-- This site is optimized with the Yoast SEO plugin v27.5 - https:\/\/yoast.com\/product\/yoast-seo-wordpress\/ -->\n<title>Portrait\/Ibrahim Diarra : Le \u00ab mur imprenable \u00bb qui a forg\u00e9 l\u2019histoire du football burkinab\u00e8 - Vox Sahel<\/title>\n<meta name=\"robots\" content=\"index, follow, max-snippet:-1, max-image-preview:large, max-video-preview:-1\" \/>\n<link rel=\"canonical\" href=\"https:\/\/voxsahel.com\/?p=1231\" \/>\n<meta property=\"og:locale\" content=\"fr_FR\" \/>\n<meta property=\"og:type\" content=\"article\" \/>\n<meta property=\"og:title\" content=\"Portrait\/Ibrahim Diarra : Le \u00ab mur imprenable \u00bb qui a forg\u00e9 l\u2019histoire du football burkinab\u00e8 - Vox Sahel\" \/>\n<meta property=\"og:description\" content=\"\u00a0N\u00e9 le 16 f\u00e9vrier 1971 \u00e0 Bobo-Dioulasso, Ibrahim Diarra est unanimement reconnu comme l\u2019un des\" \/>\n<meta property=\"og:url\" content=\"https:\/\/voxsahel.com\/?p=1231\" \/>\n<meta property=\"og:site_name\" content=\"Vox Sahel\" \/>\n<meta property=\"article:publisher\" content=\"https:\/\/www.facebook.com\/journal.voxsahel\" \/>\n<meta property=\"article:published_time\" content=\"2025-01-18T20:29:13+00:00\" \/>\n<meta property=\"og:image\" content=\"https:\/\/voxsahel.com\/wp-content\/uploads\/2025\/01\/IMG_4143.jpeg\" \/>\n\t<meta property=\"og:image:width\" content=\"900\" \/>\n\t<meta property=\"og:image:height\" content=\"600\" \/>\n\t<meta property=\"og:image:type\" content=\"image\/jpeg\" \/>\n<meta name=\"author\" content=\"Vox Sahel\" \/>\n<meta name=\"twitter:card\" content=\"summary_large_image\" \/>\n<meta name=\"twitter:label1\" content=\"\u00c9crit par\" \/>\n\t<meta name=\"twitter:data1\" content=\"Vox Sahel\" \/>\n\t<meta name=\"twitter:label2\" content=\"Dur\u00e9e de lecture estim\u00e9e\" \/>\n\t<meta name=\"twitter:data2\" content=\"3 minutes\" \/>\n<script type=\"application\/ld+json\" class=\"yoast-schema-graph\">{\"@context\":\"https:\\\/\\\/schema.org\",\"@graph\":[{\"@type\":\"Article\",\"@id\":\"https:\\\/\\\/voxsahel.com\\\/?p=1231#article\",\"isPartOf\":{\"@id\":\"https:\\\/\\\/voxsahel.com\\\/?p=1231\"},\"author\":{\"name\":\"Vox Sahel\",\"@id\":\"https:\\\/\\\/voxsahel.com\\\/#\\\/schema\\\/person\\\/b4043608248f8fa227cd760e7ff1e19e\"},\"headline\":\"Portrait\\\/Ibrahim Diarra : Le \u00ab mur imprenable \u00bb qui a forg\u00e9 l\u2019histoire du football burkinab\u00e8\",\"datePublished\":\"2025-01-18T20:29:13+00:00\",\"mainEntityOfPage\":{\"@id\":\"https:\\\/\\\/voxsahel.com\\\/?p=1231\"},\"wordCount\":503,\"commentCount\":0,\"publisher\":{\"@id\":\"https:\\\/\\\/voxsahel.com\\\/#organization\"},\"image\":{\"@id\":\"https:\\\/\\\/voxsahel.com\\\/?p=1231#primaryimage\"},\"thumbnailUrl\":\"https:\\\/\\\/voxsahel.com\\\/wp-content\\\/uploads\\\/2025\\\/01\\\/IMG_4143.jpeg\",\"keywords\":[\"Burkina Faso\",\"CAN\",\"Coupe d\u2019Afrique des nations\",\"Etalons\",\"F\u00e9d\u00e9ration Burkinab\u00e8 de Football\",\"Football\",\"Ibrahim Diarra\",\"Organisation du Sport Militaire en Afrique\"],\"articleSection\":[\"SPORTS\"],\"inLanguage\":\"fr-FR\",\"potentialAction\":[{\"@type\":\"CommentAction\",\"name\":\"Comment\",\"target\":[\"https:\\\/\\\/voxsahel.com\\\/?p=1231#respond\"]}]},{\"@type\":\"WebPage\",\"@id\":\"https:\\\/\\\/voxsahel.com\\\/?p=1231\",\"url\":\"https:\\\/\\\/voxsahel.com\\\/?p=1231\",\"name\":\"Portrait\\\/Ibrahim Diarra : Le \u00ab mur imprenable \u00bb qui a forg\u00e9 l\u2019histoire du football burkinab\u00e8 - Vox Sahel\",\"isPartOf\":{\"@id\":\"https:\\\/\\\/voxsahel.com\\\/#website\"},\"primaryImageOfPage\":{\"@id\":\"https:\\\/\\\/voxsahel.com\\\/?p=1231#primaryimage\"},\"image\":{\"@id\":\"https:\\\/\\\/voxsahel.com\\\/?p=1231#primaryimage\"},\"thumbnailUrl\":\"https:\\\/\\\/voxsahel.com\\\/wp-content\\\/uploads\\\/2025\\\/01\\\/IMG_4143.jpeg\",\"datePublished\":\"2025-01-18T20:29:13+00:00\",\"breadcrumb\":{\"@id\":\"https:\\\/\\\/voxsahel.com\\\/?p=1231#breadcrumb\"},\"inLanguage\":\"fr-FR\",\"potentialAction\":[{\"@type\":\"ReadAction\",\"target\":[\"https:\\\/\\\/voxsahel.com\\\/?p=1231\"]}]},{\"@type\":\"ImageObject\",\"inLanguage\":\"fr-FR\",\"@id\":\"https:\\\/\\\/voxsahel.com\\\/?p=1231#primaryimage\",\"url\":\"https:\\\/\\\/voxsahel.com\\\/wp-content\\\/uploads\\\/2025\\\/01\\\/IMG_4143.jpeg\",\"contentUrl\":\"https:\\\/\\\/voxsahel.com\\\/wp-content\\\/uploads\\\/2025\\\/01\\\/IMG_4143.jpeg\",\"width\":900,\"height\":600},{\"@type\":\"BreadcrumbList\",\"@id\":\"https:\\\/\\\/voxsahel.com\\\/?p=1231#breadcrumb\",\"itemListElement\":[{\"@type\":\"ListItem\",\"position\":1,\"name\":\"Home\",\"item\":\"https:\\\/\\\/voxsahel.com\\\/\"},{\"@type\":\"ListItem\",\"position\":2,\"name\":\"Portrait\\\/Ibrahim Diarra : Le \u00ab mur imprenable \u00bb qui a forg\u00e9 l\u2019histoire du football burkinab\u00e8\"}]},{\"@type\":\"WebSite\",\"@id\":\"https:\\\/\\\/voxsahel.com\\\/#website\",\"url\":\"https:\\\/\\\/voxsahel.com\\\/\",\"name\":\"Vox Sahel\",\"description\":\"Informez-vous sur le Sahel en un clic\",\"publisher\":{\"@id\":\"https:\\\/\\\/voxsahel.com\\\/#organization\"},\"potentialAction\":[{\"@type\":\"SearchAction\",\"target\":{\"@type\":\"EntryPoint\",\"urlTemplate\":\"https:\\\/\\\/voxsahel.com\\\/?s={search_term_string}\"},\"query-input\":{\"@type\":\"PropertyValueSpecification\",\"valueRequired\":true,\"valueName\":\"search_term_string\"}}],\"inLanguage\":\"fr-FR\"},{\"@type\":\"Organization\",\"@id\":\"https:\\\/\\\/voxsahel.com\\\/#organization\",\"name\":\"Vox Sahel\",\"url\":\"https:\\\/\\\/voxsahel.com\\\/\",\"logo\":{\"@type\":\"ImageObject\",\"inLanguage\":\"fr-FR\",\"@id\":\"https:\\\/\\\/voxsahel.com\\\/#\\\/schema\\\/logo\\\/image\\\/\",\"url\":\"https:\\\/\\\/voxsahel.com\\\/wp-content\\\/uploads\\\/2024\\\/09\\\/Logo-Vox-Sahel.jpg\",\"contentUrl\":\"https:\\\/\\\/voxsahel.com\\\/wp-content\\\/uploads\\\/2024\\\/09\\\/Logo-Vox-Sahel.jpg\",\"width\":1181,\"height\":848,\"caption\":\"Vox Sahel\"},\"image\":{\"@id\":\"https:\\\/\\\/voxsahel.com\\\/#\\\/schema\\\/logo\\\/image\\\/\"},\"sameAs\":[\"https:\\\/\\\/www.facebook.com\\\/journal.voxsahel\"]},{\"@type\":\"Person\",\"@id\":\"https:\\\/\\\/voxsahel.com\\\/#\\\/schema\\\/person\\\/b4043608248f8fa227cd760e7ff1e19e\",\"name\":\"Vox Sahel\",\"image\":{\"@type\":\"ImageObject\",\"inLanguage\":\"fr-FR\",\"@id\":\"https:\\\/\\\/secure.gravatar.com\\\/avatar\\\/f70e7fa0cb9b29d4a7c5788d6eb2e9ab4d3135cbae1c9161810fdf77a8964699?s=96&d=mm&r=g\",\"url\":\"https:\\\/\\\/secure.gravatar.com\\\/avatar\\\/f70e7fa0cb9b29d4a7c5788d6eb2e9ab4d3135cbae1c9161810fdf77a8964699?s=96&d=mm&r=g\",\"contentUrl\":\"https:\\\/\\\/secure.gravatar.com\\\/avatar\\\/f70e7fa0cb9b29d4a7c5788d6eb2e9ab4d3135cbae1c9161810fdf77a8964699?s=96&d=mm&r=g\",\"caption\":\"Vox Sahel\"},\"sameAs\":[\"http:\\\/\\\/www.voxsahel.com\"],\"url\":\"https:\\\/\\\/voxsahel.com\\\/?author=2\"}]}<\/script>\n<!-- \/ Yoast SEO plugin. -->","yoast_head_json":{"title":"Portrait\/Ibrahim Diarra : Le \u00ab mur imprenable \u00bb qui a forg\u00e9 l\u2019histoire du football burkinab\u00e8 - Vox Sahel","robots":{"index":"index","follow":"follow","max-snippet":"max-snippet:-1","max-image-preview":"max-image-preview:large","max-video-preview":"max-video-preview:-1"},"canonical":"https:\/\/voxsahel.com\/?p=1231","og_locale":"fr_FR","og_type":"article","og_title":"Portrait\/Ibrahim Diarra : Le \u00ab mur imprenable \u00bb qui a forg\u00e9 l\u2019histoire du football burkinab\u00e8 - Vox Sahel","og_description":"\u00a0N\u00e9 le 16 f\u00e9vrier 1971 \u00e0 Bobo-Dioulasso, Ibrahim Diarra est unanimement reconnu comme l\u2019un des","og_url":"https:\/\/voxsahel.com\/?p=1231","og_site_name":"Vox Sahel","article_publisher":"https:\/\/www.facebook.com\/journal.voxsahel","article_published_time":"2025-01-18T20:29:13+00:00","og_image":[{"width":900,"height":600,"url":"https:\/\/voxsahel.com\/wp-content\/uploads\/2025\/01\/IMG_4143.jpeg","type":"image\/jpeg"}],"author":"Vox Sahel","twitter_card":"summary_large_image","twitter_misc":{"\u00c9crit par":"Vox Sahel","Dur\u00e9e de lecture estim\u00e9e":"3 minutes"},"schema":{"@context":"https:\/\/schema.org","@graph":[{"@type":"Article","@id":"https:\/\/voxsahel.com\/?p=1231#article","isPartOf":{"@id":"https:\/\/voxsahel.com\/?p=1231"},"author":{"name":"Vox Sahel","@id":"https:\/\/voxsahel.com\/#\/schema\/person\/b4043608248f8fa227cd760e7ff1e19e"},"headline":"Portrait\/Ibrahim Diarra : Le \u00ab mur imprenable \u00bb qui a forg\u00e9 l\u2019histoire du football burkinab\u00e8","datePublished":"2025-01-18T20:29:13+00:00","mainEntityOfPage":{"@id":"https:\/\/voxsahel.com\/?p=1231"},"wordCount":503,"commentCount":0,"publisher":{"@id":"https:\/\/voxsahel.com\/#organization"},"image":{"@id":"https:\/\/voxsahel.com\/?p=1231#primaryimage"},"thumbnailUrl":"https:\/\/voxsahel.com\/wp-content\/uploads\/2025\/01\/IMG_4143.jpeg","keywords":["Burkina Faso","CAN","Coupe d\u2019Afrique des nations","Etalons","F\u00e9d\u00e9ration Burkinab\u00e8 de Football","Football","Ibrahim Diarra","Organisation du Sport Militaire en Afrique"],"articleSection":["SPORTS"],"inLanguage":"fr-FR","potentialAction":[{"@type":"CommentAction","name":"Comment","target":["https:\/\/voxsahel.com\/?p=1231#respond"]}]},{"@type":"WebPage","@id":"https:\/\/voxsahel.com\/?p=1231","url":"https:\/\/voxsahel.com\/?p=1231","name":"Portrait\/Ibrahim Diarra : Le \u00ab mur imprenable \u00bb qui a forg\u00e9 l\u2019histoire du football burkinab\u00e8 - Vox Sahel","isPartOf":{"@id":"https:\/\/voxsahel.com\/#website"},"primaryImageOfPage":{"@id":"https:\/\/voxsahel.com\/?p=1231#primaryimage"},"image":{"@id":"https:\/\/voxsahel.com\/?p=1231#primaryimage"},"thumbnailUrl":"https:\/\/voxsahel.com\/wp-content\/uploads\/2025\/01\/IMG_4143.jpeg","datePublished":"2025-01-18T20:29:13+00:00","breadcrumb":{"@id":"https:\/\/voxsahel.com\/?p=1231#breadcrumb"},"inLanguage":"fr-FR","potentialAction":[{"@type":"ReadAction","target":["https:\/\/voxsahel.com\/?p=1231"]}]},{"@type":"ImageObject","inLanguage":"fr-FR","@id":"https:\/\/voxsahel.com\/?p=1231#primaryimage","url":"https:\/\/voxsahel.com\/wp-content\/uploads\/2025\/01\/IMG_4143.jpeg","contentUrl":"https:\/\/voxsahel.com\/wp-content\/uploads\/2025\/01\/IMG_4143.jpeg","width":900,"height":600},{"@type":"BreadcrumbList","@id":"https:\/\/voxsahel.com\/?p=1231#breadcrumb","itemListElement":[{"@type":"ListItem","position":1,"name":"Home","item":"https:\/\/voxsahel.com\/"},{"@type":"ListItem","position":2,"name":"Portrait\/Ibrahim Diarra : Le \u00ab mur imprenable \u00bb qui a forg\u00e9 l\u2019histoire du football burkinab\u00e8"}]},{"@type":"WebSite","@id":"https:\/\/voxsahel.com\/#website","url":"https:\/\/voxsahel.com\/","name":"Vox Sahel","description":"Informez-vous sur le Sahel en un clic","publisher":{"@id":"https:\/\/voxsahel.com\/#organization"},"potentialAction":[{"@type":"SearchAction","target":{"@type":"EntryPoint","urlTemplate":"https:\/\/voxsahel.com\/?s={search_term_string}"},"query-input":{"@type":"PropertyValueSpecification","valueRequired":true,"valueName":"search_term_string"}}],"inLanguage":"fr-FR"},{"@type":"Organization","@id":"https:\/\/voxsahel.com\/#organization","name":"Vox Sahel","url":"https:\/\/voxsahel.com\/","logo":{"@type":"ImageObject","inLanguage":"fr-FR","@id":"https:\/\/voxsahel.com\/#\/schema\/logo\/image\/","url":"https:\/\/voxsahel.com\/wp-content\/uploads\/2024\/09\/Logo-Vox-Sahel.jpg","contentUrl":"https:\/\/voxsahel.com\/wp-content\/uploads\/2024\/09\/Logo-Vox-Sahel.jpg","width":1181,"height":848,"caption":"Vox Sahel"},"image":{"@id":"https:\/\/voxsahel.com\/#\/schema\/logo\/image\/"},"sameAs":["https:\/\/www.facebook.com\/journal.voxsahel"]},{"@type":"Person","@id":"https:\/\/voxsahel.com\/#\/schema\/person\/b4043608248f8fa227cd760e7ff1e19e","name":"Vox Sahel","image":{"@type":"ImageObject","inLanguage":"fr-FR","@id":"https:\/\/secure.gravatar.com\/avatar\/f70e7fa0cb9b29d4a7c5788d6eb2e9ab4d3135cbae1c9161810fdf77a8964699?s=96&d=mm&r=g","url":"https:\/\/secure.gravatar.com\/avatar\/f70e7fa0cb9b29d4a7c5788d6eb2e9ab4d3135cbae1c9161810fdf77a8964699?s=96&d=mm&r=g","contentUrl":"https:\/\/secure.gravatar.com\/avatar\/f70e7fa0cb9b29d4a7c5788d6eb2e9ab4d3135cbae1c9161810fdf77a8964699?s=96&d=mm&r=g","caption":"Vox Sahel"},"sameAs":["http:\/\/www.voxsahel.com"],"url":"https:\/\/voxsahel.com\/?author=2"}]}},"_links":{"self":[{"href":"https:\/\/voxsahel.com\/index.php?rest_route=\/wp\/v2\/posts\/1231","targetHints":{"allow":["GET"]}}],"collection":[{"href":"https:\/\/voxsahel.com\/index.php?rest_route=\/wp\/v2\/posts"}],"about":[{"href":"https:\/\/voxsahel.com\/index.php?rest_route=\/wp\/v2\/types\/post"}],"author":[{"embeddable":true,"href":"https:\/\/voxsahel.com\/index.php?rest_route=\/wp\/v2\/users\/2"}],"replies":[{"embeddable":true,"href":"https:\/\/voxsahel.com\/index.php?rest_route=%2Fwp%2Fv2%2Fcomments&post=1231"}],"version-history":[{"count":1,"href":"https:\/\/voxsahel.com\/index.php?rest_route=\/wp\/v2\/posts\/1231\/revisions"}],"predecessor-version":[{"id":1233,"href":"https:\/\/voxsahel.com\/index.php?rest_route=\/wp\/v2\/posts\/1231\/revisions\/1233"}],"wp:featuredmedia":[{"embeddable":true,"href":"https:\/\/voxsahel.com\/index.php?rest_route=\/wp\/v2\/media\/1232"}],"wp:attachment":[{"href":"https:\/\/voxsahel.com\/index.php?rest_route=%2Fwp%2Fv2%2Fmedia&parent=1231"}],"wp:term":[{"taxonomy":"category","embeddable":true,"href":"https:\/\/voxsahel.com\/index.php?rest_route=%2Fwp%2Fv2%2Fcategories&post=1231"},{"taxonomy":"post_tag","embeddable":true,"href":"https:\/\/voxsahel.com\/index.php?rest_route=%2Fwp%2Fv2%2Ftags&post=1231"}],"curies":[{"name":"wp","href":"https:\/\/api.w.org\/{rel}","templated":true}]}}