{"id":1225,"date":"2025-01-15T17:01:35","date_gmt":"2025-01-15T17:01:35","guid":{"rendered":"https:\/\/voxsahel.com\/?p=1225"},"modified":"2025-01-15T17:01:35","modified_gmt":"2025-01-15T17:01:35","slug":"hadj-2025-une-nouvelle-convention-entre-le-burkina-et-larabie-saoudite","status":"publish","type":"post","link":"https:\/\/voxsahel.com\/?p=1225","title":{"rendered":"Hadj 2025 : Une nouvelle convention entre le Burkina et l&rsquo;Arabie Saoudite"},"content":{"rendered":"<p>Le ministre d&rsquo;\u00c9tat, ministre de l&rsquo;Administration territoriale et de la Mobilit\u00e9, \u00c9mile Zerbo, a sign\u00e9 une convention avec le Royaume d&rsquo;Arabie Saoudite, ce <strong>12 janvier 2025<\/strong> dans le cadre des pr\u00e9paratifs du Hadj 2025. Cet accord marque une \u00e9tape importante pour garantir une meilleure organisation de ce p\u00e8lerinage tant attendu par la communaut\u00e9 musulmane burkinab\u00e8.<\/p>\n<p>La signature s&rsquo;est d\u00e9roul\u00e9e au D\u00f4me de Djeddah, \u00e0 la veille de l&rsquo;ouverture d&rsquo;une foire d\u00e9di\u00e9e \u00e0 l&rsquo;organisation du Hadj. L&rsquo;\u00e9v\u00e9nement a rassembl\u00e9 plusieurs acteurs cl\u00e9s, notamment des repr\u00e9sentants du Comit\u00e9 national de suivi du p\u00e8lerinage \u00e0 La Mecque, des prestataires saoudiens et des autorit\u00e9s diplomatiques burkinab\u00e8.<\/p>\n<p>Pour l&rsquo;\u00e9dition 2025, l&rsquo;Arabie Saoudite a attribu\u00e9 un quota de 8 143 p\u00e8lerins au Burkina Faso, un chiffre identique \u00e0 celui de l&rsquo;ann\u00e9e pr\u00e9c\u00e9dente. Selon Bertrand To\u00e9, commissaire divisionnaire de police et Directeur de cabinet du minist\u00e8re de l&rsquo;Administration territoriale, le tarif provisoire pour le Hadj 2025 reste fix\u00e9 \u00e0 <strong>3 226 500 FCFA par p\u00e8lerin<\/strong>, afin de faciliter les inscriptions et de donner plus de visibilit\u00e9 aux agences de voyages agr\u00e9\u00e9s ainsi qu&rsquo;aux fid\u00e8les.<\/p>\n<p><span style=\"color: #ff0000;\"><strong><a style=\"color: #ff0000;\" href=\"http:\/\/Burkina\/Hadj 2025 : Le quota est de 8 143 p\u00e8lerins pour un co\u00fbt fix\u00e9 provisoirement \u00e0 3 226 500 FCFA\">Voir aussi : Burkina\/Hadj 2025 : Le quota est de 8 143 p\u00e8lerins pour un co\u00fbt fix\u00e9 provisoirement \u00e0 3 226 500 FCFA\u00a0<\/a><\/strong><\/span><\/p>\n<p>Le Comit\u00e9 national de suivi du p\u00e8lerinage entend capitaliser sur les succ\u00e8s de l&rsquo;\u00e9dition 2024, qui a \u00e9t\u00e9 salu\u00e9e pour sa gestion optimis\u00e9e des transports et le respect des programmes de vols. Des efforts suppl\u00e9mentaires seront d\u00e9ploy\u00e9s pour am\u00e9liorer la coordination \u00e0 Mina et renforcer les mesures sanitaires, conform\u00e9ment aux nouvelles directives saoudiennes.<\/p>\n<p>Les agences de voyages agr\u00e9\u00e9es ont r\u00e9it\u00e9r\u00e9 leur engagement \u00e0 lutter contre le p\u00e8lerinage clandestin, un ph\u00e9nom\u00e8ne qui perturbe l&rsquo;organisation harmonieuse du Hadj. Elles appellent les fid\u00e8les \u00e0 s&rsquo;inscrire uniquement aupr\u00e8s des agences accr\u00e9dit\u00e9es et exhortent les autorit\u00e9s \u00e0 sanctionner s\u00e9v\u00e8rement les contrevenants.<\/p>\n<p>Malgr\u00e9 ces efforts, des d\u00e9fis subsistent. Les agences de voyages ont exprim\u00e9 leurs pr\u00e9occupations concernant le d\u00e9ficit de visas, \u00e9valu\u00e9 \u00e0 <strong>5 000 visas<\/strong> par rapport aux <strong>13 500<\/strong> initialement attendus. Elles ont sollicit\u00e9 l&rsquo;appui des autorit\u00e9s pour une communication efficace avec les p\u00e8lerins.<\/p>\n<p><strong><span style=\"color: #ff0000;\"><a style=\"color: #ff0000;\" href=\"https:\/\/voxsahel.com\/?p=739\">A lire aussi : Burkina Faso : Avertissement aux agences non agr\u00e9\u00e9es pour l\u2019Organisation du Hadj 2025 et de la Oumrah<\/a><\/span><\/strong><\/p>\n<p>Dans un \u00e9lan de solidarit\u00e9, les agences de voyages ont fait don de plus de <strong>24 millions de FCFA<\/strong> pour soutenir les Forces de D\u00e9fense et de S\u00e9curit\u00e9 (FDS) ainsi que les Volontaires pour la D\u00e9fense de la Patrie (VDP). Ce geste s&rsquo;inscrit dans l&rsquo;appel \u00e0 l&rsquo;unit\u00e9 nationale lanc\u00e9 par le Chef de l&rsquo;\u00c9tat.<\/p>\n<p>Le Hadj 2025 se pr\u00e9pare sous le signe de la foi, de la rigueur et de l&rsquo;engagement collectif, dans un contexte \u00e9conomique et s\u00e9curitaire complexe. Les pri\u00e8res des p\u00e8lerins seront \u00e9galement d\u00e9di\u00e9es \u00e0 la paix et \u00e0 la stabilit\u00e9 du Burkina Faso.<\/p>\n<p style=\"text-align: right;\"><strong>Par Vox Sahel<\/strong><\/p>\n","protected":false},"excerpt":{"rendered":"<p>Le ministre d&rsquo;\u00c9tat, ministre de l&rsquo;Administration territoriale et de la Mobilit\u00e9, \u00c9mile Zerbo, a sign\u00e9<\/p>\n","protected":false},"author":2,"featured_media":1226,"comment_status":"open","ping_status":"open","sticky":false,"template":"","format":"standard","meta":{"_et_pb_use_builder":"","_et_pb_old_content":"","_et_gb_content_width":"","footnotes":""},"categories":[5],"tags":[376,18,368,388,551,389,544,387],"class_list":["post-1225","post","type-post","status-publish","format-standard","has-post-thumbnail","hentry","category-societe","tag-arabie-saoudite","tag-burkina-faso","tag-communaute-musulmane-du-burkina-faso","tag-hadj","tag-hadj2025","tag-mecque","tag-pelerinage","tag-religion"],"yoast_head":"<!-- This site is optimized with the Yoast SEO plugin v27.5 - https:\/\/yoast.com\/product\/yoast-seo-wordpress\/ -->\n<title>Hadj 2025 : Une nouvelle convention entre le Burkina et l&#039;Arabie Saoudite - Vox Sahel<\/title>\n<meta name=\"robots\" content=\"index, follow, max-snippet:-1, max-image-preview:large, max-video-preview:-1\" \/>\n<link rel=\"canonical\" href=\"https:\/\/voxsahel.com\/?p=1225\" \/>\n<meta property=\"og:locale\" content=\"fr_FR\" \/>\n<meta property=\"og:type\" content=\"article\" \/>\n<meta property=\"og:title\" content=\"Hadj 2025 : Une nouvelle convention entre le Burkina et l&#039;Arabie Saoudite - Vox Sahel\" \/>\n<meta property=\"og:description\" content=\"Le ministre d&rsquo;\u00c9tat, ministre de l&rsquo;Administration territoriale et de la Mobilit\u00e9, \u00c9mile Zerbo, a sign\u00e9\" \/>\n<meta property=\"og:url\" content=\"https:\/\/voxsahel.com\/?p=1225\" \/>\n<meta property=\"og:site_name\" content=\"Vox Sahel\" \/>\n<meta property=\"article:publisher\" content=\"https:\/\/www.facebook.com\/journal.voxsahel\" \/>\n<meta property=\"article:published_time\" content=\"2025-01-15T17:01:35+00:00\" \/>\n<meta property=\"og:image\" content=\"https:\/\/voxsahel.com\/wp-content\/uploads\/2025\/01\/1736786510893.jpg\" \/>\n\t<meta property=\"og:image:width\" content=\"720\" \/>\n\t<meta property=\"og:image:height\" content=\"480\" \/>\n\t<meta property=\"og:image:type\" content=\"image\/jpeg\" \/>\n<meta name=\"author\" content=\"Vox Sahel\" \/>\n<meta name=\"twitter:card\" content=\"summary_large_image\" \/>\n<meta name=\"twitter:label1\" content=\"\u00c9crit par\" \/>\n\t<meta name=\"twitter:data1\" content=\"Vox Sahel\" \/>\n\t<meta name=\"twitter:label2\" content=\"Dur\u00e9e de lecture estim\u00e9e\" \/>\n\t<meta name=\"twitter:data2\" content=\"3 minutes\" \/>\n<script type=\"application\/ld+json\" class=\"yoast-schema-graph\">{\"@context\":\"https:\\\/\\\/schema.org\",\"@graph\":[{\"@type\":\"Article\",\"@id\":\"https:\\\/\\\/voxsahel.com\\\/?p=1225#article\",\"isPartOf\":{\"@id\":\"https:\\\/\\\/voxsahel.com\\\/?p=1225\"},\"author\":{\"name\":\"Vox Sahel\",\"@id\":\"https:\\\/\\\/voxsahel.com\\\/#\\\/schema\\\/person\\\/b4043608248f8fa227cd760e7ff1e19e\"},\"headline\":\"Hadj 2025 : Une nouvelle convention entre le Burkina et l&rsquo;Arabie Saoudite\",\"datePublished\":\"2025-01-15T17:01:35+00:00\",\"mainEntityOfPage\":{\"@id\":\"https:\\\/\\\/voxsahel.com\\\/?p=1225\"},\"wordCount\":512,\"commentCount\":0,\"publisher\":{\"@id\":\"https:\\\/\\\/voxsahel.com\\\/#organization\"},\"image\":{\"@id\":\"https:\\\/\\\/voxsahel.com\\\/?p=1225#primaryimage\"},\"thumbnailUrl\":\"https:\\\/\\\/voxsahel.com\\\/wp-content\\\/uploads\\\/2025\\\/01\\\/1736786510893.jpg\",\"keywords\":[\"Arabie Saoudite\",\"Burkina Faso\",\"Communaut\u00e9 musulmane du Burkina Faso\",\"Hadj\",\"Hadj2025\",\"Mecque\",\"P\u00e8lerinage\",\"Religion\"],\"articleSection\":[\"SOCIETE\"],\"inLanguage\":\"fr-FR\",\"potentialAction\":[{\"@type\":\"CommentAction\",\"name\":\"Comment\",\"target\":[\"https:\\\/\\\/voxsahel.com\\\/?p=1225#respond\"]}]},{\"@type\":\"WebPage\",\"@id\":\"https:\\\/\\\/voxsahel.com\\\/?p=1225\",\"url\":\"https:\\\/\\\/voxsahel.com\\\/?p=1225\",\"name\":\"Hadj 2025 : Une nouvelle convention entre le Burkina et l'Arabie Saoudite - Vox Sahel\",\"isPartOf\":{\"@id\":\"https:\\\/\\\/voxsahel.com\\\/#website\"},\"primaryImageOfPage\":{\"@id\":\"https:\\\/\\\/voxsahel.com\\\/?p=1225#primaryimage\"},\"image\":{\"@id\":\"https:\\\/\\\/voxsahel.com\\\/?p=1225#primaryimage\"},\"thumbnailUrl\":\"https:\\\/\\\/voxsahel.com\\\/wp-content\\\/uploads\\\/2025\\\/01\\\/1736786510893.jpg\",\"datePublished\":\"2025-01-15T17:01:35+00:00\",\"breadcrumb\":{\"@id\":\"https:\\\/\\\/voxsahel.com\\\/?p=1225#breadcrumb\"},\"inLanguage\":\"fr-FR\",\"potentialAction\":[{\"@type\":\"ReadAction\",\"target\":[\"https:\\\/\\\/voxsahel.com\\\/?p=1225\"]}]},{\"@type\":\"ImageObject\",\"inLanguage\":\"fr-FR\",\"@id\":\"https:\\\/\\\/voxsahel.com\\\/?p=1225#primaryimage\",\"url\":\"https:\\\/\\\/voxsahel.com\\\/wp-content\\\/uploads\\\/2025\\\/01\\\/1736786510893.jpg\",\"contentUrl\":\"https:\\\/\\\/voxsahel.com\\\/wp-content\\\/uploads\\\/2025\\\/01\\\/1736786510893.jpg\",\"width\":720,\"height\":480,\"caption\":\"Hadj 2025 : Une nouvelle convention entre le Burkina et l'Arabie Saoudite\"},{\"@type\":\"BreadcrumbList\",\"@id\":\"https:\\\/\\\/voxsahel.com\\\/?p=1225#breadcrumb\",\"itemListElement\":[{\"@type\":\"ListItem\",\"position\":1,\"name\":\"Home\",\"item\":\"https:\\\/\\\/voxsahel.com\\\/\"},{\"@type\":\"ListItem\",\"position\":2,\"name\":\"Hadj 2025 : Une nouvelle convention entre le Burkina et l&rsquo;Arabie Saoudite\"}]},{\"@type\":\"WebSite\",\"@id\":\"https:\\\/\\\/voxsahel.com\\\/#website\",\"url\":\"https:\\\/\\\/voxsahel.com\\\/\",\"name\":\"Vox Sahel\",\"description\":\"Informez-vous sur le Sahel en un clic\",\"publisher\":{\"@id\":\"https:\\\/\\\/voxsahel.com\\\/#organization\"},\"potentialAction\":[{\"@type\":\"SearchAction\",\"target\":{\"@type\":\"EntryPoint\",\"urlTemplate\":\"https:\\\/\\\/voxsahel.com\\\/?s={search_term_string}\"},\"query-input\":{\"@type\":\"PropertyValueSpecification\",\"valueRequired\":true,\"valueName\":\"search_term_string\"}}],\"inLanguage\":\"fr-FR\"},{\"@type\":\"Organization\",\"@id\":\"https:\\\/\\\/voxsahel.com\\\/#organization\",\"name\":\"Vox Sahel\",\"url\":\"https:\\\/\\\/voxsahel.com\\\/\",\"logo\":{\"@type\":\"ImageObject\",\"inLanguage\":\"fr-FR\",\"@id\":\"https:\\\/\\\/voxsahel.com\\\/#\\\/schema\\\/logo\\\/image\\\/\",\"url\":\"https:\\\/\\\/voxsahel.com\\\/wp-content\\\/uploads\\\/2024\\\/09\\\/Logo-Vox-Sahel.jpg\",\"contentUrl\":\"https:\\\/\\\/voxsahel.com\\\/wp-content\\\/uploads\\\/2024\\\/09\\\/Logo-Vox-Sahel.jpg\",\"width\":1181,\"height\":848,\"caption\":\"Vox Sahel\"},\"image\":{\"@id\":\"https:\\\/\\\/voxsahel.com\\\/#\\\/schema\\\/logo\\\/image\\\/\"},\"sameAs\":[\"https:\\\/\\\/www.facebook.com\\\/journal.voxsahel\"]},{\"@type\":\"Person\",\"@id\":\"https:\\\/\\\/voxsahel.com\\\/#\\\/schema\\\/person\\\/b4043608248f8fa227cd760e7ff1e19e\",\"name\":\"Vox Sahel\",\"image\":{\"@type\":\"ImageObject\",\"inLanguage\":\"fr-FR\",\"@id\":\"https:\\\/\\\/secure.gravatar.com\\\/avatar\\\/f70e7fa0cb9b29d4a7c5788d6eb2e9ab4d3135cbae1c9161810fdf77a8964699?s=96&d=mm&r=g\",\"url\":\"https:\\\/\\\/secure.gravatar.com\\\/avatar\\\/f70e7fa0cb9b29d4a7c5788d6eb2e9ab4d3135cbae1c9161810fdf77a8964699?s=96&d=mm&r=g\",\"contentUrl\":\"https:\\\/\\\/secure.gravatar.com\\\/avatar\\\/f70e7fa0cb9b29d4a7c5788d6eb2e9ab4d3135cbae1c9161810fdf77a8964699?s=96&d=mm&r=g\",\"caption\":\"Vox Sahel\"},\"sameAs\":[\"http:\\\/\\\/www.voxsahel.com\"],\"url\":\"https:\\\/\\\/voxsahel.com\\\/?author=2\"}]}<\/script>\n<!-- \/ Yoast SEO plugin. -->","yoast_head_json":{"title":"Hadj 2025 : Une nouvelle convention entre le Burkina et l'Arabie Saoudite - Vox Sahel","robots":{"index":"index","follow":"follow","max-snippet":"max-snippet:-1","max-image-preview":"max-image-preview:large","max-video-preview":"max-video-preview:-1"},"canonical":"https:\/\/voxsahel.com\/?p=1225","og_locale":"fr_FR","og_type":"article","og_title":"Hadj 2025 : Une nouvelle convention entre le Burkina et l'Arabie Saoudite - Vox Sahel","og_description":"Le ministre d&rsquo;\u00c9tat, ministre de l&rsquo;Administration territoriale et de la Mobilit\u00e9, \u00c9mile Zerbo, a sign\u00e9","og_url":"https:\/\/voxsahel.com\/?p=1225","og_site_name":"Vox Sahel","article_publisher":"https:\/\/www.facebook.com\/journal.voxsahel","article_published_time":"2025-01-15T17:01:35+00:00","og_image":[{"width":720,"height":480,"url":"https:\/\/voxsahel.com\/wp-content\/uploads\/2025\/01\/1736786510893.jpg","type":"image\/jpeg"}],"author":"Vox Sahel","twitter_card":"summary_large_image","twitter_misc":{"\u00c9crit par":"Vox Sahel","Dur\u00e9e de lecture estim\u00e9e":"3 minutes"},"schema":{"@context":"https:\/\/schema.org","@graph":[{"@type":"Article","@id":"https:\/\/voxsahel.com\/?p=1225#article","isPartOf":{"@id":"https:\/\/voxsahel.com\/?p=1225"},"author":{"name":"Vox Sahel","@id":"https:\/\/voxsahel.com\/#\/schema\/person\/b4043608248f8fa227cd760e7ff1e19e"},"headline":"Hadj 2025 : Une nouvelle convention entre le Burkina et l&rsquo;Arabie Saoudite","datePublished":"2025-01-15T17:01:35+00:00","mainEntityOfPage":{"@id":"https:\/\/voxsahel.com\/?p=1225"},"wordCount":512,"commentCount":0,"publisher":{"@id":"https:\/\/voxsahel.com\/#organization"},"image":{"@id":"https:\/\/voxsahel.com\/?p=1225#primaryimage"},"thumbnailUrl":"https:\/\/voxsahel.com\/wp-content\/uploads\/2025\/01\/1736786510893.jpg","keywords":["Arabie Saoudite","Burkina Faso","Communaut\u00e9 musulmane du Burkina Faso","Hadj","Hadj2025","Mecque","P\u00e8lerinage","Religion"],"articleSection":["SOCIETE"],"inLanguage":"fr-FR","potentialAction":[{"@type":"CommentAction","name":"Comment","target":["https:\/\/voxsahel.com\/?p=1225#respond"]}]},{"@type":"WebPage","@id":"https:\/\/voxsahel.com\/?p=1225","url":"https:\/\/voxsahel.com\/?p=1225","name":"Hadj 2025 : Une nouvelle convention entre le Burkina et l'Arabie Saoudite - Vox Sahel","isPartOf":{"@id":"https:\/\/voxsahel.com\/#website"},"primaryImageOfPage":{"@id":"https:\/\/voxsahel.com\/?p=1225#primaryimage"},"image":{"@id":"https:\/\/voxsahel.com\/?p=1225#primaryimage"},"thumbnailUrl":"https:\/\/voxsahel.com\/wp-content\/uploads\/2025\/01\/1736786510893.jpg","datePublished":"2025-01-15T17:01:35+00:00","breadcrumb":{"@id":"https:\/\/voxsahel.com\/?p=1225#breadcrumb"},"inLanguage":"fr-FR","potentialAction":[{"@type":"ReadAction","target":["https:\/\/voxsahel.com\/?p=1225"]}]},{"@type":"ImageObject","inLanguage":"fr-FR","@id":"https:\/\/voxsahel.com\/?p=1225#primaryimage","url":"https:\/\/voxsahel.com\/wp-content\/uploads\/2025\/01\/1736786510893.jpg","contentUrl":"https:\/\/voxsahel.com\/wp-content\/uploads\/2025\/01\/1736786510893.jpg","width":720,"height":480,"caption":"Hadj 2025 : Une nouvelle convention entre le Burkina et l'Arabie Saoudite"},{"@type":"BreadcrumbList","@id":"https:\/\/voxsahel.com\/?p=1225#breadcrumb","itemListElement":[{"@type":"ListItem","position":1,"name":"Home","item":"https:\/\/voxsahel.com\/"},{"@type":"ListItem","position":2,"name":"Hadj 2025 : Une nouvelle convention entre le Burkina et l&rsquo;Arabie Saoudite"}]},{"@type":"WebSite","@id":"https:\/\/voxsahel.com\/#website","url":"https:\/\/voxsahel.com\/","name":"Vox Sahel","description":"Informez-vous sur le Sahel en un clic","publisher":{"@id":"https:\/\/voxsahel.com\/#organization"},"potentialAction":[{"@type":"SearchAction","target":{"@type":"EntryPoint","urlTemplate":"https:\/\/voxsahel.com\/?s={search_term_string}"},"query-input":{"@type":"PropertyValueSpecification","valueRequired":true,"valueName":"search_term_string"}}],"inLanguage":"fr-FR"},{"@type":"Organization","@id":"https:\/\/voxsahel.com\/#organization","name":"Vox Sahel","url":"https:\/\/voxsahel.com\/","logo":{"@type":"ImageObject","inLanguage":"fr-FR","@id":"https:\/\/voxsahel.com\/#\/schema\/logo\/image\/","url":"https:\/\/voxsahel.com\/wp-content\/uploads\/2024\/09\/Logo-Vox-Sahel.jpg","contentUrl":"https:\/\/voxsahel.com\/wp-content\/uploads\/2024\/09\/Logo-Vox-Sahel.jpg","width":1181,"height":848,"caption":"Vox Sahel"},"image":{"@id":"https:\/\/voxsahel.com\/#\/schema\/logo\/image\/"},"sameAs":["https:\/\/www.facebook.com\/journal.voxsahel"]},{"@type":"Person","@id":"https:\/\/voxsahel.com\/#\/schema\/person\/b4043608248f8fa227cd760e7ff1e19e","name":"Vox Sahel","image":{"@type":"ImageObject","inLanguage":"fr-FR","@id":"https:\/\/secure.gravatar.com\/avatar\/f70e7fa0cb9b29d4a7c5788d6eb2e9ab4d3135cbae1c9161810fdf77a8964699?s=96&d=mm&r=g","url":"https:\/\/secure.gravatar.com\/avatar\/f70e7fa0cb9b29d4a7c5788d6eb2e9ab4d3135cbae1c9161810fdf77a8964699?s=96&d=mm&r=g","contentUrl":"https:\/\/secure.gravatar.com\/avatar\/f70e7fa0cb9b29d4a7c5788d6eb2e9ab4d3135cbae1c9161810fdf77a8964699?s=96&d=mm&r=g","caption":"Vox Sahel"},"sameAs":["http:\/\/www.voxsahel.com"],"url":"https:\/\/voxsahel.com\/?author=2"}]}},"_links":{"self":[{"href":"https:\/\/voxsahel.com\/index.php?rest_route=\/wp\/v2\/posts\/1225","targetHints":{"allow":["GET"]}}],"collection":[{"href":"https:\/\/voxsahel.com\/index.php?rest_route=\/wp\/v2\/posts"}],"about":[{"href":"https:\/\/voxsahel.com\/index.php?rest_route=\/wp\/v2\/types\/post"}],"author":[{"embeddable":true,"href":"https:\/\/voxsahel.com\/index.php?rest_route=\/wp\/v2\/users\/2"}],"replies":[{"embeddable":true,"href":"https:\/\/voxsahel.com\/index.php?rest_route=%2Fwp%2Fv2%2Fcomments&post=1225"}],"version-history":[{"count":1,"href":"https:\/\/voxsahel.com\/index.php?rest_route=\/wp\/v2\/posts\/1225\/revisions"}],"predecessor-version":[{"id":1227,"href":"https:\/\/voxsahel.com\/index.php?rest_route=\/wp\/v2\/posts\/1225\/revisions\/1227"}],"wp:featuredmedia":[{"embeddable":true,"href":"https:\/\/voxsahel.com\/index.php?rest_route=\/wp\/v2\/media\/1226"}],"wp:attachment":[{"href":"https:\/\/voxsahel.com\/index.php?rest_route=%2Fwp%2Fv2%2Fmedia&parent=1225"}],"wp:term":[{"taxonomy":"category","embeddable":true,"href":"https:\/\/voxsahel.com\/index.php?rest_route=%2Fwp%2Fv2%2Fcategories&post=1225"},{"taxonomy":"post_tag","embeddable":true,"href":"https:\/\/voxsahel.com\/index.php?rest_route=%2Fwp%2Fv2%2Ftags&post=1225"}],"curies":[{"name":"wp","href":"https:\/\/api.w.org\/{rel}","templated":true}]}}