{"id":1220,"date":"2025-01-13T21:56:27","date_gmt":"2025-01-13T21:56:27","guid":{"rendered":"https:\/\/voxsahel.com\/?p=1220"},"modified":"2025-01-13T21:56:27","modified_gmt":"2025-01-13T21:56:27","slug":"le-capitaine-ibrahim-traore-aux-propos-de-macron-il-faut-une-lutte-implacable-contre-limperialisme-et-cela-doit-etre-une-priorite-chaque-jour","status":"publish","type":"post","link":"https:\/\/voxsahel.com\/?p=1220","title":{"rendered":"Le capitaine Ibrahim Traor\u00e9 aux propos de Macron :  \u00ab Il faut une lutte implacable contre l\u2019imp\u00e9rialisme, et cela doit \u00eatre une priorit\u00e9 chaque jour \u00bb"},"content":{"rendered":"<p class=\"p1\"><strong><span class=\"s1\">Le Capitaine Ibrahim Traor\u00e9, pr\u00e9sident du Burkina Faso, a r\u00e9agi avec fermet\u00e9 aux r\u00e9centes d\u00e9clarations d&rsquo;Emmanuel Macron, qui accusait les pays africains d&rsquo;ingratitude. Dans une interview accord\u00e9e ce lundi 13 janvier 2025, Traor\u00e9 a exprim\u00e9 son indignation et a rejet\u00e9 les accusations du pr\u00e9sident fran\u00e7ais, qu&rsquo;il consid\u00e8re comme une insulte \u00e0 l&rsquo;ensemble du continent africain.<\/span><\/strong><\/p>\n<p class=\"p1\"><span class=\"s1\">Lors de la premi\u00e8re c\u00e9r\u00e9monie de mont\u00e9e des couleurs de l&rsquo;ann\u00e9e au Palais de Koulouba, \u00e0 Ouagadougou, le Pr\u00e9sident du Faso a \u00e9voqu\u00e9 la n\u00e9cessit\u00e9 de mener un combat r\u00e9solu contre l&rsquo;imp\u00e9rialisme.<br \/>\n<\/span><\/p>\n<p class=\"p1\"><span class=\"s1\">Il a soulign\u00e9 l&rsquo;importance de cette lutte pour le continent africain et a invit\u00e9 le personnel de l&rsquo;institution \u00e0 int\u00e9grer cette mission dans leur quotidien. \u00ab Il faut une lutte implacable contre l\u2019imp\u00e9rialisme, et cela doit \u00eatre une priorit\u00e9 chaque jour \u00bb, a-t-il d\u00e9clar\u00e9. En se r\u00e9f\u00e9rant aux propos d&rsquo;Emmanuel Macron, qui a affirm\u00e9 que la France op\u00e9rait un changement de strat\u00e9gie pour maintenir ses forces en Afrique, Ibrahim Traor\u00e9 a d\u00e9nonc\u00e9 cette man\u0153uvre.<\/p>\n<p>Il a expliqu\u00e9 que, bien que la France ait dissout ses bases militaires, elle maintiendrait un dispositif pour s\u00e9curiser ses entreprises et ses int\u00e9r\u00eats sur le continent \u00e0 travers des soci\u00e9t\u00e9s de s\u00e9curit\u00e9. \u00ab Les soldats resteront l\u00e0, mais vous ne les verrez plus en uniforme ou rassembl\u00e9s dans des bases \u00bb, a-t-il pr\u00e9cis\u00e9.<\/span><\/p>\n<p class=\"p1\"><span class=\"s1\">Le Capitaine Traor\u00e9 a insist\u00e9 sur le fait que la seule fa\u00e7on de se lib\u00e9rer de l\u2019imp\u00e9rialisme occidental \u00e9tait de d\u00e9noncer les accords de d\u00e9fense coloniaux. Il a rappel\u00e9 que ces accords, sign\u00e9s apr\u00e8s les ind\u00e9pendances, sont \u00e0 la base de la domination continue de la France sur certains pays africains.<br \/>\n<\/span><\/p>\n<p class=\"p1\"><span class=\"s1\">Il a \u00e9galement mis en garde contre les conseillers militaires fran\u00e7ais, qui, selon lui, \u0153uvrent \u00e0 affaiblir les arm\u00e9es africaines afin de justifier la pr\u00e9sence de la France sur le continent.En r\u00e9ponse aux d\u00e9clarations de Macron, qui avait qualifi\u00e9 les Africains d\u2019ingrats, Ibrahim Traor\u00e9 a r\u00e9affirm\u00e9 que si quelqu\u2019un devait \u00eatre qualifi\u00e9 d\u2019ingrat, c\u2019\u00e9tait bien le pr\u00e9sident fran\u00e7ais.<br \/>\n<\/span><\/p>\n<blockquote>\n<p class=\"p1\"><span class=\"s1\">\u00ab Si Emmanuel Macron est croyant, il devrait prier les Africains chaque matin, car c\u2019est gr\u00e2ce \u00e0 nos anc\u00eatres que la France existe aujourd\u2019hui \u00bb, a-t-il martel\u00e9, rejetant ainsi l\u2019id\u00e9e d\u2019une Afrique ingrate.<\/span><\/p>\n<\/blockquote>\n<p class=\"p1\"><span class=\"s1\">\u00a0<\/span>Le Pr\u00e9sident du Faso a \u00e9galement d\u00e9nonc\u00e9 la persistance du colonialisme et de l\u2019imp\u00e9rialisme sous des formes modernes. Il a appel\u00e9 les Africains \u00e0 se r\u00e9veiller et \u00e0 prendre leur destin en main, en construisant un continent ind\u00e9pendant et autosuffisant.<\/p>\n<blockquote>\n<p class=\"p1\">\u00ab Il est temps que l\u2019Afrique se r\u00e9veille et prenne en main son avenir, loin de l\u2019influence des puissances occidentales \u00bb, a-t-il ajout\u00e9.<\/p>\n<\/blockquote>\n<p class=\"p1\"><span class=\"s1\">Le capitaine Ibrahim Traor\u00e9 a r\u00e9affirm\u00e9 son engagement en faveur d\u2019une Afrique souveraine, libre de toute tutelle ext\u00e9rieure. \u00ab L\u2019unit\u00e9 et l\u2019ind\u00e9pendance totale sont les cl\u00e9s de notre avenir, afin de garantir un avenir digne \u00e0 nos enfants \u00bb, a-t-il conclu.<\/span><\/p>\n<p class=\"p1\"><span class=\"s1\"><b>Par Amir BAKO <\/b><\/span><\/p>\n","protected":false},"excerpt":{"rendered":"<p>Le Capitaine Ibrahim Traor\u00e9, pr\u00e9sident du Burkina Faso, a r\u00e9agi avec fermet\u00e9 aux r\u00e9centes d\u00e9clarations<\/p>\n","protected":false},"author":2,"featured_media":1221,"comment_status":"open","ping_status":"open","sticky":false,"template":"","format":"standard","meta":{"_et_pb_use_builder":"","_et_pb_old_content":"","_et_gb_content_width":"","footnotes":""},"categories":[6],"tags":[61,62,18,174,87,550,278,49,31,60,75,20],"class_list":["post-1220","post","type-post","status-publish","format-standard","has-post-thumbnail","hentry","category-politique","tag-aes","tag-alliance-des-etats-du-sahel","tag-burkina-faso","tag-capitaine-ibrahim-traore","tag-diplomatie","tag-emmanuel-macron","tag-france","tag-geopolitique","tag-mali","tag-niger","tag-politique","tag-terrorisme"],"yoast_head":"<!-- This site is optimized with the Yoast SEO plugin v27.5 - https:\/\/yoast.com\/product\/yoast-seo-wordpress\/ -->\n<title>Le capitaine Ibrahim Traor\u00e9 aux propos de Macron : \u00ab Il faut une lutte implacable contre l\u2019imp\u00e9rialisme, et cela doit \u00eatre une priorit\u00e9 chaque jour \u00bb - Vox Sahel<\/title>\n<meta name=\"robots\" content=\"index, follow, max-snippet:-1, max-image-preview:large, max-video-preview:-1\" \/>\n<link rel=\"canonical\" href=\"https:\/\/voxsahel.com\/?p=1220\" \/>\n<meta property=\"og:locale\" content=\"fr_FR\" \/>\n<meta property=\"og:type\" content=\"article\" \/>\n<meta property=\"og:title\" content=\"Le capitaine Ibrahim Traor\u00e9 aux propos de Macron : \u00ab Il faut une lutte implacable contre l\u2019imp\u00e9rialisme, et cela doit \u00eatre une priorit\u00e9 chaque jour \u00bb - Vox Sahel\" \/>\n<meta property=\"og:description\" content=\"Le Capitaine Ibrahim Traor\u00e9, pr\u00e9sident du Burkina Faso, a r\u00e9agi avec fermet\u00e9 aux r\u00e9centes d\u00e9clarations\" \/>\n<meta property=\"og:url\" content=\"https:\/\/voxsahel.com\/?p=1220\" \/>\n<meta property=\"og:site_name\" content=\"Vox Sahel\" \/>\n<meta property=\"article:publisher\" content=\"https:\/\/www.facebook.com\/journal.voxsahel\" \/>\n<meta property=\"article:published_time\" content=\"2025-01-13T21:56:27+00:00\" \/>\n<meta property=\"og:image\" content=\"https:\/\/voxsahel.com\/wp-content\/uploads\/2025\/01\/9d92ae29-d3f8-4184-8dfc-1b36ab360199.jpeg\" \/>\n\t<meta property=\"og:image:width\" content=\"583\" \/>\n\t<meta property=\"og:image:height\" content=\"583\" \/>\n\t<meta property=\"og:image:type\" content=\"image\/jpeg\" \/>\n<meta name=\"author\" content=\"Vox Sahel\" \/>\n<meta name=\"twitter:card\" content=\"summary_large_image\" \/>\n<meta name=\"twitter:label1\" content=\"\u00c9crit par\" \/>\n\t<meta name=\"twitter:data1\" content=\"Vox Sahel\" \/>\n\t<meta name=\"twitter:label2\" content=\"Dur\u00e9e de lecture estim\u00e9e\" \/>\n\t<meta name=\"twitter:data2\" content=\"3 minutes\" \/>\n<script type=\"application\/ld+json\" class=\"yoast-schema-graph\">{\"@context\":\"https:\\\/\\\/schema.org\",\"@graph\":[{\"@type\":\"Article\",\"@id\":\"https:\\\/\\\/voxsahel.com\\\/?p=1220#article\",\"isPartOf\":{\"@id\":\"https:\\\/\\\/voxsahel.com\\\/?p=1220\"},\"author\":{\"name\":\"Vox Sahel\",\"@id\":\"https:\\\/\\\/voxsahel.com\\\/#\\\/schema\\\/person\\\/b4043608248f8fa227cd760e7ff1e19e\"},\"headline\":\"Le capitaine Ibrahim Traor\u00e9 aux propos de Macron : \u00ab Il faut une lutte implacable contre l\u2019imp\u00e9rialisme, et cela doit \u00eatre une priorit\u00e9 chaque jour \u00bb\",\"datePublished\":\"2025-01-13T21:56:27+00:00\",\"mainEntityOfPage\":{\"@id\":\"https:\\\/\\\/voxsahel.com\\\/?p=1220\"},\"wordCount\":556,\"commentCount\":0,\"publisher\":{\"@id\":\"https:\\\/\\\/voxsahel.com\\\/#organization\"},\"image\":{\"@id\":\"https:\\\/\\\/voxsahel.com\\\/?p=1220#primaryimage\"},\"thumbnailUrl\":\"https:\\\/\\\/voxsahel.com\\\/wp-content\\\/uploads\\\/2025\\\/01\\\/9d92ae29-d3f8-4184-8dfc-1b36ab360199.jpeg\",\"keywords\":[\"AES\",\"Alliance des \u00c9tats du Sahel\",\"Burkina Faso\",\"Capitaine Ibrahim Traor\u00e9\",\"Diplomatie\",\"Emmanuel Macron\",\"France\",\"G\u00e9opolitique\",\"Mali\",\"Niger\",\"Politique\",\"Terrorisme\"],\"articleSection\":[\"POLITIQUE\"],\"inLanguage\":\"fr-FR\",\"potentialAction\":[{\"@type\":\"CommentAction\",\"name\":\"Comment\",\"target\":[\"https:\\\/\\\/voxsahel.com\\\/?p=1220#respond\"]}]},{\"@type\":\"WebPage\",\"@id\":\"https:\\\/\\\/voxsahel.com\\\/?p=1220\",\"url\":\"https:\\\/\\\/voxsahel.com\\\/?p=1220\",\"name\":\"Le capitaine Ibrahim Traor\u00e9 aux propos de Macron : \u00ab Il faut une lutte implacable contre l\u2019imp\u00e9rialisme, et cela doit \u00eatre une priorit\u00e9 chaque jour \u00bb - Vox Sahel\",\"isPartOf\":{\"@id\":\"https:\\\/\\\/voxsahel.com\\\/#website\"},\"primaryImageOfPage\":{\"@id\":\"https:\\\/\\\/voxsahel.com\\\/?p=1220#primaryimage\"},\"image\":{\"@id\":\"https:\\\/\\\/voxsahel.com\\\/?p=1220#primaryimage\"},\"thumbnailUrl\":\"https:\\\/\\\/voxsahel.com\\\/wp-content\\\/uploads\\\/2025\\\/01\\\/9d92ae29-d3f8-4184-8dfc-1b36ab360199.jpeg\",\"datePublished\":\"2025-01-13T21:56:27+00:00\",\"breadcrumb\":{\"@id\":\"https:\\\/\\\/voxsahel.com\\\/?p=1220#breadcrumb\"},\"inLanguage\":\"fr-FR\",\"potentialAction\":[{\"@type\":\"ReadAction\",\"target\":[\"https:\\\/\\\/voxsahel.com\\\/?p=1220\"]}]},{\"@type\":\"ImageObject\",\"inLanguage\":\"fr-FR\",\"@id\":\"https:\\\/\\\/voxsahel.com\\\/?p=1220#primaryimage\",\"url\":\"https:\\\/\\\/voxsahel.com\\\/wp-content\\\/uploads\\\/2025\\\/01\\\/9d92ae29-d3f8-4184-8dfc-1b36ab360199.jpeg\",\"contentUrl\":\"https:\\\/\\\/voxsahel.com\\\/wp-content\\\/uploads\\\/2025\\\/01\\\/9d92ae29-d3f8-4184-8dfc-1b36ab360199.jpeg\",\"width\":583,\"height\":583},{\"@type\":\"BreadcrumbList\",\"@id\":\"https:\\\/\\\/voxsahel.com\\\/?p=1220#breadcrumb\",\"itemListElement\":[{\"@type\":\"ListItem\",\"position\":1,\"name\":\"Home\",\"item\":\"https:\\\/\\\/voxsahel.com\\\/\"},{\"@type\":\"ListItem\",\"position\":2,\"name\":\"Le capitaine Ibrahim Traor\u00e9 aux propos de Macron : \u00ab Il faut une lutte implacable contre l\u2019imp\u00e9rialisme, et cela doit \u00eatre une priorit\u00e9 chaque jour \u00bb\"}]},{\"@type\":\"WebSite\",\"@id\":\"https:\\\/\\\/voxsahel.com\\\/#website\",\"url\":\"https:\\\/\\\/voxsahel.com\\\/\",\"name\":\"Vox Sahel\",\"description\":\"Informez-vous sur le Sahel en un clic\",\"publisher\":{\"@id\":\"https:\\\/\\\/voxsahel.com\\\/#organization\"},\"potentialAction\":[{\"@type\":\"SearchAction\",\"target\":{\"@type\":\"EntryPoint\",\"urlTemplate\":\"https:\\\/\\\/voxsahel.com\\\/?s={search_term_string}\"},\"query-input\":{\"@type\":\"PropertyValueSpecification\",\"valueRequired\":true,\"valueName\":\"search_term_string\"}}],\"inLanguage\":\"fr-FR\"},{\"@type\":\"Organization\",\"@id\":\"https:\\\/\\\/voxsahel.com\\\/#organization\",\"name\":\"Vox Sahel\",\"url\":\"https:\\\/\\\/voxsahel.com\\\/\",\"logo\":{\"@type\":\"ImageObject\",\"inLanguage\":\"fr-FR\",\"@id\":\"https:\\\/\\\/voxsahel.com\\\/#\\\/schema\\\/logo\\\/image\\\/\",\"url\":\"https:\\\/\\\/voxsahel.com\\\/wp-content\\\/uploads\\\/2024\\\/09\\\/Logo-Vox-Sahel.jpg\",\"contentUrl\":\"https:\\\/\\\/voxsahel.com\\\/wp-content\\\/uploads\\\/2024\\\/09\\\/Logo-Vox-Sahel.jpg\",\"width\":1181,\"height\":848,\"caption\":\"Vox Sahel\"},\"image\":{\"@id\":\"https:\\\/\\\/voxsahel.com\\\/#\\\/schema\\\/logo\\\/image\\\/\"},\"sameAs\":[\"https:\\\/\\\/www.facebook.com\\\/journal.voxsahel\"]},{\"@type\":\"Person\",\"@id\":\"https:\\\/\\\/voxsahel.com\\\/#\\\/schema\\\/person\\\/b4043608248f8fa227cd760e7ff1e19e\",\"name\":\"Vox Sahel\",\"image\":{\"@type\":\"ImageObject\",\"inLanguage\":\"fr-FR\",\"@id\":\"https:\\\/\\\/secure.gravatar.com\\\/avatar\\\/f70e7fa0cb9b29d4a7c5788d6eb2e9ab4d3135cbae1c9161810fdf77a8964699?s=96&d=mm&r=g\",\"url\":\"https:\\\/\\\/secure.gravatar.com\\\/avatar\\\/f70e7fa0cb9b29d4a7c5788d6eb2e9ab4d3135cbae1c9161810fdf77a8964699?s=96&d=mm&r=g\",\"contentUrl\":\"https:\\\/\\\/secure.gravatar.com\\\/avatar\\\/f70e7fa0cb9b29d4a7c5788d6eb2e9ab4d3135cbae1c9161810fdf77a8964699?s=96&d=mm&r=g\",\"caption\":\"Vox Sahel\"},\"sameAs\":[\"http:\\\/\\\/www.voxsahel.com\"],\"url\":\"https:\\\/\\\/voxsahel.com\\\/?author=2\"}]}<\/script>\n<!-- \/ Yoast SEO plugin. -->","yoast_head_json":{"title":"Le capitaine Ibrahim Traor\u00e9 aux propos de Macron : \u00ab Il faut une lutte implacable contre l\u2019imp\u00e9rialisme, et cela doit \u00eatre une priorit\u00e9 chaque jour \u00bb - Vox Sahel","robots":{"index":"index","follow":"follow","max-snippet":"max-snippet:-1","max-image-preview":"max-image-preview:large","max-video-preview":"max-video-preview:-1"},"canonical":"https:\/\/voxsahel.com\/?p=1220","og_locale":"fr_FR","og_type":"article","og_title":"Le capitaine Ibrahim Traor\u00e9 aux propos de Macron : \u00ab Il faut une lutte implacable contre l\u2019imp\u00e9rialisme, et cela doit \u00eatre une priorit\u00e9 chaque jour \u00bb - Vox Sahel","og_description":"Le Capitaine Ibrahim Traor\u00e9, pr\u00e9sident du Burkina Faso, a r\u00e9agi avec fermet\u00e9 aux r\u00e9centes d\u00e9clarations","og_url":"https:\/\/voxsahel.com\/?p=1220","og_site_name":"Vox Sahel","article_publisher":"https:\/\/www.facebook.com\/journal.voxsahel","article_published_time":"2025-01-13T21:56:27+00:00","og_image":[{"width":583,"height":583,"url":"https:\/\/voxsahel.com\/wp-content\/uploads\/2025\/01\/9d92ae29-d3f8-4184-8dfc-1b36ab360199.jpeg","type":"image\/jpeg"}],"author":"Vox Sahel","twitter_card":"summary_large_image","twitter_misc":{"\u00c9crit par":"Vox Sahel","Dur\u00e9e de lecture estim\u00e9e":"3 minutes"},"schema":{"@context":"https:\/\/schema.org","@graph":[{"@type":"Article","@id":"https:\/\/voxsahel.com\/?p=1220#article","isPartOf":{"@id":"https:\/\/voxsahel.com\/?p=1220"},"author":{"name":"Vox Sahel","@id":"https:\/\/voxsahel.com\/#\/schema\/person\/b4043608248f8fa227cd760e7ff1e19e"},"headline":"Le capitaine Ibrahim Traor\u00e9 aux propos de Macron : \u00ab Il faut une lutte implacable contre l\u2019imp\u00e9rialisme, et cela doit \u00eatre une priorit\u00e9 chaque jour \u00bb","datePublished":"2025-01-13T21:56:27+00:00","mainEntityOfPage":{"@id":"https:\/\/voxsahel.com\/?p=1220"},"wordCount":556,"commentCount":0,"publisher":{"@id":"https:\/\/voxsahel.com\/#organization"},"image":{"@id":"https:\/\/voxsahel.com\/?p=1220#primaryimage"},"thumbnailUrl":"https:\/\/voxsahel.com\/wp-content\/uploads\/2025\/01\/9d92ae29-d3f8-4184-8dfc-1b36ab360199.jpeg","keywords":["AES","Alliance des \u00c9tats du Sahel","Burkina Faso","Capitaine Ibrahim Traor\u00e9","Diplomatie","Emmanuel Macron","France","G\u00e9opolitique","Mali","Niger","Politique","Terrorisme"],"articleSection":["POLITIQUE"],"inLanguage":"fr-FR","potentialAction":[{"@type":"CommentAction","name":"Comment","target":["https:\/\/voxsahel.com\/?p=1220#respond"]}]},{"@type":"WebPage","@id":"https:\/\/voxsahel.com\/?p=1220","url":"https:\/\/voxsahel.com\/?p=1220","name":"Le capitaine Ibrahim Traor\u00e9 aux propos de Macron : \u00ab Il faut une lutte implacable contre l\u2019imp\u00e9rialisme, et cela doit \u00eatre une priorit\u00e9 chaque jour \u00bb - Vox Sahel","isPartOf":{"@id":"https:\/\/voxsahel.com\/#website"},"primaryImageOfPage":{"@id":"https:\/\/voxsahel.com\/?p=1220#primaryimage"},"image":{"@id":"https:\/\/voxsahel.com\/?p=1220#primaryimage"},"thumbnailUrl":"https:\/\/voxsahel.com\/wp-content\/uploads\/2025\/01\/9d92ae29-d3f8-4184-8dfc-1b36ab360199.jpeg","datePublished":"2025-01-13T21:56:27+00:00","breadcrumb":{"@id":"https:\/\/voxsahel.com\/?p=1220#breadcrumb"},"inLanguage":"fr-FR","potentialAction":[{"@type":"ReadAction","target":["https:\/\/voxsahel.com\/?p=1220"]}]},{"@type":"ImageObject","inLanguage":"fr-FR","@id":"https:\/\/voxsahel.com\/?p=1220#primaryimage","url":"https:\/\/voxsahel.com\/wp-content\/uploads\/2025\/01\/9d92ae29-d3f8-4184-8dfc-1b36ab360199.jpeg","contentUrl":"https:\/\/voxsahel.com\/wp-content\/uploads\/2025\/01\/9d92ae29-d3f8-4184-8dfc-1b36ab360199.jpeg","width":583,"height":583},{"@type":"BreadcrumbList","@id":"https:\/\/voxsahel.com\/?p=1220#breadcrumb","itemListElement":[{"@type":"ListItem","position":1,"name":"Home","item":"https:\/\/voxsahel.com\/"},{"@type":"ListItem","position":2,"name":"Le capitaine Ibrahim Traor\u00e9 aux propos de Macron : \u00ab Il faut une lutte implacable contre l\u2019imp\u00e9rialisme, et cela doit \u00eatre une priorit\u00e9 chaque jour \u00bb"}]},{"@type":"WebSite","@id":"https:\/\/voxsahel.com\/#website","url":"https:\/\/voxsahel.com\/","name":"Vox Sahel","description":"Informez-vous sur le Sahel en un clic","publisher":{"@id":"https:\/\/voxsahel.com\/#organization"},"potentialAction":[{"@type":"SearchAction","target":{"@type":"EntryPoint","urlTemplate":"https:\/\/voxsahel.com\/?s={search_term_string}"},"query-input":{"@type":"PropertyValueSpecification","valueRequired":true,"valueName":"search_term_string"}}],"inLanguage":"fr-FR"},{"@type":"Organization","@id":"https:\/\/voxsahel.com\/#organization","name":"Vox Sahel","url":"https:\/\/voxsahel.com\/","logo":{"@type":"ImageObject","inLanguage":"fr-FR","@id":"https:\/\/voxsahel.com\/#\/schema\/logo\/image\/","url":"https:\/\/voxsahel.com\/wp-content\/uploads\/2024\/09\/Logo-Vox-Sahel.jpg","contentUrl":"https:\/\/voxsahel.com\/wp-content\/uploads\/2024\/09\/Logo-Vox-Sahel.jpg","width":1181,"height":848,"caption":"Vox Sahel"},"image":{"@id":"https:\/\/voxsahel.com\/#\/schema\/logo\/image\/"},"sameAs":["https:\/\/www.facebook.com\/journal.voxsahel"]},{"@type":"Person","@id":"https:\/\/voxsahel.com\/#\/schema\/person\/b4043608248f8fa227cd760e7ff1e19e","name":"Vox Sahel","image":{"@type":"ImageObject","inLanguage":"fr-FR","@id":"https:\/\/secure.gravatar.com\/avatar\/f70e7fa0cb9b29d4a7c5788d6eb2e9ab4d3135cbae1c9161810fdf77a8964699?s=96&d=mm&r=g","url":"https:\/\/secure.gravatar.com\/avatar\/f70e7fa0cb9b29d4a7c5788d6eb2e9ab4d3135cbae1c9161810fdf77a8964699?s=96&d=mm&r=g","contentUrl":"https:\/\/secure.gravatar.com\/avatar\/f70e7fa0cb9b29d4a7c5788d6eb2e9ab4d3135cbae1c9161810fdf77a8964699?s=96&d=mm&r=g","caption":"Vox Sahel"},"sameAs":["http:\/\/www.voxsahel.com"],"url":"https:\/\/voxsahel.com\/?author=2"}]}},"_links":{"self":[{"href":"https:\/\/voxsahel.com\/index.php?rest_route=\/wp\/v2\/posts\/1220","targetHints":{"allow":["GET"]}}],"collection":[{"href":"https:\/\/voxsahel.com\/index.php?rest_route=\/wp\/v2\/posts"}],"about":[{"href":"https:\/\/voxsahel.com\/index.php?rest_route=\/wp\/v2\/types\/post"}],"author":[{"embeddable":true,"href":"https:\/\/voxsahel.com\/index.php?rest_route=\/wp\/v2\/users\/2"}],"replies":[{"embeddable":true,"href":"https:\/\/voxsahel.com\/index.php?rest_route=%2Fwp%2Fv2%2Fcomments&post=1220"}],"version-history":[{"count":1,"href":"https:\/\/voxsahel.com\/index.php?rest_route=\/wp\/v2\/posts\/1220\/revisions"}],"predecessor-version":[{"id":1222,"href":"https:\/\/voxsahel.com\/index.php?rest_route=\/wp\/v2\/posts\/1220\/revisions\/1222"}],"wp:featuredmedia":[{"embeddable":true,"href":"https:\/\/voxsahel.com\/index.php?rest_route=\/wp\/v2\/media\/1221"}],"wp:attachment":[{"href":"https:\/\/voxsahel.com\/index.php?rest_route=%2Fwp%2Fv2%2Fmedia&parent=1220"}],"wp:term":[{"taxonomy":"category","embeddable":true,"href":"https:\/\/voxsahel.com\/index.php?rest_route=%2Fwp%2Fv2%2Fcategories&post=1220"},{"taxonomy":"post_tag","embeddable":true,"href":"https:\/\/voxsahel.com\/index.php?rest_route=%2Fwp%2Fv2%2Ftags&post=1220"}],"curies":[{"name":"wp","href":"https:\/\/api.w.org\/{rel}","templated":true}]}}