{"id":1214,"date":"2025-01-13T17:06:39","date_gmt":"2025-01-13T17:06:39","guid":{"rendered":"https:\/\/voxsahel.com\/?p=1214"},"modified":"2025-01-15T16:22:43","modified_gmt":"2025-01-15T16:22:43","slug":"lutte-contre-le-vih-sida-des-travailleurs-de-leconomie-informelle-engages-a-lutter-contre-le-mal","status":"publish","type":"post","link":"https:\/\/voxsahel.com\/?p=1214","title":{"rendered":"Lutte contre le VIH\/SIDA : Des travailleurs de l&rsquo;\u00e9conomie informelle engag\u00e9s \u00e0 lutter contre le mal"},"content":{"rendered":"<p><strong>Le Conseil national de l&rsquo;\u00e9conomie informelle du Burkina Faso (CNEI-BF), en partenariat avec le Secr\u00e9tariat permanent du Conseil national de lutte contre le Sida et les infections sexuellement transmissibles (SP\/CNLS-IST), a anim\u00e9 une conf\u00e9rence publique ce lundi 13 janvier 2025 \u00e0 Ouagadougou, au profit des acteurs du secteur informel. Cette rencontre s&rsquo;inscrit dans le cadre de la lutte contre le VIH\/Sida et les IST au Burkina.<\/strong><\/p>\n<p>Le secteur de l&rsquo;\u00e9conomie informelle, qui repr\u00e9sente 93,9 % de la population active du Burkina Faso, est crucial pour le pays. Cependant, il constitue \u00e9galement un milieu o\u00f9 la sensibilisation aux risques sanitaires, notamment au VIH\/SIDA et aux infections sexuellement transmissibles (IST), doit \u00eatre renforc\u00e9e. Salifou Niki\u00e9ma, pr\u00e9sident du bureau ex\u00e9cutif du Conseil national de l&rsquo;\u00e9conomie informelle du Burkina Faso, a soulign\u00e9 l&rsquo;importance de lutter contre le VIH\/SIDA et les IST.<\/p>\n<p>Il a tout d&rsquo;abord salu\u00e9 les efforts du Secr\u00e9tariat permanent du Conseil national de lutte contre le Sida et les IST (SP\/CNLS-IST) pour son travail constant dans la sensibilisation des travailleurs informels. Il a \u00e9galement exprim\u00e9 une gratitude particuli\u00e8re envers le minist\u00e8re en charge de l&#8217;emploi pour son soutien dans l&rsquo;am\u00e9lioration des conditions de vie et de travail des travailleurs informels ainsi que pour leur accompagnement dans le processus de formalisation. Selon lui, l&rsquo;\u00e9conomie informelle offre une \u00ab opportunit\u00e9 de saine occupation \u00bb pour la jeunesse et les populations actives, dans un contexte de ch\u00f4mage \u00e9lev\u00e9 et de pauvret\u00e9, des facteurs pouvant favoriser des activit\u00e9s criminelles.<\/p>\n<p>\u00ab Le secteur informel est pour nous un secteur que les politiques de nos pays ne doivent ni n\u00e9gliger ni d\u00e9laisser \u00bb, a-t-il pr\u00e9cis\u00e9, soulignant son r\u00f4le essentiel dans l&rsquo;apaisement du climat social. Cependant, la faible scolarisation des travailleurs du secteur informel constitue un obstacle majeur \u00e0 la lutte contre le VIH\/SIDA et les IST. Une \u00e9tude r\u00e9alis\u00e9e par l&rsquo;Institut national de la statistique et de la d\u00e9mographie (INSD) en 2008 a r\u00e9v\u00e9l\u00e9 que seulement 11,10 % des travailleurs informels \u00e9taient scolaris\u00e9s.<\/p>\n<p>\u00ab Ce faible taux n&rsquo;est pas sans cons\u00e9quences \u00bb, observe Salifou Niki\u00e9ma. \u00ab Le manque d&rsquo;instruction rend difficile l&rsquo;application des bonnes pratiques en mati\u00e8re de pr\u00e9vention des infections \u00bb, a-t-il ajout\u00e9. Il a \u00e9galement soulign\u00e9 que de nombreux travailleurs ignorent les risques du VIH\/SIDA et continuent d&rsquo;adopter des comportements qui exposent leurs familles et leurs unit\u00e9s \u00e9conomiques \u00e0 des dangers.<\/p>\n<p>Face \u00e0 ce d\u00e9fi, le pr\u00e9sident du CNEI-BF a salu\u00e9 l&rsquo;initiative du SP\/CNLS-IST qui a mis en place une approche de sensibilisation directe dans les march\u00e9s, les gares routi\u00e8res, les Yaars, et autres lieux de regroupement des travailleurs informe. \u00ab Cette approche est la meilleure, car elle nous met face \u00e0 nos responsabilit\u00e9s et permet un \u00e9change entre nous \u00bb, a-t-il affirm\u00e9. Il a \u00e9galement invit\u00e9 les travailleurs de la r\u00e9gion du Centre \u00e0 accueillir chaleureusement les paires \u00e9ducateurs pour diffuser le message de pr\u00e9vention du VIH\/SIDA et des IST.<\/p>\n<p>Le message principal v\u00e9hicul\u00e9 est clair : <strong>\u00ab Z\u00e9ro nouvelle contamination \u00bb<\/strong> . Cela signifie que chaque travailleur doit prendre en charge sa sant\u00e9, non seulement pour lui-m\u00eame, mais aussi pour la survie de son unit\u00e9 \u00e9conomique. Salifou Niki\u00e9ma a remerci\u00e9 les autorit\u00e9s burkinab\u00e8 pour leurs efforts en faveur de la s\u00e9curit\u00e9 et de la paix dans le pays, tout en appelant les travailleurs \u00e0 s&rsquo;informer, se faire d\u00e9pister et se prot\u00e9ger contre le VIH\/SIDA et les IST.<\/p>\n<p>Sa\u00efdou Rouamba, contr\u00f4leur interne du SP\/CNLS-IST et repr\u00e9sentant du SP\/CNLS-IST, a expliqu\u00e9 que le VIH reste un probl\u00e8me majeur de sant\u00e9 publique au Burkina. Toutefois, il a rappel\u00e9 les progr\u00e8s r\u00e9alis\u00e9s, notamment la r\u00e9duction de la pr\u00e9valence, qui est pass\u00e9e de 7 % dans les ann\u00e9es 1990 \u00e0 0,6 % en 2022.<\/p>\n<p>\u00ab Ces chiffres t\u00e9moignent des efforts consid\u00e9rables fournis par les diff\u00e9rents acteurs, y compris ceux du secteur informel, pour parvenir \u00e0 ces r\u00e9sultats \u00bb, a-t-il indiqu\u00e9. Cependant, il a insist\u00e9 sur le fait que le combat continue, car de nombreuses personnes pensent que le VIH a \u00e9t\u00e9 vaincu. \u00ab Les donn\u00e9es dont nous disposons montrent le contraire. Bien que la pr\u00e9valence soit aujourd&rsquo;hui inf\u00e9rieure \u00e0 1 % au sein de la population g\u00e9n\u00e9rale, elle reste \u00e9lev\u00e9e dans certains groupes \u00bb, a-t-il averti, en pr\u00e9cisant que les jeunes adoptent aujourd&rsquo;hui des comportements pr\u00e9occupants.<\/p>\n<p>\u00ab Si nous ne faisons rien face \u00e0 cette r\u00e9alit\u00e9 en conduisant les actions n\u00e9cessaires, nous risquons de voir resurgir le VIH \u00bb, a-t-il pr\u00e9venu. Il a conclu en rappelant que le partenariat avec le CNEI-BF, qui demeure solide, produit des r\u00e9sultats probants sur le terrain.<\/p>\n<p style=\"text-align: right;\"><strong>Par Amir BAKO<\/strong><\/p>\n","protected":false},"excerpt":{"rendered":"<p>Le Conseil national de l&rsquo;\u00e9conomie informelle du Burkina Faso (CNEI-BF), en partenariat avec le Secr\u00e9tariat<\/p>\n","protected":false},"author":2,"featured_media":1223,"comment_status":"open","ping_status":"open","sticky":false,"template":"","format":"standard","meta":{"_et_pb_use_builder":"","_et_pb_old_content":"","_et_gb_content_width":"","footnotes":""},"categories":[5],"tags":[18,548,549,465,547,546,545],"class_list":["post-1214","post","type-post","status-publish","format-standard","has-post-thumbnail","hentry","category-societe","tag-burkina-faso","tag-cnei-bf","tag-conseil-national-de-leconomie-informelle-du-burkina-faso","tag-economie-informelle","tag-ist","tag-sp-cnls-ist","tag-vih-sida"],"yoast_head":"<!-- This site is optimized with the Yoast SEO plugin v27.5 - https:\/\/yoast.com\/product\/yoast-seo-wordpress\/ -->\n<title>Lutte contre le VIH\/SIDA : Des travailleurs de l&#039;\u00e9conomie informelle engag\u00e9s \u00e0 lutter contre le mal - Vox Sahel<\/title>\n<meta name=\"robots\" content=\"index, follow, max-snippet:-1, max-image-preview:large, max-video-preview:-1\" \/>\n<link rel=\"canonical\" href=\"https:\/\/voxsahel.com\/?p=1214\" \/>\n<meta property=\"og:locale\" content=\"fr_FR\" \/>\n<meta property=\"og:type\" content=\"article\" \/>\n<meta property=\"og:title\" content=\"Lutte contre le VIH\/SIDA : Des travailleurs de l&#039;\u00e9conomie informelle engag\u00e9s \u00e0 lutter contre le mal - Vox Sahel\" \/>\n<meta property=\"og:description\" content=\"Le Conseil national de l&rsquo;\u00e9conomie informelle du Burkina Faso (CNEI-BF), en partenariat avec le Secr\u00e9tariat\" \/>\n<meta property=\"og:url\" content=\"https:\/\/voxsahel.com\/?p=1214\" \/>\n<meta property=\"og:site_name\" content=\"Vox Sahel\" \/>\n<meta property=\"article:publisher\" content=\"https:\/\/www.facebook.com\/journal.voxsahel\" \/>\n<meta property=\"article:published_time\" content=\"2025-01-13T17:06:39+00:00\" \/>\n<meta property=\"article:modified_time\" content=\"2025-01-15T16:22:43+00:00\" \/>\n<meta property=\"og:image\" content=\"https:\/\/voxsahel.com\/wp-content\/uploads\/2025\/01\/35ad0e31-ad29-456e-88b9-e1dd1d435603.jpeg\" \/>\n\t<meta property=\"og:image:width\" content=\"1016\" \/>\n\t<meta property=\"og:image:height\" content=\"858\" \/>\n\t<meta property=\"og:image:type\" content=\"image\/jpeg\" \/>\n<meta name=\"author\" content=\"Vox Sahel\" \/>\n<meta name=\"twitter:card\" content=\"summary_large_image\" \/>\n<meta name=\"twitter:label1\" content=\"\u00c9crit par\" \/>\n\t<meta name=\"twitter:data1\" content=\"Vox Sahel\" \/>\n\t<meta name=\"twitter:label2\" content=\"Dur\u00e9e de lecture estim\u00e9e\" \/>\n\t<meta name=\"twitter:data2\" content=\"4 minutes\" \/>\n<script type=\"application\/ld+json\" class=\"yoast-schema-graph\">{\"@context\":\"https:\\\/\\\/schema.org\",\"@graph\":[{\"@type\":\"Article\",\"@id\":\"https:\\\/\\\/voxsahel.com\\\/?p=1214#article\",\"isPartOf\":{\"@id\":\"https:\\\/\\\/voxsahel.com\\\/?p=1214\"},\"author\":{\"name\":\"Vox Sahel\",\"@id\":\"https:\\\/\\\/voxsahel.com\\\/#\\\/schema\\\/person\\\/b4043608248f8fa227cd760e7ff1e19e\"},\"headline\":\"Lutte contre le VIH\\\/SIDA : Des travailleurs de l&rsquo;\u00e9conomie informelle engag\u00e9s \u00e0 lutter contre le mal\",\"datePublished\":\"2025-01-13T17:06:39+00:00\",\"dateModified\":\"2025-01-15T16:22:43+00:00\",\"mainEntityOfPage\":{\"@id\":\"https:\\\/\\\/voxsahel.com\\\/?p=1214\"},\"wordCount\":818,\"commentCount\":0,\"publisher\":{\"@id\":\"https:\\\/\\\/voxsahel.com\\\/#organization\"},\"image\":{\"@id\":\"https:\\\/\\\/voxsahel.com\\\/?p=1214#primaryimage\"},\"thumbnailUrl\":\"https:\\\/\\\/voxsahel.com\\\/wp-content\\\/uploads\\\/2025\\\/01\\\/35ad0e31-ad29-456e-88b9-e1dd1d435603.jpeg\",\"keywords\":[\"Burkina Faso\",\"CNEI-BF\",\"Conseil national de l'\u00e9conomie informelle du Burkina Faso\",\"Economie informelle\",\"IST\",\"SP\\\/CNLS-IST\",\"VIH\\\/Sida\"],\"articleSection\":[\"SOCIETE\"],\"inLanguage\":\"fr-FR\",\"potentialAction\":[{\"@type\":\"CommentAction\",\"name\":\"Comment\",\"target\":[\"https:\\\/\\\/voxsahel.com\\\/?p=1214#respond\"]}]},{\"@type\":\"WebPage\",\"@id\":\"https:\\\/\\\/voxsahel.com\\\/?p=1214\",\"url\":\"https:\\\/\\\/voxsahel.com\\\/?p=1214\",\"name\":\"Lutte contre le VIH\\\/SIDA : Des travailleurs de l'\u00e9conomie informelle engag\u00e9s \u00e0 lutter contre le mal - Vox Sahel\",\"isPartOf\":{\"@id\":\"https:\\\/\\\/voxsahel.com\\\/#website\"},\"primaryImageOfPage\":{\"@id\":\"https:\\\/\\\/voxsahel.com\\\/?p=1214#primaryimage\"},\"image\":{\"@id\":\"https:\\\/\\\/voxsahel.com\\\/?p=1214#primaryimage\"},\"thumbnailUrl\":\"https:\\\/\\\/voxsahel.com\\\/wp-content\\\/uploads\\\/2025\\\/01\\\/35ad0e31-ad29-456e-88b9-e1dd1d435603.jpeg\",\"datePublished\":\"2025-01-13T17:06:39+00:00\",\"dateModified\":\"2025-01-15T16:22:43+00:00\",\"breadcrumb\":{\"@id\":\"https:\\\/\\\/voxsahel.com\\\/?p=1214#breadcrumb\"},\"inLanguage\":\"fr-FR\",\"potentialAction\":[{\"@type\":\"ReadAction\",\"target\":[\"https:\\\/\\\/voxsahel.com\\\/?p=1214\"]}]},{\"@type\":\"ImageObject\",\"inLanguage\":\"fr-FR\",\"@id\":\"https:\\\/\\\/voxsahel.com\\\/?p=1214#primaryimage\",\"url\":\"https:\\\/\\\/voxsahel.com\\\/wp-content\\\/uploads\\\/2025\\\/01\\\/35ad0e31-ad29-456e-88b9-e1dd1d435603.jpeg\",\"contentUrl\":\"https:\\\/\\\/voxsahel.com\\\/wp-content\\\/uploads\\\/2025\\\/01\\\/35ad0e31-ad29-456e-88b9-e1dd1d435603.jpeg\",\"width\":1016,\"height\":858},{\"@type\":\"BreadcrumbList\",\"@id\":\"https:\\\/\\\/voxsahel.com\\\/?p=1214#breadcrumb\",\"itemListElement\":[{\"@type\":\"ListItem\",\"position\":1,\"name\":\"Home\",\"item\":\"https:\\\/\\\/voxsahel.com\\\/\"},{\"@type\":\"ListItem\",\"position\":2,\"name\":\"Lutte contre le VIH\\\/SIDA : Des travailleurs de l&rsquo;\u00e9conomie informelle engag\u00e9s \u00e0 lutter contre le mal\"}]},{\"@type\":\"WebSite\",\"@id\":\"https:\\\/\\\/voxsahel.com\\\/#website\",\"url\":\"https:\\\/\\\/voxsahel.com\\\/\",\"name\":\"Vox Sahel\",\"description\":\"Informez-vous sur le Sahel en un clic\",\"publisher\":{\"@id\":\"https:\\\/\\\/voxsahel.com\\\/#organization\"},\"potentialAction\":[{\"@type\":\"SearchAction\",\"target\":{\"@type\":\"EntryPoint\",\"urlTemplate\":\"https:\\\/\\\/voxsahel.com\\\/?s={search_term_string}\"},\"query-input\":{\"@type\":\"PropertyValueSpecification\",\"valueRequired\":true,\"valueName\":\"search_term_string\"}}],\"inLanguage\":\"fr-FR\"},{\"@type\":\"Organization\",\"@id\":\"https:\\\/\\\/voxsahel.com\\\/#organization\",\"name\":\"Vox Sahel\",\"url\":\"https:\\\/\\\/voxsahel.com\\\/\",\"logo\":{\"@type\":\"ImageObject\",\"inLanguage\":\"fr-FR\",\"@id\":\"https:\\\/\\\/voxsahel.com\\\/#\\\/schema\\\/logo\\\/image\\\/\",\"url\":\"https:\\\/\\\/voxsahel.com\\\/wp-content\\\/uploads\\\/2024\\\/09\\\/Logo-Vox-Sahel.jpg\",\"contentUrl\":\"https:\\\/\\\/voxsahel.com\\\/wp-content\\\/uploads\\\/2024\\\/09\\\/Logo-Vox-Sahel.jpg\",\"width\":1181,\"height\":848,\"caption\":\"Vox Sahel\"},\"image\":{\"@id\":\"https:\\\/\\\/voxsahel.com\\\/#\\\/schema\\\/logo\\\/image\\\/\"},\"sameAs\":[\"https:\\\/\\\/www.facebook.com\\\/journal.voxsahel\"]},{\"@type\":\"Person\",\"@id\":\"https:\\\/\\\/voxsahel.com\\\/#\\\/schema\\\/person\\\/b4043608248f8fa227cd760e7ff1e19e\",\"name\":\"Vox Sahel\",\"image\":{\"@type\":\"ImageObject\",\"inLanguage\":\"fr-FR\",\"@id\":\"https:\\\/\\\/secure.gravatar.com\\\/avatar\\\/f70e7fa0cb9b29d4a7c5788d6eb2e9ab4d3135cbae1c9161810fdf77a8964699?s=96&d=mm&r=g\",\"url\":\"https:\\\/\\\/secure.gravatar.com\\\/avatar\\\/f70e7fa0cb9b29d4a7c5788d6eb2e9ab4d3135cbae1c9161810fdf77a8964699?s=96&d=mm&r=g\",\"contentUrl\":\"https:\\\/\\\/secure.gravatar.com\\\/avatar\\\/f70e7fa0cb9b29d4a7c5788d6eb2e9ab4d3135cbae1c9161810fdf77a8964699?s=96&d=mm&r=g\",\"caption\":\"Vox Sahel\"},\"sameAs\":[\"http:\\\/\\\/www.voxsahel.com\"],\"url\":\"https:\\\/\\\/voxsahel.com\\\/?author=2\"}]}<\/script>\n<!-- \/ Yoast SEO plugin. -->","yoast_head_json":{"title":"Lutte contre le VIH\/SIDA : Des travailleurs de l'\u00e9conomie informelle engag\u00e9s \u00e0 lutter contre le mal - Vox Sahel","robots":{"index":"index","follow":"follow","max-snippet":"max-snippet:-1","max-image-preview":"max-image-preview:large","max-video-preview":"max-video-preview:-1"},"canonical":"https:\/\/voxsahel.com\/?p=1214","og_locale":"fr_FR","og_type":"article","og_title":"Lutte contre le VIH\/SIDA : Des travailleurs de l'\u00e9conomie informelle engag\u00e9s \u00e0 lutter contre le mal - Vox Sahel","og_description":"Le Conseil national de l&rsquo;\u00e9conomie informelle du Burkina Faso (CNEI-BF), en partenariat avec le Secr\u00e9tariat","og_url":"https:\/\/voxsahel.com\/?p=1214","og_site_name":"Vox Sahel","article_publisher":"https:\/\/www.facebook.com\/journal.voxsahel","article_published_time":"2025-01-13T17:06:39+00:00","article_modified_time":"2025-01-15T16:22:43+00:00","og_image":[{"width":1016,"height":858,"url":"https:\/\/voxsahel.com\/wp-content\/uploads\/2025\/01\/35ad0e31-ad29-456e-88b9-e1dd1d435603.jpeg","type":"image\/jpeg"}],"author":"Vox Sahel","twitter_card":"summary_large_image","twitter_misc":{"\u00c9crit par":"Vox Sahel","Dur\u00e9e de lecture estim\u00e9e":"4 minutes"},"schema":{"@context":"https:\/\/schema.org","@graph":[{"@type":"Article","@id":"https:\/\/voxsahel.com\/?p=1214#article","isPartOf":{"@id":"https:\/\/voxsahel.com\/?p=1214"},"author":{"name":"Vox Sahel","@id":"https:\/\/voxsahel.com\/#\/schema\/person\/b4043608248f8fa227cd760e7ff1e19e"},"headline":"Lutte contre le VIH\/SIDA : Des travailleurs de l&rsquo;\u00e9conomie informelle engag\u00e9s \u00e0 lutter contre le mal","datePublished":"2025-01-13T17:06:39+00:00","dateModified":"2025-01-15T16:22:43+00:00","mainEntityOfPage":{"@id":"https:\/\/voxsahel.com\/?p=1214"},"wordCount":818,"commentCount":0,"publisher":{"@id":"https:\/\/voxsahel.com\/#organization"},"image":{"@id":"https:\/\/voxsahel.com\/?p=1214#primaryimage"},"thumbnailUrl":"https:\/\/voxsahel.com\/wp-content\/uploads\/2025\/01\/35ad0e31-ad29-456e-88b9-e1dd1d435603.jpeg","keywords":["Burkina Faso","CNEI-BF","Conseil national de l'\u00e9conomie informelle du Burkina Faso","Economie informelle","IST","SP\/CNLS-IST","VIH\/Sida"],"articleSection":["SOCIETE"],"inLanguage":"fr-FR","potentialAction":[{"@type":"CommentAction","name":"Comment","target":["https:\/\/voxsahel.com\/?p=1214#respond"]}]},{"@type":"WebPage","@id":"https:\/\/voxsahel.com\/?p=1214","url":"https:\/\/voxsahel.com\/?p=1214","name":"Lutte contre le VIH\/SIDA : Des travailleurs de l'\u00e9conomie informelle engag\u00e9s \u00e0 lutter contre le mal - Vox Sahel","isPartOf":{"@id":"https:\/\/voxsahel.com\/#website"},"primaryImageOfPage":{"@id":"https:\/\/voxsahel.com\/?p=1214#primaryimage"},"image":{"@id":"https:\/\/voxsahel.com\/?p=1214#primaryimage"},"thumbnailUrl":"https:\/\/voxsahel.com\/wp-content\/uploads\/2025\/01\/35ad0e31-ad29-456e-88b9-e1dd1d435603.jpeg","datePublished":"2025-01-13T17:06:39+00:00","dateModified":"2025-01-15T16:22:43+00:00","breadcrumb":{"@id":"https:\/\/voxsahel.com\/?p=1214#breadcrumb"},"inLanguage":"fr-FR","potentialAction":[{"@type":"ReadAction","target":["https:\/\/voxsahel.com\/?p=1214"]}]},{"@type":"ImageObject","inLanguage":"fr-FR","@id":"https:\/\/voxsahel.com\/?p=1214#primaryimage","url":"https:\/\/voxsahel.com\/wp-content\/uploads\/2025\/01\/35ad0e31-ad29-456e-88b9-e1dd1d435603.jpeg","contentUrl":"https:\/\/voxsahel.com\/wp-content\/uploads\/2025\/01\/35ad0e31-ad29-456e-88b9-e1dd1d435603.jpeg","width":1016,"height":858},{"@type":"BreadcrumbList","@id":"https:\/\/voxsahel.com\/?p=1214#breadcrumb","itemListElement":[{"@type":"ListItem","position":1,"name":"Home","item":"https:\/\/voxsahel.com\/"},{"@type":"ListItem","position":2,"name":"Lutte contre le VIH\/SIDA : Des travailleurs de l&rsquo;\u00e9conomie informelle engag\u00e9s \u00e0 lutter contre le mal"}]},{"@type":"WebSite","@id":"https:\/\/voxsahel.com\/#website","url":"https:\/\/voxsahel.com\/","name":"Vox Sahel","description":"Informez-vous sur le Sahel en un clic","publisher":{"@id":"https:\/\/voxsahel.com\/#organization"},"potentialAction":[{"@type":"SearchAction","target":{"@type":"EntryPoint","urlTemplate":"https:\/\/voxsahel.com\/?s={search_term_string}"},"query-input":{"@type":"PropertyValueSpecification","valueRequired":true,"valueName":"search_term_string"}}],"inLanguage":"fr-FR"},{"@type":"Organization","@id":"https:\/\/voxsahel.com\/#organization","name":"Vox Sahel","url":"https:\/\/voxsahel.com\/","logo":{"@type":"ImageObject","inLanguage":"fr-FR","@id":"https:\/\/voxsahel.com\/#\/schema\/logo\/image\/","url":"https:\/\/voxsahel.com\/wp-content\/uploads\/2024\/09\/Logo-Vox-Sahel.jpg","contentUrl":"https:\/\/voxsahel.com\/wp-content\/uploads\/2024\/09\/Logo-Vox-Sahel.jpg","width":1181,"height":848,"caption":"Vox Sahel"},"image":{"@id":"https:\/\/voxsahel.com\/#\/schema\/logo\/image\/"},"sameAs":["https:\/\/www.facebook.com\/journal.voxsahel"]},{"@type":"Person","@id":"https:\/\/voxsahel.com\/#\/schema\/person\/b4043608248f8fa227cd760e7ff1e19e","name":"Vox Sahel","image":{"@type":"ImageObject","inLanguage":"fr-FR","@id":"https:\/\/secure.gravatar.com\/avatar\/f70e7fa0cb9b29d4a7c5788d6eb2e9ab4d3135cbae1c9161810fdf77a8964699?s=96&d=mm&r=g","url":"https:\/\/secure.gravatar.com\/avatar\/f70e7fa0cb9b29d4a7c5788d6eb2e9ab4d3135cbae1c9161810fdf77a8964699?s=96&d=mm&r=g","contentUrl":"https:\/\/secure.gravatar.com\/avatar\/f70e7fa0cb9b29d4a7c5788d6eb2e9ab4d3135cbae1c9161810fdf77a8964699?s=96&d=mm&r=g","caption":"Vox Sahel"},"sameAs":["http:\/\/www.voxsahel.com"],"url":"https:\/\/voxsahel.com\/?author=2"}]}},"_links":{"self":[{"href":"https:\/\/voxsahel.com\/index.php?rest_route=\/wp\/v2\/posts\/1214","targetHints":{"allow":["GET"]}}],"collection":[{"href":"https:\/\/voxsahel.com\/index.php?rest_route=\/wp\/v2\/posts"}],"about":[{"href":"https:\/\/voxsahel.com\/index.php?rest_route=\/wp\/v2\/types\/post"}],"author":[{"embeddable":true,"href":"https:\/\/voxsahel.com\/index.php?rest_route=\/wp\/v2\/users\/2"}],"replies":[{"embeddable":true,"href":"https:\/\/voxsahel.com\/index.php?rest_route=%2Fwp%2Fv2%2Fcomments&post=1214"}],"version-history":[{"count":2,"href":"https:\/\/voxsahel.com\/index.php?rest_route=\/wp\/v2\/posts\/1214\/revisions"}],"predecessor-version":[{"id":1224,"href":"https:\/\/voxsahel.com\/index.php?rest_route=\/wp\/v2\/posts\/1214\/revisions\/1224"}],"wp:featuredmedia":[{"embeddable":true,"href":"https:\/\/voxsahel.com\/index.php?rest_route=\/wp\/v2\/media\/1223"}],"wp:attachment":[{"href":"https:\/\/voxsahel.com\/index.php?rest_route=%2Fwp%2Fv2%2Fmedia&parent=1214"}],"wp:term":[{"taxonomy":"category","embeddable":true,"href":"https:\/\/voxsahel.com\/index.php?rest_route=%2Fwp%2Fv2%2Fcategories&post=1214"},{"taxonomy":"post_tag","embeddable":true,"href":"https:\/\/voxsahel.com\/index.php?rest_route=%2Fwp%2Fv2%2Ftags&post=1214"}],"curies":[{"name":"wp","href":"https:\/\/api.w.org\/{rel}","templated":true}]}}