{"id":1208,"date":"2025-01-11T05:54:08","date_gmt":"2025-01-11T05:54:08","guid":{"rendered":"https:\/\/voxsahel.com\/?p=1208"},"modified":"2025-01-11T05:54:08","modified_gmt":"2025-01-11T05:54:08","slug":"lancement-du-programme-des-pelerinages-pour-lannee-jubilaire-2025-asr-voyages-veut-faire-vivre-a-ses-pelerins-des-voyages-spirituels-memorables","status":"publish","type":"post","link":"https:\/\/voxsahel.com\/?p=1208","title":{"rendered":"Lancement du Programme des P\u00e8lerinages pour l&rsquo;ann\u00e9e jubilaire 2025 : ASR-Voyages veut faire vivre \u00e0 ses p\u00e8lerins des voyages spirituels m\u00e9morables"},"content":{"rendered":"<p class=\"p1\"><span class=\"s1\">\u00a0<\/span><strong>Le 10 janvier 2025, l&rsquo;Agence Sainte Rita Voyages (ASR-Voyages) a officiellement lanc\u00e9 son programme de p\u00e8lerinages pour l&rsquo;ann\u00e9e jubilaire lors d&rsquo;une conf\u00e9rence solennelle. Cet \u00e9v\u00e9nement a \u00e9t\u00e9 marqu\u00e9 par un message d&rsquo;esp\u00e9rance, de paix et de b\u00e9n\u00e9dictions, particuli\u00e8rement pour le Burkina Faso.<\/strong><\/p>\n<p class=\"p1\"><span class=\"s1\">\u00a0<\/span>Iren\u00e9e Tiendreb\u00e9ogo, promoteur de l&rsquo;Agence, a exprim\u00e9 ses v\u0153ux de paix et de b\u00e9n\u00e9dictions pour l\u2019ann\u00e9e \u00e0 venir, en insistant sur l&rsquo;importance de la foi et de l\u2019esp\u00e9rance. Il a \u00e9galement soulign\u00e9 que l&rsquo;ann\u00e9e 2025, consacr\u00e9e au jubil\u00e9 de la r\u00e9demption, serait l\u2019occasion pour les catholiques de se rapprocher de Dieu en red\u00e9couvrant les lieux saints de la chr\u00e9tient\u00e9.<\/p>\n<p class=\"p1\"><span class=\"s1\">Le th\u00e8me de cette ann\u00e9e, choisi par l&rsquo;\u00c9glise universelle, \u00ab P\u00e8lerins de l\u2019Esp\u00e9rance \u00bb, a \u00e9t\u00e9 adopt\u00e9 par ASR-Voyages pour guider les p\u00e8lerins tout au long de l&rsquo;ann\u00e9e. L&rsquo;Agence, qui \u0153uvre depuis 2019 dans l&rsquo;organisation de p\u00e8lerinages, s&rsquo;est sp\u00e9cialis\u00e9e dans les voyages spirituels personnalis\u00e9s, avec plus de 500 p\u00e8lerins accompagn\u00e9s vers des destinations sacr\u00e9es au cours de ses six premi\u00e8res ann\u00e9es d&rsquo;existence. <\/span><\/p>\n<p class=\"p1\"><span class=\"s1\">Iren\u00e9e Tiendreb\u00e9ogo a insist\u00e9 sur l&rsquo;engagement de son \u00e9quipe d\u00e9vou\u00e9e \u00e0 offrir une exp\u00e9rience spirituelle de qualit\u00e9, en veillant \u00e0 la s\u00e9curit\u00e9 et au confort des p\u00e8lerins.Pour l&rsquo;ann\u00e9e jubilaire 2025, ASR-Voyages a concoct\u00e9 un programme vari\u00e9, proposant des itin\u00e9raires vers les principaux sanctuaires chr\u00e9tiens en Afrique, en Europe, au Moyen-Orient et au Canada, notamment la Terre Sainte, Rome, Lourdes et Fatima.<\/span><\/p>\n<p class=\"p1\"><span class=\"s1\"> L&rsquo;Agence promet un accompagnement personnalis\u00e9 et s\u00e9curis\u00e9 tout au long de ces p\u00e8lerinages. Malgr\u00e9 les d\u00e9fis mondiaux actuels, ASR-Voyages reste d\u00e9termin\u00e9e \u00e0 offrir un service de qualit\u00e9, en respectant toutes les normes de s\u00e9curit\u00e9 et sanitaires. <\/span><\/p>\n<blockquote>\n<p class=\"p1\"><span class=\"s1\">\u00ab Nous sommes conscients des difficult\u00e9s actuelles, mais notre priorit\u00e9 est d\u2019assurer des p\u00e8lerinages s\u00fbrs, enrichissants et profond\u00e9ment spirituels \u00bb, a d\u00e9clar\u00e9 Tiendreb\u00e9ogo.<\/span><\/p>\n<\/blockquote>\n<p class=\"p1\"><span class=\"s1\">L&rsquo;Agence Sainte Rita Voyages, fid\u00e8le \u00e0 la tradition du jubil\u00e9 instaur\u00e9e par le Pape Boniface VIII en 1300, invite les p\u00e8lerins \u00e0 vivre des moments de r\u00e9conciliation, de m\u00e9ditation et de renouveau spirituel. Tiendreb\u00e9ogo a conclu en rappelant que l\u2019ann\u00e9e jubilaire 2025 serait une occasion unique de renouveler sa foi et de trouver la paix int\u00e9rieure.<\/span><\/p>\n<p class=\"p1\"><span class=\"s1\">Ce programme, qui commence sous les meilleurs auspices, esp\u00e8re offrir aux p\u00e8lerins une exp\u00e9rience spirituelle inoubliable en cette ann\u00e9e marqu\u00e9e par l\u2019esp\u00e9rance et la foi retrouv\u00e9e.<\/span><\/p>\n<p class=\"p1\" style=\"text-align: right;\"><span class=\"s1\">Par Amir BAKO <\/span><\/p>\n","protected":false},"excerpt":{"rendered":"<p>\u00a0Le 10 janvier 2025, l&rsquo;Agence Sainte Rita Voyages (ASR-Voyages) a officiellement lanc\u00e9 son programme de<\/p>\n","protected":false},"author":2,"featured_media":1209,"comment_status":"open","ping_status":"open","sticky":false,"template":"","format":"standard","meta":{"_et_pb_use_builder":"","_et_pb_old_content":"","_et_gb_content_width":"","footnotes":""},"categories":[5],"tags":[18,544,387,479],"class_list":["post-1208","post","type-post","status-publish","format-standard","has-post-thumbnail","hentry","category-societe","tag-burkina-faso","tag-pelerinage","tag-religion","tag-societe"],"yoast_head":"<!-- This site is optimized with the Yoast SEO plugin v27.5 - https:\/\/yoast.com\/product\/yoast-seo-wordpress\/ -->\n<title>Lancement du Programme des P\u00e8lerinages pour l&#039;ann\u00e9e jubilaire 2025 : ASR-Voyages veut faire vivre \u00e0 ses p\u00e8lerins des voyages spirituels m\u00e9morables - Vox Sahel<\/title>\n<meta name=\"robots\" content=\"index, follow, max-snippet:-1, max-image-preview:large, max-video-preview:-1\" \/>\n<link rel=\"canonical\" href=\"https:\/\/voxsahel.com\/?p=1208\" \/>\n<meta property=\"og:locale\" content=\"fr_FR\" \/>\n<meta property=\"og:type\" content=\"article\" \/>\n<meta property=\"og:title\" content=\"Lancement du Programme des P\u00e8lerinages pour l&#039;ann\u00e9e jubilaire 2025 : ASR-Voyages veut faire vivre \u00e0 ses p\u00e8lerins des voyages spirituels m\u00e9morables - Vox Sahel\" \/>\n<meta property=\"og:description\" content=\"\u00a0Le 10 janvier 2025, l&rsquo;Agence Sainte Rita Voyages (ASR-Voyages) a officiellement lanc\u00e9 son programme de\" \/>\n<meta property=\"og:url\" content=\"https:\/\/voxsahel.com\/?p=1208\" \/>\n<meta property=\"og:site_name\" content=\"Vox Sahel\" \/>\n<meta property=\"article:publisher\" content=\"https:\/\/www.facebook.com\/journal.voxsahel\" \/>\n<meta property=\"article:published_time\" content=\"2025-01-11T05:54:08+00:00\" \/>\n<meta property=\"og:image\" content=\"https:\/\/voxsahel.com\/wp-content\/uploads\/2025\/01\/0d5f82d6-5043-405f-bc40-500bd6fd3769.jpeg\" \/>\n\t<meta property=\"og:image:width\" content=\"1080\" \/>\n\t<meta property=\"og:image:height\" content=\"717\" \/>\n\t<meta property=\"og:image:type\" content=\"image\/jpeg\" \/>\n<meta name=\"author\" content=\"Vox Sahel\" \/>\n<meta name=\"twitter:card\" content=\"summary_large_image\" \/>\n<meta name=\"twitter:label1\" content=\"\u00c9crit par\" \/>\n\t<meta name=\"twitter:data1\" content=\"Vox Sahel\" \/>\n\t<meta name=\"twitter:label2\" content=\"Dur\u00e9e de lecture estim\u00e9e\" \/>\n\t<meta name=\"twitter:data2\" content=\"2 minutes\" \/>\n<script type=\"application\/ld+json\" class=\"yoast-schema-graph\">{\"@context\":\"https:\\\/\\\/schema.org\",\"@graph\":[{\"@type\":\"Article\",\"@id\":\"https:\\\/\\\/voxsahel.com\\\/?p=1208#article\",\"isPartOf\":{\"@id\":\"https:\\\/\\\/voxsahel.com\\\/?p=1208\"},\"author\":{\"name\":\"Vox Sahel\",\"@id\":\"https:\\\/\\\/voxsahel.com\\\/#\\\/schema\\\/person\\\/b4043608248f8fa227cd760e7ff1e19e\"},\"headline\":\"Lancement du Programme des P\u00e8lerinages pour l&rsquo;ann\u00e9e jubilaire 2025 : ASR-Voyages veut faire vivre \u00e0 ses p\u00e8lerins des voyages spirituels m\u00e9morables\",\"datePublished\":\"2025-01-11T05:54:08+00:00\",\"mainEntityOfPage\":{\"@id\":\"https:\\\/\\\/voxsahel.com\\\/?p=1208\"},\"wordCount\":470,\"commentCount\":0,\"publisher\":{\"@id\":\"https:\\\/\\\/voxsahel.com\\\/#organization\"},\"image\":{\"@id\":\"https:\\\/\\\/voxsahel.com\\\/?p=1208#primaryimage\"},\"thumbnailUrl\":\"https:\\\/\\\/voxsahel.com\\\/wp-content\\\/uploads\\\/2025\\\/01\\\/0d5f82d6-5043-405f-bc40-500bd6fd3769.jpeg\",\"keywords\":[\"Burkina Faso\",\"P\u00e8lerinage\",\"Religion\",\"Soci\u00e9t\u00e9\"],\"articleSection\":[\"SOCIETE\"],\"inLanguage\":\"fr-FR\",\"potentialAction\":[{\"@type\":\"CommentAction\",\"name\":\"Comment\",\"target\":[\"https:\\\/\\\/voxsahel.com\\\/?p=1208#respond\"]}]},{\"@type\":\"WebPage\",\"@id\":\"https:\\\/\\\/voxsahel.com\\\/?p=1208\",\"url\":\"https:\\\/\\\/voxsahel.com\\\/?p=1208\",\"name\":\"Lancement du Programme des P\u00e8lerinages pour l'ann\u00e9e jubilaire 2025 : ASR-Voyages veut faire vivre \u00e0 ses p\u00e8lerins des voyages spirituels m\u00e9morables - Vox Sahel\",\"isPartOf\":{\"@id\":\"https:\\\/\\\/voxsahel.com\\\/#website\"},\"primaryImageOfPage\":{\"@id\":\"https:\\\/\\\/voxsahel.com\\\/?p=1208#primaryimage\"},\"image\":{\"@id\":\"https:\\\/\\\/voxsahel.com\\\/?p=1208#primaryimage\"},\"thumbnailUrl\":\"https:\\\/\\\/voxsahel.com\\\/wp-content\\\/uploads\\\/2025\\\/01\\\/0d5f82d6-5043-405f-bc40-500bd6fd3769.jpeg\",\"datePublished\":\"2025-01-11T05:54:08+00:00\",\"breadcrumb\":{\"@id\":\"https:\\\/\\\/voxsahel.com\\\/?p=1208#breadcrumb\"},\"inLanguage\":\"fr-FR\",\"potentialAction\":[{\"@type\":\"ReadAction\",\"target\":[\"https:\\\/\\\/voxsahel.com\\\/?p=1208\"]}]},{\"@type\":\"ImageObject\",\"inLanguage\":\"fr-FR\",\"@id\":\"https:\\\/\\\/voxsahel.com\\\/?p=1208#primaryimage\",\"url\":\"https:\\\/\\\/voxsahel.com\\\/wp-content\\\/uploads\\\/2025\\\/01\\\/0d5f82d6-5043-405f-bc40-500bd6fd3769.jpeg\",\"contentUrl\":\"https:\\\/\\\/voxsahel.com\\\/wp-content\\\/uploads\\\/2025\\\/01\\\/0d5f82d6-5043-405f-bc40-500bd6fd3769.jpeg\",\"width\":1080,\"height\":717},{\"@type\":\"BreadcrumbList\",\"@id\":\"https:\\\/\\\/voxsahel.com\\\/?p=1208#breadcrumb\",\"itemListElement\":[{\"@type\":\"ListItem\",\"position\":1,\"name\":\"Home\",\"item\":\"https:\\\/\\\/voxsahel.com\\\/\"},{\"@type\":\"ListItem\",\"position\":2,\"name\":\"Lancement du Programme des P\u00e8lerinages pour l&rsquo;ann\u00e9e jubilaire 2025 : ASR-Voyages veut faire vivre \u00e0 ses p\u00e8lerins des voyages spirituels m\u00e9morables\"}]},{\"@type\":\"WebSite\",\"@id\":\"https:\\\/\\\/voxsahel.com\\\/#website\",\"url\":\"https:\\\/\\\/voxsahel.com\\\/\",\"name\":\"Vox Sahel\",\"description\":\"Informez-vous sur le Sahel en un clic\",\"publisher\":{\"@id\":\"https:\\\/\\\/voxsahel.com\\\/#organization\"},\"potentialAction\":[{\"@type\":\"SearchAction\",\"target\":{\"@type\":\"EntryPoint\",\"urlTemplate\":\"https:\\\/\\\/voxsahel.com\\\/?s={search_term_string}\"},\"query-input\":{\"@type\":\"PropertyValueSpecification\",\"valueRequired\":true,\"valueName\":\"search_term_string\"}}],\"inLanguage\":\"fr-FR\"},{\"@type\":\"Organization\",\"@id\":\"https:\\\/\\\/voxsahel.com\\\/#organization\",\"name\":\"Vox Sahel\",\"url\":\"https:\\\/\\\/voxsahel.com\\\/\",\"logo\":{\"@type\":\"ImageObject\",\"inLanguage\":\"fr-FR\",\"@id\":\"https:\\\/\\\/voxsahel.com\\\/#\\\/schema\\\/logo\\\/image\\\/\",\"url\":\"https:\\\/\\\/voxsahel.com\\\/wp-content\\\/uploads\\\/2024\\\/09\\\/Logo-Vox-Sahel.jpg\",\"contentUrl\":\"https:\\\/\\\/voxsahel.com\\\/wp-content\\\/uploads\\\/2024\\\/09\\\/Logo-Vox-Sahel.jpg\",\"width\":1181,\"height\":848,\"caption\":\"Vox Sahel\"},\"image\":{\"@id\":\"https:\\\/\\\/voxsahel.com\\\/#\\\/schema\\\/logo\\\/image\\\/\"},\"sameAs\":[\"https:\\\/\\\/www.facebook.com\\\/journal.voxsahel\"]},{\"@type\":\"Person\",\"@id\":\"https:\\\/\\\/voxsahel.com\\\/#\\\/schema\\\/person\\\/b4043608248f8fa227cd760e7ff1e19e\",\"name\":\"Vox Sahel\",\"image\":{\"@type\":\"ImageObject\",\"inLanguage\":\"fr-FR\",\"@id\":\"https:\\\/\\\/secure.gravatar.com\\\/avatar\\\/f70e7fa0cb9b29d4a7c5788d6eb2e9ab4d3135cbae1c9161810fdf77a8964699?s=96&d=mm&r=g\",\"url\":\"https:\\\/\\\/secure.gravatar.com\\\/avatar\\\/f70e7fa0cb9b29d4a7c5788d6eb2e9ab4d3135cbae1c9161810fdf77a8964699?s=96&d=mm&r=g\",\"contentUrl\":\"https:\\\/\\\/secure.gravatar.com\\\/avatar\\\/f70e7fa0cb9b29d4a7c5788d6eb2e9ab4d3135cbae1c9161810fdf77a8964699?s=96&d=mm&r=g\",\"caption\":\"Vox Sahel\"},\"sameAs\":[\"http:\\\/\\\/www.voxsahel.com\"],\"url\":\"https:\\\/\\\/voxsahel.com\\\/?author=2\"}]}<\/script>\n<!-- \/ Yoast SEO plugin. -->","yoast_head_json":{"title":"Lancement du Programme des P\u00e8lerinages pour l'ann\u00e9e jubilaire 2025 : ASR-Voyages veut faire vivre \u00e0 ses p\u00e8lerins des voyages spirituels m\u00e9morables - Vox Sahel","robots":{"index":"index","follow":"follow","max-snippet":"max-snippet:-1","max-image-preview":"max-image-preview:large","max-video-preview":"max-video-preview:-1"},"canonical":"https:\/\/voxsahel.com\/?p=1208","og_locale":"fr_FR","og_type":"article","og_title":"Lancement du Programme des P\u00e8lerinages pour l'ann\u00e9e jubilaire 2025 : ASR-Voyages veut faire vivre \u00e0 ses p\u00e8lerins des voyages spirituels m\u00e9morables - Vox Sahel","og_description":"\u00a0Le 10 janvier 2025, l&rsquo;Agence Sainte Rita Voyages (ASR-Voyages) a officiellement lanc\u00e9 son programme de","og_url":"https:\/\/voxsahel.com\/?p=1208","og_site_name":"Vox Sahel","article_publisher":"https:\/\/www.facebook.com\/journal.voxsahel","article_published_time":"2025-01-11T05:54:08+00:00","og_image":[{"width":1080,"height":717,"url":"https:\/\/voxsahel.com\/wp-content\/uploads\/2025\/01\/0d5f82d6-5043-405f-bc40-500bd6fd3769.jpeg","type":"image\/jpeg"}],"author":"Vox Sahel","twitter_card":"summary_large_image","twitter_misc":{"\u00c9crit par":"Vox Sahel","Dur\u00e9e de lecture estim\u00e9e":"2 minutes"},"schema":{"@context":"https:\/\/schema.org","@graph":[{"@type":"Article","@id":"https:\/\/voxsahel.com\/?p=1208#article","isPartOf":{"@id":"https:\/\/voxsahel.com\/?p=1208"},"author":{"name":"Vox Sahel","@id":"https:\/\/voxsahel.com\/#\/schema\/person\/b4043608248f8fa227cd760e7ff1e19e"},"headline":"Lancement du Programme des P\u00e8lerinages pour l&rsquo;ann\u00e9e jubilaire 2025 : ASR-Voyages veut faire vivre \u00e0 ses p\u00e8lerins des voyages spirituels m\u00e9morables","datePublished":"2025-01-11T05:54:08+00:00","mainEntityOfPage":{"@id":"https:\/\/voxsahel.com\/?p=1208"},"wordCount":470,"commentCount":0,"publisher":{"@id":"https:\/\/voxsahel.com\/#organization"},"image":{"@id":"https:\/\/voxsahel.com\/?p=1208#primaryimage"},"thumbnailUrl":"https:\/\/voxsahel.com\/wp-content\/uploads\/2025\/01\/0d5f82d6-5043-405f-bc40-500bd6fd3769.jpeg","keywords":["Burkina Faso","P\u00e8lerinage","Religion","Soci\u00e9t\u00e9"],"articleSection":["SOCIETE"],"inLanguage":"fr-FR","potentialAction":[{"@type":"CommentAction","name":"Comment","target":["https:\/\/voxsahel.com\/?p=1208#respond"]}]},{"@type":"WebPage","@id":"https:\/\/voxsahel.com\/?p=1208","url":"https:\/\/voxsahel.com\/?p=1208","name":"Lancement du Programme des P\u00e8lerinages pour l'ann\u00e9e jubilaire 2025 : ASR-Voyages veut faire vivre \u00e0 ses p\u00e8lerins des voyages spirituels m\u00e9morables - Vox Sahel","isPartOf":{"@id":"https:\/\/voxsahel.com\/#website"},"primaryImageOfPage":{"@id":"https:\/\/voxsahel.com\/?p=1208#primaryimage"},"image":{"@id":"https:\/\/voxsahel.com\/?p=1208#primaryimage"},"thumbnailUrl":"https:\/\/voxsahel.com\/wp-content\/uploads\/2025\/01\/0d5f82d6-5043-405f-bc40-500bd6fd3769.jpeg","datePublished":"2025-01-11T05:54:08+00:00","breadcrumb":{"@id":"https:\/\/voxsahel.com\/?p=1208#breadcrumb"},"inLanguage":"fr-FR","potentialAction":[{"@type":"ReadAction","target":["https:\/\/voxsahel.com\/?p=1208"]}]},{"@type":"ImageObject","inLanguage":"fr-FR","@id":"https:\/\/voxsahel.com\/?p=1208#primaryimage","url":"https:\/\/voxsahel.com\/wp-content\/uploads\/2025\/01\/0d5f82d6-5043-405f-bc40-500bd6fd3769.jpeg","contentUrl":"https:\/\/voxsahel.com\/wp-content\/uploads\/2025\/01\/0d5f82d6-5043-405f-bc40-500bd6fd3769.jpeg","width":1080,"height":717},{"@type":"BreadcrumbList","@id":"https:\/\/voxsahel.com\/?p=1208#breadcrumb","itemListElement":[{"@type":"ListItem","position":1,"name":"Home","item":"https:\/\/voxsahel.com\/"},{"@type":"ListItem","position":2,"name":"Lancement du Programme des P\u00e8lerinages pour l&rsquo;ann\u00e9e jubilaire 2025 : ASR-Voyages veut faire vivre \u00e0 ses p\u00e8lerins des voyages spirituels m\u00e9morables"}]},{"@type":"WebSite","@id":"https:\/\/voxsahel.com\/#website","url":"https:\/\/voxsahel.com\/","name":"Vox Sahel","description":"Informez-vous sur le Sahel en un clic","publisher":{"@id":"https:\/\/voxsahel.com\/#organization"},"potentialAction":[{"@type":"SearchAction","target":{"@type":"EntryPoint","urlTemplate":"https:\/\/voxsahel.com\/?s={search_term_string}"},"query-input":{"@type":"PropertyValueSpecification","valueRequired":true,"valueName":"search_term_string"}}],"inLanguage":"fr-FR"},{"@type":"Organization","@id":"https:\/\/voxsahel.com\/#organization","name":"Vox Sahel","url":"https:\/\/voxsahel.com\/","logo":{"@type":"ImageObject","inLanguage":"fr-FR","@id":"https:\/\/voxsahel.com\/#\/schema\/logo\/image\/","url":"https:\/\/voxsahel.com\/wp-content\/uploads\/2024\/09\/Logo-Vox-Sahel.jpg","contentUrl":"https:\/\/voxsahel.com\/wp-content\/uploads\/2024\/09\/Logo-Vox-Sahel.jpg","width":1181,"height":848,"caption":"Vox Sahel"},"image":{"@id":"https:\/\/voxsahel.com\/#\/schema\/logo\/image\/"},"sameAs":["https:\/\/www.facebook.com\/journal.voxsahel"]},{"@type":"Person","@id":"https:\/\/voxsahel.com\/#\/schema\/person\/b4043608248f8fa227cd760e7ff1e19e","name":"Vox Sahel","image":{"@type":"ImageObject","inLanguage":"fr-FR","@id":"https:\/\/secure.gravatar.com\/avatar\/f70e7fa0cb9b29d4a7c5788d6eb2e9ab4d3135cbae1c9161810fdf77a8964699?s=96&d=mm&r=g","url":"https:\/\/secure.gravatar.com\/avatar\/f70e7fa0cb9b29d4a7c5788d6eb2e9ab4d3135cbae1c9161810fdf77a8964699?s=96&d=mm&r=g","contentUrl":"https:\/\/secure.gravatar.com\/avatar\/f70e7fa0cb9b29d4a7c5788d6eb2e9ab4d3135cbae1c9161810fdf77a8964699?s=96&d=mm&r=g","caption":"Vox Sahel"},"sameAs":["http:\/\/www.voxsahel.com"],"url":"https:\/\/voxsahel.com\/?author=2"}]}},"_links":{"self":[{"href":"https:\/\/voxsahel.com\/index.php?rest_route=\/wp\/v2\/posts\/1208","targetHints":{"allow":["GET"]}}],"collection":[{"href":"https:\/\/voxsahel.com\/index.php?rest_route=\/wp\/v2\/posts"}],"about":[{"href":"https:\/\/voxsahel.com\/index.php?rest_route=\/wp\/v2\/types\/post"}],"author":[{"embeddable":true,"href":"https:\/\/voxsahel.com\/index.php?rest_route=\/wp\/v2\/users\/2"}],"replies":[{"embeddable":true,"href":"https:\/\/voxsahel.com\/index.php?rest_route=%2Fwp%2Fv2%2Fcomments&post=1208"}],"version-history":[{"count":1,"href":"https:\/\/voxsahel.com\/index.php?rest_route=\/wp\/v2\/posts\/1208\/revisions"}],"predecessor-version":[{"id":1210,"href":"https:\/\/voxsahel.com\/index.php?rest_route=\/wp\/v2\/posts\/1208\/revisions\/1210"}],"wp:featuredmedia":[{"embeddable":true,"href":"https:\/\/voxsahel.com\/index.php?rest_route=\/wp\/v2\/media\/1209"}],"wp:attachment":[{"href":"https:\/\/voxsahel.com\/index.php?rest_route=%2Fwp%2Fv2%2Fmedia&parent=1208"}],"wp:term":[{"taxonomy":"category","embeddable":true,"href":"https:\/\/voxsahel.com\/index.php?rest_route=%2Fwp%2Fv2%2Fcategories&post=1208"},{"taxonomy":"post_tag","embeddable":true,"href":"https:\/\/voxsahel.com\/index.php?rest_route=%2Fwp%2Fv2%2Ftags&post=1208"}],"curies":[{"name":"wp","href":"https:\/\/api.w.org\/{rel}","templated":true}]}}