{"id":1199,"date":"2025-01-09T20:17:31","date_gmt":"2025-01-09T20:17:31","guid":{"rendered":"https:\/\/voxsahel.com\/?p=1199"},"modified":"2025-01-09T20:17:31","modified_gmt":"2025-01-09T20:17:31","slug":"fabedougou-et-son-bandji-lart-ancestral-menace-par-le-developpement-urbain","status":"publish","type":"post","link":"https:\/\/voxsahel.com\/?p=1199","title":{"rendered":"Fab\u00e9dougou et son Bandji : L&rsquo;art ancestral menac\u00e9 par le d\u00e9veloppement urbain"},"content":{"rendered":"<p class=\"p1\">A une vingtaine de kilom\u00e8tres de Banfora, dans la r\u00e9gion verdoyante des Cascades au Burkina Faso, se trouve le paisible village de Fab\u00e9dougou. Ce hameau agricole, r\u00e9put\u00e9 pour ses formations rocheuses spectaculaires, cache un autre tr\u00e9sor : le bandji, un nectar sucr\u00e9 extrait des r\u00f4niers. Ici, l&rsquo;art de l&rsquo;extraction du bandji est une tradition mill\u00e9naire, pr\u00e9serv\u00e9e et transmise de g\u00e9n\u00e9ration en g\u00e9n\u00e9ration.<\/p>\n<p class=\"p1\"><span class=\"s2\">Depuis 2015, Issiaka Sombi\u00e9, un habitant du village, a repris le flambeau de ce savoir-faire ancestral,devenant ainsi le ma\u00eetre du bandji \u00e0 Fab\u00e9dougou. Avec 24 r\u00f4niers sous sa responsabilit\u00e9, ce jeune p\u00e8re de famille consacre son temps et son \u00e9nergie \u00e0 cette activit\u00e9 saisonni\u00e8re, qui s&rsquo;\u00e9tend de d\u00e9cembre \u00e0 ao\u00fbt.<\/span><\/p>\n<p class=\"p1\"><span class=\"s2\">L&rsquo;extraction du bandji est un processus aussi fascinant qu&rsquo;exigeant. Chaque jour, Issiaka grimpe sur ses r\u00f4niers, dont la hauteur la varie entre 1 et 15 m\u00e8tres, pour entretenir les troncs et faciliter l&rsquo;\u00e9coulement du pr\u00e9cieux liquide. \u00ab Un r\u00f4nier bien entretenu peut produire jusqu&rsquo;\u00e0 six litres de bandji par jour \u00bb, confie-t-il.<\/span><\/p>\n<p class=\"p1\"><span class=\"s2\">Le jus est vendu \u00e0 150 FCFA le litre, un prix modique pour un produit 100 % naturel et pris dans toute la r\u00e9gion. Les principaux clients d&rsquo;Issiaka sont les villageois de Fab\u00e9dougou, mais il fournit \u00e9galement des revendeuses de bandji dans la commune voisine de B\u00e9r\u00e9gadougou et exp\u00e9die ses produits vers des villes comme Bobo-Dioulasso, Ouagadougou et Koudougou.<\/span><\/p>\n<p class=\"p1\"><span class=\"s2\">Avec une production quotidienne qui peut lui rapporter jusqu&rsquo;\u00e0 25 000 FCFA, l&rsquo;extraction du bandjiest bien plus qu&rsquo;une simple tradition : c&rsquo;est un pilier \u00e9conomique pour Issiaka et sa famille. Cependant, au-del\u00e0 de la rentabilit\u00e9, ce m\u00e9tier est pour lui un service social. \u00ab Dans la culture Turka, le bandji est indispensable lors des c\u00e9r\u00e9monies coutumi\u00e8res, qu&rsquo;il s&rsquo;agisse de mariages ou de fun\u00e9railles \u00bb, explique-t-il.<\/span><\/p>\n<p class=\"p1\"><span class=\"s2\">Grimper sur un r\u00f4nier n&rsquo;est pas sans danger. Pour \u00e9viter les chutes, Issiaka utilise un support fabriqu\u00e9 \u00e0 partir de feuilles fra\u00eeches de r\u00f4nier. Malgr\u00e9 cette pr\u00e9caution, le risque reste omnipr\u00e9sent, surtout lorsqu&rsquo;il travaille tard dans la nuit.<\/span><\/p>\n<p class=\"p1\"><span class=\"s2\">Si le bandji est aujourd&rsquo;hui une source de fiert\u00e9 et de richesse pour Fab\u00e9dougou, son avenir est incertain. Issiaka redoute l&rsquo;arriv\u00e9e d&rsquo;un lotissement dans son village, ce qui entra\u00eenerait l&rsquo;abattage des r\u00f4niers. \u00ab Si cela arrive, ce sera la fin d&rsquo;un tr\u00e9sor inestimable, non seulement pour notre village, mais pour toute la r\u00e9gion des Cascades \u00bb, d\u00e9plore-t-il.<\/span><\/p>\n<p class=\"p1\"><span class=\"s2\">A Fab\u00e9dougou, le bandji est bien plus qu&rsquo;une boisson. C&rsquo;est un symbole de la richesse culturelle et naturelle de la r\u00e9gion. Gr\u00e2ce \u00e0 la passion et au d\u00e9vouement d&rsquo;hommes comme Issiaka Sombi\u00e9, cette tradition continue de prosp\u00e9rer. Cependant, la pr\u00e9servation de ce patrimoine unique n\u00e9cessite une r\u00e9flexion collective pour garantir que le \u00ab\u00a0r\u00e8gne du r\u00f4nier\u00a0\u00bb perdure face aux pressions du d\u00e9veloppement urbain.<\/span><\/p>\n<p class=\"p1\"><span class=\"s2\">Fab\u00e9dougou peut compter sur Issiaka pour perp\u00e9tuer cet art, mais il appartient \u00e0 tous de prot\u00e9ger ce patrimoine, v\u00e9ritable ou liquide des Cascades.<\/span><\/p>\n<p class=\"p1\" style=\"text-align: right;\"><strong><span class=\"s2\">\u00a0Par Abdramane Sonti\u00e9 <\/span><\/strong><\/p>\n","protected":false},"excerpt":{"rendered":"<p>A une vingtaine de kilom\u00e8tres de Banfora, dans la r\u00e9gion verdoyante des Cascades au Burkina<\/p>\n","protected":false},"author":2,"featured_media":1201,"comment_status":"open","ping_status":"open","sticky":false,"template":"","format":"standard","meta":{"_et_pb_use_builder":"","_et_pb_old_content":"","_et_gb_content_width":"","footnotes":""},"categories":[5],"tags":[543,428,18,92,105,541,542,148],"class_list":["post-1199","post","type-post","status-publish","format-standard","has-post-thumbnail","hentry","category-societe","tag-bandji","tag-banfora","tag-burkina-faso","tag-developpement","tag-foncier","tag-region-des-cascades","tag-roniers","tag-urbanisme"],"yoast_head":"<!-- This site is optimized with the Yoast SEO plugin v27.5 - https:\/\/yoast.com\/product\/yoast-seo-wordpress\/ -->\n<title>Fab\u00e9dougou et son Bandji : L&#039;art ancestral menac\u00e9 par le d\u00e9veloppement urbain - Vox Sahel<\/title>\n<meta name=\"robots\" content=\"index, follow, max-snippet:-1, max-image-preview:large, max-video-preview:-1\" \/>\n<link rel=\"canonical\" href=\"https:\/\/voxsahel.com\/?p=1199\" \/>\n<meta property=\"og:locale\" content=\"fr_FR\" \/>\n<meta property=\"og:type\" content=\"article\" \/>\n<meta property=\"og:title\" content=\"Fab\u00e9dougou et son Bandji : L&#039;art ancestral menac\u00e9 par le d\u00e9veloppement urbain - Vox Sahel\" \/>\n<meta property=\"og:description\" content=\"A une vingtaine de kilom\u00e8tres de Banfora, dans la r\u00e9gion verdoyante des Cascades au Burkina\" \/>\n<meta property=\"og:url\" content=\"https:\/\/voxsahel.com\/?p=1199\" \/>\n<meta property=\"og:site_name\" content=\"Vox Sahel\" \/>\n<meta property=\"article:publisher\" content=\"https:\/\/www.facebook.com\/journal.voxsahel\" \/>\n<meta property=\"article:published_time\" content=\"2025-01-09T20:17:31+00:00\" \/>\n<meta property=\"og:image\" content=\"https:\/\/voxsahel.com\/wp-content\/uploads\/2025\/01\/IMG_0994.jpeg\" \/>\n\t<meta property=\"og:image:width\" content=\"1536\" \/>\n\t<meta property=\"og:image:height\" content=\"2048\" \/>\n\t<meta property=\"og:image:type\" content=\"image\/jpeg\" \/>\n<meta name=\"author\" content=\"Vox Sahel\" \/>\n<meta name=\"twitter:card\" content=\"summary_large_image\" \/>\n<meta name=\"twitter:label1\" content=\"\u00c9crit par\" \/>\n\t<meta name=\"twitter:data1\" content=\"Vox Sahel\" \/>\n\t<meta name=\"twitter:label2\" content=\"Dur\u00e9e de lecture estim\u00e9e\" \/>\n\t<meta name=\"twitter:data2\" content=\"3 minutes\" \/>\n<script type=\"application\/ld+json\" class=\"yoast-schema-graph\">{\"@context\":\"https:\\\/\\\/schema.org\",\"@graph\":[{\"@type\":\"Article\",\"@id\":\"https:\\\/\\\/voxsahel.com\\\/?p=1199#article\",\"isPartOf\":{\"@id\":\"https:\\\/\\\/voxsahel.com\\\/?p=1199\"},\"author\":{\"name\":\"Vox Sahel\",\"@id\":\"https:\\\/\\\/voxsahel.com\\\/#\\\/schema\\\/person\\\/b4043608248f8fa227cd760e7ff1e19e\"},\"headline\":\"Fab\u00e9dougou et son Bandji : L&rsquo;art ancestral menac\u00e9 par le d\u00e9veloppement urbain\",\"datePublished\":\"2025-01-09T20:17:31+00:00\",\"mainEntityOfPage\":{\"@id\":\"https:\\\/\\\/voxsahel.com\\\/?p=1199\"},\"wordCount\":545,\"commentCount\":0,\"publisher\":{\"@id\":\"https:\\\/\\\/voxsahel.com\\\/#organization\"},\"image\":{\"@id\":\"https:\\\/\\\/voxsahel.com\\\/?p=1199#primaryimage\"},\"thumbnailUrl\":\"https:\\\/\\\/voxsahel.com\\\/wp-content\\\/uploads\\\/2025\\\/01\\\/IMG_0994.jpeg\",\"keywords\":[\"Bandji\",\"Banfora\",\"Burkina Faso\",\"D\u00e9veloppement\",\"Foncier\",\"R\u00e9gion des Cascades\",\"R\u00f4niers\",\"Urbanisme\"],\"articleSection\":[\"SOCIETE\"],\"inLanguage\":\"fr-FR\",\"potentialAction\":[{\"@type\":\"CommentAction\",\"name\":\"Comment\",\"target\":[\"https:\\\/\\\/voxsahel.com\\\/?p=1199#respond\"]}]},{\"@type\":\"WebPage\",\"@id\":\"https:\\\/\\\/voxsahel.com\\\/?p=1199\",\"url\":\"https:\\\/\\\/voxsahel.com\\\/?p=1199\",\"name\":\"Fab\u00e9dougou et son Bandji : L'art ancestral menac\u00e9 par le d\u00e9veloppement urbain - Vox Sahel\",\"isPartOf\":{\"@id\":\"https:\\\/\\\/voxsahel.com\\\/#website\"},\"primaryImageOfPage\":{\"@id\":\"https:\\\/\\\/voxsahel.com\\\/?p=1199#primaryimage\"},\"image\":{\"@id\":\"https:\\\/\\\/voxsahel.com\\\/?p=1199#primaryimage\"},\"thumbnailUrl\":\"https:\\\/\\\/voxsahel.com\\\/wp-content\\\/uploads\\\/2025\\\/01\\\/IMG_0994.jpeg\",\"datePublished\":\"2025-01-09T20:17:31+00:00\",\"breadcrumb\":{\"@id\":\"https:\\\/\\\/voxsahel.com\\\/?p=1199#breadcrumb\"},\"inLanguage\":\"fr-FR\",\"potentialAction\":[{\"@type\":\"ReadAction\",\"target\":[\"https:\\\/\\\/voxsahel.com\\\/?p=1199\"]}]},{\"@type\":\"ImageObject\",\"inLanguage\":\"fr-FR\",\"@id\":\"https:\\\/\\\/voxsahel.com\\\/?p=1199#primaryimage\",\"url\":\"https:\\\/\\\/voxsahel.com\\\/wp-content\\\/uploads\\\/2025\\\/01\\\/IMG_0994.jpeg\",\"contentUrl\":\"https:\\\/\\\/voxsahel.com\\\/wp-content\\\/uploads\\\/2025\\\/01\\\/IMG_0994.jpeg\",\"width\":1536,\"height\":2048},{\"@type\":\"BreadcrumbList\",\"@id\":\"https:\\\/\\\/voxsahel.com\\\/?p=1199#breadcrumb\",\"itemListElement\":[{\"@type\":\"ListItem\",\"position\":1,\"name\":\"Home\",\"item\":\"https:\\\/\\\/voxsahel.com\\\/\"},{\"@type\":\"ListItem\",\"position\":2,\"name\":\"Fab\u00e9dougou et son Bandji : L&rsquo;art ancestral menac\u00e9 par le d\u00e9veloppement urbain\"}]},{\"@type\":\"WebSite\",\"@id\":\"https:\\\/\\\/voxsahel.com\\\/#website\",\"url\":\"https:\\\/\\\/voxsahel.com\\\/\",\"name\":\"Vox Sahel\",\"description\":\"Informez-vous sur le Sahel en un clic\",\"publisher\":{\"@id\":\"https:\\\/\\\/voxsahel.com\\\/#organization\"},\"potentialAction\":[{\"@type\":\"SearchAction\",\"target\":{\"@type\":\"EntryPoint\",\"urlTemplate\":\"https:\\\/\\\/voxsahel.com\\\/?s={search_term_string}\"},\"query-input\":{\"@type\":\"PropertyValueSpecification\",\"valueRequired\":true,\"valueName\":\"search_term_string\"}}],\"inLanguage\":\"fr-FR\"},{\"@type\":\"Organization\",\"@id\":\"https:\\\/\\\/voxsahel.com\\\/#organization\",\"name\":\"Vox Sahel\",\"url\":\"https:\\\/\\\/voxsahel.com\\\/\",\"logo\":{\"@type\":\"ImageObject\",\"inLanguage\":\"fr-FR\",\"@id\":\"https:\\\/\\\/voxsahel.com\\\/#\\\/schema\\\/logo\\\/image\\\/\",\"url\":\"https:\\\/\\\/voxsahel.com\\\/wp-content\\\/uploads\\\/2024\\\/09\\\/Logo-Vox-Sahel.jpg\",\"contentUrl\":\"https:\\\/\\\/voxsahel.com\\\/wp-content\\\/uploads\\\/2024\\\/09\\\/Logo-Vox-Sahel.jpg\",\"width\":1181,\"height\":848,\"caption\":\"Vox Sahel\"},\"image\":{\"@id\":\"https:\\\/\\\/voxsahel.com\\\/#\\\/schema\\\/logo\\\/image\\\/\"},\"sameAs\":[\"https:\\\/\\\/www.facebook.com\\\/journal.voxsahel\"]},{\"@type\":\"Person\",\"@id\":\"https:\\\/\\\/voxsahel.com\\\/#\\\/schema\\\/person\\\/b4043608248f8fa227cd760e7ff1e19e\",\"name\":\"Vox Sahel\",\"image\":{\"@type\":\"ImageObject\",\"inLanguage\":\"fr-FR\",\"@id\":\"https:\\\/\\\/secure.gravatar.com\\\/avatar\\\/f70e7fa0cb9b29d4a7c5788d6eb2e9ab4d3135cbae1c9161810fdf77a8964699?s=96&d=mm&r=g\",\"url\":\"https:\\\/\\\/secure.gravatar.com\\\/avatar\\\/f70e7fa0cb9b29d4a7c5788d6eb2e9ab4d3135cbae1c9161810fdf77a8964699?s=96&d=mm&r=g\",\"contentUrl\":\"https:\\\/\\\/secure.gravatar.com\\\/avatar\\\/f70e7fa0cb9b29d4a7c5788d6eb2e9ab4d3135cbae1c9161810fdf77a8964699?s=96&d=mm&r=g\",\"caption\":\"Vox Sahel\"},\"sameAs\":[\"http:\\\/\\\/www.voxsahel.com\"],\"url\":\"https:\\\/\\\/voxsahel.com\\\/?author=2\"}]}<\/script>\n<!-- \/ Yoast SEO plugin. -->","yoast_head_json":{"title":"Fab\u00e9dougou et son Bandji : L'art ancestral menac\u00e9 par le d\u00e9veloppement urbain - Vox Sahel","robots":{"index":"index","follow":"follow","max-snippet":"max-snippet:-1","max-image-preview":"max-image-preview:large","max-video-preview":"max-video-preview:-1"},"canonical":"https:\/\/voxsahel.com\/?p=1199","og_locale":"fr_FR","og_type":"article","og_title":"Fab\u00e9dougou et son Bandji : L'art ancestral menac\u00e9 par le d\u00e9veloppement urbain - Vox Sahel","og_description":"A une vingtaine de kilom\u00e8tres de Banfora, dans la r\u00e9gion verdoyante des Cascades au Burkina","og_url":"https:\/\/voxsahel.com\/?p=1199","og_site_name":"Vox Sahel","article_publisher":"https:\/\/www.facebook.com\/journal.voxsahel","article_published_time":"2025-01-09T20:17:31+00:00","og_image":[{"width":1536,"height":2048,"url":"https:\/\/voxsahel.com\/wp-content\/uploads\/2025\/01\/IMG_0994.jpeg","type":"image\/jpeg"}],"author":"Vox Sahel","twitter_card":"summary_large_image","twitter_misc":{"\u00c9crit par":"Vox Sahel","Dur\u00e9e de lecture estim\u00e9e":"3 minutes"},"schema":{"@context":"https:\/\/schema.org","@graph":[{"@type":"Article","@id":"https:\/\/voxsahel.com\/?p=1199#article","isPartOf":{"@id":"https:\/\/voxsahel.com\/?p=1199"},"author":{"name":"Vox Sahel","@id":"https:\/\/voxsahel.com\/#\/schema\/person\/b4043608248f8fa227cd760e7ff1e19e"},"headline":"Fab\u00e9dougou et son Bandji : L&rsquo;art ancestral menac\u00e9 par le d\u00e9veloppement urbain","datePublished":"2025-01-09T20:17:31+00:00","mainEntityOfPage":{"@id":"https:\/\/voxsahel.com\/?p=1199"},"wordCount":545,"commentCount":0,"publisher":{"@id":"https:\/\/voxsahel.com\/#organization"},"image":{"@id":"https:\/\/voxsahel.com\/?p=1199#primaryimage"},"thumbnailUrl":"https:\/\/voxsahel.com\/wp-content\/uploads\/2025\/01\/IMG_0994.jpeg","keywords":["Bandji","Banfora","Burkina Faso","D\u00e9veloppement","Foncier","R\u00e9gion des Cascades","R\u00f4niers","Urbanisme"],"articleSection":["SOCIETE"],"inLanguage":"fr-FR","potentialAction":[{"@type":"CommentAction","name":"Comment","target":["https:\/\/voxsahel.com\/?p=1199#respond"]}]},{"@type":"WebPage","@id":"https:\/\/voxsahel.com\/?p=1199","url":"https:\/\/voxsahel.com\/?p=1199","name":"Fab\u00e9dougou et son Bandji : L'art ancestral menac\u00e9 par le d\u00e9veloppement urbain - Vox Sahel","isPartOf":{"@id":"https:\/\/voxsahel.com\/#website"},"primaryImageOfPage":{"@id":"https:\/\/voxsahel.com\/?p=1199#primaryimage"},"image":{"@id":"https:\/\/voxsahel.com\/?p=1199#primaryimage"},"thumbnailUrl":"https:\/\/voxsahel.com\/wp-content\/uploads\/2025\/01\/IMG_0994.jpeg","datePublished":"2025-01-09T20:17:31+00:00","breadcrumb":{"@id":"https:\/\/voxsahel.com\/?p=1199#breadcrumb"},"inLanguage":"fr-FR","potentialAction":[{"@type":"ReadAction","target":["https:\/\/voxsahel.com\/?p=1199"]}]},{"@type":"ImageObject","inLanguage":"fr-FR","@id":"https:\/\/voxsahel.com\/?p=1199#primaryimage","url":"https:\/\/voxsahel.com\/wp-content\/uploads\/2025\/01\/IMG_0994.jpeg","contentUrl":"https:\/\/voxsahel.com\/wp-content\/uploads\/2025\/01\/IMG_0994.jpeg","width":1536,"height":2048},{"@type":"BreadcrumbList","@id":"https:\/\/voxsahel.com\/?p=1199#breadcrumb","itemListElement":[{"@type":"ListItem","position":1,"name":"Home","item":"https:\/\/voxsahel.com\/"},{"@type":"ListItem","position":2,"name":"Fab\u00e9dougou et son Bandji : L&rsquo;art ancestral menac\u00e9 par le d\u00e9veloppement urbain"}]},{"@type":"WebSite","@id":"https:\/\/voxsahel.com\/#website","url":"https:\/\/voxsahel.com\/","name":"Vox Sahel","description":"Informez-vous sur le Sahel en un clic","publisher":{"@id":"https:\/\/voxsahel.com\/#organization"},"potentialAction":[{"@type":"SearchAction","target":{"@type":"EntryPoint","urlTemplate":"https:\/\/voxsahel.com\/?s={search_term_string}"},"query-input":{"@type":"PropertyValueSpecification","valueRequired":true,"valueName":"search_term_string"}}],"inLanguage":"fr-FR"},{"@type":"Organization","@id":"https:\/\/voxsahel.com\/#organization","name":"Vox Sahel","url":"https:\/\/voxsahel.com\/","logo":{"@type":"ImageObject","inLanguage":"fr-FR","@id":"https:\/\/voxsahel.com\/#\/schema\/logo\/image\/","url":"https:\/\/voxsahel.com\/wp-content\/uploads\/2024\/09\/Logo-Vox-Sahel.jpg","contentUrl":"https:\/\/voxsahel.com\/wp-content\/uploads\/2024\/09\/Logo-Vox-Sahel.jpg","width":1181,"height":848,"caption":"Vox Sahel"},"image":{"@id":"https:\/\/voxsahel.com\/#\/schema\/logo\/image\/"},"sameAs":["https:\/\/www.facebook.com\/journal.voxsahel"]},{"@type":"Person","@id":"https:\/\/voxsahel.com\/#\/schema\/person\/b4043608248f8fa227cd760e7ff1e19e","name":"Vox Sahel","image":{"@type":"ImageObject","inLanguage":"fr-FR","@id":"https:\/\/secure.gravatar.com\/avatar\/f70e7fa0cb9b29d4a7c5788d6eb2e9ab4d3135cbae1c9161810fdf77a8964699?s=96&d=mm&r=g","url":"https:\/\/secure.gravatar.com\/avatar\/f70e7fa0cb9b29d4a7c5788d6eb2e9ab4d3135cbae1c9161810fdf77a8964699?s=96&d=mm&r=g","contentUrl":"https:\/\/secure.gravatar.com\/avatar\/f70e7fa0cb9b29d4a7c5788d6eb2e9ab4d3135cbae1c9161810fdf77a8964699?s=96&d=mm&r=g","caption":"Vox Sahel"},"sameAs":["http:\/\/www.voxsahel.com"],"url":"https:\/\/voxsahel.com\/?author=2"}]}},"_links":{"self":[{"href":"https:\/\/voxsahel.com\/index.php?rest_route=\/wp\/v2\/posts\/1199","targetHints":{"allow":["GET"]}}],"collection":[{"href":"https:\/\/voxsahel.com\/index.php?rest_route=\/wp\/v2\/posts"}],"about":[{"href":"https:\/\/voxsahel.com\/index.php?rest_route=\/wp\/v2\/types\/post"}],"author":[{"embeddable":true,"href":"https:\/\/voxsahel.com\/index.php?rest_route=\/wp\/v2\/users\/2"}],"replies":[{"embeddable":true,"href":"https:\/\/voxsahel.com\/index.php?rest_route=%2Fwp%2Fv2%2Fcomments&post=1199"}],"version-history":[{"count":1,"href":"https:\/\/voxsahel.com\/index.php?rest_route=\/wp\/v2\/posts\/1199\/revisions"}],"predecessor-version":[{"id":1202,"href":"https:\/\/voxsahel.com\/index.php?rest_route=\/wp\/v2\/posts\/1199\/revisions\/1202"}],"wp:featuredmedia":[{"embeddable":true,"href":"https:\/\/voxsahel.com\/index.php?rest_route=\/wp\/v2\/media\/1201"}],"wp:attachment":[{"href":"https:\/\/voxsahel.com\/index.php?rest_route=%2Fwp%2Fv2%2Fmedia&parent=1199"}],"wp:term":[{"taxonomy":"category","embeddable":true,"href":"https:\/\/voxsahel.com\/index.php?rest_route=%2Fwp%2Fv2%2Fcategories&post=1199"},{"taxonomy":"post_tag","embeddable":true,"href":"https:\/\/voxsahel.com\/index.php?rest_route=%2Fwp%2Fv2%2Ftags&post=1199"}],"curies":[{"name":"wp","href":"https:\/\/api.w.org\/{rel}","templated":true}]}}