{"id":1195,"date":"2025-01-09T20:09:33","date_gmt":"2025-01-09T20:09:33","guid":{"rendered":"https:\/\/voxsahel.com\/?p=1195"},"modified":"2025-01-09T22:58:45","modified_gmt":"2025-01-09T22:58:45","slug":"burkina-faso-des-brigades-des-douanes-recoivent-des-scanners-portatifs","status":"publish","type":"post","link":"https:\/\/voxsahel.com\/?p=1195","title":{"rendered":"Burkina Faso : Des Brigades des douanes re\u00e7oivent des scanners portatifs"},"content":{"rendered":"<p class=\"p1\"><span style=\"color: #000000;\">Dans un \u00e9lan de modernisation des services douaniers et dans le but d\u2019am\u00e9liorer l\u2019efficacit\u00e9 du travail dans un contexte de pr\u00e9occupations croissantes concernant le terrorisme, le trafic de drogue et les activit\u00e9s de contrebande, la <strong><a style=\"color: #000000;\" href=\"https:\/\/www.facebook.com\/share\/p\/17z5MxeiDq\/\">Direction g\u00e9n\u00e9rale des douanes du Burkina<\/a><\/strong> a renforc\u00e9 son dispositif de contr\u00f4le en dotant les unit\u00e9s de surveillance de cinq (05) scanners portatifs, gr\u00e2ce \u00e0 l&rsquo;appui de monsieur le Ministre de l\u2019Economie et des Finances, Dr Aboubacar NACANABO, qui s&rsquo;est engag\u00e9 \u00e0 remettre \u00e0 la DGD une quinzaine de scanners.<\/span><\/p>\n<p class=\"p1\"><span class=\"s1\" style=\"color: #000000;\">\ud835\udc02\ud835\udc1e \ud835\udc23\ud835\udc1e\ud835\udc2e\ud835\udc1d\ud835\udc22 \ud835\udfce\ud835\udfd7 \ud835\udc23\ud835\udc1a\ud835\udc27\ud835\udc2f\ud835\udc22\ud835\udc1e\ud835\udc2b \ud835\udfd0\ud835\udfce\ud835\udfd0\ud835\udfd3, \u00e0 la Direction g\u00e9n\u00e9rale des douanes, le Directeur g\u00e9n\u00e9ral adjoint, l\u2019Inspecteur divisionnaire des douanes Joseph OUEDRAOGO, a proc\u00e9d\u00e9 \u00e0 la remise de cinq (05) scanners en pr\u00e9sence du Directeur de la lutte contre la fraude et de la surveillance du territoire, l\u2019Inspecteur divisionnaire des douanes Andr\u00e9 ZAGRE.<\/span><\/p>\n<p class=\"p1\"><span class=\"s1\" style=\"color: #000000;\">Pour le Directeur g\u00e9n\u00e9ral adjoint , cette dotation tombe \u00e0 point nomm\u00e9 puisqu\u2019elle va accroitre les comp\u00e9tences des \u00e9quipes. <\/span><span class=\"s1\" style=\"color: #000000;\">\u00ab Je ne doute pas que ces scanners mobiles viendront renforcer les capacit\u00e9s de vos brigades dans vos missions quotidiennes \u00bb, a-t-il d\u00e9clar\u00e9 avant d\u2019interpeller et d\u2019exhorter les b\u00e9n\u00e9ficiaires : \u00ab Je vous souhaite d\u2019en faire bon usage et de bien les entretenir. Le DG par ma voix est de tout c\u0153ur avec vous et vous exhorte \u00e0 redoubler d\u2019ardeur dans l\u2019ex\u00e9cution de vos missions \u00bb.<\/span><\/p>\n<p class=\"p1\"><span class=\"s1\" style=\"color: #000000;\">Cette action de la DGD est d&rsquo;une opportunit\u00e9 innovante pour les Brigades des douanes. En effet, elle permettra de prot\u00e9ger ceux qui op\u00e8rent sur le terrain et d&rsquo;avoir une longueur d&rsquo;avance sur les menaces et contrebandes en utilisant des technologies de scans avanc\u00e9es, capables de d\u00e9tecter rapidement et efficacement les menaces cach\u00e9es.<\/span><\/p>\n<p class=\"p1\"><span class=\"s1\" style=\"color: #000000;\">Ce mat\u00e9riel de pointe va donc permettre d\u2019\u00eatre plus efficient dans les op\u00e9rations de surveillance et surtout de lutter efficacement contre la fraude douani\u00e8re et la criminalit\u00e9 transfrontali\u00e8re.<\/span><\/p>\n<p class=\"p1\"><span class=\"s1\" style=\"color: #000000;\">Les unit\u00e9s de surveillance b\u00e9n\u00e9ficiaires sont : <\/span><\/p>\n<p class=\"p1\"><span class=\"s1\" style=\"color: #000000;\">&#8211; la Brigade sp\u00e9ciale de l\u2019a\u00e9roport ;<\/span><\/p>\n<p class=\"p1\"><span class=\"s1\" style=\"color: #000000;\">&#8211; la Brigade de recherche et d\u2019intervention<\/span><\/p>\n<p class=\"p1\"><span class=\"s1\" style=\"color: #000000;\">et la Brigade mobile de Ouaga;<\/span><\/p>\n<p class=\"p1\"><span class=\"s1\" style=\"color: #000000;\">&#8211; la Brigade mobile de Bobo;<\/span><\/p>\n<p class=\"p1\"><span class=\"s1\" style=\"color: #000000;\">&#8211; la Brigade mobile de Tenkodogo ;<\/span><\/p>\n<p class=\"p1\"><span class=\"s1\" style=\"color: #000000;\"> &#8211; la Brigade mobile de Manga.<\/span><\/p>\n<p class=\"p1\"><span class=\"s1\" style=\"color: #000000;\">Il est bon de souligner que le scanner portable \u00e0 rayons X r\u00e9trodiffus\u00e9s PX1 est un syst\u00e8me d&rsquo;inspection non intrusif. Il permet la d\u00e9tection de menaces cach\u00e9es lors des contr\u00f4les douaniers et a\u00e9roportuaires, aux checkpoints, des contre-mesures techniques de surveillance (TSCM), des bagages ou colis suspects.<\/span><\/p>\n<p class=\"p1\"><span class=\"s1\" style=\"color: #000000;\">Gr\u00e2ce \u00e0 son d\u00e9tecteur puissant, le PX1 fournit des images HD pour visualiser en temps r\u00e9el les anomalies ou les objets derri\u00e8re les mati\u00e8res en fer, marbre, bois et m\u00eame en acier, pour une inspection rapide et efficace. Intuitif et ergonomique, il a \u00e9t\u00e9 con\u00e7u pour aider les travailleurs de premi\u00e8re ligne directement sur le terrain.<\/span><\/p>\n<p class=\"p1\" style=\"text-align: right;\"><span class=\"s1\" style=\"color: #000000;\">\ud835\udc0b\ud835\udc1a \ud835\udc03\ud835\udc28\ud835\udc2e\ud835\udc1a\ud835\udc27\ud835\udc1e : \ud835\udc07\ud835\udc28\ud835\udc27\ud835\udc27\ud835\udc1e\ud835\udc2e\ud835\udc2b-\ud835\udc03\ud835\udc1e\u0301\ud835\udc2f\ud835\udc28\ud835\udc2e\ud835\udc1e\ud835\udc26\ud835\udc1e\ud835\udc27\ud835\udc2d-\ud835\udc15\ud835\udc22\ud835\udc20\ud835\udc22\ud835\udc25\ud835\udc1a\ud835\udc27\ud835\udc1c\ud835\udc1e<\/span><\/p>\n<p class=\"p1\" style=\"text-align: right;\"><span class=\"s1\" style=\"color: #000000;\">\ud835\udc12\ud835\udc02\ud835\udc11\ud835\udc0f-\ud835\udc03\ud835\udc06\ud835\udc03<\/span><\/p>\n","protected":false},"excerpt":{"rendered":"<p>Dans un \u00e9lan de modernisation des services douaniers et dans le but d\u2019am\u00e9liorer l\u2019efficacit\u00e9 du<\/p>\n","protected":false},"author":2,"featured_media":1197,"comment_status":"open","ping_status":"open","sticky":false,"template":"","format":"standard","meta":{"_et_pb_use_builder":"","_et_pb_old_content":"","_et_gb_content_width":"","footnotes":""},"categories":[8],"tags":[18,441,142,146,370,310],"class_list":["post-1195","post","type-post","status-publish","format-standard","has-post-thumbnail","hentry","category-developpement","tag-burkina-faso","tag-digitalisation","tag-douane","tag-douanes-du-burkina-faso","tag-observatoire-pour-la-celerite-des-operations-douanieres-au-burkina-faso","tag-organisation-mondiale-des-douanes"],"yoast_head":"<!-- This site is optimized with the Yoast SEO plugin v27.5 - https:\/\/yoast.com\/product\/yoast-seo-wordpress\/ -->\n<title>Burkina Faso : Des Brigades des douanes re\u00e7oivent des scanners portatifs - Vox Sahel<\/title>\n<meta name=\"robots\" content=\"index, follow, max-snippet:-1, max-image-preview:large, max-video-preview:-1\" \/>\n<link rel=\"canonical\" href=\"https:\/\/voxsahel.com\/?p=1195\" \/>\n<meta property=\"og:locale\" content=\"fr_FR\" \/>\n<meta property=\"og:type\" content=\"article\" \/>\n<meta property=\"og:title\" content=\"Burkina Faso : Des Brigades des douanes re\u00e7oivent des scanners portatifs - Vox Sahel\" \/>\n<meta property=\"og:description\" content=\"Dans un \u00e9lan de modernisation des services douaniers et dans le but d\u2019am\u00e9liorer l\u2019efficacit\u00e9 du\" \/>\n<meta property=\"og:url\" content=\"https:\/\/voxsahel.com\/?p=1195\" \/>\n<meta property=\"og:site_name\" content=\"Vox Sahel\" \/>\n<meta property=\"article:publisher\" content=\"https:\/\/www.facebook.com\/journal.voxsahel\" \/>\n<meta property=\"article:published_time\" content=\"2025-01-09T20:09:33+00:00\" \/>\n<meta property=\"article:modified_time\" content=\"2025-01-09T22:58:45+00:00\" \/>\n<meta property=\"og:image\" content=\"https:\/\/voxsahel.com\/wp-content\/uploads\/2025\/01\/IMG_0991.jpeg\" \/>\n\t<meta property=\"og:image:width\" content=\"1280\" \/>\n\t<meta property=\"og:image:height\" content=\"993\" \/>\n\t<meta property=\"og:image:type\" content=\"image\/jpeg\" \/>\n<meta name=\"author\" content=\"Vox Sahel\" \/>\n<meta name=\"twitter:card\" content=\"summary_large_image\" \/>\n<meta name=\"twitter:label1\" content=\"\u00c9crit par\" \/>\n\t<meta name=\"twitter:data1\" content=\"Vox Sahel\" \/>\n\t<meta name=\"twitter:label2\" content=\"Dur\u00e9e de lecture estim\u00e9e\" \/>\n\t<meta name=\"twitter:data2\" content=\"3 minutes\" \/>\n<script type=\"application\/ld+json\" class=\"yoast-schema-graph\">{\"@context\":\"https:\\\/\\\/schema.org\",\"@graph\":[{\"@type\":\"Article\",\"@id\":\"https:\\\/\\\/voxsahel.com\\\/?p=1195#article\",\"isPartOf\":{\"@id\":\"https:\\\/\\\/voxsahel.com\\\/?p=1195\"},\"author\":{\"name\":\"Vox Sahel\",\"@id\":\"https:\\\/\\\/voxsahel.com\\\/#\\\/schema\\\/person\\\/b4043608248f8fa227cd760e7ff1e19e\"},\"headline\":\"Burkina Faso : Des Brigades des douanes re\u00e7oivent des scanners portatifs\",\"datePublished\":\"2025-01-09T20:09:33+00:00\",\"dateModified\":\"2025-01-09T22:58:45+00:00\",\"mainEntityOfPage\":{\"@id\":\"https:\\\/\\\/voxsahel.com\\\/?p=1195\"},\"wordCount\":511,\"commentCount\":0,\"publisher\":{\"@id\":\"https:\\\/\\\/voxsahel.com\\\/#organization\"},\"image\":{\"@id\":\"https:\\\/\\\/voxsahel.com\\\/?p=1195#primaryimage\"},\"thumbnailUrl\":\"https:\\\/\\\/voxsahel.com\\\/wp-content\\\/uploads\\\/2025\\\/01\\\/IMG_0991.jpeg\",\"keywords\":[\"Burkina Faso\",\"Digitalisation\",\"Douane\",\"Douanes du Burkina Faso\",\"Observatoire pour la c\u00e9l\u00e9rit\u00e9 des op\u00e9rations douani\u00e8res au Burkina Faso\",\"Organisation mondiale des Douanes\"],\"articleSection\":[\"DEVELOPPEMENT\"],\"inLanguage\":\"fr-FR\",\"potentialAction\":[{\"@type\":\"CommentAction\",\"name\":\"Comment\",\"target\":[\"https:\\\/\\\/voxsahel.com\\\/?p=1195#respond\"]}]},{\"@type\":\"WebPage\",\"@id\":\"https:\\\/\\\/voxsahel.com\\\/?p=1195\",\"url\":\"https:\\\/\\\/voxsahel.com\\\/?p=1195\",\"name\":\"Burkina Faso : Des Brigades des douanes re\u00e7oivent des scanners portatifs - Vox Sahel\",\"isPartOf\":{\"@id\":\"https:\\\/\\\/voxsahel.com\\\/#website\"},\"primaryImageOfPage\":{\"@id\":\"https:\\\/\\\/voxsahel.com\\\/?p=1195#primaryimage\"},\"image\":{\"@id\":\"https:\\\/\\\/voxsahel.com\\\/?p=1195#primaryimage\"},\"thumbnailUrl\":\"https:\\\/\\\/voxsahel.com\\\/wp-content\\\/uploads\\\/2025\\\/01\\\/IMG_0991.jpeg\",\"datePublished\":\"2025-01-09T20:09:33+00:00\",\"dateModified\":\"2025-01-09T22:58:45+00:00\",\"breadcrumb\":{\"@id\":\"https:\\\/\\\/voxsahel.com\\\/?p=1195#breadcrumb\"},\"inLanguage\":\"fr-FR\",\"potentialAction\":[{\"@type\":\"ReadAction\",\"target\":[\"https:\\\/\\\/voxsahel.com\\\/?p=1195\"]}]},{\"@type\":\"ImageObject\",\"inLanguage\":\"fr-FR\",\"@id\":\"https:\\\/\\\/voxsahel.com\\\/?p=1195#primaryimage\",\"url\":\"https:\\\/\\\/voxsahel.com\\\/wp-content\\\/uploads\\\/2025\\\/01\\\/IMG_0991.jpeg\",\"contentUrl\":\"https:\\\/\\\/voxsahel.com\\\/wp-content\\\/uploads\\\/2025\\\/01\\\/IMG_0991.jpeg\",\"width\":1280,\"height\":993},{\"@type\":\"BreadcrumbList\",\"@id\":\"https:\\\/\\\/voxsahel.com\\\/?p=1195#breadcrumb\",\"itemListElement\":[{\"@type\":\"ListItem\",\"position\":1,\"name\":\"Home\",\"item\":\"https:\\\/\\\/voxsahel.com\\\/\"},{\"@type\":\"ListItem\",\"position\":2,\"name\":\"Burkina Faso : Des Brigades des douanes re\u00e7oivent des scanners portatifs\"}]},{\"@type\":\"WebSite\",\"@id\":\"https:\\\/\\\/voxsahel.com\\\/#website\",\"url\":\"https:\\\/\\\/voxsahel.com\\\/\",\"name\":\"Vox Sahel\",\"description\":\"Informez-vous sur le Sahel en un clic\",\"publisher\":{\"@id\":\"https:\\\/\\\/voxsahel.com\\\/#organization\"},\"potentialAction\":[{\"@type\":\"SearchAction\",\"target\":{\"@type\":\"EntryPoint\",\"urlTemplate\":\"https:\\\/\\\/voxsahel.com\\\/?s={search_term_string}\"},\"query-input\":{\"@type\":\"PropertyValueSpecification\",\"valueRequired\":true,\"valueName\":\"search_term_string\"}}],\"inLanguage\":\"fr-FR\"},{\"@type\":\"Organization\",\"@id\":\"https:\\\/\\\/voxsahel.com\\\/#organization\",\"name\":\"Vox Sahel\",\"url\":\"https:\\\/\\\/voxsahel.com\\\/\",\"logo\":{\"@type\":\"ImageObject\",\"inLanguage\":\"fr-FR\",\"@id\":\"https:\\\/\\\/voxsahel.com\\\/#\\\/schema\\\/logo\\\/image\\\/\",\"url\":\"https:\\\/\\\/voxsahel.com\\\/wp-content\\\/uploads\\\/2024\\\/09\\\/Logo-Vox-Sahel.jpg\",\"contentUrl\":\"https:\\\/\\\/voxsahel.com\\\/wp-content\\\/uploads\\\/2024\\\/09\\\/Logo-Vox-Sahel.jpg\",\"width\":1181,\"height\":848,\"caption\":\"Vox Sahel\"},\"image\":{\"@id\":\"https:\\\/\\\/voxsahel.com\\\/#\\\/schema\\\/logo\\\/image\\\/\"},\"sameAs\":[\"https:\\\/\\\/www.facebook.com\\\/journal.voxsahel\"]},{\"@type\":\"Person\",\"@id\":\"https:\\\/\\\/voxsahel.com\\\/#\\\/schema\\\/person\\\/b4043608248f8fa227cd760e7ff1e19e\",\"name\":\"Vox Sahel\",\"image\":{\"@type\":\"ImageObject\",\"inLanguage\":\"fr-FR\",\"@id\":\"https:\\\/\\\/secure.gravatar.com\\\/avatar\\\/f70e7fa0cb9b29d4a7c5788d6eb2e9ab4d3135cbae1c9161810fdf77a8964699?s=96&d=mm&r=g\",\"url\":\"https:\\\/\\\/secure.gravatar.com\\\/avatar\\\/f70e7fa0cb9b29d4a7c5788d6eb2e9ab4d3135cbae1c9161810fdf77a8964699?s=96&d=mm&r=g\",\"contentUrl\":\"https:\\\/\\\/secure.gravatar.com\\\/avatar\\\/f70e7fa0cb9b29d4a7c5788d6eb2e9ab4d3135cbae1c9161810fdf77a8964699?s=96&d=mm&r=g\",\"caption\":\"Vox Sahel\"},\"sameAs\":[\"http:\\\/\\\/www.voxsahel.com\"],\"url\":\"https:\\\/\\\/voxsahel.com\\\/?author=2\"}]}<\/script>\n<!-- \/ Yoast SEO plugin. -->","yoast_head_json":{"title":"Burkina Faso : Des Brigades des douanes re\u00e7oivent des scanners portatifs - Vox Sahel","robots":{"index":"index","follow":"follow","max-snippet":"max-snippet:-1","max-image-preview":"max-image-preview:large","max-video-preview":"max-video-preview:-1"},"canonical":"https:\/\/voxsahel.com\/?p=1195","og_locale":"fr_FR","og_type":"article","og_title":"Burkina Faso : Des Brigades des douanes re\u00e7oivent des scanners portatifs - Vox Sahel","og_description":"Dans un \u00e9lan de modernisation des services douaniers et dans le but d\u2019am\u00e9liorer l\u2019efficacit\u00e9 du","og_url":"https:\/\/voxsahel.com\/?p=1195","og_site_name":"Vox Sahel","article_publisher":"https:\/\/www.facebook.com\/journal.voxsahel","article_published_time":"2025-01-09T20:09:33+00:00","article_modified_time":"2025-01-09T22:58:45+00:00","og_image":[{"width":1280,"height":993,"url":"https:\/\/voxsahel.com\/wp-content\/uploads\/2025\/01\/IMG_0991.jpeg","type":"image\/jpeg"}],"author":"Vox Sahel","twitter_card":"summary_large_image","twitter_misc":{"\u00c9crit par":"Vox Sahel","Dur\u00e9e de lecture estim\u00e9e":"3 minutes"},"schema":{"@context":"https:\/\/schema.org","@graph":[{"@type":"Article","@id":"https:\/\/voxsahel.com\/?p=1195#article","isPartOf":{"@id":"https:\/\/voxsahel.com\/?p=1195"},"author":{"name":"Vox Sahel","@id":"https:\/\/voxsahel.com\/#\/schema\/person\/b4043608248f8fa227cd760e7ff1e19e"},"headline":"Burkina Faso : Des Brigades des douanes re\u00e7oivent des scanners portatifs","datePublished":"2025-01-09T20:09:33+00:00","dateModified":"2025-01-09T22:58:45+00:00","mainEntityOfPage":{"@id":"https:\/\/voxsahel.com\/?p=1195"},"wordCount":511,"commentCount":0,"publisher":{"@id":"https:\/\/voxsahel.com\/#organization"},"image":{"@id":"https:\/\/voxsahel.com\/?p=1195#primaryimage"},"thumbnailUrl":"https:\/\/voxsahel.com\/wp-content\/uploads\/2025\/01\/IMG_0991.jpeg","keywords":["Burkina Faso","Digitalisation","Douane","Douanes du Burkina Faso","Observatoire pour la c\u00e9l\u00e9rit\u00e9 des op\u00e9rations douani\u00e8res au Burkina Faso","Organisation mondiale des Douanes"],"articleSection":["DEVELOPPEMENT"],"inLanguage":"fr-FR","potentialAction":[{"@type":"CommentAction","name":"Comment","target":["https:\/\/voxsahel.com\/?p=1195#respond"]}]},{"@type":"WebPage","@id":"https:\/\/voxsahel.com\/?p=1195","url":"https:\/\/voxsahel.com\/?p=1195","name":"Burkina Faso : Des Brigades des douanes re\u00e7oivent des scanners portatifs - Vox Sahel","isPartOf":{"@id":"https:\/\/voxsahel.com\/#website"},"primaryImageOfPage":{"@id":"https:\/\/voxsahel.com\/?p=1195#primaryimage"},"image":{"@id":"https:\/\/voxsahel.com\/?p=1195#primaryimage"},"thumbnailUrl":"https:\/\/voxsahel.com\/wp-content\/uploads\/2025\/01\/IMG_0991.jpeg","datePublished":"2025-01-09T20:09:33+00:00","dateModified":"2025-01-09T22:58:45+00:00","breadcrumb":{"@id":"https:\/\/voxsahel.com\/?p=1195#breadcrumb"},"inLanguage":"fr-FR","potentialAction":[{"@type":"ReadAction","target":["https:\/\/voxsahel.com\/?p=1195"]}]},{"@type":"ImageObject","inLanguage":"fr-FR","@id":"https:\/\/voxsahel.com\/?p=1195#primaryimage","url":"https:\/\/voxsahel.com\/wp-content\/uploads\/2025\/01\/IMG_0991.jpeg","contentUrl":"https:\/\/voxsahel.com\/wp-content\/uploads\/2025\/01\/IMG_0991.jpeg","width":1280,"height":993},{"@type":"BreadcrumbList","@id":"https:\/\/voxsahel.com\/?p=1195#breadcrumb","itemListElement":[{"@type":"ListItem","position":1,"name":"Home","item":"https:\/\/voxsahel.com\/"},{"@type":"ListItem","position":2,"name":"Burkina Faso : Des Brigades des douanes re\u00e7oivent des scanners portatifs"}]},{"@type":"WebSite","@id":"https:\/\/voxsahel.com\/#website","url":"https:\/\/voxsahel.com\/","name":"Vox Sahel","description":"Informez-vous sur le Sahel en un clic","publisher":{"@id":"https:\/\/voxsahel.com\/#organization"},"potentialAction":[{"@type":"SearchAction","target":{"@type":"EntryPoint","urlTemplate":"https:\/\/voxsahel.com\/?s={search_term_string}"},"query-input":{"@type":"PropertyValueSpecification","valueRequired":true,"valueName":"search_term_string"}}],"inLanguage":"fr-FR"},{"@type":"Organization","@id":"https:\/\/voxsahel.com\/#organization","name":"Vox Sahel","url":"https:\/\/voxsahel.com\/","logo":{"@type":"ImageObject","inLanguage":"fr-FR","@id":"https:\/\/voxsahel.com\/#\/schema\/logo\/image\/","url":"https:\/\/voxsahel.com\/wp-content\/uploads\/2024\/09\/Logo-Vox-Sahel.jpg","contentUrl":"https:\/\/voxsahel.com\/wp-content\/uploads\/2024\/09\/Logo-Vox-Sahel.jpg","width":1181,"height":848,"caption":"Vox Sahel"},"image":{"@id":"https:\/\/voxsahel.com\/#\/schema\/logo\/image\/"},"sameAs":["https:\/\/www.facebook.com\/journal.voxsahel"]},{"@type":"Person","@id":"https:\/\/voxsahel.com\/#\/schema\/person\/b4043608248f8fa227cd760e7ff1e19e","name":"Vox Sahel","image":{"@type":"ImageObject","inLanguage":"fr-FR","@id":"https:\/\/secure.gravatar.com\/avatar\/f70e7fa0cb9b29d4a7c5788d6eb2e9ab4d3135cbae1c9161810fdf77a8964699?s=96&d=mm&r=g","url":"https:\/\/secure.gravatar.com\/avatar\/f70e7fa0cb9b29d4a7c5788d6eb2e9ab4d3135cbae1c9161810fdf77a8964699?s=96&d=mm&r=g","contentUrl":"https:\/\/secure.gravatar.com\/avatar\/f70e7fa0cb9b29d4a7c5788d6eb2e9ab4d3135cbae1c9161810fdf77a8964699?s=96&d=mm&r=g","caption":"Vox Sahel"},"sameAs":["http:\/\/www.voxsahel.com"],"url":"https:\/\/voxsahel.com\/?author=2"}]}},"_links":{"self":[{"href":"https:\/\/voxsahel.com\/index.php?rest_route=\/wp\/v2\/posts\/1195","targetHints":{"allow":["GET"]}}],"collection":[{"href":"https:\/\/voxsahel.com\/index.php?rest_route=\/wp\/v2\/posts"}],"about":[{"href":"https:\/\/voxsahel.com\/index.php?rest_route=\/wp\/v2\/types\/post"}],"author":[{"embeddable":true,"href":"https:\/\/voxsahel.com\/index.php?rest_route=\/wp\/v2\/users\/2"}],"replies":[{"embeddable":true,"href":"https:\/\/voxsahel.com\/index.php?rest_route=%2Fwp%2Fv2%2Fcomments&post=1195"}],"version-history":[{"count":3,"href":"https:\/\/voxsahel.com\/index.php?rest_route=\/wp\/v2\/posts\/1195\/revisions"}],"predecessor-version":[{"id":1204,"href":"https:\/\/voxsahel.com\/index.php?rest_route=\/wp\/v2\/posts\/1195\/revisions\/1204"}],"wp:featuredmedia":[{"embeddable":true,"href":"https:\/\/voxsahel.com\/index.php?rest_route=\/wp\/v2\/media\/1197"}],"wp:attachment":[{"href":"https:\/\/voxsahel.com\/index.php?rest_route=%2Fwp%2Fv2%2Fmedia&parent=1195"}],"wp:term":[{"taxonomy":"category","embeddable":true,"href":"https:\/\/voxsahel.com\/index.php?rest_route=%2Fwp%2Fv2%2Fcategories&post=1195"},{"taxonomy":"post_tag","embeddable":true,"href":"https:\/\/voxsahel.com\/index.php?rest_route=%2Fwp%2Fv2%2Ftags&post=1195"}],"curies":[{"name":"wp","href":"https:\/\/api.w.org\/{rel}","templated":true}]}}