{"id":119,"date":"2024-09-12T15:46:44","date_gmt":"2024-09-12T15:46:44","guid":{"rendered":"https:\/\/voxsahel.com\/?p=119"},"modified":"2024-09-12T15:46:44","modified_gmt":"2024-09-12T15:46:44","slug":"mali-suspension-de-tv5-monde-des-bouquets-autorises-pour-une-duree-de-trois-mois","status":"publish","type":"post","link":"https:\/\/voxsahel.com\/?p=119","title":{"rendered":"Mali : Suspension de TV5 Monde des bouquets autoris\u00e9s pour une dur\u00e9e de trois mois"},"content":{"rendered":"<div class=\"xdj266r x11i5rnm xat24cr x1mh8g0r x1vvkbs x126k92a\">\n<div dir=\"auto\">La Haute Autorit\u00e9 de la Communication (HAC) du Mali a ordonn\u00e9 la suspension de <span class=\"html-span xdj266r x11i5rnm xat24cr x1mh8g0r xexx8yu x4uap5 x18d9i69 xkhd6sd x1hl2dhg x16tdsg8 x1vvkbs\"><a class=\"x1i10hfl xjbqb8w x1ejq31n xd10rxx x1sy0etr x17r0tee x972fbf xcfux6l x1qhh985 xm0m39n x9f619 x1ypdohk xt0psk2 xe8uvvx xdj266r x11i5rnm xat24cr x1mh8g0r xexx8yu x4uap5 x18d9i69 xkhd6sd x16tdsg8 x1hl2dhg xggy1nq x1a2a7pz x1sur9pj xkrqix3 x1fey0fg xo1l8bm\" tabindex=\"0\" role=\"link\" href=\"https:\/\/web.facebook.com\/tv5mondeofficiel?__cft__[0]=AZXYzbubMzwxGQLeLElEfjudicjw6h-kIFvRqXYbds9y0BbxGit62d9UZOcVdNhzuXJndioNfx8qLJuUSxyHM6tCqWfTtUo_dxaqlfxd1hETkigle8wLvn6rxHevZmqHj7r5LyHQ2L2tuVHKSD3f-pCI2zwRTDEtRwBHHG8XmzlINVoagRVMldydyVd7O92ZSEyLFttMkjwRmF_bM3Pb2klf&amp;__tn__=-]K-R\"><span class=\"xt0psk2\">TV5MONDE<\/span><\/a><\/span> des bouquets des distributeurs autoris\u00e9s sur le territoire malien, \u00e0 compter du 9 septembre 2024, et pour une dur\u00e9e de trois mois. Cette d\u00e9cision, officialis\u00e9e par la D\u00e9cision N\u00b02024-00130\/P-HAC , intervient apr\u00e8s que la cha\u00eene a \u00e9t\u00e9 jug\u00e9e en infraction par rapport aux normes l\u00e9gales et r\u00e9glementaires en vigueur concernant la r\u00e9gulation des m\u00e9dias au Mali.<\/div>\n<div dir=\"auto\"><\/div>\n<\/div>\n<div class=\"x11i5rnm xat24cr x1mh8g0r x1vvkbs xtlvy1s x126k92a\">\n<div dir=\"auto\">L&rsquo;infraction en question concerne un reportage diffus\u00e9 dans le cadre du journal Afrique de <strong><a href=\"https:\/\/www.tv5monde.com\/\">TV5 Monde<\/a>,<\/strong> le 26 ao\u00fbt 2024. Selon la HAC, ce reportage a manqu\u00e9 d&rsquo;\u00e9quilibre, ne pr\u00e9sentant que la version de sources dit \u00ab concordantes \u00bb sans inclure la version des Forces Arm\u00e9es Maliennes relay\u00e9e par la Direction de l&rsquo;Information et des Relations Publiques des Arm\u00e9es (DIRPA). Le journaliste aurait \u00e9galement omis d&rsquo;utiliser au conditionnel pour des informations non v\u00e9rifi\u00e9es, contrevenant ainsi aux r\u00e8gles de prudence et d&rsquo;objectivit\u00e9 journalistiques.<\/div>\n<div dir=\"auto\"><\/div>\n<\/div>\n<div class=\"x11i5rnm xat24cr x1mh8g0r x1vvkbs xtlvy1s x126k92a\">\n<div dir=\"auto\">La HAC rappelle qu&rsquo;un avertissement avait d\u00e9j\u00e0 \u00e9t\u00e9 \u00e9mis \u00e0 TV5 Monde le 15 mai 2023 pour des manquements similaires. Cette nouvelle suspension s&rsquo;inscrit dans le cadre des mesures pr\u00e9vues par le d\u00e9cret2016-0626du 25 ao\u00fbt 2016 , relatif aux sanctions non p\u00e9nales que la HAC peut prononcer.<\/div>\n<div dir=\"auto\" style=\"text-align: right;\"><strong>Par : Vox Sahel<\/strong><\/div>\n<\/div>\n","protected":false},"excerpt":{"rendered":"<p>La Haute Autorit\u00e9 de la Communication (HAC) du Mali a ordonn\u00e9 la suspension de TV5MONDE<\/p>\n","protected":false},"author":2,"featured_media":120,"comment_status":"open","ping_status":"open","sticky":false,"template":"","format":"standard","meta":{"_et_pb_use_builder":"","_et_pb_old_content":"","_et_gb_content_width":"","footnotes":""},"categories":[15],"tags":[33,31,32],"class_list":["post-119","post","type-post","status-publish","format-standard","has-post-thumbnail","hentry","category-international","tag-haute-autorite-de-la-communication","tag-mali","tag-tv5"],"yoast_head":"<!-- This site is optimized with the Yoast SEO plugin v27.5 - https:\/\/yoast.com\/product\/yoast-seo-wordpress\/ -->\n<title>Mali : Suspension de TV5 Monde des bouquets autoris\u00e9s pour une dur\u00e9e de trois mois - Vox Sahel<\/title>\n<meta name=\"robots\" content=\"index, follow, max-snippet:-1, max-image-preview:large, max-video-preview:-1\" \/>\n<link rel=\"canonical\" href=\"https:\/\/voxsahel.com\/?p=119\" \/>\n<meta property=\"og:locale\" content=\"fr_FR\" \/>\n<meta property=\"og:type\" content=\"article\" \/>\n<meta property=\"og:title\" content=\"Mali : Suspension de TV5 Monde des bouquets autoris\u00e9s pour une dur\u00e9e de trois mois - Vox Sahel\" \/>\n<meta property=\"og:description\" content=\"La Haute Autorit\u00e9 de la Communication (HAC) du Mali a ordonn\u00e9 la suspension de TV5MONDE\" \/>\n<meta property=\"og:url\" content=\"https:\/\/voxsahel.com\/?p=119\" \/>\n<meta property=\"og:site_name\" content=\"Vox Sahel\" \/>\n<meta property=\"article:publisher\" content=\"https:\/\/www.facebook.com\/journal.voxsahel\" \/>\n<meta property=\"article:published_time\" content=\"2024-09-12T15:46:44+00:00\" \/>\n<meta property=\"og:image\" content=\"https:\/\/voxsahel.com\/wp-content\/uploads\/2024\/09\/459093646_839196131667453_4335382669163172193_n.jpg\" \/>\n\t<meta property=\"og:image:width\" content=\"800\" \/>\n\t<meta property=\"og:image:height\" content=\"800\" \/>\n\t<meta property=\"og:image:type\" content=\"image\/jpeg\" \/>\n<meta name=\"author\" content=\"Vox Sahel\" \/>\n<meta name=\"twitter:card\" content=\"summary_large_image\" \/>\n<meta name=\"twitter:label1\" content=\"\u00c9crit par\" \/>\n\t<meta name=\"twitter:data1\" content=\"Vox Sahel\" \/>\n\t<meta name=\"twitter:label2\" content=\"Dur\u00e9e de lecture estim\u00e9e\" \/>\n\t<meta name=\"twitter:data2\" content=\"2 minutes\" \/>\n<script type=\"application\/ld+json\" class=\"yoast-schema-graph\">{\"@context\":\"https:\\\/\\\/schema.org\",\"@graph\":[{\"@type\":\"Article\",\"@id\":\"https:\\\/\\\/voxsahel.com\\\/?p=119#article\",\"isPartOf\":{\"@id\":\"https:\\\/\\\/voxsahel.com\\\/?p=119\"},\"author\":{\"name\":\"Vox Sahel\",\"@id\":\"https:\\\/\\\/voxsahel.com\\\/#\\\/schema\\\/person\\\/b4043608248f8fa227cd760e7ff1e19e\"},\"headline\":\"Mali : Suspension de TV5 Monde des bouquets autoris\u00e9s pour une dur\u00e9e de trois mois\",\"datePublished\":\"2024-09-12T15:46:44+00:00\",\"mainEntityOfPage\":{\"@id\":\"https:\\\/\\\/voxsahel.com\\\/?p=119\"},\"wordCount\":242,\"commentCount\":0,\"publisher\":{\"@id\":\"https:\\\/\\\/voxsahel.com\\\/#organization\"},\"image\":{\"@id\":\"https:\\\/\\\/voxsahel.com\\\/?p=119#primaryimage\"},\"thumbnailUrl\":\"https:\\\/\\\/voxsahel.com\\\/wp-content\\\/uploads\\\/2024\\\/09\\\/459093646_839196131667453_4335382669163172193_n.jpg\",\"keywords\":[\"Haute Autorit\u00e9 de la Communication\",\"Mali\",\"TV5\"],\"articleSection\":[\"INTERNATIONAL\"],\"inLanguage\":\"fr-FR\",\"potentialAction\":[{\"@type\":\"CommentAction\",\"name\":\"Comment\",\"target\":[\"https:\\\/\\\/voxsahel.com\\\/?p=119#respond\"]}]},{\"@type\":\"WebPage\",\"@id\":\"https:\\\/\\\/voxsahel.com\\\/?p=119\",\"url\":\"https:\\\/\\\/voxsahel.com\\\/?p=119\",\"name\":\"Mali : Suspension de TV5 Monde des bouquets autoris\u00e9s pour une dur\u00e9e de trois mois - Vox Sahel\",\"isPartOf\":{\"@id\":\"https:\\\/\\\/voxsahel.com\\\/#website\"},\"primaryImageOfPage\":{\"@id\":\"https:\\\/\\\/voxsahel.com\\\/?p=119#primaryimage\"},\"image\":{\"@id\":\"https:\\\/\\\/voxsahel.com\\\/?p=119#primaryimage\"},\"thumbnailUrl\":\"https:\\\/\\\/voxsahel.com\\\/wp-content\\\/uploads\\\/2024\\\/09\\\/459093646_839196131667453_4335382669163172193_n.jpg\",\"datePublished\":\"2024-09-12T15:46:44+00:00\",\"breadcrumb\":{\"@id\":\"https:\\\/\\\/voxsahel.com\\\/?p=119#breadcrumb\"},\"inLanguage\":\"fr-FR\",\"potentialAction\":[{\"@type\":\"ReadAction\",\"target\":[\"https:\\\/\\\/voxsahel.com\\\/?p=119\"]}]},{\"@type\":\"ImageObject\",\"inLanguage\":\"fr-FR\",\"@id\":\"https:\\\/\\\/voxsahel.com\\\/?p=119#primaryimage\",\"url\":\"https:\\\/\\\/voxsahel.com\\\/wp-content\\\/uploads\\\/2024\\\/09\\\/459093646_839196131667453_4335382669163172193_n.jpg\",\"contentUrl\":\"https:\\\/\\\/voxsahel.com\\\/wp-content\\\/uploads\\\/2024\\\/09\\\/459093646_839196131667453_4335382669163172193_n.jpg\",\"width\":800,\"height\":800},{\"@type\":\"BreadcrumbList\",\"@id\":\"https:\\\/\\\/voxsahel.com\\\/?p=119#breadcrumb\",\"itemListElement\":[{\"@type\":\"ListItem\",\"position\":1,\"name\":\"Home\",\"item\":\"https:\\\/\\\/voxsahel.com\\\/\"},{\"@type\":\"ListItem\",\"position\":2,\"name\":\"Mali : Suspension de TV5 Monde des bouquets autoris\u00e9s pour une dur\u00e9e de trois mois\"}]},{\"@type\":\"WebSite\",\"@id\":\"https:\\\/\\\/voxsahel.com\\\/#website\",\"url\":\"https:\\\/\\\/voxsahel.com\\\/\",\"name\":\"Vox Sahel\",\"description\":\"Informez-vous sur le Sahel en un clic\",\"publisher\":{\"@id\":\"https:\\\/\\\/voxsahel.com\\\/#organization\"},\"potentialAction\":[{\"@type\":\"SearchAction\",\"target\":{\"@type\":\"EntryPoint\",\"urlTemplate\":\"https:\\\/\\\/voxsahel.com\\\/?s={search_term_string}\"},\"query-input\":{\"@type\":\"PropertyValueSpecification\",\"valueRequired\":true,\"valueName\":\"search_term_string\"}}],\"inLanguage\":\"fr-FR\"},{\"@type\":\"Organization\",\"@id\":\"https:\\\/\\\/voxsahel.com\\\/#organization\",\"name\":\"Vox Sahel\",\"url\":\"https:\\\/\\\/voxsahel.com\\\/\",\"logo\":{\"@type\":\"ImageObject\",\"inLanguage\":\"fr-FR\",\"@id\":\"https:\\\/\\\/voxsahel.com\\\/#\\\/schema\\\/logo\\\/image\\\/\",\"url\":\"https:\\\/\\\/voxsahel.com\\\/wp-content\\\/uploads\\\/2024\\\/09\\\/Logo-Vox-Sahel.jpg\",\"contentUrl\":\"https:\\\/\\\/voxsahel.com\\\/wp-content\\\/uploads\\\/2024\\\/09\\\/Logo-Vox-Sahel.jpg\",\"width\":1181,\"height\":848,\"caption\":\"Vox Sahel\"},\"image\":{\"@id\":\"https:\\\/\\\/voxsahel.com\\\/#\\\/schema\\\/logo\\\/image\\\/\"},\"sameAs\":[\"https:\\\/\\\/www.facebook.com\\\/journal.voxsahel\"]},{\"@type\":\"Person\",\"@id\":\"https:\\\/\\\/voxsahel.com\\\/#\\\/schema\\\/person\\\/b4043608248f8fa227cd760e7ff1e19e\",\"name\":\"Vox Sahel\",\"image\":{\"@type\":\"ImageObject\",\"inLanguage\":\"fr-FR\",\"@id\":\"https:\\\/\\\/secure.gravatar.com\\\/avatar\\\/f70e7fa0cb9b29d4a7c5788d6eb2e9ab4d3135cbae1c9161810fdf77a8964699?s=96&d=mm&r=g\",\"url\":\"https:\\\/\\\/secure.gravatar.com\\\/avatar\\\/f70e7fa0cb9b29d4a7c5788d6eb2e9ab4d3135cbae1c9161810fdf77a8964699?s=96&d=mm&r=g\",\"contentUrl\":\"https:\\\/\\\/secure.gravatar.com\\\/avatar\\\/f70e7fa0cb9b29d4a7c5788d6eb2e9ab4d3135cbae1c9161810fdf77a8964699?s=96&d=mm&r=g\",\"caption\":\"Vox Sahel\"},\"sameAs\":[\"http:\\\/\\\/www.voxsahel.com\"],\"url\":\"https:\\\/\\\/voxsahel.com\\\/?author=2\"}]}<\/script>\n<!-- \/ Yoast SEO plugin. -->","yoast_head_json":{"title":"Mali : Suspension de TV5 Monde des bouquets autoris\u00e9s pour une dur\u00e9e de trois mois - Vox Sahel","robots":{"index":"index","follow":"follow","max-snippet":"max-snippet:-1","max-image-preview":"max-image-preview:large","max-video-preview":"max-video-preview:-1"},"canonical":"https:\/\/voxsahel.com\/?p=119","og_locale":"fr_FR","og_type":"article","og_title":"Mali : Suspension de TV5 Monde des bouquets autoris\u00e9s pour une dur\u00e9e de trois mois - Vox Sahel","og_description":"La Haute Autorit\u00e9 de la Communication (HAC) du Mali a ordonn\u00e9 la suspension de TV5MONDE","og_url":"https:\/\/voxsahel.com\/?p=119","og_site_name":"Vox Sahel","article_publisher":"https:\/\/www.facebook.com\/journal.voxsahel","article_published_time":"2024-09-12T15:46:44+00:00","og_image":[{"width":800,"height":800,"url":"https:\/\/voxsahel.com\/wp-content\/uploads\/2024\/09\/459093646_839196131667453_4335382669163172193_n.jpg","type":"image\/jpeg"}],"author":"Vox Sahel","twitter_card":"summary_large_image","twitter_misc":{"\u00c9crit par":"Vox Sahel","Dur\u00e9e de lecture estim\u00e9e":"2 minutes"},"schema":{"@context":"https:\/\/schema.org","@graph":[{"@type":"Article","@id":"https:\/\/voxsahel.com\/?p=119#article","isPartOf":{"@id":"https:\/\/voxsahel.com\/?p=119"},"author":{"name":"Vox Sahel","@id":"https:\/\/voxsahel.com\/#\/schema\/person\/b4043608248f8fa227cd760e7ff1e19e"},"headline":"Mali : Suspension de TV5 Monde des bouquets autoris\u00e9s pour une dur\u00e9e de trois mois","datePublished":"2024-09-12T15:46:44+00:00","mainEntityOfPage":{"@id":"https:\/\/voxsahel.com\/?p=119"},"wordCount":242,"commentCount":0,"publisher":{"@id":"https:\/\/voxsahel.com\/#organization"},"image":{"@id":"https:\/\/voxsahel.com\/?p=119#primaryimage"},"thumbnailUrl":"https:\/\/voxsahel.com\/wp-content\/uploads\/2024\/09\/459093646_839196131667453_4335382669163172193_n.jpg","keywords":["Haute Autorit\u00e9 de la Communication","Mali","TV5"],"articleSection":["INTERNATIONAL"],"inLanguage":"fr-FR","potentialAction":[{"@type":"CommentAction","name":"Comment","target":["https:\/\/voxsahel.com\/?p=119#respond"]}]},{"@type":"WebPage","@id":"https:\/\/voxsahel.com\/?p=119","url":"https:\/\/voxsahel.com\/?p=119","name":"Mali : Suspension de TV5 Monde des bouquets autoris\u00e9s pour une dur\u00e9e de trois mois - Vox Sahel","isPartOf":{"@id":"https:\/\/voxsahel.com\/#website"},"primaryImageOfPage":{"@id":"https:\/\/voxsahel.com\/?p=119#primaryimage"},"image":{"@id":"https:\/\/voxsahel.com\/?p=119#primaryimage"},"thumbnailUrl":"https:\/\/voxsahel.com\/wp-content\/uploads\/2024\/09\/459093646_839196131667453_4335382669163172193_n.jpg","datePublished":"2024-09-12T15:46:44+00:00","breadcrumb":{"@id":"https:\/\/voxsahel.com\/?p=119#breadcrumb"},"inLanguage":"fr-FR","potentialAction":[{"@type":"ReadAction","target":["https:\/\/voxsahel.com\/?p=119"]}]},{"@type":"ImageObject","inLanguage":"fr-FR","@id":"https:\/\/voxsahel.com\/?p=119#primaryimage","url":"https:\/\/voxsahel.com\/wp-content\/uploads\/2024\/09\/459093646_839196131667453_4335382669163172193_n.jpg","contentUrl":"https:\/\/voxsahel.com\/wp-content\/uploads\/2024\/09\/459093646_839196131667453_4335382669163172193_n.jpg","width":800,"height":800},{"@type":"BreadcrumbList","@id":"https:\/\/voxsahel.com\/?p=119#breadcrumb","itemListElement":[{"@type":"ListItem","position":1,"name":"Home","item":"https:\/\/voxsahel.com\/"},{"@type":"ListItem","position":2,"name":"Mali : Suspension de TV5 Monde des bouquets autoris\u00e9s pour une dur\u00e9e de trois mois"}]},{"@type":"WebSite","@id":"https:\/\/voxsahel.com\/#website","url":"https:\/\/voxsahel.com\/","name":"Vox Sahel","description":"Informez-vous sur le Sahel en un clic","publisher":{"@id":"https:\/\/voxsahel.com\/#organization"},"potentialAction":[{"@type":"SearchAction","target":{"@type":"EntryPoint","urlTemplate":"https:\/\/voxsahel.com\/?s={search_term_string}"},"query-input":{"@type":"PropertyValueSpecification","valueRequired":true,"valueName":"search_term_string"}}],"inLanguage":"fr-FR"},{"@type":"Organization","@id":"https:\/\/voxsahel.com\/#organization","name":"Vox Sahel","url":"https:\/\/voxsahel.com\/","logo":{"@type":"ImageObject","inLanguage":"fr-FR","@id":"https:\/\/voxsahel.com\/#\/schema\/logo\/image\/","url":"https:\/\/voxsahel.com\/wp-content\/uploads\/2024\/09\/Logo-Vox-Sahel.jpg","contentUrl":"https:\/\/voxsahel.com\/wp-content\/uploads\/2024\/09\/Logo-Vox-Sahel.jpg","width":1181,"height":848,"caption":"Vox Sahel"},"image":{"@id":"https:\/\/voxsahel.com\/#\/schema\/logo\/image\/"},"sameAs":["https:\/\/www.facebook.com\/journal.voxsahel"]},{"@type":"Person","@id":"https:\/\/voxsahel.com\/#\/schema\/person\/b4043608248f8fa227cd760e7ff1e19e","name":"Vox Sahel","image":{"@type":"ImageObject","inLanguage":"fr-FR","@id":"https:\/\/secure.gravatar.com\/avatar\/f70e7fa0cb9b29d4a7c5788d6eb2e9ab4d3135cbae1c9161810fdf77a8964699?s=96&d=mm&r=g","url":"https:\/\/secure.gravatar.com\/avatar\/f70e7fa0cb9b29d4a7c5788d6eb2e9ab4d3135cbae1c9161810fdf77a8964699?s=96&d=mm&r=g","contentUrl":"https:\/\/secure.gravatar.com\/avatar\/f70e7fa0cb9b29d4a7c5788d6eb2e9ab4d3135cbae1c9161810fdf77a8964699?s=96&d=mm&r=g","caption":"Vox Sahel"},"sameAs":["http:\/\/www.voxsahel.com"],"url":"https:\/\/voxsahel.com\/?author=2"}]}},"_links":{"self":[{"href":"https:\/\/voxsahel.com\/index.php?rest_route=\/wp\/v2\/posts\/119","targetHints":{"allow":["GET"]}}],"collection":[{"href":"https:\/\/voxsahel.com\/index.php?rest_route=\/wp\/v2\/posts"}],"about":[{"href":"https:\/\/voxsahel.com\/index.php?rest_route=\/wp\/v2\/types\/post"}],"author":[{"embeddable":true,"href":"https:\/\/voxsahel.com\/index.php?rest_route=\/wp\/v2\/users\/2"}],"replies":[{"embeddable":true,"href":"https:\/\/voxsahel.com\/index.php?rest_route=%2Fwp%2Fv2%2Fcomments&post=119"}],"version-history":[{"count":1,"href":"https:\/\/voxsahel.com\/index.php?rest_route=\/wp\/v2\/posts\/119\/revisions"}],"predecessor-version":[{"id":121,"href":"https:\/\/voxsahel.com\/index.php?rest_route=\/wp\/v2\/posts\/119\/revisions\/121"}],"wp:featuredmedia":[{"embeddable":true,"href":"https:\/\/voxsahel.com\/index.php?rest_route=\/wp\/v2\/media\/120"}],"wp:attachment":[{"href":"https:\/\/voxsahel.com\/index.php?rest_route=%2Fwp%2Fv2%2Fmedia&parent=119"}],"wp:term":[{"taxonomy":"category","embeddable":true,"href":"https:\/\/voxsahel.com\/index.php?rest_route=%2Fwp%2Fv2%2Fcategories&post=119"},{"taxonomy":"post_tag","embeddable":true,"href":"https:\/\/voxsahel.com\/index.php?rest_route=%2Fwp%2Fv2%2Ftags&post=119"}],"curies":[{"name":"wp","href":"https:\/\/api.w.org\/{rel}","templated":true}]}}