{"id":1189,"date":"2025-01-07T19:32:02","date_gmt":"2025-01-07T19:32:02","guid":{"rendered":"https:\/\/voxsahel.com\/?p=1189"},"modified":"2025-01-07T19:32:02","modified_gmt":"2025-01-07T19:32:02","slug":"burkina-faso-signature-dun-accord-entre-linsd-et-la-douane-pour-le-renforcement-des-statistiques-du-commerce-exterieur","status":"publish","type":"post","link":"https:\/\/voxsahel.com\/?p=1189","title":{"rendered":"Burkina Faso : Signature d&rsquo;un accord entre l&rsquo;INSD et la Douane pour le renforcement des statistiques du commerce ext\u00e9rieur"},"content":{"rendered":"<p class=\"p1\">Le Directeur g\u00e9n\u00e9ral des douanes, Adama ILBOUDO et le Directeur g\u00e9n\u00e9ral de l\u2019Institut national de la statistique et de la d\u00e9mographie, Toubou RIPAMA, ont proc\u00e9d\u00e9 \u00e0 la signature d\u2019un protocole d\u2019accord relatif au transfert d\u2019informations sur le commerce ext\u00e9rieur du Burkina Faso au si\u00e8ge de la Direction g\u00e9n\u00e9rale des douanes.<\/p>\n<p class=\"p1\"><span class=\"s1\">Le protocole r\u00e9git le transfert de donn\u00e9es douani\u00e8res \u00e0 l\u2019INSD \u00e0 des fins statistiques.<span class=\"Apple-converted-space\">\u00a0 <\/span>Ce partenariat constitue un socle qui permettra de garantir un acc\u00e8s fluide, s\u00e9curis\u00e9 et structur\u00e9 aux donn\u00e9es douani\u00e8res n\u00e9cessaires \u00e0 l\u2019\u00e9laboration des statistiques du commerce international de marchandises. L\u2019initiative vise \u00e0 renforcer la qualit\u00e9 des donn\u00e9es statistiques produites par l\u2019INSD, en assurant leur fiabilit\u00e9, leur exhaustivit\u00e9 et leur rapidit\u00e9 de mise \u00e0 disposition.<\/span><\/p>\n<p class=\"p1\"><span class=\"s1\">Pour le Directeur g\u00e9n\u00e9ral des Douanes, Adama ILBOUDO, la formalisation de ce partenariat rentre en droit ligne avec l\u2019une des missions de l\u2019institution douani\u00e8re, celle de renforcer sa coop\u00e9ration dans la diversit\u00e9 et l\u2019inclusivit\u00e9 comme le veut le th\u00e8me de la 71\u00e8me JID 2024 \u00ab Pour une douane mobilisant ses partenaires historiques et nouveaux autours d\u2019objectifs clairs \u00bb. <\/span><\/p>\n<p class=\"p1\"><span class=\"s1\">Quant au Directeur g\u00e9n\u00e9ral de l\u2019INSD, Toubou RIPAMA, il se r\u00e9jouit de cet accord dont les fruits b\u00e9n\u00e9ficieront aux utilisateurs nationaux et aux partenaires internationaux qui s\u2019appuient sur ces statistiques pour leurs prises de d\u00e9cision.\u00a0<\/span><\/p>\n<p class=\"p1\" style=\"text-align: right;\"><span class=\"s1\">\ud835\udc0b\ud835\udc1a \ud835\udc03\ud835\udc28\ud835\udc2e\ud835\udc1a\ud835\udc27\ud835\udc1e : \ud835\udc07\ud835\udc28\ud835\udc27\ud835\udc27\ud835\udc1e\ud835\udc2e\ud835\udc2b \u2013 \ud835\udc03\ud835\udc1e\u0301\ud835\udc2f\ud835\udc28\ud835\udc2e\ud835\udc1e\ud835\udc26\ud835\udc1e\ud835\udc27\ud835\udc2d -\ud835\udc15\ud835\udc22\ud835\udc20\ud835\udc22\ud835\udc25\ud835\udc1a\ud835\udc27\ud835\udc1c\ud835\udc1e<\/span><\/p>\n<p class=\"p1\" style=\"text-align: right;\"><span class=\"s1\">\ud835\udc0b\u2019\ud835\udc08\ud835\udc0d\ud835\udc12\ud835\udc03 : \ud835\udc06\ud835\udc28\ud835\udc2e\ud835\udc2f\ud835\udc1e\ud835\udc2b\ud835\udc27\ud835\udc1e\ud835\udc2b, \ud835\udc1c\u2019\ud835\udc1e\ud835\udc2c\ud835\udc2d \ud835\udc29\ud835\udc2b\ud835\udc1e\u0301\ud835\udc2f\ud835\udc28\ud835\udc22\ud835\udc2b, \ud835\udc29\ud835\udc2b\ud835\udc1e\u0301\ud835\udc2f\ud835\udc28\ud835\udc22\ud835\udc2b \ud835\udc1c\u2019\ud835\udc1e\ud835\udc2c\ud835\udc2d \ud835\udc1c\ud835\udc28\ud835\udc27\ud835\udc27\ud835\udc1a\ud835\udc22\u0302\ud835\udc2d\ud835\udc2b\ud835\udc1e, \ud835\udc1c\ud835\udc28\ud835\udc27\ud835\udc27\ud835\udc1a\ud835\udc22\u0302\ud835\udc2d\ud835\udc2b\ud835\udc1e \ud835\udc1c\u2019\ud835\udc1e\ud835\udc2c\ud835\udc2d \ud835\udc26\ud835\udc1e\ud835\udc2c\ud835\udc2e\ud835\udc2b\ud835\udc1e\ud835\udc2b.<\/span><\/p>\n<p class=\"p1\" style=\"text-align: right;\"><span class=\"s1\">\ud835\udc12\ud835\udc02\ud835\udc11\ud835\udc0f-\ud835\udc03\ud835\udc06\ud835\udc03<\/span><\/p>\n<p class=\"p1\" style=\"text-align: right;\"><span class=\"s1\">\ud835\udc12\ud835\udc02\ud835\udc11\ud835\udc0f-\ud835\udc08\ud835\udc0d\ud835\udc12\ud835\udc03<\/span><\/p>\n","protected":false},"excerpt":{"rendered":"<p>Le Directeur g\u00e9n\u00e9ral des douanes, Adama ILBOUDO et le Directeur g\u00e9n\u00e9ral de l\u2019Institut national de<\/p>\n","protected":false},"author":2,"featured_media":1190,"comment_status":"open","ping_status":"open","sticky":false,"template":"","format":"standard","meta":{"_et_pb_use_builder":"","_et_pb_old_content":"","_et_gb_content_width":"","footnotes":""},"categories":[8],"tags":[18,142,146,538,370,310],"class_list":["post-1189","post","type-post","status-publish","format-standard","has-post-thumbnail","hentry","category-developpement","tag-burkina-faso","tag-douane","tag-douanes-du-burkina-faso","tag-insd","tag-observatoire-pour-la-celerite-des-operations-douanieres-au-burkina-faso","tag-organisation-mondiale-des-douanes"],"yoast_head":"<!-- This site is optimized with the Yoast SEO plugin v27.5 - https:\/\/yoast.com\/product\/yoast-seo-wordpress\/ -->\n<title>Burkina Faso : Signature d&#039;un accord entre l&#039;INSD et la Douane pour le renforcement des statistiques du commerce ext\u00e9rieur - Vox Sahel<\/title>\n<meta name=\"robots\" content=\"index, follow, max-snippet:-1, max-image-preview:large, max-video-preview:-1\" \/>\n<link rel=\"canonical\" href=\"https:\/\/voxsahel.com\/?p=1189\" \/>\n<meta property=\"og:locale\" content=\"fr_FR\" \/>\n<meta property=\"og:type\" content=\"article\" \/>\n<meta property=\"og:title\" content=\"Burkina Faso : Signature d&#039;un accord entre l&#039;INSD et la Douane pour le renforcement des statistiques du commerce ext\u00e9rieur - Vox Sahel\" \/>\n<meta property=\"og:description\" content=\"Le Directeur g\u00e9n\u00e9ral des douanes, Adama ILBOUDO et le Directeur g\u00e9n\u00e9ral de l\u2019Institut national de\" \/>\n<meta property=\"og:url\" content=\"https:\/\/voxsahel.com\/?p=1189\" \/>\n<meta property=\"og:site_name\" content=\"Vox Sahel\" \/>\n<meta property=\"article:publisher\" content=\"https:\/\/www.facebook.com\/journal.voxsahel\" \/>\n<meta property=\"article:published_time\" content=\"2025-01-07T19:32:02+00:00\" \/>\n<meta property=\"og:image\" content=\"https:\/\/voxsahel.com\/wp-content\/uploads\/2025\/01\/IMG_0226.jpeg\" \/>\n\t<meta property=\"og:image:width\" content=\"1080\" \/>\n\t<meta property=\"og:image:height\" content=\"970\" \/>\n\t<meta property=\"og:image:type\" content=\"image\/jpeg\" \/>\n<meta name=\"author\" content=\"Vox Sahel\" \/>\n<meta name=\"twitter:card\" content=\"summary_large_image\" \/>\n<meta name=\"twitter:label1\" content=\"\u00c9crit par\" \/>\n\t<meta name=\"twitter:data1\" content=\"Vox Sahel\" \/>\n\t<meta name=\"twitter:label2\" content=\"Dur\u00e9e de lecture estim\u00e9e\" \/>\n\t<meta name=\"twitter:data2\" content=\"2 minutes\" \/>\n<script type=\"application\/ld+json\" class=\"yoast-schema-graph\">{\"@context\":\"https:\\\/\\\/schema.org\",\"@graph\":[{\"@type\":\"Article\",\"@id\":\"https:\\\/\\\/voxsahel.com\\\/?p=1189#article\",\"isPartOf\":{\"@id\":\"https:\\\/\\\/voxsahel.com\\\/?p=1189\"},\"author\":{\"name\":\"Vox Sahel\",\"@id\":\"https:\\\/\\\/voxsahel.com\\\/#\\\/schema\\\/person\\\/b4043608248f8fa227cd760e7ff1e19e\"},\"headline\":\"Burkina Faso : Signature d&rsquo;un accord entre l&rsquo;INSD et la Douane pour le renforcement des statistiques du commerce ext\u00e9rieur\",\"datePublished\":\"2025-01-07T19:32:02+00:00\",\"mainEntityOfPage\":{\"@id\":\"https:\\\/\\\/voxsahel.com\\\/?p=1189\"},\"wordCount\":269,\"commentCount\":0,\"publisher\":{\"@id\":\"https:\\\/\\\/voxsahel.com\\\/#organization\"},\"image\":{\"@id\":\"https:\\\/\\\/voxsahel.com\\\/?p=1189#primaryimage\"},\"thumbnailUrl\":\"https:\\\/\\\/voxsahel.com\\\/wp-content\\\/uploads\\\/2025\\\/01\\\/IMG_0226.jpeg\",\"keywords\":[\"Burkina Faso\",\"Douane\",\"Douanes du Burkina Faso\",\"INSD\",\"Observatoire pour la c\u00e9l\u00e9rit\u00e9 des op\u00e9rations douani\u00e8res au Burkina Faso\",\"Organisation mondiale des Douanes\"],\"articleSection\":[\"DEVELOPPEMENT\"],\"inLanguage\":\"fr-FR\",\"potentialAction\":[{\"@type\":\"CommentAction\",\"name\":\"Comment\",\"target\":[\"https:\\\/\\\/voxsahel.com\\\/?p=1189#respond\"]}]},{\"@type\":\"WebPage\",\"@id\":\"https:\\\/\\\/voxsahel.com\\\/?p=1189\",\"url\":\"https:\\\/\\\/voxsahel.com\\\/?p=1189\",\"name\":\"Burkina Faso : Signature d'un accord entre l'INSD et la Douane pour le renforcement des statistiques du commerce ext\u00e9rieur - Vox Sahel\",\"isPartOf\":{\"@id\":\"https:\\\/\\\/voxsahel.com\\\/#website\"},\"primaryImageOfPage\":{\"@id\":\"https:\\\/\\\/voxsahel.com\\\/?p=1189#primaryimage\"},\"image\":{\"@id\":\"https:\\\/\\\/voxsahel.com\\\/?p=1189#primaryimage\"},\"thumbnailUrl\":\"https:\\\/\\\/voxsahel.com\\\/wp-content\\\/uploads\\\/2025\\\/01\\\/IMG_0226.jpeg\",\"datePublished\":\"2025-01-07T19:32:02+00:00\",\"breadcrumb\":{\"@id\":\"https:\\\/\\\/voxsahel.com\\\/?p=1189#breadcrumb\"},\"inLanguage\":\"fr-FR\",\"potentialAction\":[{\"@type\":\"ReadAction\",\"target\":[\"https:\\\/\\\/voxsahel.com\\\/?p=1189\"]}]},{\"@type\":\"ImageObject\",\"inLanguage\":\"fr-FR\",\"@id\":\"https:\\\/\\\/voxsahel.com\\\/?p=1189#primaryimage\",\"url\":\"https:\\\/\\\/voxsahel.com\\\/wp-content\\\/uploads\\\/2025\\\/01\\\/IMG_0226.jpeg\",\"contentUrl\":\"https:\\\/\\\/voxsahel.com\\\/wp-content\\\/uploads\\\/2025\\\/01\\\/IMG_0226.jpeg\",\"width\":1080,\"height\":970},{\"@type\":\"BreadcrumbList\",\"@id\":\"https:\\\/\\\/voxsahel.com\\\/?p=1189#breadcrumb\",\"itemListElement\":[{\"@type\":\"ListItem\",\"position\":1,\"name\":\"Home\",\"item\":\"https:\\\/\\\/voxsahel.com\\\/\"},{\"@type\":\"ListItem\",\"position\":2,\"name\":\"Burkina Faso : Signature d&rsquo;un accord entre l&rsquo;INSD et la Douane pour le renforcement des statistiques du commerce ext\u00e9rieur\"}]},{\"@type\":\"WebSite\",\"@id\":\"https:\\\/\\\/voxsahel.com\\\/#website\",\"url\":\"https:\\\/\\\/voxsahel.com\\\/\",\"name\":\"Vox Sahel\",\"description\":\"Informez-vous sur le Sahel en un clic\",\"publisher\":{\"@id\":\"https:\\\/\\\/voxsahel.com\\\/#organization\"},\"potentialAction\":[{\"@type\":\"SearchAction\",\"target\":{\"@type\":\"EntryPoint\",\"urlTemplate\":\"https:\\\/\\\/voxsahel.com\\\/?s={search_term_string}\"},\"query-input\":{\"@type\":\"PropertyValueSpecification\",\"valueRequired\":true,\"valueName\":\"search_term_string\"}}],\"inLanguage\":\"fr-FR\"},{\"@type\":\"Organization\",\"@id\":\"https:\\\/\\\/voxsahel.com\\\/#organization\",\"name\":\"Vox Sahel\",\"url\":\"https:\\\/\\\/voxsahel.com\\\/\",\"logo\":{\"@type\":\"ImageObject\",\"inLanguage\":\"fr-FR\",\"@id\":\"https:\\\/\\\/voxsahel.com\\\/#\\\/schema\\\/logo\\\/image\\\/\",\"url\":\"https:\\\/\\\/voxsahel.com\\\/wp-content\\\/uploads\\\/2024\\\/09\\\/Logo-Vox-Sahel.jpg\",\"contentUrl\":\"https:\\\/\\\/voxsahel.com\\\/wp-content\\\/uploads\\\/2024\\\/09\\\/Logo-Vox-Sahel.jpg\",\"width\":1181,\"height\":848,\"caption\":\"Vox Sahel\"},\"image\":{\"@id\":\"https:\\\/\\\/voxsahel.com\\\/#\\\/schema\\\/logo\\\/image\\\/\"},\"sameAs\":[\"https:\\\/\\\/www.facebook.com\\\/journal.voxsahel\"]},{\"@type\":\"Person\",\"@id\":\"https:\\\/\\\/voxsahel.com\\\/#\\\/schema\\\/person\\\/b4043608248f8fa227cd760e7ff1e19e\",\"name\":\"Vox Sahel\",\"image\":{\"@type\":\"ImageObject\",\"inLanguage\":\"fr-FR\",\"@id\":\"https:\\\/\\\/secure.gravatar.com\\\/avatar\\\/f70e7fa0cb9b29d4a7c5788d6eb2e9ab4d3135cbae1c9161810fdf77a8964699?s=96&d=mm&r=g\",\"url\":\"https:\\\/\\\/secure.gravatar.com\\\/avatar\\\/f70e7fa0cb9b29d4a7c5788d6eb2e9ab4d3135cbae1c9161810fdf77a8964699?s=96&d=mm&r=g\",\"contentUrl\":\"https:\\\/\\\/secure.gravatar.com\\\/avatar\\\/f70e7fa0cb9b29d4a7c5788d6eb2e9ab4d3135cbae1c9161810fdf77a8964699?s=96&d=mm&r=g\",\"caption\":\"Vox Sahel\"},\"sameAs\":[\"http:\\\/\\\/www.voxsahel.com\"],\"url\":\"https:\\\/\\\/voxsahel.com\\\/?author=2\"}]}<\/script>\n<!-- \/ Yoast SEO plugin. -->","yoast_head_json":{"title":"Burkina Faso : Signature d'un accord entre l'INSD et la Douane pour le renforcement des statistiques du commerce ext\u00e9rieur - Vox Sahel","robots":{"index":"index","follow":"follow","max-snippet":"max-snippet:-1","max-image-preview":"max-image-preview:large","max-video-preview":"max-video-preview:-1"},"canonical":"https:\/\/voxsahel.com\/?p=1189","og_locale":"fr_FR","og_type":"article","og_title":"Burkina Faso : Signature d'un accord entre l'INSD et la Douane pour le renforcement des statistiques du commerce ext\u00e9rieur - Vox Sahel","og_description":"Le Directeur g\u00e9n\u00e9ral des douanes, Adama ILBOUDO et le Directeur g\u00e9n\u00e9ral de l\u2019Institut national de","og_url":"https:\/\/voxsahel.com\/?p=1189","og_site_name":"Vox Sahel","article_publisher":"https:\/\/www.facebook.com\/journal.voxsahel","article_published_time":"2025-01-07T19:32:02+00:00","og_image":[{"width":1080,"height":970,"url":"https:\/\/voxsahel.com\/wp-content\/uploads\/2025\/01\/IMG_0226.jpeg","type":"image\/jpeg"}],"author":"Vox Sahel","twitter_card":"summary_large_image","twitter_misc":{"\u00c9crit par":"Vox Sahel","Dur\u00e9e de lecture estim\u00e9e":"2 minutes"},"schema":{"@context":"https:\/\/schema.org","@graph":[{"@type":"Article","@id":"https:\/\/voxsahel.com\/?p=1189#article","isPartOf":{"@id":"https:\/\/voxsahel.com\/?p=1189"},"author":{"name":"Vox Sahel","@id":"https:\/\/voxsahel.com\/#\/schema\/person\/b4043608248f8fa227cd760e7ff1e19e"},"headline":"Burkina Faso : Signature d&rsquo;un accord entre l&rsquo;INSD et la Douane pour le renforcement des statistiques du commerce ext\u00e9rieur","datePublished":"2025-01-07T19:32:02+00:00","mainEntityOfPage":{"@id":"https:\/\/voxsahel.com\/?p=1189"},"wordCount":269,"commentCount":0,"publisher":{"@id":"https:\/\/voxsahel.com\/#organization"},"image":{"@id":"https:\/\/voxsahel.com\/?p=1189#primaryimage"},"thumbnailUrl":"https:\/\/voxsahel.com\/wp-content\/uploads\/2025\/01\/IMG_0226.jpeg","keywords":["Burkina Faso","Douane","Douanes du Burkina Faso","INSD","Observatoire pour la c\u00e9l\u00e9rit\u00e9 des op\u00e9rations douani\u00e8res au Burkina Faso","Organisation mondiale des Douanes"],"articleSection":["DEVELOPPEMENT"],"inLanguage":"fr-FR","potentialAction":[{"@type":"CommentAction","name":"Comment","target":["https:\/\/voxsahel.com\/?p=1189#respond"]}]},{"@type":"WebPage","@id":"https:\/\/voxsahel.com\/?p=1189","url":"https:\/\/voxsahel.com\/?p=1189","name":"Burkina Faso : Signature d'un accord entre l'INSD et la Douane pour le renforcement des statistiques du commerce ext\u00e9rieur - Vox Sahel","isPartOf":{"@id":"https:\/\/voxsahel.com\/#website"},"primaryImageOfPage":{"@id":"https:\/\/voxsahel.com\/?p=1189#primaryimage"},"image":{"@id":"https:\/\/voxsahel.com\/?p=1189#primaryimage"},"thumbnailUrl":"https:\/\/voxsahel.com\/wp-content\/uploads\/2025\/01\/IMG_0226.jpeg","datePublished":"2025-01-07T19:32:02+00:00","breadcrumb":{"@id":"https:\/\/voxsahel.com\/?p=1189#breadcrumb"},"inLanguage":"fr-FR","potentialAction":[{"@type":"ReadAction","target":["https:\/\/voxsahel.com\/?p=1189"]}]},{"@type":"ImageObject","inLanguage":"fr-FR","@id":"https:\/\/voxsahel.com\/?p=1189#primaryimage","url":"https:\/\/voxsahel.com\/wp-content\/uploads\/2025\/01\/IMG_0226.jpeg","contentUrl":"https:\/\/voxsahel.com\/wp-content\/uploads\/2025\/01\/IMG_0226.jpeg","width":1080,"height":970},{"@type":"BreadcrumbList","@id":"https:\/\/voxsahel.com\/?p=1189#breadcrumb","itemListElement":[{"@type":"ListItem","position":1,"name":"Home","item":"https:\/\/voxsahel.com\/"},{"@type":"ListItem","position":2,"name":"Burkina Faso : Signature d&rsquo;un accord entre l&rsquo;INSD et la Douane pour le renforcement des statistiques du commerce ext\u00e9rieur"}]},{"@type":"WebSite","@id":"https:\/\/voxsahel.com\/#website","url":"https:\/\/voxsahel.com\/","name":"Vox Sahel","description":"Informez-vous sur le Sahel en un clic","publisher":{"@id":"https:\/\/voxsahel.com\/#organization"},"potentialAction":[{"@type":"SearchAction","target":{"@type":"EntryPoint","urlTemplate":"https:\/\/voxsahel.com\/?s={search_term_string}"},"query-input":{"@type":"PropertyValueSpecification","valueRequired":true,"valueName":"search_term_string"}}],"inLanguage":"fr-FR"},{"@type":"Organization","@id":"https:\/\/voxsahel.com\/#organization","name":"Vox Sahel","url":"https:\/\/voxsahel.com\/","logo":{"@type":"ImageObject","inLanguage":"fr-FR","@id":"https:\/\/voxsahel.com\/#\/schema\/logo\/image\/","url":"https:\/\/voxsahel.com\/wp-content\/uploads\/2024\/09\/Logo-Vox-Sahel.jpg","contentUrl":"https:\/\/voxsahel.com\/wp-content\/uploads\/2024\/09\/Logo-Vox-Sahel.jpg","width":1181,"height":848,"caption":"Vox Sahel"},"image":{"@id":"https:\/\/voxsahel.com\/#\/schema\/logo\/image\/"},"sameAs":["https:\/\/www.facebook.com\/journal.voxsahel"]},{"@type":"Person","@id":"https:\/\/voxsahel.com\/#\/schema\/person\/b4043608248f8fa227cd760e7ff1e19e","name":"Vox Sahel","image":{"@type":"ImageObject","inLanguage":"fr-FR","@id":"https:\/\/secure.gravatar.com\/avatar\/f70e7fa0cb9b29d4a7c5788d6eb2e9ab4d3135cbae1c9161810fdf77a8964699?s=96&d=mm&r=g","url":"https:\/\/secure.gravatar.com\/avatar\/f70e7fa0cb9b29d4a7c5788d6eb2e9ab4d3135cbae1c9161810fdf77a8964699?s=96&d=mm&r=g","contentUrl":"https:\/\/secure.gravatar.com\/avatar\/f70e7fa0cb9b29d4a7c5788d6eb2e9ab4d3135cbae1c9161810fdf77a8964699?s=96&d=mm&r=g","caption":"Vox Sahel"},"sameAs":["http:\/\/www.voxsahel.com"],"url":"https:\/\/voxsahel.com\/?author=2"}]}},"_links":{"self":[{"href":"https:\/\/voxsahel.com\/index.php?rest_route=\/wp\/v2\/posts\/1189","targetHints":{"allow":["GET"]}}],"collection":[{"href":"https:\/\/voxsahel.com\/index.php?rest_route=\/wp\/v2\/posts"}],"about":[{"href":"https:\/\/voxsahel.com\/index.php?rest_route=\/wp\/v2\/types\/post"}],"author":[{"embeddable":true,"href":"https:\/\/voxsahel.com\/index.php?rest_route=\/wp\/v2\/users\/2"}],"replies":[{"embeddable":true,"href":"https:\/\/voxsahel.com\/index.php?rest_route=%2Fwp%2Fv2%2Fcomments&post=1189"}],"version-history":[{"count":1,"href":"https:\/\/voxsahel.com\/index.php?rest_route=\/wp\/v2\/posts\/1189\/revisions"}],"predecessor-version":[{"id":1191,"href":"https:\/\/voxsahel.com\/index.php?rest_route=\/wp\/v2\/posts\/1189\/revisions\/1191"}],"wp:featuredmedia":[{"embeddable":true,"href":"https:\/\/voxsahel.com\/index.php?rest_route=\/wp\/v2\/media\/1190"}],"wp:attachment":[{"href":"https:\/\/voxsahel.com\/index.php?rest_route=%2Fwp%2Fv2%2Fmedia&parent=1189"}],"wp:term":[{"taxonomy":"category","embeddable":true,"href":"https:\/\/voxsahel.com\/index.php?rest_route=%2Fwp%2Fv2%2Fcategories&post=1189"},{"taxonomy":"post_tag","embeddable":true,"href":"https:\/\/voxsahel.com\/index.php?rest_route=%2Fwp%2Fv2%2Ftags&post=1189"}],"curies":[{"name":"wp","href":"https:\/\/api.w.org\/{rel}","templated":true}]}}