{"id":1184,"date":"2025-01-06T17:26:28","date_gmt":"2025-01-06T17:26:28","guid":{"rendered":"https:\/\/voxsahel.com\/?p=1184"},"modified":"2025-01-06T17:26:28","modified_gmt":"2025-01-06T17:26:28","slug":"perspectives-pour-2025-que-chacun-joue-sa-partition-pour-un-retour-reel-de-la-paix-et-de-la-securite-au-burkina","status":"publish","type":"post","link":"https:\/\/voxsahel.com\/?p=1184","title":{"rendered":"Perspectives pour 2025: Que chacun joue sa partition pour un retour r\u00e9el de la paix et de la s\u00e9curit\u00e9 au Burkina"},"content":{"rendered":"<p>L\u2019ann\u00e9e 2024 s\u2019est av\u00e9r\u00e9e particuli\u00e8rement difficile pour les Burkinab\u00e8, marqu\u00e9e par des \u00e9preuves multiples et de grande ampleur. Qu\u2019il s\u2019agisse de la situation s\u00e9curitaire pr\u00e9occupante ou des difficult\u00e9s \u00e9conomiques, les citoyens du Burkina Faso ont \u00e9t\u00e9 plong\u00e9s dans une tourmente qui a mis \u00e0 l\u2019\u00e9preuve leur r\u00e9silience et leur solidarit\u00e9. Les d\u00e9fis ont \u00e9t\u00e9 nombreux : des attaques terroristes incessantes, une crise humanitaire croissante, une inflation galopante, une perte de pouvoir d\u2019achat et une vie quotidienne marqu\u00e9e par la pr\u00e9carit\u00e9.<\/p>\n<p>Ces turbulences ont eu des r\u00e9percussions dramatiques sur la stabilit\u00e9 sociale, exacerbant le sentiment d\u2019incertitude et d\u2019angoisse parmi les populations, particuli\u00e8rement les plus vuln\u00e9rables. Cependant, au c\u0153ur de ces \u00e9preuves, la d\u00e9termination et la combativit\u00e9 du peuple burkinab\u00e8 restent ind\u00e9niables. En d\u00e9pit de l\u2019adversit\u00e9, une lueur d\u2019espoir se dessine \u00e0 l\u2019horizon. L\u2019ann\u00e9e 2025, qui s\u2019ouvre aujourd\u2019hui, doit \u00eatre celle de la r\u00e9silience retrouv\u00e9e, de la reconstruction et de l&rsquo;unit\u00e9 retrouv\u00e9e.<\/p>\n<p>Il est primordial de cultiver l&rsquo;espoir, d\u2019entretenir la flamme d\u2019une paix durable, qui demeure l\u2019aspiration fondamentale des Burkinab\u00e8. Ce besoin de paix et de s\u00e9curit\u00e9, au c\u0153ur de toutes les pr\u00e9occupations, doit guider toutes les actions et initiatives entreprises cette ann\u00e9e. Il est essentiel que, dans ce contexte incertain, chacun prenne conscience de son r\u00f4le et de ses responsabilit\u00e9s. Les autorit\u00e9s politiques, tout d\u2019abord, doivent\u00a0 redoubler d\u2019efforts pour restaurer la s\u00e9curit\u00e9 sur l\u2019ensemble du territoire national.<\/p>\n<p>Elles doivent agir avec discernement et efficacit\u00e9 pour mettre fin \u00e0 l\u2019escalade de la violence et offrir aux populations la garantie qu\u2019elles peuvent vivre et prosp\u00e9rer dans un environnement paisible. Cela passe par une meilleure coordination des Forces de d\u00e9fense et de s\u00e9curit\u00e9, une gestion plus efficiente des ressources et un accompagnement renforc\u00e9 des d\u00e9plac\u00e9s internes et des populations vuln\u00e9rables.<\/p>\n<p>Les agents publics, pour leur part, doivent continuer \u00e0 fournir des services de qualit\u00e9 et \u0153uvrer dans la transparence et l\u2019\u00e9thique, contribuant ainsi \u00e0 renforcer la confiance des citoyens dans les institutions de l\u2019\u00c9tat. Une gestion saine et honn\u00eate des finances publiques, une r\u00e9ponse rapide aux besoins de la population, et une volont\u00e9 de servir l\u2019int\u00e9r\u00eat g\u00e9n\u00e9ral sont autant de leviers sur lesquels les autorit\u00e9s doivent s\u2019appuyer pour regagner la confiance du peuple. Les commer\u00e7ants et les acteurs \u00e9conomiques, bien que confront\u00e9s \u00e0 des d\u00e9fis majeurs, doivent eux aussi jouer leur r\u00f4le dans la stabilisation \u00e9conomique du pays.<\/p>\n<p>Une mobilisation collective pour soutenir les fili\u00e8res locales, encourager la production nationale et lutter contre les sp\u00e9culations sont des actions qui peuvent contribuer \u00e0 soulager les populations tout en stimulant l\u2019\u00e9conomie. En outre, les journalistes et les m\u00e9dias ont la responsabilit\u00e9 d&rsquo;informer de mani\u00e8re claire et objective, de v\u00e9hiculer des messages de paix et de coh\u00e9sion sociale et de d\u00e9noncer les d\u00e9rives qui risquent d\u2019aggraver la situation. Enfin, chaque Burkinab\u00e8, \u00e0 son niveau, a un r\u00f4le \u00e0 jouer pour faire rayonner l\u2019espoir et contribuer \u00e0 la reconstruction de la nation.<\/p>\n<p>Les valeurs de solidarit\u00e9, d\u2019entraide, de patience et de r\u00e9silience doivent \u00eatre au c\u0153ur des actions individuelles et collectives. En cultivant un esprit d\u2019unit\u00e9 et de fraternit\u00e9, en privil\u00e9giant les solutions pacifiques aux conflits, et en respectant les principes r\u00e9publicains, nous pouvons esp\u00e9rer voir \u00e9merger un Burkina Faso plus fort, plus solidaire et plus prosp\u00e8re.<\/p>\n<p>Que cette nouvelle ann\u00e9e soit un v\u00e9ritable tournant pour le Burkina Faso. Que l\u2019espoir se transforme en action et que la paix, la s\u00e9curit\u00e9 et la prosp\u00e9rit\u00e9 soient restaur\u00e9es, pour le bien-\u00eatre de tous les Burkinab\u00e8.<\/p>\n<p style=\"text-align: right;\"><strong>Par La R\u00e9daction<\/strong><\/p>\n","protected":false},"excerpt":{"rendered":"<p>L\u2019ann\u00e9e 2024 s\u2019est av\u00e9r\u00e9e particuli\u00e8rement difficile pour les Burkinab\u00e8, marqu\u00e9e par des \u00e9preuves multiples et<\/p>\n","protected":false},"author":2,"featured_media":1186,"comment_status":"open","ping_status":"open","sticky":false,"template":"","format":"standard","meta":{"_et_pb_use_builder":"","_et_pb_old_content":"","_et_gb_content_width":"","footnotes":""},"categories":[6],"tags":[18,49,489,46,64,47,75,479],"class_list":["post-1184","post","type-post","status-publish","format-standard","has-post-thumbnail","hentry","category-politique","tag-burkina-faso","tag-geopolitique","tag-gouvernement","tag-ong","tag-organisation-de-la-societe-civile","tag-organisation-non-gouvernementale","tag-politique","tag-societe"],"yoast_head":"<!-- This site is optimized with the Yoast SEO plugin v27.5 - https:\/\/yoast.com\/product\/yoast-seo-wordpress\/ -->\n<title>Perspectives pour 2025: Que chacun joue sa partition pour un retour r\u00e9el de la paix et de la s\u00e9curit\u00e9 au Burkina - Vox Sahel<\/title>\n<meta name=\"robots\" content=\"index, follow, max-snippet:-1, max-image-preview:large, max-video-preview:-1\" \/>\n<link rel=\"canonical\" href=\"https:\/\/voxsahel.com\/?p=1184\" \/>\n<meta property=\"og:locale\" content=\"fr_FR\" \/>\n<meta property=\"og:type\" content=\"article\" \/>\n<meta property=\"og:title\" content=\"Perspectives pour 2025: Que chacun joue sa partition pour un retour r\u00e9el de la paix et de la s\u00e9curit\u00e9 au Burkina - Vox Sahel\" \/>\n<meta property=\"og:description\" content=\"L\u2019ann\u00e9e 2024 s\u2019est av\u00e9r\u00e9e particuli\u00e8rement difficile pour les Burkinab\u00e8, marqu\u00e9e par des \u00e9preuves multiples et\" \/>\n<meta property=\"og:url\" content=\"https:\/\/voxsahel.com\/?p=1184\" \/>\n<meta property=\"og:site_name\" content=\"Vox Sahel\" \/>\n<meta property=\"article:publisher\" content=\"https:\/\/www.facebook.com\/journal.voxsahel\" \/>\n<meta property=\"article:published_time\" content=\"2025-01-06T17:26:28+00:00\" \/>\n<meta property=\"og:image\" content=\"https:\/\/voxsahel.com\/wp-content\/uploads\/2025\/01\/EDITO.jpeg\" \/>\n\t<meta property=\"og:image:width\" content=\"2500\" \/>\n\t<meta property=\"og:image:height\" content=\"2000\" \/>\n\t<meta property=\"og:image:type\" content=\"image\/jpeg\" \/>\n<meta name=\"author\" content=\"Vox Sahel\" \/>\n<meta name=\"twitter:card\" content=\"summary_large_image\" \/>\n<meta name=\"twitter:label1\" content=\"\u00c9crit par\" \/>\n\t<meta name=\"twitter:data1\" content=\"Vox Sahel\" \/>\n\t<meta name=\"twitter:label2\" content=\"Dur\u00e9e de lecture estim\u00e9e\" \/>\n\t<meta name=\"twitter:data2\" content=\"4 minutes\" \/>\n<script type=\"application\/ld+json\" class=\"yoast-schema-graph\">{\"@context\":\"https:\\\/\\\/schema.org\",\"@graph\":[{\"@type\":\"Article\",\"@id\":\"https:\\\/\\\/voxsahel.com\\\/?p=1184#article\",\"isPartOf\":{\"@id\":\"https:\\\/\\\/voxsahel.com\\\/?p=1184\"},\"author\":{\"name\":\"Vox Sahel\",\"@id\":\"https:\\\/\\\/voxsahel.com\\\/#\\\/schema\\\/person\\\/b4043608248f8fa227cd760e7ff1e19e\"},\"headline\":\"Perspectives pour 2025: Que chacun joue sa partition pour un retour r\u00e9el de la paix et de la s\u00e9curit\u00e9 au Burkina\",\"datePublished\":\"2025-01-06T17:26:28+00:00\",\"mainEntityOfPage\":{\"@id\":\"https:\\\/\\\/voxsahel.com\\\/?p=1184\"},\"wordCount\":683,\"commentCount\":0,\"publisher\":{\"@id\":\"https:\\\/\\\/voxsahel.com\\\/#organization\"},\"image\":{\"@id\":\"https:\\\/\\\/voxsahel.com\\\/?p=1184#primaryimage\"},\"thumbnailUrl\":\"https:\\\/\\\/voxsahel.com\\\/wp-content\\\/uploads\\\/2025\\\/01\\\/EDITO.jpeg\",\"keywords\":[\"Burkina Faso\",\"G\u00e9opolitique\",\"Gouvernement\",\"ONG\",\"Organisation de la Soci\u00e9t\u00e9 Civile\",\"Organisation Non Gouvernementale\",\"Politique\",\"Soci\u00e9t\u00e9\"],\"articleSection\":[\"POLITIQUE\"],\"inLanguage\":\"fr-FR\",\"potentialAction\":[{\"@type\":\"CommentAction\",\"name\":\"Comment\",\"target\":[\"https:\\\/\\\/voxsahel.com\\\/?p=1184#respond\"]}]},{\"@type\":\"WebPage\",\"@id\":\"https:\\\/\\\/voxsahel.com\\\/?p=1184\",\"url\":\"https:\\\/\\\/voxsahel.com\\\/?p=1184\",\"name\":\"Perspectives pour 2025: Que chacun joue sa partition pour un retour r\u00e9el de la paix et de la s\u00e9curit\u00e9 au Burkina - Vox Sahel\",\"isPartOf\":{\"@id\":\"https:\\\/\\\/voxsahel.com\\\/#website\"},\"primaryImageOfPage\":{\"@id\":\"https:\\\/\\\/voxsahel.com\\\/?p=1184#primaryimage\"},\"image\":{\"@id\":\"https:\\\/\\\/voxsahel.com\\\/?p=1184#primaryimage\"},\"thumbnailUrl\":\"https:\\\/\\\/voxsahel.com\\\/wp-content\\\/uploads\\\/2025\\\/01\\\/EDITO.jpeg\",\"datePublished\":\"2025-01-06T17:26:28+00:00\",\"breadcrumb\":{\"@id\":\"https:\\\/\\\/voxsahel.com\\\/?p=1184#breadcrumb\"},\"inLanguage\":\"fr-FR\",\"potentialAction\":[{\"@type\":\"ReadAction\",\"target\":[\"https:\\\/\\\/voxsahel.com\\\/?p=1184\"]}]},{\"@type\":\"ImageObject\",\"inLanguage\":\"fr-FR\",\"@id\":\"https:\\\/\\\/voxsahel.com\\\/?p=1184#primaryimage\",\"url\":\"https:\\\/\\\/voxsahel.com\\\/wp-content\\\/uploads\\\/2025\\\/01\\\/EDITO.jpeg\",\"contentUrl\":\"https:\\\/\\\/voxsahel.com\\\/wp-content\\\/uploads\\\/2025\\\/01\\\/EDITO.jpeg\",\"width\":2500,\"height\":2000,\"caption\":\"Perspectives pour 2025: Que chacun joue sa partition pour un retour r\u00e9el de la paix et de la s\u00e9curit\u00e9 au Burkina\"},{\"@type\":\"BreadcrumbList\",\"@id\":\"https:\\\/\\\/voxsahel.com\\\/?p=1184#breadcrumb\",\"itemListElement\":[{\"@type\":\"ListItem\",\"position\":1,\"name\":\"Home\",\"item\":\"https:\\\/\\\/voxsahel.com\\\/\"},{\"@type\":\"ListItem\",\"position\":2,\"name\":\"Perspectives pour 2025: Que chacun joue sa partition pour un retour r\u00e9el de la paix et de la s\u00e9curit\u00e9 au Burkina\"}]},{\"@type\":\"WebSite\",\"@id\":\"https:\\\/\\\/voxsahel.com\\\/#website\",\"url\":\"https:\\\/\\\/voxsahel.com\\\/\",\"name\":\"Vox Sahel\",\"description\":\"Informez-vous sur le Sahel en un clic\",\"publisher\":{\"@id\":\"https:\\\/\\\/voxsahel.com\\\/#organization\"},\"potentialAction\":[{\"@type\":\"SearchAction\",\"target\":{\"@type\":\"EntryPoint\",\"urlTemplate\":\"https:\\\/\\\/voxsahel.com\\\/?s={search_term_string}\"},\"query-input\":{\"@type\":\"PropertyValueSpecification\",\"valueRequired\":true,\"valueName\":\"search_term_string\"}}],\"inLanguage\":\"fr-FR\"},{\"@type\":\"Organization\",\"@id\":\"https:\\\/\\\/voxsahel.com\\\/#organization\",\"name\":\"Vox Sahel\",\"url\":\"https:\\\/\\\/voxsahel.com\\\/\",\"logo\":{\"@type\":\"ImageObject\",\"inLanguage\":\"fr-FR\",\"@id\":\"https:\\\/\\\/voxsahel.com\\\/#\\\/schema\\\/logo\\\/image\\\/\",\"url\":\"https:\\\/\\\/voxsahel.com\\\/wp-content\\\/uploads\\\/2024\\\/09\\\/Logo-Vox-Sahel.jpg\",\"contentUrl\":\"https:\\\/\\\/voxsahel.com\\\/wp-content\\\/uploads\\\/2024\\\/09\\\/Logo-Vox-Sahel.jpg\",\"width\":1181,\"height\":848,\"caption\":\"Vox Sahel\"},\"image\":{\"@id\":\"https:\\\/\\\/voxsahel.com\\\/#\\\/schema\\\/logo\\\/image\\\/\"},\"sameAs\":[\"https:\\\/\\\/www.facebook.com\\\/journal.voxsahel\"]},{\"@type\":\"Person\",\"@id\":\"https:\\\/\\\/voxsahel.com\\\/#\\\/schema\\\/person\\\/b4043608248f8fa227cd760e7ff1e19e\",\"name\":\"Vox Sahel\",\"image\":{\"@type\":\"ImageObject\",\"inLanguage\":\"fr-FR\",\"@id\":\"https:\\\/\\\/secure.gravatar.com\\\/avatar\\\/f70e7fa0cb9b29d4a7c5788d6eb2e9ab4d3135cbae1c9161810fdf77a8964699?s=96&d=mm&r=g\",\"url\":\"https:\\\/\\\/secure.gravatar.com\\\/avatar\\\/f70e7fa0cb9b29d4a7c5788d6eb2e9ab4d3135cbae1c9161810fdf77a8964699?s=96&d=mm&r=g\",\"contentUrl\":\"https:\\\/\\\/secure.gravatar.com\\\/avatar\\\/f70e7fa0cb9b29d4a7c5788d6eb2e9ab4d3135cbae1c9161810fdf77a8964699?s=96&d=mm&r=g\",\"caption\":\"Vox Sahel\"},\"sameAs\":[\"http:\\\/\\\/www.voxsahel.com\"],\"url\":\"https:\\\/\\\/voxsahel.com\\\/?author=2\"}]}<\/script>\n<!-- \/ Yoast SEO plugin. -->","yoast_head_json":{"title":"Perspectives pour 2025: Que chacun joue sa partition pour un retour r\u00e9el de la paix et de la s\u00e9curit\u00e9 au Burkina - Vox Sahel","robots":{"index":"index","follow":"follow","max-snippet":"max-snippet:-1","max-image-preview":"max-image-preview:large","max-video-preview":"max-video-preview:-1"},"canonical":"https:\/\/voxsahel.com\/?p=1184","og_locale":"fr_FR","og_type":"article","og_title":"Perspectives pour 2025: Que chacun joue sa partition pour un retour r\u00e9el de la paix et de la s\u00e9curit\u00e9 au Burkina - Vox Sahel","og_description":"L\u2019ann\u00e9e 2024 s\u2019est av\u00e9r\u00e9e particuli\u00e8rement difficile pour les Burkinab\u00e8, marqu\u00e9e par des \u00e9preuves multiples et","og_url":"https:\/\/voxsahel.com\/?p=1184","og_site_name":"Vox Sahel","article_publisher":"https:\/\/www.facebook.com\/journal.voxsahel","article_published_time":"2025-01-06T17:26:28+00:00","og_image":[{"width":2500,"height":2000,"url":"https:\/\/voxsahel.com\/wp-content\/uploads\/2025\/01\/EDITO.jpeg","type":"image\/jpeg"}],"author":"Vox Sahel","twitter_card":"summary_large_image","twitter_misc":{"\u00c9crit par":"Vox Sahel","Dur\u00e9e de lecture estim\u00e9e":"4 minutes"},"schema":{"@context":"https:\/\/schema.org","@graph":[{"@type":"Article","@id":"https:\/\/voxsahel.com\/?p=1184#article","isPartOf":{"@id":"https:\/\/voxsahel.com\/?p=1184"},"author":{"name":"Vox Sahel","@id":"https:\/\/voxsahel.com\/#\/schema\/person\/b4043608248f8fa227cd760e7ff1e19e"},"headline":"Perspectives pour 2025: Que chacun joue sa partition pour un retour r\u00e9el de la paix et de la s\u00e9curit\u00e9 au Burkina","datePublished":"2025-01-06T17:26:28+00:00","mainEntityOfPage":{"@id":"https:\/\/voxsahel.com\/?p=1184"},"wordCount":683,"commentCount":0,"publisher":{"@id":"https:\/\/voxsahel.com\/#organization"},"image":{"@id":"https:\/\/voxsahel.com\/?p=1184#primaryimage"},"thumbnailUrl":"https:\/\/voxsahel.com\/wp-content\/uploads\/2025\/01\/EDITO.jpeg","keywords":["Burkina Faso","G\u00e9opolitique","Gouvernement","ONG","Organisation de la Soci\u00e9t\u00e9 Civile","Organisation Non Gouvernementale","Politique","Soci\u00e9t\u00e9"],"articleSection":["POLITIQUE"],"inLanguage":"fr-FR","potentialAction":[{"@type":"CommentAction","name":"Comment","target":["https:\/\/voxsahel.com\/?p=1184#respond"]}]},{"@type":"WebPage","@id":"https:\/\/voxsahel.com\/?p=1184","url":"https:\/\/voxsahel.com\/?p=1184","name":"Perspectives pour 2025: Que chacun joue sa partition pour un retour r\u00e9el de la paix et de la s\u00e9curit\u00e9 au Burkina - Vox Sahel","isPartOf":{"@id":"https:\/\/voxsahel.com\/#website"},"primaryImageOfPage":{"@id":"https:\/\/voxsahel.com\/?p=1184#primaryimage"},"image":{"@id":"https:\/\/voxsahel.com\/?p=1184#primaryimage"},"thumbnailUrl":"https:\/\/voxsahel.com\/wp-content\/uploads\/2025\/01\/EDITO.jpeg","datePublished":"2025-01-06T17:26:28+00:00","breadcrumb":{"@id":"https:\/\/voxsahel.com\/?p=1184#breadcrumb"},"inLanguage":"fr-FR","potentialAction":[{"@type":"ReadAction","target":["https:\/\/voxsahel.com\/?p=1184"]}]},{"@type":"ImageObject","inLanguage":"fr-FR","@id":"https:\/\/voxsahel.com\/?p=1184#primaryimage","url":"https:\/\/voxsahel.com\/wp-content\/uploads\/2025\/01\/EDITO.jpeg","contentUrl":"https:\/\/voxsahel.com\/wp-content\/uploads\/2025\/01\/EDITO.jpeg","width":2500,"height":2000,"caption":"Perspectives pour 2025: Que chacun joue sa partition pour un retour r\u00e9el de la paix et de la s\u00e9curit\u00e9 au Burkina"},{"@type":"BreadcrumbList","@id":"https:\/\/voxsahel.com\/?p=1184#breadcrumb","itemListElement":[{"@type":"ListItem","position":1,"name":"Home","item":"https:\/\/voxsahel.com\/"},{"@type":"ListItem","position":2,"name":"Perspectives pour 2025: Que chacun joue sa partition pour un retour r\u00e9el de la paix et de la s\u00e9curit\u00e9 au Burkina"}]},{"@type":"WebSite","@id":"https:\/\/voxsahel.com\/#website","url":"https:\/\/voxsahel.com\/","name":"Vox Sahel","description":"Informez-vous sur le Sahel en un clic","publisher":{"@id":"https:\/\/voxsahel.com\/#organization"},"potentialAction":[{"@type":"SearchAction","target":{"@type":"EntryPoint","urlTemplate":"https:\/\/voxsahel.com\/?s={search_term_string}"},"query-input":{"@type":"PropertyValueSpecification","valueRequired":true,"valueName":"search_term_string"}}],"inLanguage":"fr-FR"},{"@type":"Organization","@id":"https:\/\/voxsahel.com\/#organization","name":"Vox Sahel","url":"https:\/\/voxsahel.com\/","logo":{"@type":"ImageObject","inLanguage":"fr-FR","@id":"https:\/\/voxsahel.com\/#\/schema\/logo\/image\/","url":"https:\/\/voxsahel.com\/wp-content\/uploads\/2024\/09\/Logo-Vox-Sahel.jpg","contentUrl":"https:\/\/voxsahel.com\/wp-content\/uploads\/2024\/09\/Logo-Vox-Sahel.jpg","width":1181,"height":848,"caption":"Vox Sahel"},"image":{"@id":"https:\/\/voxsahel.com\/#\/schema\/logo\/image\/"},"sameAs":["https:\/\/www.facebook.com\/journal.voxsahel"]},{"@type":"Person","@id":"https:\/\/voxsahel.com\/#\/schema\/person\/b4043608248f8fa227cd760e7ff1e19e","name":"Vox Sahel","image":{"@type":"ImageObject","inLanguage":"fr-FR","@id":"https:\/\/secure.gravatar.com\/avatar\/f70e7fa0cb9b29d4a7c5788d6eb2e9ab4d3135cbae1c9161810fdf77a8964699?s=96&d=mm&r=g","url":"https:\/\/secure.gravatar.com\/avatar\/f70e7fa0cb9b29d4a7c5788d6eb2e9ab4d3135cbae1c9161810fdf77a8964699?s=96&d=mm&r=g","contentUrl":"https:\/\/secure.gravatar.com\/avatar\/f70e7fa0cb9b29d4a7c5788d6eb2e9ab4d3135cbae1c9161810fdf77a8964699?s=96&d=mm&r=g","caption":"Vox Sahel"},"sameAs":["http:\/\/www.voxsahel.com"],"url":"https:\/\/voxsahel.com\/?author=2"}]}},"_links":{"self":[{"href":"https:\/\/voxsahel.com\/index.php?rest_route=\/wp\/v2\/posts\/1184","targetHints":{"allow":["GET"]}}],"collection":[{"href":"https:\/\/voxsahel.com\/index.php?rest_route=\/wp\/v2\/posts"}],"about":[{"href":"https:\/\/voxsahel.com\/index.php?rest_route=\/wp\/v2\/types\/post"}],"author":[{"embeddable":true,"href":"https:\/\/voxsahel.com\/index.php?rest_route=\/wp\/v2\/users\/2"}],"replies":[{"embeddable":true,"href":"https:\/\/voxsahel.com\/index.php?rest_route=%2Fwp%2Fv2%2Fcomments&post=1184"}],"version-history":[{"count":1,"href":"https:\/\/voxsahel.com\/index.php?rest_route=\/wp\/v2\/posts\/1184\/revisions"}],"predecessor-version":[{"id":1187,"href":"https:\/\/voxsahel.com\/index.php?rest_route=\/wp\/v2\/posts\/1184\/revisions\/1187"}],"wp:featuredmedia":[{"embeddable":true,"href":"https:\/\/voxsahel.com\/index.php?rest_route=\/wp\/v2\/media\/1186"}],"wp:attachment":[{"href":"https:\/\/voxsahel.com\/index.php?rest_route=%2Fwp%2Fv2%2Fmedia&parent=1184"}],"wp:term":[{"taxonomy":"category","embeddable":true,"href":"https:\/\/voxsahel.com\/index.php?rest_route=%2Fwp%2Fv2%2Fcategories&post=1184"},{"taxonomy":"post_tag","embeddable":true,"href":"https:\/\/voxsahel.com\/index.php?rest_route=%2Fwp%2Fv2%2Ftags&post=1184"}],"curies":[{"name":"wp","href":"https:\/\/api.w.org\/{rel}","templated":true}]}}